{"id":96,"date":"2020-01-13T17:25:40","date_gmt":"2020-01-13T20:25:40","guid":{"rendered":"https:\/\/elcanillita.info\/press\/?p=96"},"modified":"2020-01-31T13:22:19","modified_gmt":"2020-01-31T16:22:19","slug":"amnistia-internacional-condena-acciones-de-maduro-contra-diputados-opositores","status":"publish","type":"post","link":"https:\/\/elcanillita.info\/press\/2020\/01\/13\/amnistia-internacional-condena-acciones-de-maduro-contra-diputados-opositores\/","title":{"rendered":"Amnist\u00eda Internacional condena acciones de Maduro contra diputados opositores"},"content":{"rendered":"\n<p>Londres, 13.01.2020 &#8211; La organizaci\u00f3n defensora de los derechos humanos Amnist\u00eda Internacional conden\u00f3 los intentos del gobierno en disputa de Nicol\u00e1s Maduro por \u201cdesmantelar cualquier forma de disidencia pol\u00edtica\u201d\u00a0 mediante una serie de ataques contra diputados opositoras.<\/p>\n\n\n\n<p>La declaraci\u00f3n de Amnist\u00eda Internacional se produce en momentos en que Maduro desconoce la presidencia legislativa de Juan Guaid\u00f3 y s\u00ed reconoce a Luis Parra, un opositor apartado de Guaid\u00f3, quien se proclam\u00f3 electo presidente del parlamento.<\/p>\n\n\n\n<p>La supuesta elecci\u00f3n de Parra se produjo el d\u00eda en que Guaid\u00f3 deb\u00eda lograr la reelecci\u00f3n al cargo legislativo. Pero los militares venezolanos bloquearon el acceso de Guaid\u00f3 y todos los diputados opositores al Palacio Federalk Legislativo. Una foto de Guaid\u00f3 intentando escalar la verja que rodea al palacio y siendo halado de la chaqueta por varios militares&nbsp;le dio la vuelta al mundo.<\/p>\n\n\n\n<p>\u201cLos m\u00faltiples hostigamientos y amenazas contra diputados y diputadas de la oposici\u00f3n en la Asamblea Nacional forman parte de la pol\u00edtica de represi\u00f3n en contra de cualquier forma de disidencia pol\u00edtica que el gobierno de Nicol\u00e1s Maduro ha desplegado en los \u00faltimos a\u00f1os en Venezuela\u201d, indic\u00f3 Amnist\u00eda Internacional en un comunicado.<\/p>\n\n\n\n<p>\u201cRepetida y sostenidamente las autoridades bajo el mando de Nicol\u00e1s Maduro han intentado desmantelar cualquier forma de disidencia pol\u00edtica en el pa\u00eds por medio de graves violaciones de derechos humanos, que han incluido el uso de la tortura, desapariciones forzadas y detenciones arbitrarias\u201d, dijo Erika Guevara Rosas, directora para las Am\u00e9ricas de Amnist\u00eda Internacional.<\/p>\n\n\n\n<p>Amnist\u00eda internacional se refiri\u00f3 a los casos de los diputados Gilberto Caro y el periodista V\u00edctor Ugas, ambos detenidos sin que sus familiares y abogados sepan su paradero. Condenaron adem\u00e1s las campa\u00f1as de acoso e intimidaci\u00f3n contra otros diputados como es el caso de Delsa Sol\u00f3rzano, quien ha denunciado el asedio de las fuerzas de seguridad en su contra.<br><br> \u201cEn los \u00faltimos a\u00f1os, docenas de miembros de la oposici\u00f3n se han visto forzados a huir del pa\u00eds y solicitar asilo ante las amenazas que han recibido por parte del gobierno de Maduro\u201d, contin\u00faa diciendo el informe de Amnist\u00eda Internacional.<\/p>\n\n\n\n<p>\u201cAmnist\u00eda Internacional continuar\u00e1 vigilante ante esta nueva crisis pol\u00edtica alrededor de la Asamblea Nacional y el riesgo de que se repitan detenciones arbitrarias, u otros ataques que puedan incluir agresiones a diputados y periodistas, campa\u00f1as de estigmatizaci\u00f3n, restricciones de la libertad de movimiento, amenazas a su integridad f\u00edsica, tortura, detenciones arbitrarias y allanamientos ilegales\u201d, dijo Erika Guevara Rosas.<\/p>\n\n\n\n<p>A\u00f1adi\u00f3 que la misi\u00f3n investigadora de Naciones Unidas que ya est\u00e1 examinando denuncias de cr\u00edmenes de lesa humanidad deben prestar atenci\u00f3n a lo que est\u00e1 ocurriendo en contra de los diputados opositores. Y le record\u00f3 a Maduro que no se puede descartar un juicio internacional.<\/p>\n\n\n\n<p>&nbsp;\u201cLas autoridades venezolanas deben recordar que estas violaciones a derechos humanos pueden constituir cr\u00edmenes bajo el derecho internacional que no quedar\u00e1n impunes\u201d, sentenci\u00f3 Amnist\u00eda Internacional.<br><br>\n<small>2020 voanoticias \u2013 salastampa.eu, afiliada a la red Broadcasting Board of Governors \u00a9 2020 BBG<\/small><\/p>\n","protected":false},"excerpt":{"rendered":"<p>Londres, 13.01.2020 &#8211; La organizaci\u00f3n defensora de los derechos humanos Amnist\u00eda Internacional conden\u00f3 los intentos del gobierno en disputa de Nicol\u00e1s Maduro por \u201cdesmantelar cualquier forma de disidencia pol\u00edtica\u201d<\/p>\n","protected":false},"author":1,"featured_media":0,"comment_status":"closed","ping_status":"closed","sticky":false,"template":"","format":"standard","meta":{"footnotes":"","_links_to":"","_links_to_target":""},"categories":[5,23,25],"tags":[58],"class_list":["post-96","post","type-post","status-publish","format-standard","hentry","category-europa","category-politica","category-sociedad","tag-reino-unido","entry","double"],"yoast_head":"<!-- This site is optimized with the Yoast SEO plugin v27.4 - https:\/\/yoast.com\/product\/yoast-seo-wordpress\/ -->\n<title>Amnist\u00eda Internacional condena acciones de Maduro contra diputados opositores - ElCanillita.Info<\/title>\n<meta name=\"robots\" content=\"index, follow, max-snippet:-1, max-image-preview:large, max-video-preview:-1\" \/>\n<link rel=\"canonical\" href=\"https:\/\/elcanillita.info\/press\/2020\/01\/13\/amnistia-internacional-condena-acciones-de-maduro-contra-diputados-opositores\/\" \/>\n<meta property=\"og:locale\" content=\"es_ES\" \/>\n<meta property=\"og:type\" content=\"article\" \/>\n<meta property=\"og:title\" content=\"Amnist\u00eda Internacional condena acciones de Maduro contra diputados opositores - ElCanillita.Info\" \/>\n<meta property=\"og:description\" content=\"Londres, 13.01.2020 - La organizaci\u00f3n defensora de los derechos humanos Amnist\u00eda Internacional conden\u00f3 los intentos del gobierno en disputa de Nicol\u00e1s Maduro por \u201cdesmantelar cualquier forma de disidencia pol\u00edtica\u201d\" \/>\n<meta property=\"og:url\" content=\"https:\/\/elcanillita.info\/press\/2020\/01\/13\/amnistia-internacional-condena-acciones-de-maduro-contra-diputados-opositores\/\" \/>\n<meta property=\"og:site_name\" content=\"ElCanillita.Info\" \/>\n<meta property=\"article:publisher\" content=\"https:\/\/ar-ar.facebook.com\/ElCanillitainfo-114249515285712\/\" \/>\n<meta property=\"article:published_time\" content=\"2020-01-13T20:25:40+00:00\" \/>\n<meta property=\"article:modified_time\" content=\"2020-01-31T16:22:19+00:00\" \/>\n<meta name=\"author\" content=\"SalaStampa.eu, world press service\" \/>\n<meta name=\"twitter:card\" content=\"summary_large_image\" \/>\n<meta name=\"twitter:label1\" content=\"Escrito por\" \/>\n\t<meta name=\"twitter:data1\" content=\"SalaStampa.eu, world press service\" \/>\n\t<meta name=\"twitter:label2\" content=\"Tiempo de lectura\" \/>\n\t<meta name=\"twitter:data2\" content=\"3 minutos\" \/>\n<script type=\"application\/ld+json\" class=\"yoast-schema-graph\">{\"@context\":\"https:\\\/\\\/schema.org\",\"@graph\":[{\"@type\":\"Article\",\"@id\":\"https:\\\/\\\/elcanillita.info\\\/press\\\/2020\\\/01\\\/13\\\/amnistia-internacional-condena-acciones-de-maduro-contra-diputados-opositores\\\/#article\",\"isPartOf\":{\"@id\":\"https:\\\/\\\/elcanillita.info\\\/press\\\/2020\\\/01\\\/13\\\/amnistia-internacional-condena-acciones-de-maduro-contra-diputados-opositores\\\/\"},\"author\":{\"name\":\"SalaStampa.eu, world press service\",\"@id\":\"https:\\\/\\\/elcanillita.info\\\/press\\\/#\\\/schema\\\/person\\\/7fcb79f38045700919f7da6d97e71ba0\"},\"headline\":\"Amnist\u00eda Internacional condena acciones de Maduro contra diputados opositores\",\"datePublished\":\"2020-01-13T20:25:40+00:00\",\"dateModified\":\"2020-01-31T16:22:19+00:00\",\"mainEntityOfPage\":{\"@id\":\"https:\\\/\\\/elcanillita.info\\\/press\\\/2020\\\/01\\\/13\\\/amnistia-internacional-condena-acciones-de-maduro-contra-diputados-opositores\\\/\"},\"wordCount\":539,\"publisher\":{\"@id\":\"https:\\\/\\\/elcanillita.info\\\/press\\\/#organization\"},\"keywords\":[\"Reino Unido\"],\"articleSection\":[\"Europa\",\"Politica\",\"Sociedad\"],\"inLanguage\":\"es-AR\"},{\"@type\":\"WebPage\",\"@id\":\"https:\\\/\\\/elcanillita.info\\\/press\\\/2020\\\/01\\\/13\\\/amnistia-internacional-condena-acciones-de-maduro-contra-diputados-opositores\\\/\",\"url\":\"https:\\\/\\\/elcanillita.info\\\/press\\\/2020\\\/01\\\/13\\\/amnistia-internacional-condena-acciones-de-maduro-contra-diputados-opositores\\\/\",\"name\":\"Amnist\u00eda Internacional condena acciones de Maduro contra diputados opositores - ElCanillita.Info\",\"isPartOf\":{\"@id\":\"https:\\\/\\\/elcanillita.info\\\/press\\\/#website\"},\"datePublished\":\"2020-01-13T20:25:40+00:00\",\"dateModified\":\"2020-01-31T16:22:19+00:00\",\"inLanguage\":\"es-AR\",\"potentialAction\":[{\"@type\":\"ReadAction\",\"target\":[\"https:\\\/\\\/elcanillita.info\\\/press\\\/2020\\\/01\\\/13\\\/amnistia-internacional-condena-acciones-de-maduro-contra-diputados-opositores\\\/\"]}]},{\"@type\":\"WebSite\",\"@id\":\"https:\\\/\\\/elcanillita.info\\\/press\\\/#website\",\"url\":\"https:\\\/\\\/elcanillita.info\\\/press\\\/\",\"name\":\"ElCanillita.Info\",\"description\":\"desde los Apeninos a los Andes\",\"publisher\":{\"@id\":\"https:\\\/\\\/elcanillita.info\\\/press\\\/#organization\"},\"potentialAction\":[{\"@type\":\"SearchAction\",\"target\":{\"@type\":\"EntryPoint\",\"urlTemplate\":\"https:\\\/\\\/elcanillita.info\\\/press\\\/?s={search_term_string}\"},\"query-input\":{\"@type\":\"PropertyValueSpecification\",\"valueRequired\":true,\"valueName\":\"search_term_string\"}}],\"inLanguage\":\"es-AR\"},{\"@type\":\"Organization\",\"@id\":\"https:\\\/\\\/elcanillita.info\\\/press\\\/#organization\",\"name\":\"Guzzo Photos & Graphic Publications\",\"url\":\"https:\\\/\\\/elcanillita.info\\\/press\\\/\",\"logo\":{\"@type\":\"ImageObject\",\"inLanguage\":\"es-AR\",\"@id\":\"https:\\\/\\\/elcanillita.info\\\/press\\\/#\\\/schema\\\/logo\\\/image\\\/\",\"url\":\"https:\\\/\\\/elcanillita.info\\\/press\\\/images\\\/2020\\\/01\\\/cropped-cropped-cropped-elcanillitainfo.png\",\"contentUrl\":\"https:\\\/\\\/elcanillita.info\\\/press\\\/images\\\/2020\\\/01\\\/cropped-cropped-cropped-elcanillitainfo.png\",\"width\":460,\"height\":50,\"caption\":\"Guzzo Photos & Graphic Publications\"},\"image\":{\"@id\":\"https:\\\/\\\/elcanillita.info\\\/press\\\/#\\\/schema\\\/logo\\\/image\\\/\"},\"sameAs\":[\"https:\\\/\\\/ar-ar.facebook.com\\\/ElCanillitainfo-114249515285712\\\/\"]},{\"@type\":\"Person\",\"@id\":\"https:\\\/\\\/elcanillita.info\\\/press\\\/#\\\/schema\\\/person\\\/7fcb79f38045700919f7da6d97e71ba0\",\"name\":\"SalaStampa.eu, world press service\",\"image\":{\"@type\":\"ImageObject\",\"inLanguage\":\"es-AR\",\"@id\":\"https:\\\/\\\/secure.gravatar.com\\\/avatar\\\/c2f0e0d515a107624234994507816ca4724c7199cef73fc8bedebf6931d73888?s=96&d=mm&r=g\",\"url\":\"https:\\\/\\\/secure.gravatar.com\\\/avatar\\\/c2f0e0d515a107624234994507816ca4724c7199cef73fc8bedebf6931d73888?s=96&d=mm&r=g\",\"contentUrl\":\"https:\\\/\\\/secure.gravatar.com\\\/avatar\\\/c2f0e0d515a107624234994507816ca4724c7199cef73fc8bedebf6931d73888?s=96&d=mm&r=g\",\"caption\":\"SalaStampa.eu, world press service\"}}]}<\/script>\n<!-- \/ Yoast SEO plugin. -->","yoast_head_json":{"title":"Amnist\u00eda Internacional condena acciones de Maduro contra diputados opositores - ElCanillita.Info","robots":{"index":"index","follow":"follow","max-snippet":"max-snippet:-1","max-image-preview":"max-image-preview:large","max-video-preview":"max-video-preview:-1"},"canonical":"https:\/\/elcanillita.info\/press\/2020\/01\/13\/amnistia-internacional-condena-acciones-de-maduro-contra-diputados-opositores\/","og_locale":"es_ES","og_type":"article","og_title":"Amnist\u00eda Internacional condena acciones de Maduro contra diputados opositores - ElCanillita.Info","og_description":"Londres, 13.01.2020 - La organizaci\u00f3n defensora de los derechos humanos Amnist\u00eda Internacional conden\u00f3 los intentos del gobierno en disputa de Nicol\u00e1s Maduro por \u201cdesmantelar cualquier forma de disidencia pol\u00edtica\u201d","og_url":"https:\/\/elcanillita.info\/press\/2020\/01\/13\/amnistia-internacional-condena-acciones-de-maduro-contra-diputados-opositores\/","og_site_name":"ElCanillita.Info","article_publisher":"https:\/\/ar-ar.facebook.com\/ElCanillitainfo-114249515285712\/","article_published_time":"2020-01-13T20:25:40+00:00","article_modified_time":"2020-01-31T16:22:19+00:00","author":"SalaStampa.eu, world press service","twitter_card":"summary_large_image","twitter_misc":{"Escrito por":"SalaStampa.eu, world press service","Tiempo de lectura":"3 minutos"},"schema":{"@context":"https:\/\/schema.org","@graph":[{"@type":"Article","@id":"https:\/\/elcanillita.info\/press\/2020\/01\/13\/amnistia-internacional-condena-acciones-de-maduro-contra-diputados-opositores\/#article","isPartOf":{"@id":"https:\/\/elcanillita.info\/press\/2020\/01\/13\/amnistia-internacional-condena-acciones-de-maduro-contra-diputados-opositores\/"},"author":{"name":"SalaStampa.eu, world press service","@id":"https:\/\/elcanillita.info\/press\/#\/schema\/person\/7fcb79f38045700919f7da6d97e71ba0"},"headline":"Amnist\u00eda Internacional condena acciones de Maduro contra diputados opositores","datePublished":"2020-01-13T20:25:40+00:00","dateModified":"2020-01-31T16:22:19+00:00","mainEntityOfPage":{"@id":"https:\/\/elcanillita.info\/press\/2020\/01\/13\/amnistia-internacional-condena-acciones-de-maduro-contra-diputados-opositores\/"},"wordCount":539,"publisher":{"@id":"https:\/\/elcanillita.info\/press\/#organization"},"keywords":["Reino Unido"],"articleSection":["Europa","Politica","Sociedad"],"inLanguage":"es-AR"},{"@type":"WebPage","@id":"https:\/\/elcanillita.info\/press\/2020\/01\/13\/amnistia-internacional-condena-acciones-de-maduro-contra-diputados-opositores\/","url":"https:\/\/elcanillita.info\/press\/2020\/01\/13\/amnistia-internacional-condena-acciones-de-maduro-contra-diputados-opositores\/","name":"Amnist\u00eda Internacional condena acciones de Maduro contra diputados opositores - ElCanillita.Info","isPartOf":{"@id":"https:\/\/elcanillita.info\/press\/#website"},"datePublished":"2020-01-13T20:25:40+00:00","dateModified":"2020-01-31T16:22:19+00:00","inLanguage":"es-AR","potentialAction":[{"@type":"ReadAction","target":["https:\/\/elcanillita.info\/press\/2020\/01\/13\/amnistia-internacional-condena-acciones-de-maduro-contra-diputados-opositores\/"]}]},{"@type":"WebSite","@id":"https:\/\/elcanillita.info\/press\/#website","url":"https:\/\/elcanillita.info\/press\/","name":"ElCanillita.Info","description":"desde los Apeninos a los Andes","publisher":{"@id":"https:\/\/elcanillita.info\/press\/#organization"},"potentialAction":[{"@type":"SearchAction","target":{"@type":"EntryPoint","urlTemplate":"https:\/\/elcanillita.info\/press\/?s={search_term_string}"},"query-input":{"@type":"PropertyValueSpecification","valueRequired":true,"valueName":"search_term_string"}}],"inLanguage":"es-AR"},{"@type":"Organization","@id":"https:\/\/elcanillita.info\/press\/#organization","name":"Guzzo Photos & Graphic Publications","url":"https:\/\/elcanillita.info\/press\/","logo":{"@type":"ImageObject","inLanguage":"es-AR","@id":"https:\/\/elcanillita.info\/press\/#\/schema\/logo\/image\/","url":"https:\/\/elcanillita.info\/press\/images\/2020\/01\/cropped-cropped-cropped-elcanillitainfo.png","contentUrl":"https:\/\/elcanillita.info\/press\/images\/2020\/01\/cropped-cropped-cropped-elcanillitainfo.png","width":460,"height":50,"caption":"Guzzo Photos & Graphic Publications"},"image":{"@id":"https:\/\/elcanillita.info\/press\/#\/schema\/logo\/image\/"},"sameAs":["https:\/\/ar-ar.facebook.com\/ElCanillitainfo-114249515285712\/"]},{"@type":"Person","@id":"https:\/\/elcanillita.info\/press\/#\/schema\/person\/7fcb79f38045700919f7da6d97e71ba0","name":"SalaStampa.eu, world press service","image":{"@type":"ImageObject","inLanguage":"es-AR","@id":"https:\/\/secure.gravatar.com\/avatar\/c2f0e0d515a107624234994507816ca4724c7199cef73fc8bedebf6931d73888?s=96&d=mm&r=g","url":"https:\/\/secure.gravatar.com\/avatar\/c2f0e0d515a107624234994507816ca4724c7199cef73fc8bedebf6931d73888?s=96&d=mm&r=g","contentUrl":"https:\/\/secure.gravatar.com\/avatar\/c2f0e0d515a107624234994507816ca4724c7199cef73fc8bedebf6931d73888?s=96&d=mm&r=g","caption":"SalaStampa.eu, world press service"}}]}},"views":783,"_links":{"self":[{"href":"https:\/\/elcanillita.info\/press\/wp-json\/wp\/v2\/posts\/96","targetHints":{"allow":["GET"]}}],"collection":[{"href":"https:\/\/elcanillita.info\/press\/wp-json\/wp\/v2\/posts"}],"about":[{"href":"https:\/\/elcanillita.info\/press\/wp-json\/wp\/v2\/types\/post"}],"author":[{"embeddable":true,"href":"https:\/\/elcanillita.info\/press\/wp-json\/wp\/v2\/users\/1"}],"replies":[{"embeddable":true,"href":"https:\/\/elcanillita.info\/press\/wp-json\/wp\/v2\/comments?post=96"}],"version-history":[{"count":0,"href":"https:\/\/elcanillita.info\/press\/wp-json\/wp\/v2\/posts\/96\/revisions"}],"wp:attachment":[{"href":"https:\/\/elcanillita.info\/press\/wp-json\/wp\/v2\/media?parent=96"}],"wp:term":[{"taxonomy":"category","embeddable":true,"href":"https:\/\/elcanillita.info\/press\/wp-json\/wp\/v2\/categories?post=96"},{"taxonomy":"post_tag","embeddable":true,"href":"https:\/\/elcanillita.info\/press\/wp-json\/wp\/v2\/tags?post=96"}],"curies":[{"name":"wp","href":"https:\/\/api.w.org\/{rel}","templated":true}]}}