{"id":953,"date":"2020-07-15T18:15:59","date_gmt":"2020-07-15T21:15:59","guid":{"rendered":"https:\/\/elcanillita.info\/press\/?p=953"},"modified":"2020-07-16T19:29:23","modified_gmt":"2020-07-16T22:29:23","slug":"iran-lanza-campana-de-protesta-contra-ejecuciones","status":"publish","type":"post","link":"https:\/\/elcanillita.info\/press\/2020\/07\/15\/iran-lanza-campana-de-protesta-contra-ejecuciones\/","title":{"rendered":"Ir\u00e1n lanza campa\u00f1a de protesta contra ejecuciones"},"content":{"rendered":"\n<p class=\"has-text-align-left\">Teher\u00e1n, 15.07.2020 &#8211; Tras las declaraciones de la Rep\u00fablica Isl\u00e1mica de Ir\u00e1n sobre los veredictos, la pena de muerte para los manifestantes y la ejecuci\u00f3n <br>de presos pol\u00edticos, un gran n\u00famero de iran\u00edes ha lanzado una campa\u00f1a anti-gubernamental en las redes sociales.<\/p>\n\n\n\n<p>El pasado martes, el hashtag persa #DontExecute alcanz\u00f3 en todo el mundo altas horas GMT por la noche. En las redes sociales, varios individuos y grupos han apoyado el llamado al gobierno iran\u00ed para que ponga fin a las ejecuciones y persecuciones.<\/p>\n\n\n\n<p>Activistas de las redes sociales, incluido el pr\u00edncipe exiliado Reza Pahlavi, tambi\u00e9n han comenzado a difundir la versi\u00f3n en ingl\u00e9s del hashtag; #Iran,<br>al borde de la ejecuci\u00f3n.<\/p>\n\n\n\n<p>Seg\u00fan las redes sociales, estos reclamos han creado bloqueos en Internet por parte de proveedores controlados por las fuerzas de seguridad de la Rep\u00fablica Isl\u00e1mica.<\/p>\n\n\n\n<p>NetBlocks.org, un grupo de monitoreo de Internet, tuite\u00f3 a las 9:30 p.m., <br>hora local, que &#8220;una gran cantidad de redes en la regi\u00f3n de #Iran ha sido severamente interrumpida&#8221;, &#8220;afectando significativamente la capacidad de comunicaci\u00f3n de los ciudadanos&#8221;.<\/p>\n\n\n\n<p><img decoding=\"async\" src=\"https:\/\/elcanillita.info\/press\/images\/2020\/07\/condenados.jpg\"><br><small>(Foto de derecha a izquierda) Amir Hussein Moradi, Mohammad Rajabi y Said Tamjidi fueron condenados a muerte en noviembre de 2019 por incendio provocado durante las protestas.<\/small><\/p>\n\n\n\n<p>Ir\u00e1n ha sido condenado por activistas internacionales de derechos humanos<br>y gobiernos occidentales por violar Internet durante las protestas p\u00fablicas.<\/p>\n\n\n\n<p>El 14 de Julio, el poder judicial iran\u00ed anunci\u00f3 que la Corte Suprema hab\u00eda aprobado las condenas a muerte de tres j\u00f3venes que participaron en protestas antigubernamentales en noviembre del a\u00f1o pasado.<\/p>\n\n\n\n<p>El martes, Ir\u00e1n anunci\u00f3 la ejecuci\u00f3n de dos prisioneros pol\u00edticos kurdos.<\/p>\n\n\n\n<p>En un comunicado en Twitter, Amnist\u00eda Internacional pidi\u00f3 al l\u00edder supremo de Ir\u00e1n, Ali Khamenei, que levante las ejecuciones de los tres j\u00f3venes manifestantes.<br><br> <small>\u00a9 2020 RG_SalaStampa.Eu \/ USAGM<\/small><\/p>\n","protected":false},"excerpt":{"rendered":"<p>Teher\u00e1n, 15.07.2020 &#8211; Activistas de las redes sociales, incluido el pr\u00edncipe exiliado Reza Pahlavi, tambi\u00e9n han comenzado a difundir la versi\u00f3n en ingl\u00e9s del hashtag; #Iran,  al borde de la ejecuci\u00f3n.<\/p>\n","protected":false},"author":1,"featured_media":954,"comment_status":"closed","ping_status":"closed","sticky":false,"template":"","format":"standard","meta":{"footnotes":"","_links_to":"","_links_to_target":""},"categories":[70,22,15,25],"tags":[],"class_list":["post-953","post","type-post","status-publish","format-standard","has-post-thumbnail","hentry","category-actualidad","category-justicia","category-medio-oriente","category-sociedad","entry","double"],"yoast_head":"<!-- This site is optimized with the Yoast SEO plugin v27.4 - https:\/\/yoast.com\/product\/yoast-seo-wordpress\/ -->\n<title>Ir\u00e1n lanza campa\u00f1a de protesta contra ejecuciones - ElCanillita.Info<\/title>\n<meta name=\"robots\" content=\"index, follow, max-snippet:-1, max-image-preview:large, max-video-preview:-1\" \/>\n<link rel=\"canonical\" href=\"https:\/\/elcanillita.info\/press\/2020\/07\/15\/iran-lanza-campana-de-protesta-contra-ejecuciones\/\" \/>\n<meta property=\"og:locale\" content=\"es_ES\" \/>\n<meta property=\"og:type\" content=\"article\" \/>\n<meta property=\"og:title\" content=\"Ir\u00e1n lanza campa\u00f1a de protesta contra ejecuciones - ElCanillita.Info\" \/>\n<meta property=\"og:description\" content=\"Teher\u00e1n, 15.07.2020 - Activistas de las redes sociales, incluido el pr\u00edncipe exiliado Reza Pahlavi, tambi\u00e9n han comenzado a difundir la versi\u00f3n en ingl\u00e9s del hashtag; #Iran, al borde de la ejecuci\u00f3n.\" \/>\n<meta property=\"og:url\" content=\"https:\/\/elcanillita.info\/press\/2020\/07\/15\/iran-lanza-campana-de-protesta-contra-ejecuciones\/\" \/>\n<meta property=\"og:site_name\" content=\"ElCanillita.Info\" \/>\n<meta property=\"article:publisher\" content=\"https:\/\/ar-ar.facebook.com\/ElCanillitainfo-114249515285712\/\" \/>\n<meta property=\"article:published_time\" content=\"2020-07-15T21:15:59+00:00\" \/>\n<meta property=\"article:modified_time\" content=\"2020-07-16T22:29:23+00:00\" \/>\n<meta property=\"og:image\" content=\"https:\/\/elcanillita.info\/press\/images\/2020\/07\/Reza_Pahlavi.jpg\" \/>\n\t<meta property=\"og:image:width\" content=\"700\" \/>\n\t<meta property=\"og:image:height\" content=\"484\" \/>\n\t<meta property=\"og:image:type\" content=\"image\/jpeg\" \/>\n<meta name=\"author\" content=\"SalaStampa.eu, world press service\" \/>\n<meta name=\"twitter:card\" content=\"summary_large_image\" \/>\n<meta name=\"twitter:label1\" content=\"Escrito por\" \/>\n\t<meta name=\"twitter:data1\" content=\"SalaStampa.eu, world press service\" \/>\n\t<meta name=\"twitter:label2\" content=\"Tiempo de lectura\" \/>\n\t<meta name=\"twitter:data2\" content=\"2 minutos\" \/>\n<script type=\"application\/ld+json\" class=\"yoast-schema-graph\">{\"@context\":\"https:\\\/\\\/schema.org\",\"@graph\":[{\"@type\":\"Article\",\"@id\":\"https:\\\/\\\/elcanillita.info\\\/press\\\/2020\\\/07\\\/15\\\/iran-lanza-campana-de-protesta-contra-ejecuciones\\\/#article\",\"isPartOf\":{\"@id\":\"https:\\\/\\\/elcanillita.info\\\/press\\\/2020\\\/07\\\/15\\\/iran-lanza-campana-de-protesta-contra-ejecuciones\\\/\"},\"author\":{\"name\":\"SalaStampa.eu, world press service\",\"@id\":\"https:\\\/\\\/elcanillita.info\\\/press\\\/#\\\/schema\\\/person\\\/7fcb79f38045700919f7da6d97e71ba0\"},\"headline\":\"Ir\u00e1n lanza campa\u00f1a de protesta contra ejecuciones\",\"datePublished\":\"2020-07-15T21:15:59+00:00\",\"dateModified\":\"2020-07-16T22:29:23+00:00\",\"mainEntityOfPage\":{\"@id\":\"https:\\\/\\\/elcanillita.info\\\/press\\\/2020\\\/07\\\/15\\\/iran-lanza-campana-de-protesta-contra-ejecuciones\\\/\"},\"wordCount\":330,\"publisher\":{\"@id\":\"https:\\\/\\\/elcanillita.info\\\/press\\\/#organization\"},\"image\":{\"@id\":\"https:\\\/\\\/elcanillita.info\\\/press\\\/2020\\\/07\\\/15\\\/iran-lanza-campana-de-protesta-contra-ejecuciones\\\/#primaryimage\"},\"thumbnailUrl\":\"https:\\\/\\\/elcanillita.info\\\/press\\\/images\\\/2020\\\/07\\\/Reza_Pahlavi.jpg\",\"articleSection\":[\"Actualidad\",\"Justicia\",\"Medio Oriente\",\"Sociedad\"],\"inLanguage\":\"es-AR\"},{\"@type\":\"WebPage\",\"@id\":\"https:\\\/\\\/elcanillita.info\\\/press\\\/2020\\\/07\\\/15\\\/iran-lanza-campana-de-protesta-contra-ejecuciones\\\/\",\"url\":\"https:\\\/\\\/elcanillita.info\\\/press\\\/2020\\\/07\\\/15\\\/iran-lanza-campana-de-protesta-contra-ejecuciones\\\/\",\"name\":\"Ir\u00e1n lanza campa\u00f1a de protesta contra ejecuciones - ElCanillita.Info\",\"isPartOf\":{\"@id\":\"https:\\\/\\\/elcanillita.info\\\/press\\\/#website\"},\"primaryImageOfPage\":{\"@id\":\"https:\\\/\\\/elcanillita.info\\\/press\\\/2020\\\/07\\\/15\\\/iran-lanza-campana-de-protesta-contra-ejecuciones\\\/#primaryimage\"},\"image\":{\"@id\":\"https:\\\/\\\/elcanillita.info\\\/press\\\/2020\\\/07\\\/15\\\/iran-lanza-campana-de-protesta-contra-ejecuciones\\\/#primaryimage\"},\"thumbnailUrl\":\"https:\\\/\\\/elcanillita.info\\\/press\\\/images\\\/2020\\\/07\\\/Reza_Pahlavi.jpg\",\"datePublished\":\"2020-07-15T21:15:59+00:00\",\"dateModified\":\"2020-07-16T22:29:23+00:00\",\"inLanguage\":\"es-AR\",\"potentialAction\":[{\"@type\":\"ReadAction\",\"target\":[\"https:\\\/\\\/elcanillita.info\\\/press\\\/2020\\\/07\\\/15\\\/iran-lanza-campana-de-protesta-contra-ejecuciones\\\/\"]}]},{\"@type\":\"ImageObject\",\"inLanguage\":\"es-AR\",\"@id\":\"https:\\\/\\\/elcanillita.info\\\/press\\\/2020\\\/07\\\/15\\\/iran-lanza-campana-de-protesta-contra-ejecuciones\\\/#primaryimage\",\"url\":\"https:\\\/\\\/elcanillita.info\\\/press\\\/images\\\/2020\\\/07\\\/Reza_Pahlavi.jpg\",\"contentUrl\":\"https:\\\/\\\/elcanillita.info\\\/press\\\/images\\\/2020\\\/07\\\/Reza_Pahlavi.jpg\",\"width\":700,\"height\":484,\"caption\":\"Reza Pahlavi\"},{\"@type\":\"WebSite\",\"@id\":\"https:\\\/\\\/elcanillita.info\\\/press\\\/#website\",\"url\":\"https:\\\/\\\/elcanillita.info\\\/press\\\/\",\"name\":\"ElCanillita.Info\",\"description\":\"desde los Apeninos a los Andes\",\"publisher\":{\"@id\":\"https:\\\/\\\/elcanillita.info\\\/press\\\/#organization\"},\"potentialAction\":[{\"@type\":\"SearchAction\",\"target\":{\"@type\":\"EntryPoint\",\"urlTemplate\":\"https:\\\/\\\/elcanillita.info\\\/press\\\/?s={search_term_string}\"},\"query-input\":{\"@type\":\"PropertyValueSpecification\",\"valueRequired\":true,\"valueName\":\"search_term_string\"}}],\"inLanguage\":\"es-AR\"},{\"@type\":\"Organization\",\"@id\":\"https:\\\/\\\/elcanillita.info\\\/press\\\/#organization\",\"name\":\"Guzzo Photos & Graphic Publications\",\"url\":\"https:\\\/\\\/elcanillita.info\\\/press\\\/\",\"logo\":{\"@type\":\"ImageObject\",\"inLanguage\":\"es-AR\",\"@id\":\"https:\\\/\\\/elcanillita.info\\\/press\\\/#\\\/schema\\\/logo\\\/image\\\/\",\"url\":\"https:\\\/\\\/elcanillita.info\\\/press\\\/images\\\/2020\\\/01\\\/cropped-cropped-cropped-elcanillitainfo.png\",\"contentUrl\":\"https:\\\/\\\/elcanillita.info\\\/press\\\/images\\\/2020\\\/01\\\/cropped-cropped-cropped-elcanillitainfo.png\",\"width\":460,\"height\":50,\"caption\":\"Guzzo Photos & Graphic Publications\"},\"image\":{\"@id\":\"https:\\\/\\\/elcanillita.info\\\/press\\\/#\\\/schema\\\/logo\\\/image\\\/\"},\"sameAs\":[\"https:\\\/\\\/ar-ar.facebook.com\\\/ElCanillitainfo-114249515285712\\\/\"]},{\"@type\":\"Person\",\"@id\":\"https:\\\/\\\/elcanillita.info\\\/press\\\/#\\\/schema\\\/person\\\/7fcb79f38045700919f7da6d97e71ba0\",\"name\":\"SalaStampa.eu, world press service\",\"image\":{\"@type\":\"ImageObject\",\"inLanguage\":\"es-AR\",\"@id\":\"https:\\\/\\\/secure.gravatar.com\\\/avatar\\\/c2f0e0d515a107624234994507816ca4724c7199cef73fc8bedebf6931d73888?s=96&d=mm&r=g\",\"url\":\"https:\\\/\\\/secure.gravatar.com\\\/avatar\\\/c2f0e0d515a107624234994507816ca4724c7199cef73fc8bedebf6931d73888?s=96&d=mm&r=g\",\"contentUrl\":\"https:\\\/\\\/secure.gravatar.com\\\/avatar\\\/c2f0e0d515a107624234994507816ca4724c7199cef73fc8bedebf6931d73888?s=96&d=mm&r=g\",\"caption\":\"SalaStampa.eu, world press service\"}}]}<\/script>\n<!-- \/ Yoast SEO plugin. -->","yoast_head_json":{"title":"Ir\u00e1n lanza campa\u00f1a de protesta contra ejecuciones - ElCanillita.Info","robots":{"index":"index","follow":"follow","max-snippet":"max-snippet:-1","max-image-preview":"max-image-preview:large","max-video-preview":"max-video-preview:-1"},"canonical":"https:\/\/elcanillita.info\/press\/2020\/07\/15\/iran-lanza-campana-de-protesta-contra-ejecuciones\/","og_locale":"es_ES","og_type":"article","og_title":"Ir\u00e1n lanza campa\u00f1a de protesta contra ejecuciones - ElCanillita.Info","og_description":"Teher\u00e1n, 15.07.2020 - Activistas de las redes sociales, incluido el pr\u00edncipe exiliado Reza Pahlavi, tambi\u00e9n han comenzado a difundir la versi\u00f3n en ingl\u00e9s del hashtag; #Iran, al borde de la ejecuci\u00f3n.","og_url":"https:\/\/elcanillita.info\/press\/2020\/07\/15\/iran-lanza-campana-de-protesta-contra-ejecuciones\/","og_site_name":"ElCanillita.Info","article_publisher":"https:\/\/ar-ar.facebook.com\/ElCanillitainfo-114249515285712\/","article_published_time":"2020-07-15T21:15:59+00:00","article_modified_time":"2020-07-16T22:29:23+00:00","og_image":[{"width":700,"height":484,"url":"https:\/\/elcanillita.info\/press\/images\/2020\/07\/Reza_Pahlavi.jpg","type":"image\/jpeg"}],"author":"SalaStampa.eu, world press service","twitter_card":"summary_large_image","twitter_misc":{"Escrito por":"SalaStampa.eu, world press service","Tiempo de lectura":"2 minutos"},"schema":{"@context":"https:\/\/schema.org","@graph":[{"@type":"Article","@id":"https:\/\/elcanillita.info\/press\/2020\/07\/15\/iran-lanza-campana-de-protesta-contra-ejecuciones\/#article","isPartOf":{"@id":"https:\/\/elcanillita.info\/press\/2020\/07\/15\/iran-lanza-campana-de-protesta-contra-ejecuciones\/"},"author":{"name":"SalaStampa.eu, world press service","@id":"https:\/\/elcanillita.info\/press\/#\/schema\/person\/7fcb79f38045700919f7da6d97e71ba0"},"headline":"Ir\u00e1n lanza campa\u00f1a de protesta contra ejecuciones","datePublished":"2020-07-15T21:15:59+00:00","dateModified":"2020-07-16T22:29:23+00:00","mainEntityOfPage":{"@id":"https:\/\/elcanillita.info\/press\/2020\/07\/15\/iran-lanza-campana-de-protesta-contra-ejecuciones\/"},"wordCount":330,"publisher":{"@id":"https:\/\/elcanillita.info\/press\/#organization"},"image":{"@id":"https:\/\/elcanillita.info\/press\/2020\/07\/15\/iran-lanza-campana-de-protesta-contra-ejecuciones\/#primaryimage"},"thumbnailUrl":"https:\/\/elcanillita.info\/press\/images\/2020\/07\/Reza_Pahlavi.jpg","articleSection":["Actualidad","Justicia","Medio Oriente","Sociedad"],"inLanguage":"es-AR"},{"@type":"WebPage","@id":"https:\/\/elcanillita.info\/press\/2020\/07\/15\/iran-lanza-campana-de-protesta-contra-ejecuciones\/","url":"https:\/\/elcanillita.info\/press\/2020\/07\/15\/iran-lanza-campana-de-protesta-contra-ejecuciones\/","name":"Ir\u00e1n lanza campa\u00f1a de protesta contra ejecuciones - ElCanillita.Info","isPartOf":{"@id":"https:\/\/elcanillita.info\/press\/#website"},"primaryImageOfPage":{"@id":"https:\/\/elcanillita.info\/press\/2020\/07\/15\/iran-lanza-campana-de-protesta-contra-ejecuciones\/#primaryimage"},"image":{"@id":"https:\/\/elcanillita.info\/press\/2020\/07\/15\/iran-lanza-campana-de-protesta-contra-ejecuciones\/#primaryimage"},"thumbnailUrl":"https:\/\/elcanillita.info\/press\/images\/2020\/07\/Reza_Pahlavi.jpg","datePublished":"2020-07-15T21:15:59+00:00","dateModified":"2020-07-16T22:29:23+00:00","inLanguage":"es-AR","potentialAction":[{"@type":"ReadAction","target":["https:\/\/elcanillita.info\/press\/2020\/07\/15\/iran-lanza-campana-de-protesta-contra-ejecuciones\/"]}]},{"@type":"ImageObject","inLanguage":"es-AR","@id":"https:\/\/elcanillita.info\/press\/2020\/07\/15\/iran-lanza-campana-de-protesta-contra-ejecuciones\/#primaryimage","url":"https:\/\/elcanillita.info\/press\/images\/2020\/07\/Reza_Pahlavi.jpg","contentUrl":"https:\/\/elcanillita.info\/press\/images\/2020\/07\/Reza_Pahlavi.jpg","width":700,"height":484,"caption":"Reza Pahlavi"},{"@type":"WebSite","@id":"https:\/\/elcanillita.info\/press\/#website","url":"https:\/\/elcanillita.info\/press\/","name":"ElCanillita.Info","description":"desde los Apeninos a los Andes","publisher":{"@id":"https:\/\/elcanillita.info\/press\/#organization"},"potentialAction":[{"@type":"SearchAction","target":{"@type":"EntryPoint","urlTemplate":"https:\/\/elcanillita.info\/press\/?s={search_term_string}"},"query-input":{"@type":"PropertyValueSpecification","valueRequired":true,"valueName":"search_term_string"}}],"inLanguage":"es-AR"},{"@type":"Organization","@id":"https:\/\/elcanillita.info\/press\/#organization","name":"Guzzo Photos & Graphic Publications","url":"https:\/\/elcanillita.info\/press\/","logo":{"@type":"ImageObject","inLanguage":"es-AR","@id":"https:\/\/elcanillita.info\/press\/#\/schema\/logo\/image\/","url":"https:\/\/elcanillita.info\/press\/images\/2020\/01\/cropped-cropped-cropped-elcanillitainfo.png","contentUrl":"https:\/\/elcanillita.info\/press\/images\/2020\/01\/cropped-cropped-cropped-elcanillitainfo.png","width":460,"height":50,"caption":"Guzzo Photos & Graphic Publications"},"image":{"@id":"https:\/\/elcanillita.info\/press\/#\/schema\/logo\/image\/"},"sameAs":["https:\/\/ar-ar.facebook.com\/ElCanillitainfo-114249515285712\/"]},{"@type":"Person","@id":"https:\/\/elcanillita.info\/press\/#\/schema\/person\/7fcb79f38045700919f7da6d97e71ba0","name":"SalaStampa.eu, world press service","image":{"@type":"ImageObject","inLanguage":"es-AR","@id":"https:\/\/secure.gravatar.com\/avatar\/c2f0e0d515a107624234994507816ca4724c7199cef73fc8bedebf6931d73888?s=96&d=mm&r=g","url":"https:\/\/secure.gravatar.com\/avatar\/c2f0e0d515a107624234994507816ca4724c7199cef73fc8bedebf6931d73888?s=96&d=mm&r=g","contentUrl":"https:\/\/secure.gravatar.com\/avatar\/c2f0e0d515a107624234994507816ca4724c7199cef73fc8bedebf6931d73888?s=96&d=mm&r=g","caption":"SalaStampa.eu, world press service"}}]}},"views":728,"_links":{"self":[{"href":"https:\/\/elcanillita.info\/press\/wp-json\/wp\/v2\/posts\/953","targetHints":{"allow":["GET"]}}],"collection":[{"href":"https:\/\/elcanillita.info\/press\/wp-json\/wp\/v2\/posts"}],"about":[{"href":"https:\/\/elcanillita.info\/press\/wp-json\/wp\/v2\/types\/post"}],"author":[{"embeddable":true,"href":"https:\/\/elcanillita.info\/press\/wp-json\/wp\/v2\/users\/1"}],"replies":[{"embeddable":true,"href":"https:\/\/elcanillita.info\/press\/wp-json\/wp\/v2\/comments?post=953"}],"version-history":[{"count":0,"href":"https:\/\/elcanillita.info\/press\/wp-json\/wp\/v2\/posts\/953\/revisions"}],"wp:featuredmedia":[{"embeddable":true,"href":"https:\/\/elcanillita.info\/press\/wp-json\/wp\/v2\/media\/954"}],"wp:attachment":[{"href":"https:\/\/elcanillita.info\/press\/wp-json\/wp\/v2\/media?parent=953"}],"wp:term":[{"taxonomy":"category","embeddable":true,"href":"https:\/\/elcanillita.info\/press\/wp-json\/wp\/v2\/categories?post=953"},{"taxonomy":"post_tag","embeddable":true,"href":"https:\/\/elcanillita.info\/press\/wp-json\/wp\/v2\/tags?post=953"}],"curies":[{"name":"wp","href":"https:\/\/api.w.org\/{rel}","templated":true}]}}