{"id":928,"date":"2020-07-13T13:28:58","date_gmt":"2020-07-13T16:28:58","guid":{"rendered":"https:\/\/elcanillita.info\/press\/?p=928"},"modified":"2020-07-14T04:51:39","modified_gmt":"2020-07-14T07:51:39","slug":"masacre-mezquita-nueva-zelanda","status":"publish","type":"post","link":"https:\/\/elcanillita.info\/press\/2020\/07\/13\/masacre-mezquita-nueva-zelanda\/","title":{"rendered":"La masacre de la mezquita de Nueva Zelanda sorprende a la Corte con una inquietante solicitud"},"content":{"rendered":"<figure style=\"width: 900px\" class=\"wp-caption alignnone\"><img decoding=\"async\" src=\"https:\/\/elcanillita.info\/press\/images\/2020\/07\/Brenton Tarrant_600.jpg\" alt=\"Brenton Tarrant\" width=\"900\"><figcaption class=\"wp-caption-text\">Brenton Tarrant, acusado de matar a 51 personas en dos mezquitas en Christchurch, Nueva Zelanda, en la Corte.<\/figcaption><\/figure>\n\n\n<p>Christchurch, 13.07.2020 &#8211; El bautista de la masacre de la Mezquita de la Iglesia de Cristo se neg\u00f3 a emplear a su abogado este lunes, y expres\u00f3 su preocupaci\u00f3n de que har\u00eda que la sentencia de agosto escuchara una plataforma para presentar sus argumentos a favor de la supremac\u00eda blanca.<\/p>\n\n\n\n<p>El 24 de agosto, el australiano Brenton Tarrant, quien en marzo confes\u00f3 todos los cargos (51 cargos de asesinato y 40 de intento de asesinato y otro cargo de llevar a cabo un acto terrorista), ser\u00e1 sentenciado durante el ataque a las dos mezquitas en Christ Church.<\/p>\n\n\n\n<p>El juez de la Corte Suprema de Christ Church, Christon Mander, permiti\u00f3 a los abogados defensores del autor de la masacre, Shane Tate y Jonathan Hudson retirarse del caso a pedido de su cliente durante una audiencia inicial el lunes.<\/p>\n\n\n\n<p>Pero el juez orden\u00f3 que un abogado est\u00e9 disponible para la audiencia el pr\u00f3ximo mes, por si el imputado cambia de opini\u00f3n.<\/p>\n\n\n\n<p>El presidente de la Sociedad Isl\u00e1mica de Nueva Zelanda sorprendido de la petici\u00f3n de Tarrant, expres\u00f3 su temor de que las v\u00edctimas sufran nuevamente otro da\u00f1o moral si el imputado usa esta sesi\u00f3n para anunciar sus condenas extremistas.<\/p>\n\n\n\n<p>&#8220;Cuando supe esto, me preocupaba si este hombre usar\u00eda esta plataforma para promover sus opiniones e ideas&#8221;, dijo  <\/p>\n\n\n\n<p>&#8220;Muchas personas todav\u00eda est\u00e1n traumatizadas y consideran (esta sesi\u00f3n) una de las etapas que les permitir\u00e1 girar la p\u00e1gina. Espero que esto no cause m\u00e1s dolor&#8221;, agreg\u00f3.<\/p>\n\n\n\n<p>Brenton Tarrant, quien dice que apoya la teor\u00eda de la supremac\u00eda blanca, est\u00e1 acusado del asesinato en masa m\u00e1s grande en la historia moderna de Nueva Zelanda en marzo de 2019.<\/p>\n\n\n\n<p>Estaba equipado con varias armas autom\u00e1ticas y abri\u00f3 fuego, respectivamente, contra las dos mezquitas durante las oraciones del viernes, matando a 51 musulmanes, incluidas mujeres y ni\u00f1os. \u00c9l fotografi\u00f3 directamente su crimen y lo transmiti\u00f3 en Facebook.<\/p>\n\n\n\n<p>Como resultado, el gobierno endureci\u00f3 significativamente las leyes de control de armas y prohibi\u00f3 las armas de tipo militar, como las utilizadas por el terrorista de la masacre. Despu\u00e9s de meses, las leyes de posesi\u00f3n de armas de fuego se endurecieron a\u00fan m\u00e1s.<br><br>  <small>\u00a9 2020 SalaStampa.Eu \/ USAGM<\/small><\/p>\n","protected":false},"excerpt":{"rendered":"<p>Christchurch, 13.07.2020 &#8211; El bautista de la masacre de la Mezquita de la Iglesia de Cristo se neg\u00f3 a emplear a su abogado este lunes, y expres\u00f3 su preocupaci\u00f3n de que har\u00eda que la sentencia de agosto escuchara una plataforma para presentar sus argumentos a favor de la supremac\u00eda blanca.<\/p>\n","protected":false},"author":1,"featured_media":929,"comment_status":"closed","ping_status":"closed","sticky":false,"template":"","format":"standard","meta":{"footnotes":"","_links_to":"","_links_to_target":""},"categories":[70,22,17,25],"tags":[],"class_list":["post-928","post","type-post","status-publish","format-standard","has-post-thumbnail","hentry","category-actualidad","category-justicia","category-oceania","category-sociedad","entry","double"],"yoast_head":"<!-- This site is optimized with the Yoast SEO plugin v27.4 - https:\/\/yoast.com\/product\/yoast-seo-wordpress\/ -->\n<title>La masacre de la mezquita de Nueva Zelanda sorprende a la Corte con una inquietante solicitud - ElCanillita.Info<\/title>\n<meta name=\"robots\" content=\"index, follow, max-snippet:-1, max-image-preview:large, max-video-preview:-1\" \/>\n<link rel=\"canonical\" href=\"https:\/\/elcanillita.info\/press\/2020\/07\/13\/masacre-mezquita-nueva-zelanda\/\" \/>\n<meta property=\"og:locale\" content=\"es_ES\" \/>\n<meta property=\"og:type\" content=\"article\" \/>\n<meta property=\"og:title\" content=\"La masacre de la mezquita de Nueva Zelanda sorprende a la Corte con una inquietante solicitud - ElCanillita.Info\" \/>\n<meta property=\"og:description\" content=\"Christchurch, 13.07.2020 - El bautista de la masacre de la Mezquita de la Iglesia de Cristo se neg\u00f3 a emplear a su abogado este lunes, y expres\u00f3 su preocupaci\u00f3n de que har\u00eda que la sentencia de agosto escuchara una plataforma para presentar sus argumentos a favor de la supremac\u00eda blanca.\" \/>\n<meta property=\"og:url\" content=\"https:\/\/elcanillita.info\/press\/2020\/07\/13\/masacre-mezquita-nueva-zelanda\/\" \/>\n<meta property=\"og:site_name\" content=\"ElCanillita.Info\" \/>\n<meta property=\"article:publisher\" content=\"https:\/\/ar-ar.facebook.com\/ElCanillitainfo-114249515285712\/\" \/>\n<meta property=\"article:published_time\" content=\"2020-07-13T16:28:58+00:00\" \/>\n<meta property=\"article:modified_time\" content=\"2020-07-14T07:51:39+00:00\" \/>\n<meta property=\"og:image\" content=\"https:\/\/elcanillita.info\/press\/images\/2020\/07\/Brenton-Tarrant_600.jpg\" \/>\n\t<meta property=\"og:image:width\" content=\"600\" \/>\n\t<meta property=\"og:image:height\" content=\"419\" \/>\n\t<meta property=\"og:image:type\" content=\"image\/jpeg\" \/>\n<meta name=\"author\" content=\"SalaStampa.eu, world press service\" \/>\n<meta name=\"twitter:card\" content=\"summary_large_image\" \/>\n<meta name=\"twitter:label1\" content=\"Escrito por\" \/>\n\t<meta name=\"twitter:data1\" content=\"SalaStampa.eu, world press service\" \/>\n\t<meta name=\"twitter:label2\" content=\"Tiempo de lectura\" \/>\n\t<meta name=\"twitter:data2\" content=\"2 minutos\" \/>\n<script type=\"application\/ld+json\" class=\"yoast-schema-graph\">{\"@context\":\"https:\\\/\\\/schema.org\",\"@graph\":[{\"@type\":\"Article\",\"@id\":\"https:\\\/\\\/elcanillita.info\\\/press\\\/2020\\\/07\\\/13\\\/masacre-mezquita-nueva-zelanda\\\/#article\",\"isPartOf\":{\"@id\":\"https:\\\/\\\/elcanillita.info\\\/press\\\/2020\\\/07\\\/13\\\/masacre-mezquita-nueva-zelanda\\\/\"},\"author\":{\"name\":\"SalaStampa.eu, world press service\",\"@id\":\"https:\\\/\\\/elcanillita.info\\\/press\\\/#\\\/schema\\\/person\\\/7fcb79f38045700919f7da6d97e71ba0\"},\"headline\":\"La masacre de la mezquita de Nueva Zelanda sorprende a la Corte con una inquietante solicitud\",\"datePublished\":\"2020-07-13T16:28:58+00:00\",\"dateModified\":\"2020-07-14T07:51:39+00:00\",\"mainEntityOfPage\":{\"@id\":\"https:\\\/\\\/elcanillita.info\\\/press\\\/2020\\\/07\\\/13\\\/masacre-mezquita-nueva-zelanda\\\/\"},\"wordCount\":413,\"publisher\":{\"@id\":\"https:\\\/\\\/elcanillita.info\\\/press\\\/#organization\"},\"image\":{\"@id\":\"https:\\\/\\\/elcanillita.info\\\/press\\\/2020\\\/07\\\/13\\\/masacre-mezquita-nueva-zelanda\\\/#primaryimage\"},\"thumbnailUrl\":\"https:\\\/\\\/elcanillita.info\\\/press\\\/images\\\/2020\\\/07\\\/Brenton-Tarrant_600.jpg\",\"articleSection\":[\"Actualidad\",\"Justicia\",\"Oceania\",\"Sociedad\"],\"inLanguage\":\"es-AR\"},{\"@type\":\"WebPage\",\"@id\":\"https:\\\/\\\/elcanillita.info\\\/press\\\/2020\\\/07\\\/13\\\/masacre-mezquita-nueva-zelanda\\\/\",\"url\":\"https:\\\/\\\/elcanillita.info\\\/press\\\/2020\\\/07\\\/13\\\/masacre-mezquita-nueva-zelanda\\\/\",\"name\":\"La masacre de la mezquita de Nueva Zelanda sorprende a la Corte con una inquietante solicitud - ElCanillita.Info\",\"isPartOf\":{\"@id\":\"https:\\\/\\\/elcanillita.info\\\/press\\\/#website\"},\"primaryImageOfPage\":{\"@id\":\"https:\\\/\\\/elcanillita.info\\\/press\\\/2020\\\/07\\\/13\\\/masacre-mezquita-nueva-zelanda\\\/#primaryimage\"},\"image\":{\"@id\":\"https:\\\/\\\/elcanillita.info\\\/press\\\/2020\\\/07\\\/13\\\/masacre-mezquita-nueva-zelanda\\\/#primaryimage\"},\"thumbnailUrl\":\"https:\\\/\\\/elcanillita.info\\\/press\\\/images\\\/2020\\\/07\\\/Brenton-Tarrant_600.jpg\",\"datePublished\":\"2020-07-13T16:28:58+00:00\",\"dateModified\":\"2020-07-14T07:51:39+00:00\",\"inLanguage\":\"es-AR\",\"potentialAction\":[{\"@type\":\"ReadAction\",\"target\":[\"https:\\\/\\\/elcanillita.info\\\/press\\\/2020\\\/07\\\/13\\\/masacre-mezquita-nueva-zelanda\\\/\"]}]},{\"@type\":\"ImageObject\",\"inLanguage\":\"es-AR\",\"@id\":\"https:\\\/\\\/elcanillita.info\\\/press\\\/2020\\\/07\\\/13\\\/masacre-mezquita-nueva-zelanda\\\/#primaryimage\",\"url\":\"https:\\\/\\\/elcanillita.info\\\/press\\\/images\\\/2020\\\/07\\\/Brenton-Tarrant_600.jpg\",\"contentUrl\":\"https:\\\/\\\/elcanillita.info\\\/press\\\/images\\\/2020\\\/07\\\/Brenton-Tarrant_600.jpg\",\"width\":600,\"height\":419,\"caption\":\"In this picture taken on March 16, 2019, Brenton Tarrant (C), the man charged in relation to the Christchurch massacre, stands in the dock during his appearance at the Christchurch District Court. - The man accused of shooting dead 51 Muslim worshippers in the Christchurch mosque attacks pleaded not guilty to multiple murder and terrorism charges on June 14, 2019 and was committed to stand trial next year. (Photo by Mark Mitchell \\\/ POOL \\\/ AFP) \\\/ EDS NOTE HIS FACE MUST BE PIXELATED -- HIS FACE SOLELY --\"},{\"@type\":\"WebSite\",\"@id\":\"https:\\\/\\\/elcanillita.info\\\/press\\\/#website\",\"url\":\"https:\\\/\\\/elcanillita.info\\\/press\\\/\",\"name\":\"ElCanillita.Info\",\"description\":\"desde los Apeninos a los Andes\",\"publisher\":{\"@id\":\"https:\\\/\\\/elcanillita.info\\\/press\\\/#organization\"},\"potentialAction\":[{\"@type\":\"SearchAction\",\"target\":{\"@type\":\"EntryPoint\",\"urlTemplate\":\"https:\\\/\\\/elcanillita.info\\\/press\\\/?s={search_term_string}\"},\"query-input\":{\"@type\":\"PropertyValueSpecification\",\"valueRequired\":true,\"valueName\":\"search_term_string\"}}],\"inLanguage\":\"es-AR\"},{\"@type\":\"Organization\",\"@id\":\"https:\\\/\\\/elcanillita.info\\\/press\\\/#organization\",\"name\":\"Guzzo Photos & Graphic Publications\",\"url\":\"https:\\\/\\\/elcanillita.info\\\/press\\\/\",\"logo\":{\"@type\":\"ImageObject\",\"inLanguage\":\"es-AR\",\"@id\":\"https:\\\/\\\/elcanillita.info\\\/press\\\/#\\\/schema\\\/logo\\\/image\\\/\",\"url\":\"https:\\\/\\\/elcanillita.info\\\/press\\\/images\\\/2020\\\/01\\\/cropped-cropped-cropped-elcanillitainfo.png\",\"contentUrl\":\"https:\\\/\\\/elcanillita.info\\\/press\\\/images\\\/2020\\\/01\\\/cropped-cropped-cropped-elcanillitainfo.png\",\"width\":460,\"height\":50,\"caption\":\"Guzzo Photos & Graphic Publications\"},\"image\":{\"@id\":\"https:\\\/\\\/elcanillita.info\\\/press\\\/#\\\/schema\\\/logo\\\/image\\\/\"},\"sameAs\":[\"https:\\\/\\\/ar-ar.facebook.com\\\/ElCanillitainfo-114249515285712\\\/\"]},{\"@type\":\"Person\",\"@id\":\"https:\\\/\\\/elcanillita.info\\\/press\\\/#\\\/schema\\\/person\\\/7fcb79f38045700919f7da6d97e71ba0\",\"name\":\"SalaStampa.eu, world press service\",\"image\":{\"@type\":\"ImageObject\",\"inLanguage\":\"es-AR\",\"@id\":\"https:\\\/\\\/secure.gravatar.com\\\/avatar\\\/c2f0e0d515a107624234994507816ca4724c7199cef73fc8bedebf6931d73888?s=96&d=mm&r=g\",\"url\":\"https:\\\/\\\/secure.gravatar.com\\\/avatar\\\/c2f0e0d515a107624234994507816ca4724c7199cef73fc8bedebf6931d73888?s=96&d=mm&r=g\",\"contentUrl\":\"https:\\\/\\\/secure.gravatar.com\\\/avatar\\\/c2f0e0d515a107624234994507816ca4724c7199cef73fc8bedebf6931d73888?s=96&d=mm&r=g\",\"caption\":\"SalaStampa.eu, world press service\"}}]}<\/script>\n<!-- \/ Yoast SEO plugin. -->","yoast_head_json":{"title":"La masacre de la mezquita de Nueva Zelanda sorprende a la Corte con una inquietante solicitud - ElCanillita.Info","robots":{"index":"index","follow":"follow","max-snippet":"max-snippet:-1","max-image-preview":"max-image-preview:large","max-video-preview":"max-video-preview:-1"},"canonical":"https:\/\/elcanillita.info\/press\/2020\/07\/13\/masacre-mezquita-nueva-zelanda\/","og_locale":"es_ES","og_type":"article","og_title":"La masacre de la mezquita de Nueva Zelanda sorprende a la Corte con una inquietante solicitud - ElCanillita.Info","og_description":"Christchurch, 13.07.2020 - El bautista de la masacre de la Mezquita de la Iglesia de Cristo se neg\u00f3 a emplear a su abogado este lunes, y expres\u00f3 su preocupaci\u00f3n de que har\u00eda que la sentencia de agosto escuchara una plataforma para presentar sus argumentos a favor de la supremac\u00eda blanca.","og_url":"https:\/\/elcanillita.info\/press\/2020\/07\/13\/masacre-mezquita-nueva-zelanda\/","og_site_name":"ElCanillita.Info","article_publisher":"https:\/\/ar-ar.facebook.com\/ElCanillitainfo-114249515285712\/","article_published_time":"2020-07-13T16:28:58+00:00","article_modified_time":"2020-07-14T07:51:39+00:00","og_image":[{"width":600,"height":419,"url":"https:\/\/elcanillita.info\/press\/images\/2020\/07\/Brenton-Tarrant_600.jpg","type":"image\/jpeg"}],"author":"SalaStampa.eu, world press service","twitter_card":"summary_large_image","twitter_misc":{"Escrito por":"SalaStampa.eu, world press service","Tiempo de lectura":"2 minutos"},"schema":{"@context":"https:\/\/schema.org","@graph":[{"@type":"Article","@id":"https:\/\/elcanillita.info\/press\/2020\/07\/13\/masacre-mezquita-nueva-zelanda\/#article","isPartOf":{"@id":"https:\/\/elcanillita.info\/press\/2020\/07\/13\/masacre-mezquita-nueva-zelanda\/"},"author":{"name":"SalaStampa.eu, world press service","@id":"https:\/\/elcanillita.info\/press\/#\/schema\/person\/7fcb79f38045700919f7da6d97e71ba0"},"headline":"La masacre de la mezquita de Nueva Zelanda sorprende a la Corte con una inquietante solicitud","datePublished":"2020-07-13T16:28:58+00:00","dateModified":"2020-07-14T07:51:39+00:00","mainEntityOfPage":{"@id":"https:\/\/elcanillita.info\/press\/2020\/07\/13\/masacre-mezquita-nueva-zelanda\/"},"wordCount":413,"publisher":{"@id":"https:\/\/elcanillita.info\/press\/#organization"},"image":{"@id":"https:\/\/elcanillita.info\/press\/2020\/07\/13\/masacre-mezquita-nueva-zelanda\/#primaryimage"},"thumbnailUrl":"https:\/\/elcanillita.info\/press\/images\/2020\/07\/Brenton-Tarrant_600.jpg","articleSection":["Actualidad","Justicia","Oceania","Sociedad"],"inLanguage":"es-AR"},{"@type":"WebPage","@id":"https:\/\/elcanillita.info\/press\/2020\/07\/13\/masacre-mezquita-nueva-zelanda\/","url":"https:\/\/elcanillita.info\/press\/2020\/07\/13\/masacre-mezquita-nueva-zelanda\/","name":"La masacre de la mezquita de Nueva Zelanda sorprende a la Corte con una inquietante solicitud - ElCanillita.Info","isPartOf":{"@id":"https:\/\/elcanillita.info\/press\/#website"},"primaryImageOfPage":{"@id":"https:\/\/elcanillita.info\/press\/2020\/07\/13\/masacre-mezquita-nueva-zelanda\/#primaryimage"},"image":{"@id":"https:\/\/elcanillita.info\/press\/2020\/07\/13\/masacre-mezquita-nueva-zelanda\/#primaryimage"},"thumbnailUrl":"https:\/\/elcanillita.info\/press\/images\/2020\/07\/Brenton-Tarrant_600.jpg","datePublished":"2020-07-13T16:28:58+00:00","dateModified":"2020-07-14T07:51:39+00:00","inLanguage":"es-AR","potentialAction":[{"@type":"ReadAction","target":["https:\/\/elcanillita.info\/press\/2020\/07\/13\/masacre-mezquita-nueva-zelanda\/"]}]},{"@type":"ImageObject","inLanguage":"es-AR","@id":"https:\/\/elcanillita.info\/press\/2020\/07\/13\/masacre-mezquita-nueva-zelanda\/#primaryimage","url":"https:\/\/elcanillita.info\/press\/images\/2020\/07\/Brenton-Tarrant_600.jpg","contentUrl":"https:\/\/elcanillita.info\/press\/images\/2020\/07\/Brenton-Tarrant_600.jpg","width":600,"height":419,"caption":"In this picture taken on March 16, 2019, Brenton Tarrant (C), the man charged in relation to the Christchurch massacre, stands in the dock during his appearance at the Christchurch District Court. - The man accused of shooting dead 51 Muslim worshippers in the Christchurch mosque attacks pleaded not guilty to multiple murder and terrorism charges on June 14, 2019 and was committed to stand trial next year. (Photo by Mark Mitchell \/ POOL \/ AFP) \/ EDS NOTE HIS FACE MUST BE PIXELATED -- HIS FACE SOLELY --"},{"@type":"WebSite","@id":"https:\/\/elcanillita.info\/press\/#website","url":"https:\/\/elcanillita.info\/press\/","name":"ElCanillita.Info","description":"desde los Apeninos a los Andes","publisher":{"@id":"https:\/\/elcanillita.info\/press\/#organization"},"potentialAction":[{"@type":"SearchAction","target":{"@type":"EntryPoint","urlTemplate":"https:\/\/elcanillita.info\/press\/?s={search_term_string}"},"query-input":{"@type":"PropertyValueSpecification","valueRequired":true,"valueName":"search_term_string"}}],"inLanguage":"es-AR"},{"@type":"Organization","@id":"https:\/\/elcanillita.info\/press\/#organization","name":"Guzzo Photos & Graphic Publications","url":"https:\/\/elcanillita.info\/press\/","logo":{"@type":"ImageObject","inLanguage":"es-AR","@id":"https:\/\/elcanillita.info\/press\/#\/schema\/logo\/image\/","url":"https:\/\/elcanillita.info\/press\/images\/2020\/01\/cropped-cropped-cropped-elcanillitainfo.png","contentUrl":"https:\/\/elcanillita.info\/press\/images\/2020\/01\/cropped-cropped-cropped-elcanillitainfo.png","width":460,"height":50,"caption":"Guzzo Photos & Graphic Publications"},"image":{"@id":"https:\/\/elcanillita.info\/press\/#\/schema\/logo\/image\/"},"sameAs":["https:\/\/ar-ar.facebook.com\/ElCanillitainfo-114249515285712\/"]},{"@type":"Person","@id":"https:\/\/elcanillita.info\/press\/#\/schema\/person\/7fcb79f38045700919f7da6d97e71ba0","name":"SalaStampa.eu, world press service","image":{"@type":"ImageObject","inLanguage":"es-AR","@id":"https:\/\/secure.gravatar.com\/avatar\/c2f0e0d515a107624234994507816ca4724c7199cef73fc8bedebf6931d73888?s=96&d=mm&r=g","url":"https:\/\/secure.gravatar.com\/avatar\/c2f0e0d515a107624234994507816ca4724c7199cef73fc8bedebf6931d73888?s=96&d=mm&r=g","contentUrl":"https:\/\/secure.gravatar.com\/avatar\/c2f0e0d515a107624234994507816ca4724c7199cef73fc8bedebf6931d73888?s=96&d=mm&r=g","caption":"SalaStampa.eu, world press service"}}]}},"views":804,"_links":{"self":[{"href":"https:\/\/elcanillita.info\/press\/wp-json\/wp\/v2\/posts\/928","targetHints":{"allow":["GET"]}}],"collection":[{"href":"https:\/\/elcanillita.info\/press\/wp-json\/wp\/v2\/posts"}],"about":[{"href":"https:\/\/elcanillita.info\/press\/wp-json\/wp\/v2\/types\/post"}],"author":[{"embeddable":true,"href":"https:\/\/elcanillita.info\/press\/wp-json\/wp\/v2\/users\/1"}],"replies":[{"embeddable":true,"href":"https:\/\/elcanillita.info\/press\/wp-json\/wp\/v2\/comments?post=928"}],"version-history":[{"count":0,"href":"https:\/\/elcanillita.info\/press\/wp-json\/wp\/v2\/posts\/928\/revisions"}],"wp:featuredmedia":[{"embeddable":true,"href":"https:\/\/elcanillita.info\/press\/wp-json\/wp\/v2\/media\/929"}],"wp:attachment":[{"href":"https:\/\/elcanillita.info\/press\/wp-json\/wp\/v2\/media?parent=928"}],"wp:term":[{"taxonomy":"category","embeddable":true,"href":"https:\/\/elcanillita.info\/press\/wp-json\/wp\/v2\/categories?post=928"},{"taxonomy":"post_tag","embeddable":true,"href":"https:\/\/elcanillita.info\/press\/wp-json\/wp\/v2\/tags?post=928"}],"curies":[{"name":"wp","href":"https:\/\/api.w.org\/{rel}","templated":true}]}}