{"id":917,"date":"2020-07-12T08:03:27","date_gmt":"2020-07-12T11:03:27","guid":{"rendered":"https:\/\/elcanillita.info\/press\/?p=917"},"modified":"2020-07-12T08:07:10","modified_gmt":"2020-07-12T11:07:10","slug":"lmascaras-faciales-obligatorias-gran-bretana-trabajar","status":"publish","type":"post","link":"https:\/\/elcanillita.info\/press\/2020\/07\/12\/lmascaras-faciales-obligatorias-gran-bretana-trabajar\/","title":{"rendered":"Las m\u00e1scaras faciales obligatorias ayudar\u00e1n a Gran Breta\u00f1a a &#8216;volver a trabajar&#8217;, sugiere Boris Johnson"},"content":{"rendered":"\n<p><img decoding=\"async\" src=\"https:\/\/elcanillita.info\/press\/images\/2020\/07\/boris_600.jpg\"><br><br>Londres, 12.07.2020 &#8211; As\u00ed como fue retratado, el Primer Ministro indic\u00f3 que las m\u00e1scaras ser\u00e1n obligatorias en las tiendas.  Boris Johnson us\u00f3 una cubierta facial de \u00a3 2  de los supermercados Poundstretcher mientras visitaba a su circunscripci\u00f3n.  <\/p>\n\n\n\n<p>El Primer ministro ha indicado que las m\u00e1scaras faciales ser\u00e1n obligatorias en tiendas y espacios cerrados, ya que dijo que era hora de que el pa\u00eds &#8220;volviera a trabajar&#8221;.<\/p>\n\n\n\n<p>El primer ministro, que pos\u00f3 en la cara cubierta por primera vez el viernes, dijo que el Gobierno deb\u00eda ser &#8220;m\u00e1s estricto&#8221; en cuanto a hacer cumplir las pautas para usarlas en interiores.<\/p>\n\n\n\n<p>&#8220;Cada vez m\u00e1s pensamos que tenemos que insistir en que los espacios confinados &#8211; transporte, tiendas &#8211; se cubran la cara&#8221;\u2026. &#8211; Dijo &#8211;<\/p>\n\n\n\n<p>Fuentes del gobierno confirmaron que el uso de las m\u00e1scaras era obligatorio en tiendas y otros espacios cerrados luego de un endurecimiento de los consejos cient\u00edficos sobre su efectividad en prevenir la propagaci\u00f3n del coronavirus.<\/p>\n\n\n\n<p>El cambio de tono del Sr. Johnson respecto a las cubiertas faciales se produjo junto con un cambio marcado en su consejo a los trabajadores.<\/p>\n\n\n\n<p>Hasta ahora, le ha pedido a la gente que trabaje desde su casa, pero el viernes dej\u00f3 en claro que hab\u00eda llegado el momento de que la naci\u00f3n regresara al lugar de trabajo donde fuera posible, para ayudar a reiniciar la econom\u00eda.<\/p>\n\n\n\n<p>\u00c9l dijo: &#8220;Es muy importante que las personas vuelvan a trabajar si pueden hacerlo ahora. Quiero ver a m\u00e1s personas que se sientan seguras de visitar las tiendas, los restaurantes, volver al trabajo, pero solo si todos seguimos las recomendaciones sanitarias &#8220;.<\/p>\n\n\n\n<p>El martes, Rishi Sunak, el canciller, anunci\u00f3 un incentivo de \u00a3 30 mil millones para alentar a las personas &#8220;cautelosas&#8221; a regresar a bares, restaurantes, tiendas y atracciones, a las que se les permiti\u00f3 reabrir fin de semana pasado.<\/p>\n\n\n\n<p>Muchos minoristas han permanecido cerrados, particularmente en los centros urbanos, ya que los empleados de oficina de quienes dependen para gran parte de su comercio todav\u00eda trabajaban principalmente desde sus hogares.<\/p>\n\n\n\n<p>El cambio de t\u00e1ctica del Sr. Johnson sobre las cubiertas faciales y el regreso a los lugares de trabajo, realizado durante una sesi\u00f3n en l\u00ednea de &#8220;Preguntas del Primer Ministro del Pueblo&#8221; desde Downing Street, fue claramente dise\u00f1ado para convencer a millones de personas para que vuelvan a los patrones de trabajo previos al cierre y comiencen a comprar nuevamente.<br><br>\n<small>Fuente: PanPressEu  \/ SalaStampaEu &#8211; ElCanillita.Info &#8211;  Informaci\u00f3n de dominio p\u00fablico<\/small> <\/p>\n\n\n\n<p><\/p>\n","protected":false},"excerpt":{"rendered":"<p>Londres, 12.07.2020 &#8211; As\u00ed como fue retratado, el Primer Ministro indic\u00f3 que las m\u00e1scaras ser\u00e1n obligatorias en las tiendas. <\/p>\n","protected":false},"author":1,"featured_media":918,"comment_status":"closed","ping_status":"closed","sticky":false,"template":"","format":"standard","meta":{"footnotes":"","_links_to":"","_links_to_target":""},"categories":[70,20,5,23,78,25],"tags":[58],"class_list":["post-917","post","type-post","status-publish","format-standard","has-post-thumbnail","hentry","category-actualidad","category-economia","category-europa","category-politica","category-sanidad","category-sociedad","tag-reino-unido","entry","double"],"yoast_head":"<!-- This site is optimized with the Yoast SEO plugin v27.4 - https:\/\/yoast.com\/product\/yoast-seo-wordpress\/ -->\n<title>Las m\u00e1scaras faciales obligatorias ayudar\u00e1n a Gran Breta\u00f1a a &#039;volver a trabajar&#039;, sugiere Boris Johnson - ElCanillita.Info<\/title>\n<meta name=\"robots\" content=\"index, follow, max-snippet:-1, max-image-preview:large, max-video-preview:-1\" \/>\n<link rel=\"canonical\" href=\"https:\/\/elcanillita.info\/press\/2020\/07\/12\/lmascaras-faciales-obligatorias-gran-bretana-trabajar\/\" \/>\n<meta property=\"og:locale\" content=\"es_ES\" \/>\n<meta property=\"og:type\" content=\"article\" \/>\n<meta property=\"og:title\" content=\"Las m\u00e1scaras faciales obligatorias ayudar\u00e1n a Gran Breta\u00f1a a &#039;volver a trabajar&#039;, sugiere Boris Johnson - ElCanillita.Info\" \/>\n<meta property=\"og:description\" content=\"Londres, 12.07.2020 - As\u00ed como fue retratado, el Primer Ministro indic\u00f3 que las m\u00e1scaras ser\u00e1n obligatorias en las tiendas.\" \/>\n<meta property=\"og:url\" content=\"https:\/\/elcanillita.info\/press\/2020\/07\/12\/lmascaras-faciales-obligatorias-gran-bretana-trabajar\/\" \/>\n<meta property=\"og:site_name\" content=\"ElCanillita.Info\" \/>\n<meta property=\"article:publisher\" content=\"https:\/\/ar-ar.facebook.com\/ElCanillitainfo-114249515285712\/\" \/>\n<meta property=\"article:published_time\" content=\"2020-07-12T11:03:27+00:00\" \/>\n<meta property=\"article:modified_time\" content=\"2020-07-12T11:07:10+00:00\" \/>\n<meta property=\"og:image\" content=\"https:\/\/elcanillita.info\/press\/images\/2020\/07\/boris_600-1.jpg\" \/>\n\t<meta property=\"og:image:width\" content=\"600\" \/>\n\t<meta property=\"og:image:height\" content=\"375\" \/>\n\t<meta property=\"og:image:type\" content=\"image\/jpeg\" \/>\n<meta name=\"author\" content=\"SalaStampa.eu, world press service\" \/>\n<meta name=\"twitter:card\" content=\"summary_large_image\" \/>\n<meta name=\"twitter:label1\" content=\"Escrito por\" \/>\n\t<meta name=\"twitter:data1\" content=\"SalaStampa.eu, world press service\" \/>\n\t<meta name=\"twitter:label2\" content=\"Tiempo de lectura\" \/>\n\t<meta name=\"twitter:data2\" content=\"2 minutos\" \/>\n<script type=\"application\/ld+json\" class=\"yoast-schema-graph\">{\"@context\":\"https:\\\/\\\/schema.org\",\"@graph\":[{\"@type\":\"Article\",\"@id\":\"https:\\\/\\\/elcanillita.info\\\/press\\\/2020\\\/07\\\/12\\\/lmascaras-faciales-obligatorias-gran-bretana-trabajar\\\/#article\",\"isPartOf\":{\"@id\":\"https:\\\/\\\/elcanillita.info\\\/press\\\/2020\\\/07\\\/12\\\/lmascaras-faciales-obligatorias-gran-bretana-trabajar\\\/\"},\"author\":{\"name\":\"SalaStampa.eu, world press service\",\"@id\":\"https:\\\/\\\/elcanillita.info\\\/press\\\/#\\\/schema\\\/person\\\/7fcb79f38045700919f7da6d97e71ba0\"},\"headline\":\"Las m\u00e1scaras faciales obligatorias ayudar\u00e1n a Gran Breta\u00f1a a &#8216;volver a trabajar&#8217;, sugiere Boris Johnson\",\"datePublished\":\"2020-07-12T11:03:27+00:00\",\"dateModified\":\"2020-07-12T11:07:10+00:00\",\"mainEntityOfPage\":{\"@id\":\"https:\\\/\\\/elcanillita.info\\\/press\\\/2020\\\/07\\\/12\\\/lmascaras-faciales-obligatorias-gran-bretana-trabajar\\\/\"},\"wordCount\":443,\"publisher\":{\"@id\":\"https:\\\/\\\/elcanillita.info\\\/press\\\/#organization\"},\"image\":{\"@id\":\"https:\\\/\\\/elcanillita.info\\\/press\\\/2020\\\/07\\\/12\\\/lmascaras-faciales-obligatorias-gran-bretana-trabajar\\\/#primaryimage\"},\"thumbnailUrl\":\"https:\\\/\\\/elcanillita.info\\\/press\\\/images\\\/2020\\\/07\\\/boris_600-1.jpg\",\"keywords\":[\"Reino Unido\"],\"articleSection\":[\"Actualidad\",\"Economia\",\"Europa\",\"Politica\",\"Sanidad\",\"Sociedad\"],\"inLanguage\":\"es-AR\"},{\"@type\":\"WebPage\",\"@id\":\"https:\\\/\\\/elcanillita.info\\\/press\\\/2020\\\/07\\\/12\\\/lmascaras-faciales-obligatorias-gran-bretana-trabajar\\\/\",\"url\":\"https:\\\/\\\/elcanillita.info\\\/press\\\/2020\\\/07\\\/12\\\/lmascaras-faciales-obligatorias-gran-bretana-trabajar\\\/\",\"name\":\"Las m\u00e1scaras faciales obligatorias ayudar\u00e1n a Gran Breta\u00f1a a 'volver a trabajar', sugiere Boris Johnson - ElCanillita.Info\",\"isPartOf\":{\"@id\":\"https:\\\/\\\/elcanillita.info\\\/press\\\/#website\"},\"primaryImageOfPage\":{\"@id\":\"https:\\\/\\\/elcanillita.info\\\/press\\\/2020\\\/07\\\/12\\\/lmascaras-faciales-obligatorias-gran-bretana-trabajar\\\/#primaryimage\"},\"image\":{\"@id\":\"https:\\\/\\\/elcanillita.info\\\/press\\\/2020\\\/07\\\/12\\\/lmascaras-faciales-obligatorias-gran-bretana-trabajar\\\/#primaryimage\"},\"thumbnailUrl\":\"https:\\\/\\\/elcanillita.info\\\/press\\\/images\\\/2020\\\/07\\\/boris_600-1.jpg\",\"datePublished\":\"2020-07-12T11:03:27+00:00\",\"dateModified\":\"2020-07-12T11:07:10+00:00\",\"inLanguage\":\"es-AR\",\"potentialAction\":[{\"@type\":\"ReadAction\",\"target\":[\"https:\\\/\\\/elcanillita.info\\\/press\\\/2020\\\/07\\\/12\\\/lmascaras-faciales-obligatorias-gran-bretana-trabajar\\\/\"]}]},{\"@type\":\"ImageObject\",\"inLanguage\":\"es-AR\",\"@id\":\"https:\\\/\\\/elcanillita.info\\\/press\\\/2020\\\/07\\\/12\\\/lmascaras-faciales-obligatorias-gran-bretana-trabajar\\\/#primaryimage\",\"url\":\"https:\\\/\\\/elcanillita.info\\\/press\\\/images\\\/2020\\\/07\\\/boris_600-1.jpg\",\"contentUrl\":\"https:\\\/\\\/elcanillita.info\\\/press\\\/images\\\/2020\\\/07\\\/boris_600-1.jpg\",\"width\":600,\"height\":375},{\"@type\":\"WebSite\",\"@id\":\"https:\\\/\\\/elcanillita.info\\\/press\\\/#website\",\"url\":\"https:\\\/\\\/elcanillita.info\\\/press\\\/\",\"name\":\"ElCanillita.Info\",\"description\":\"desde los Apeninos a los Andes\",\"publisher\":{\"@id\":\"https:\\\/\\\/elcanillita.info\\\/press\\\/#organization\"},\"potentialAction\":[{\"@type\":\"SearchAction\",\"target\":{\"@type\":\"EntryPoint\",\"urlTemplate\":\"https:\\\/\\\/elcanillita.info\\\/press\\\/?s={search_term_string}\"},\"query-input\":{\"@type\":\"PropertyValueSpecification\",\"valueRequired\":true,\"valueName\":\"search_term_string\"}}],\"inLanguage\":\"es-AR\"},{\"@type\":\"Organization\",\"@id\":\"https:\\\/\\\/elcanillita.info\\\/press\\\/#organization\",\"name\":\"Guzzo Photos & Graphic Publications\",\"url\":\"https:\\\/\\\/elcanillita.info\\\/press\\\/\",\"logo\":{\"@type\":\"ImageObject\",\"inLanguage\":\"es-AR\",\"@id\":\"https:\\\/\\\/elcanillita.info\\\/press\\\/#\\\/schema\\\/logo\\\/image\\\/\",\"url\":\"https:\\\/\\\/elcanillita.info\\\/press\\\/images\\\/2020\\\/01\\\/cropped-cropped-cropped-elcanillitainfo.png\",\"contentUrl\":\"https:\\\/\\\/elcanillita.info\\\/press\\\/images\\\/2020\\\/01\\\/cropped-cropped-cropped-elcanillitainfo.png\",\"width\":460,\"height\":50,\"caption\":\"Guzzo Photos & Graphic Publications\"},\"image\":{\"@id\":\"https:\\\/\\\/elcanillita.info\\\/press\\\/#\\\/schema\\\/logo\\\/image\\\/\"},\"sameAs\":[\"https:\\\/\\\/ar-ar.facebook.com\\\/ElCanillitainfo-114249515285712\\\/\"]},{\"@type\":\"Person\",\"@id\":\"https:\\\/\\\/elcanillita.info\\\/press\\\/#\\\/schema\\\/person\\\/7fcb79f38045700919f7da6d97e71ba0\",\"name\":\"SalaStampa.eu, world press service\",\"image\":{\"@type\":\"ImageObject\",\"inLanguage\":\"es-AR\",\"@id\":\"https:\\\/\\\/secure.gravatar.com\\\/avatar\\\/c2f0e0d515a107624234994507816ca4724c7199cef73fc8bedebf6931d73888?s=96&d=mm&r=g\",\"url\":\"https:\\\/\\\/secure.gravatar.com\\\/avatar\\\/c2f0e0d515a107624234994507816ca4724c7199cef73fc8bedebf6931d73888?s=96&d=mm&r=g\",\"contentUrl\":\"https:\\\/\\\/secure.gravatar.com\\\/avatar\\\/c2f0e0d515a107624234994507816ca4724c7199cef73fc8bedebf6931d73888?s=96&d=mm&r=g\",\"caption\":\"SalaStampa.eu, world press service\"}}]}<\/script>\n<!-- \/ Yoast SEO plugin. -->","yoast_head_json":{"title":"Las m\u00e1scaras faciales obligatorias ayudar\u00e1n a Gran Breta\u00f1a a 'volver a trabajar', sugiere Boris Johnson - ElCanillita.Info","robots":{"index":"index","follow":"follow","max-snippet":"max-snippet:-1","max-image-preview":"max-image-preview:large","max-video-preview":"max-video-preview:-1"},"canonical":"https:\/\/elcanillita.info\/press\/2020\/07\/12\/lmascaras-faciales-obligatorias-gran-bretana-trabajar\/","og_locale":"es_ES","og_type":"article","og_title":"Las m\u00e1scaras faciales obligatorias ayudar\u00e1n a Gran Breta\u00f1a a 'volver a trabajar', sugiere Boris Johnson - ElCanillita.Info","og_description":"Londres, 12.07.2020 - As\u00ed como fue retratado, el Primer Ministro indic\u00f3 que las m\u00e1scaras ser\u00e1n obligatorias en las tiendas.","og_url":"https:\/\/elcanillita.info\/press\/2020\/07\/12\/lmascaras-faciales-obligatorias-gran-bretana-trabajar\/","og_site_name":"ElCanillita.Info","article_publisher":"https:\/\/ar-ar.facebook.com\/ElCanillitainfo-114249515285712\/","article_published_time":"2020-07-12T11:03:27+00:00","article_modified_time":"2020-07-12T11:07:10+00:00","og_image":[{"width":600,"height":375,"url":"https:\/\/elcanillita.info\/press\/images\/2020\/07\/boris_600-1.jpg","type":"image\/jpeg"}],"author":"SalaStampa.eu, world press service","twitter_card":"summary_large_image","twitter_misc":{"Escrito por":"SalaStampa.eu, world press service","Tiempo de lectura":"2 minutos"},"schema":{"@context":"https:\/\/schema.org","@graph":[{"@type":"Article","@id":"https:\/\/elcanillita.info\/press\/2020\/07\/12\/lmascaras-faciales-obligatorias-gran-bretana-trabajar\/#article","isPartOf":{"@id":"https:\/\/elcanillita.info\/press\/2020\/07\/12\/lmascaras-faciales-obligatorias-gran-bretana-trabajar\/"},"author":{"name":"SalaStampa.eu, world press service","@id":"https:\/\/elcanillita.info\/press\/#\/schema\/person\/7fcb79f38045700919f7da6d97e71ba0"},"headline":"Las m\u00e1scaras faciales obligatorias ayudar\u00e1n a Gran Breta\u00f1a a &#8216;volver a trabajar&#8217;, sugiere Boris Johnson","datePublished":"2020-07-12T11:03:27+00:00","dateModified":"2020-07-12T11:07:10+00:00","mainEntityOfPage":{"@id":"https:\/\/elcanillita.info\/press\/2020\/07\/12\/lmascaras-faciales-obligatorias-gran-bretana-trabajar\/"},"wordCount":443,"publisher":{"@id":"https:\/\/elcanillita.info\/press\/#organization"},"image":{"@id":"https:\/\/elcanillita.info\/press\/2020\/07\/12\/lmascaras-faciales-obligatorias-gran-bretana-trabajar\/#primaryimage"},"thumbnailUrl":"https:\/\/elcanillita.info\/press\/images\/2020\/07\/boris_600-1.jpg","keywords":["Reino Unido"],"articleSection":["Actualidad","Economia","Europa","Politica","Sanidad","Sociedad"],"inLanguage":"es-AR"},{"@type":"WebPage","@id":"https:\/\/elcanillita.info\/press\/2020\/07\/12\/lmascaras-faciales-obligatorias-gran-bretana-trabajar\/","url":"https:\/\/elcanillita.info\/press\/2020\/07\/12\/lmascaras-faciales-obligatorias-gran-bretana-trabajar\/","name":"Las m\u00e1scaras faciales obligatorias ayudar\u00e1n a Gran Breta\u00f1a a 'volver a trabajar', sugiere Boris Johnson - ElCanillita.Info","isPartOf":{"@id":"https:\/\/elcanillita.info\/press\/#website"},"primaryImageOfPage":{"@id":"https:\/\/elcanillita.info\/press\/2020\/07\/12\/lmascaras-faciales-obligatorias-gran-bretana-trabajar\/#primaryimage"},"image":{"@id":"https:\/\/elcanillita.info\/press\/2020\/07\/12\/lmascaras-faciales-obligatorias-gran-bretana-trabajar\/#primaryimage"},"thumbnailUrl":"https:\/\/elcanillita.info\/press\/images\/2020\/07\/boris_600-1.jpg","datePublished":"2020-07-12T11:03:27+00:00","dateModified":"2020-07-12T11:07:10+00:00","inLanguage":"es-AR","potentialAction":[{"@type":"ReadAction","target":["https:\/\/elcanillita.info\/press\/2020\/07\/12\/lmascaras-faciales-obligatorias-gran-bretana-trabajar\/"]}]},{"@type":"ImageObject","inLanguage":"es-AR","@id":"https:\/\/elcanillita.info\/press\/2020\/07\/12\/lmascaras-faciales-obligatorias-gran-bretana-trabajar\/#primaryimage","url":"https:\/\/elcanillita.info\/press\/images\/2020\/07\/boris_600-1.jpg","contentUrl":"https:\/\/elcanillita.info\/press\/images\/2020\/07\/boris_600-1.jpg","width":600,"height":375},{"@type":"WebSite","@id":"https:\/\/elcanillita.info\/press\/#website","url":"https:\/\/elcanillita.info\/press\/","name":"ElCanillita.Info","description":"desde los Apeninos a los Andes","publisher":{"@id":"https:\/\/elcanillita.info\/press\/#organization"},"potentialAction":[{"@type":"SearchAction","target":{"@type":"EntryPoint","urlTemplate":"https:\/\/elcanillita.info\/press\/?s={search_term_string}"},"query-input":{"@type":"PropertyValueSpecification","valueRequired":true,"valueName":"search_term_string"}}],"inLanguage":"es-AR"},{"@type":"Organization","@id":"https:\/\/elcanillita.info\/press\/#organization","name":"Guzzo Photos & Graphic Publications","url":"https:\/\/elcanillita.info\/press\/","logo":{"@type":"ImageObject","inLanguage":"es-AR","@id":"https:\/\/elcanillita.info\/press\/#\/schema\/logo\/image\/","url":"https:\/\/elcanillita.info\/press\/images\/2020\/01\/cropped-cropped-cropped-elcanillitainfo.png","contentUrl":"https:\/\/elcanillita.info\/press\/images\/2020\/01\/cropped-cropped-cropped-elcanillitainfo.png","width":460,"height":50,"caption":"Guzzo Photos & Graphic Publications"},"image":{"@id":"https:\/\/elcanillita.info\/press\/#\/schema\/logo\/image\/"},"sameAs":["https:\/\/ar-ar.facebook.com\/ElCanillitainfo-114249515285712\/"]},{"@type":"Person","@id":"https:\/\/elcanillita.info\/press\/#\/schema\/person\/7fcb79f38045700919f7da6d97e71ba0","name":"SalaStampa.eu, world press service","image":{"@type":"ImageObject","inLanguage":"es-AR","@id":"https:\/\/secure.gravatar.com\/avatar\/c2f0e0d515a107624234994507816ca4724c7199cef73fc8bedebf6931d73888?s=96&d=mm&r=g","url":"https:\/\/secure.gravatar.com\/avatar\/c2f0e0d515a107624234994507816ca4724c7199cef73fc8bedebf6931d73888?s=96&d=mm&r=g","contentUrl":"https:\/\/secure.gravatar.com\/avatar\/c2f0e0d515a107624234994507816ca4724c7199cef73fc8bedebf6931d73888?s=96&d=mm&r=g","caption":"SalaStampa.eu, world press service"}}]}},"views":706,"_links":{"self":[{"href":"https:\/\/elcanillita.info\/press\/wp-json\/wp\/v2\/posts\/917","targetHints":{"allow":["GET"]}}],"collection":[{"href":"https:\/\/elcanillita.info\/press\/wp-json\/wp\/v2\/posts"}],"about":[{"href":"https:\/\/elcanillita.info\/press\/wp-json\/wp\/v2\/types\/post"}],"author":[{"embeddable":true,"href":"https:\/\/elcanillita.info\/press\/wp-json\/wp\/v2\/users\/1"}],"replies":[{"embeddable":true,"href":"https:\/\/elcanillita.info\/press\/wp-json\/wp\/v2\/comments?post=917"}],"version-history":[{"count":0,"href":"https:\/\/elcanillita.info\/press\/wp-json\/wp\/v2\/posts\/917\/revisions"}],"wp:featuredmedia":[{"embeddable":true,"href":"https:\/\/elcanillita.info\/press\/wp-json\/wp\/v2\/media\/918"}],"wp:attachment":[{"href":"https:\/\/elcanillita.info\/press\/wp-json\/wp\/v2\/media?parent=917"}],"wp:term":[{"taxonomy":"category","embeddable":true,"href":"https:\/\/elcanillita.info\/press\/wp-json\/wp\/v2\/categories?post=917"},{"taxonomy":"post_tag","embeddable":true,"href":"https:\/\/elcanillita.info\/press\/wp-json\/wp\/v2\/tags?post=917"}],"curies":[{"name":"wp","href":"https:\/\/api.w.org\/{rel}","templated":true}]}}