{"id":911,"date":"2020-07-10T21:52:40","date_gmt":"2020-07-11T00:52:40","guid":{"rendered":"https:\/\/elcanillita.info\/press\/?p=911"},"modified":"2020-07-11T06:17:02","modified_gmt":"2020-07-11T09:17:02","slug":"aumento-expansion-militar-noreste-asia","status":"publish","type":"post","link":"https:\/\/elcanillita.info\/press\/2020\/07\/10\/aumento-expansion-militar-noreste-asia\/","title":{"rendered":"Aumento en la expansi\u00f3n militar en el noreste de Asia."},"content":{"rendered":"\n<p>Seoul, 10.07.2020 &#8211; Recientemente, ha habido un aumento en la expansi\u00f3n militar en el noreste de Asia.  Jap\u00f3n planea introducir m\u00e1s de un centenar de cazas F-35 de pr\u00f3xima generaci\u00f3n, y Australia tambi\u00e9n ha aumentado su inversi\u00f3n militar en m\u00e1s del 40%. Los expertos se\u00f1alaron la cooperaci\u00f3n de la alianza, como una medida para contener la acumulaci\u00f3n militar de China. <\/p>\n\n\n\n<p>La Oficina de Asuntos Integrados por el Ministerio de Defensa de Jap\u00f3n, el Estado Mayor Conjunto, anunci\u00f3 el d\u00eda 10 de Julio,  que el n\u00famero de ataques de emergencia realizados por el comando japones en respuesta a la invasi\u00f3n del espacio a\u00e9reo lleg\u00f3 a 59 en el \u00faltimo mes.<\/p>\n\n\n\n<p>Es decir, los aviones chinos respondieron m\u00e1s con 32 vuelos, y los aviones rusos respondieron 26 veces.<\/p>\n\n\n\n<p>China decidi\u00f3 aumentar el presupuesto de defensa este a\u00f1o en un 6.6% ,  1,266.8 mil millones de yuanes, seg\u00fan el informe del gobierno sobre el Congreso Nacional del Pueblo, correspondiente a la Asamblea Nacional en Mayo, cuando se extendi\u00f3 el nuevo virus corona.<\/p>\n\n\n\n<p>Es un pa\u00eds que aumenta el poder militar a una escala del 7,5% en comparaci\u00f3n con el a\u00f1o anterior.<\/p>\n\n\n\n<p>En medio de esto, la Agencia de Cooperaci\u00f3n de Seguridad de Defensa del Departamento de Defensa de los Estados Unidos aprob\u00f3 planes para vender 105 cazas F-35 por valor de $ 23 mil millones a Jap\u00f3n y equipos relacionados.<\/p>\n\n\n\n<p>Australia dio a conocer su Estrategia revisada de Defensa y el Plan de Rescate Militar, y anunci\u00f3 que pasar\u00e1 de una estrategia orientada a la defensa existente a un papel disuasorio.<\/p>\n\n\n\n<p>Como resultado, ha declarado que fortalecer\u00e1 su cooperaci\u00f3n de defensa con Jap\u00f3n, India e Indonesia, junto con la expansi\u00f3n de la compra de armas para mejorar su capacidad de ataque de largo alcance.<\/p>\n\n\n\n<p>Estados Unidos est\u00e1 frenando a China al expandir la cooperaci\u00f3n de defensa con aliados clave en la regi\u00f3n.<\/p>\n\n\n\n<p>El secretario de Defensa de Estados Unidos, Mark Esper, anunci\u00f3 recientemente que continuar\u00e1 expandiendo la cooperaci\u00f3n con la alianza al elegir la pol\u00edtica de contenci\u00f3n contra China como una de sus principales prioridades para el primer a\u00f1o en el cargo.<\/p>\n\n\n\n<p>Declaraci\u00f3n de Mark Esper \/ Secretario de Defensa de los Estados Unidos: &#8220;Otra de las principales prioridades es avanzar en la estrategia coordinada, con socios aliados que reconozcan las ventajas superiores que China y Rusia no tienen&#8221;.<\/p>\n\n\n\n<p>Bruce Bennett, investigador principal del Instituto de Investigaci\u00f3n Rand, se\u00f1al\u00f3 que el reciente aumento de Corea en el gasto de defensa en l\u00ednea con los objetivos de modernizaci\u00f3n militar es cierto.<\/p>\n\n\n\n<p>Sin embargo, insisti\u00f3 en que la percepci\u00f3n de Corea de las amenazas de China no est\u00e1 necesariamente en l\u00ednea con otros pa\u00edses regionales.<\/p>\n\n\n\n<p>Declaraci\u00f3n de Bruce Bennett \/ Investigador principal, Instituto de Investigaci\u00f3n Rand: \u201cCorea debe enfrentar la amenaza de China tarde o temprano. Ha llegado el momento de elegir si permitimos sus amenazas militares &#8220;.<\/p>\n\n\n\n<p>Mientras tanto, los expertos militares de EE. UU. Enfatizan que a medida que se extiende la amenaza militar de China, la alianza existente con EE. UU. deber\u00eda centrarse en expandir su papel en la regi\u00f3n m\u00e1s all\u00e1 de la pen\u00ednsula de Corea.<br><br>Dong-Hyun Kim de VOA News.<br><small>\u00a9 2020 SalaStampa.Eu  afiliada a USAGM \/ BBG<\/small><\/p>\n\n\n\n<p><\/p>\n","protected":false},"excerpt":{"rendered":"<p>Seoul, 10.07.2020 &#8211; Recientemente, ha habido un aumento en la expansi\u00f3n militar en el noreste de Asia.  Jap\u00f3n planea introducir m\u00e1s de un centenar de cazas F-35 de pr\u00f3xima generaci\u00f3n, y Australia tambi\u00e9n ha aumentado su inversi\u00f3n militar en m\u00e1s del 40%<\/p>\n","protected":false},"author":1,"featured_media":912,"comment_status":"closed","ping_status":"closed","sticky":false,"template":"","format":"standard","meta":{"footnotes":"","_links_to":"","_links_to_target":""},"categories":[70,16,23],"tags":[],"class_list":["post-911","post","type-post","status-publish","format-standard","has-post-thumbnail","hentry","category-actualidad","category-asia","category-politica","entry","double"],"yoast_head":"<!-- This site is optimized with the Yoast SEO plugin v27.4 - https:\/\/yoast.com\/product\/yoast-seo-wordpress\/ -->\n<title>Aumento en la expansi\u00f3n militar en el noreste de Asia. - ElCanillita.Info<\/title>\n<meta name=\"robots\" content=\"index, follow, max-snippet:-1, max-image-preview:large, max-video-preview:-1\" \/>\n<link rel=\"canonical\" href=\"https:\/\/elcanillita.info\/press\/2020\/07\/10\/aumento-expansion-militar-noreste-asia\/\" \/>\n<meta property=\"og:locale\" content=\"es_ES\" \/>\n<meta property=\"og:type\" content=\"article\" \/>\n<meta property=\"og:title\" content=\"Aumento en la expansi\u00f3n militar en el noreste de Asia. - ElCanillita.Info\" \/>\n<meta property=\"og:description\" content=\"Seoul, 10.07.2020 - Recientemente, ha habido un aumento en la expansi\u00f3n militar en el noreste de Asia. Jap\u00f3n planea introducir m\u00e1s de un centenar de cazas F-35 de pr\u00f3xima generaci\u00f3n, y Australia tambi\u00e9n ha aumentado su inversi\u00f3n militar en m\u00e1s del 40%\" \/>\n<meta property=\"og:url\" content=\"https:\/\/elcanillita.info\/press\/2020\/07\/10\/aumento-expansion-militar-noreste-asia\/\" \/>\n<meta property=\"og:site_name\" content=\"ElCanillita.Info\" \/>\n<meta property=\"article:publisher\" content=\"https:\/\/ar-ar.facebook.com\/ElCanillitainfo-114249515285712\/\" \/>\n<meta property=\"article:published_time\" content=\"2020-07-11T00:52:40+00:00\" \/>\n<meta property=\"article:modified_time\" content=\"2020-07-11T09:17:02+00:00\" \/>\n<meta property=\"og:image\" content=\"https:\/\/elcanillita.info\/press\/images\/2020\/07\/defensa.jpg\" \/>\n\t<meta property=\"og:image:width\" content=\"600\" \/>\n\t<meta property=\"og:image:height\" content=\"322\" \/>\n\t<meta property=\"og:image:type\" content=\"image\/jpeg\" \/>\n<meta name=\"author\" content=\"SalaStampa.eu, world press service\" \/>\n<meta name=\"twitter:card\" content=\"summary_large_image\" \/>\n<meta name=\"twitter:label1\" content=\"Escrito por\" \/>\n\t<meta name=\"twitter:data1\" content=\"SalaStampa.eu, world press service\" \/>\n\t<meta name=\"twitter:label2\" content=\"Tiempo de lectura\" \/>\n\t<meta name=\"twitter:data2\" content=\"3 minutos\" \/>\n<script type=\"application\/ld+json\" class=\"yoast-schema-graph\">{\"@context\":\"https:\\\/\\\/schema.org\",\"@graph\":[{\"@type\":\"Article\",\"@id\":\"https:\\\/\\\/elcanillita.info\\\/press\\\/2020\\\/07\\\/10\\\/aumento-expansion-militar-noreste-asia\\\/#article\",\"isPartOf\":{\"@id\":\"https:\\\/\\\/elcanillita.info\\\/press\\\/2020\\\/07\\\/10\\\/aumento-expansion-militar-noreste-asia\\\/\"},\"author\":{\"name\":\"SalaStampa.eu, world press service\",\"@id\":\"https:\\\/\\\/elcanillita.info\\\/press\\\/#\\\/schema\\\/person\\\/7fcb79f38045700919f7da6d97e71ba0\"},\"headline\":\"Aumento en la expansi\u00f3n militar en el noreste de Asia.\",\"datePublished\":\"2020-07-11T00:52:40+00:00\",\"dateModified\":\"2020-07-11T09:17:02+00:00\",\"mainEntityOfPage\":{\"@id\":\"https:\\\/\\\/elcanillita.info\\\/press\\\/2020\\\/07\\\/10\\\/aumento-expansion-militar-noreste-asia\\\/\"},\"wordCount\":568,\"publisher\":{\"@id\":\"https:\\\/\\\/elcanillita.info\\\/press\\\/#organization\"},\"image\":{\"@id\":\"https:\\\/\\\/elcanillita.info\\\/press\\\/2020\\\/07\\\/10\\\/aumento-expansion-militar-noreste-asia\\\/#primaryimage\"},\"thumbnailUrl\":\"https:\\\/\\\/elcanillita.info\\\/press\\\/images\\\/2020\\\/07\\\/defensa.jpg\",\"articleSection\":[\"Actualidad\",\"Asia\",\"Politica\"],\"inLanguage\":\"es-AR\"},{\"@type\":\"WebPage\",\"@id\":\"https:\\\/\\\/elcanillita.info\\\/press\\\/2020\\\/07\\\/10\\\/aumento-expansion-militar-noreste-asia\\\/\",\"url\":\"https:\\\/\\\/elcanillita.info\\\/press\\\/2020\\\/07\\\/10\\\/aumento-expansion-militar-noreste-asia\\\/\",\"name\":\"Aumento en la expansi\u00f3n militar en el noreste de Asia. - ElCanillita.Info\",\"isPartOf\":{\"@id\":\"https:\\\/\\\/elcanillita.info\\\/press\\\/#website\"},\"primaryImageOfPage\":{\"@id\":\"https:\\\/\\\/elcanillita.info\\\/press\\\/2020\\\/07\\\/10\\\/aumento-expansion-militar-noreste-asia\\\/#primaryimage\"},\"image\":{\"@id\":\"https:\\\/\\\/elcanillita.info\\\/press\\\/2020\\\/07\\\/10\\\/aumento-expansion-militar-noreste-asia\\\/#primaryimage\"},\"thumbnailUrl\":\"https:\\\/\\\/elcanillita.info\\\/press\\\/images\\\/2020\\\/07\\\/defensa.jpg\",\"datePublished\":\"2020-07-11T00:52:40+00:00\",\"dateModified\":\"2020-07-11T09:17:02+00:00\",\"inLanguage\":\"es-AR\",\"potentialAction\":[{\"@type\":\"ReadAction\",\"target\":[\"https:\\\/\\\/elcanillita.info\\\/press\\\/2020\\\/07\\\/10\\\/aumento-expansion-militar-noreste-asia\\\/\"]}]},{\"@type\":\"ImageObject\",\"inLanguage\":\"es-AR\",\"@id\":\"https:\\\/\\\/elcanillita.info\\\/press\\\/2020\\\/07\\\/10\\\/aumento-expansion-militar-noreste-asia\\\/#primaryimage\",\"url\":\"https:\\\/\\\/elcanillita.info\\\/press\\\/images\\\/2020\\\/07\\\/defensa.jpg\",\"contentUrl\":\"https:\\\/\\\/elcanillita.info\\\/press\\\/images\\\/2020\\\/07\\\/defensa.jpg\",\"width\":600,\"height\":322},{\"@type\":\"WebSite\",\"@id\":\"https:\\\/\\\/elcanillita.info\\\/press\\\/#website\",\"url\":\"https:\\\/\\\/elcanillita.info\\\/press\\\/\",\"name\":\"ElCanillita.Info\",\"description\":\"desde los Apeninos a los Andes\",\"publisher\":{\"@id\":\"https:\\\/\\\/elcanillita.info\\\/press\\\/#organization\"},\"potentialAction\":[{\"@type\":\"SearchAction\",\"target\":{\"@type\":\"EntryPoint\",\"urlTemplate\":\"https:\\\/\\\/elcanillita.info\\\/press\\\/?s={search_term_string}\"},\"query-input\":{\"@type\":\"PropertyValueSpecification\",\"valueRequired\":true,\"valueName\":\"search_term_string\"}}],\"inLanguage\":\"es-AR\"},{\"@type\":\"Organization\",\"@id\":\"https:\\\/\\\/elcanillita.info\\\/press\\\/#organization\",\"name\":\"Guzzo Photos & Graphic Publications\",\"url\":\"https:\\\/\\\/elcanillita.info\\\/press\\\/\",\"logo\":{\"@type\":\"ImageObject\",\"inLanguage\":\"es-AR\",\"@id\":\"https:\\\/\\\/elcanillita.info\\\/press\\\/#\\\/schema\\\/logo\\\/image\\\/\",\"url\":\"https:\\\/\\\/elcanillita.info\\\/press\\\/images\\\/2020\\\/01\\\/cropped-cropped-cropped-elcanillitainfo.png\",\"contentUrl\":\"https:\\\/\\\/elcanillita.info\\\/press\\\/images\\\/2020\\\/01\\\/cropped-cropped-cropped-elcanillitainfo.png\",\"width\":460,\"height\":50,\"caption\":\"Guzzo Photos & Graphic Publications\"},\"image\":{\"@id\":\"https:\\\/\\\/elcanillita.info\\\/press\\\/#\\\/schema\\\/logo\\\/image\\\/\"},\"sameAs\":[\"https:\\\/\\\/ar-ar.facebook.com\\\/ElCanillitainfo-114249515285712\\\/\"]},{\"@type\":\"Person\",\"@id\":\"https:\\\/\\\/elcanillita.info\\\/press\\\/#\\\/schema\\\/person\\\/7fcb79f38045700919f7da6d97e71ba0\",\"name\":\"SalaStampa.eu, world press service\",\"image\":{\"@type\":\"ImageObject\",\"inLanguage\":\"es-AR\",\"@id\":\"https:\\\/\\\/secure.gravatar.com\\\/avatar\\\/c2f0e0d515a107624234994507816ca4724c7199cef73fc8bedebf6931d73888?s=96&d=mm&r=g\",\"url\":\"https:\\\/\\\/secure.gravatar.com\\\/avatar\\\/c2f0e0d515a107624234994507816ca4724c7199cef73fc8bedebf6931d73888?s=96&d=mm&r=g\",\"contentUrl\":\"https:\\\/\\\/secure.gravatar.com\\\/avatar\\\/c2f0e0d515a107624234994507816ca4724c7199cef73fc8bedebf6931d73888?s=96&d=mm&r=g\",\"caption\":\"SalaStampa.eu, world press service\"}}]}<\/script>\n<!-- \/ Yoast SEO plugin. -->","yoast_head_json":{"title":"Aumento en la expansi\u00f3n militar en el noreste de Asia. - ElCanillita.Info","robots":{"index":"index","follow":"follow","max-snippet":"max-snippet:-1","max-image-preview":"max-image-preview:large","max-video-preview":"max-video-preview:-1"},"canonical":"https:\/\/elcanillita.info\/press\/2020\/07\/10\/aumento-expansion-militar-noreste-asia\/","og_locale":"es_ES","og_type":"article","og_title":"Aumento en la expansi\u00f3n militar en el noreste de Asia. - ElCanillita.Info","og_description":"Seoul, 10.07.2020 - Recientemente, ha habido un aumento en la expansi\u00f3n militar en el noreste de Asia. Jap\u00f3n planea introducir m\u00e1s de un centenar de cazas F-35 de pr\u00f3xima generaci\u00f3n, y Australia tambi\u00e9n ha aumentado su inversi\u00f3n militar en m\u00e1s del 40%","og_url":"https:\/\/elcanillita.info\/press\/2020\/07\/10\/aumento-expansion-militar-noreste-asia\/","og_site_name":"ElCanillita.Info","article_publisher":"https:\/\/ar-ar.facebook.com\/ElCanillitainfo-114249515285712\/","article_published_time":"2020-07-11T00:52:40+00:00","article_modified_time":"2020-07-11T09:17:02+00:00","og_image":[{"width":600,"height":322,"url":"https:\/\/elcanillita.info\/press\/images\/2020\/07\/defensa.jpg","type":"image\/jpeg"}],"author":"SalaStampa.eu, world press service","twitter_card":"summary_large_image","twitter_misc":{"Escrito por":"SalaStampa.eu, world press service","Tiempo de lectura":"3 minutos"},"schema":{"@context":"https:\/\/schema.org","@graph":[{"@type":"Article","@id":"https:\/\/elcanillita.info\/press\/2020\/07\/10\/aumento-expansion-militar-noreste-asia\/#article","isPartOf":{"@id":"https:\/\/elcanillita.info\/press\/2020\/07\/10\/aumento-expansion-militar-noreste-asia\/"},"author":{"name":"SalaStampa.eu, world press service","@id":"https:\/\/elcanillita.info\/press\/#\/schema\/person\/7fcb79f38045700919f7da6d97e71ba0"},"headline":"Aumento en la expansi\u00f3n militar en el noreste de Asia.","datePublished":"2020-07-11T00:52:40+00:00","dateModified":"2020-07-11T09:17:02+00:00","mainEntityOfPage":{"@id":"https:\/\/elcanillita.info\/press\/2020\/07\/10\/aumento-expansion-militar-noreste-asia\/"},"wordCount":568,"publisher":{"@id":"https:\/\/elcanillita.info\/press\/#organization"},"image":{"@id":"https:\/\/elcanillita.info\/press\/2020\/07\/10\/aumento-expansion-militar-noreste-asia\/#primaryimage"},"thumbnailUrl":"https:\/\/elcanillita.info\/press\/images\/2020\/07\/defensa.jpg","articleSection":["Actualidad","Asia","Politica"],"inLanguage":"es-AR"},{"@type":"WebPage","@id":"https:\/\/elcanillita.info\/press\/2020\/07\/10\/aumento-expansion-militar-noreste-asia\/","url":"https:\/\/elcanillita.info\/press\/2020\/07\/10\/aumento-expansion-militar-noreste-asia\/","name":"Aumento en la expansi\u00f3n militar en el noreste de Asia. - ElCanillita.Info","isPartOf":{"@id":"https:\/\/elcanillita.info\/press\/#website"},"primaryImageOfPage":{"@id":"https:\/\/elcanillita.info\/press\/2020\/07\/10\/aumento-expansion-militar-noreste-asia\/#primaryimage"},"image":{"@id":"https:\/\/elcanillita.info\/press\/2020\/07\/10\/aumento-expansion-militar-noreste-asia\/#primaryimage"},"thumbnailUrl":"https:\/\/elcanillita.info\/press\/images\/2020\/07\/defensa.jpg","datePublished":"2020-07-11T00:52:40+00:00","dateModified":"2020-07-11T09:17:02+00:00","inLanguage":"es-AR","potentialAction":[{"@type":"ReadAction","target":["https:\/\/elcanillita.info\/press\/2020\/07\/10\/aumento-expansion-militar-noreste-asia\/"]}]},{"@type":"ImageObject","inLanguage":"es-AR","@id":"https:\/\/elcanillita.info\/press\/2020\/07\/10\/aumento-expansion-militar-noreste-asia\/#primaryimage","url":"https:\/\/elcanillita.info\/press\/images\/2020\/07\/defensa.jpg","contentUrl":"https:\/\/elcanillita.info\/press\/images\/2020\/07\/defensa.jpg","width":600,"height":322},{"@type":"WebSite","@id":"https:\/\/elcanillita.info\/press\/#website","url":"https:\/\/elcanillita.info\/press\/","name":"ElCanillita.Info","description":"desde los Apeninos a los Andes","publisher":{"@id":"https:\/\/elcanillita.info\/press\/#organization"},"potentialAction":[{"@type":"SearchAction","target":{"@type":"EntryPoint","urlTemplate":"https:\/\/elcanillita.info\/press\/?s={search_term_string}"},"query-input":{"@type":"PropertyValueSpecification","valueRequired":true,"valueName":"search_term_string"}}],"inLanguage":"es-AR"},{"@type":"Organization","@id":"https:\/\/elcanillita.info\/press\/#organization","name":"Guzzo Photos & Graphic Publications","url":"https:\/\/elcanillita.info\/press\/","logo":{"@type":"ImageObject","inLanguage":"es-AR","@id":"https:\/\/elcanillita.info\/press\/#\/schema\/logo\/image\/","url":"https:\/\/elcanillita.info\/press\/images\/2020\/01\/cropped-cropped-cropped-elcanillitainfo.png","contentUrl":"https:\/\/elcanillita.info\/press\/images\/2020\/01\/cropped-cropped-cropped-elcanillitainfo.png","width":460,"height":50,"caption":"Guzzo Photos & Graphic Publications"},"image":{"@id":"https:\/\/elcanillita.info\/press\/#\/schema\/logo\/image\/"},"sameAs":["https:\/\/ar-ar.facebook.com\/ElCanillitainfo-114249515285712\/"]},{"@type":"Person","@id":"https:\/\/elcanillita.info\/press\/#\/schema\/person\/7fcb79f38045700919f7da6d97e71ba0","name":"SalaStampa.eu, world press service","image":{"@type":"ImageObject","inLanguage":"es-AR","@id":"https:\/\/secure.gravatar.com\/avatar\/c2f0e0d515a107624234994507816ca4724c7199cef73fc8bedebf6931d73888?s=96&d=mm&r=g","url":"https:\/\/secure.gravatar.com\/avatar\/c2f0e0d515a107624234994507816ca4724c7199cef73fc8bedebf6931d73888?s=96&d=mm&r=g","contentUrl":"https:\/\/secure.gravatar.com\/avatar\/c2f0e0d515a107624234994507816ca4724c7199cef73fc8bedebf6931d73888?s=96&d=mm&r=g","caption":"SalaStampa.eu, world press service"}}]}},"views":632,"_links":{"self":[{"href":"https:\/\/elcanillita.info\/press\/wp-json\/wp\/v2\/posts\/911","targetHints":{"allow":["GET"]}}],"collection":[{"href":"https:\/\/elcanillita.info\/press\/wp-json\/wp\/v2\/posts"}],"about":[{"href":"https:\/\/elcanillita.info\/press\/wp-json\/wp\/v2\/types\/post"}],"author":[{"embeddable":true,"href":"https:\/\/elcanillita.info\/press\/wp-json\/wp\/v2\/users\/1"}],"replies":[{"embeddable":true,"href":"https:\/\/elcanillita.info\/press\/wp-json\/wp\/v2\/comments?post=911"}],"version-history":[{"count":0,"href":"https:\/\/elcanillita.info\/press\/wp-json\/wp\/v2\/posts\/911\/revisions"}],"wp:featuredmedia":[{"embeddable":true,"href":"https:\/\/elcanillita.info\/press\/wp-json\/wp\/v2\/media\/912"}],"wp:attachment":[{"href":"https:\/\/elcanillita.info\/press\/wp-json\/wp\/v2\/media?parent=911"}],"wp:term":[{"taxonomy":"category","embeddable":true,"href":"https:\/\/elcanillita.info\/press\/wp-json\/wp\/v2\/categories?post=911"},{"taxonomy":"post_tag","embeddable":true,"href":"https:\/\/elcanillita.info\/press\/wp-json\/wp\/v2\/tags?post=911"}],"curies":[{"name":"wp","href":"https:\/\/api.w.org\/{rel}","templated":true}]}}