{"id":904,"date":"2020-07-10T20:14:20","date_gmt":"2020-07-10T23:14:20","guid":{"rendered":"https:\/\/elcanillita.info\/press\/?p=904"},"modified":"2020-07-10T20:26:23","modified_gmt":"2020-07-10T23:26:23","slug":"birmania-es-azotada-por-la-escasez-de-agua","status":"publish","type":"post","link":"https:\/\/elcanillita.info\/press\/2020\/07\/10\/birmania-es-azotada-por-la-escasez-de-agua\/","title":{"rendered":"Birmania es azotada por la escasez de agua"},"content":{"rendered":"\n<p><video src=\"https:\/\/elcanillita.info\/press\/images\/2020\/07\/China Agua.mp4\" controls=\"preload=\" none\"=\"\" controls\"=\"\" width=\"100%\" height=\"100%\"><\/video><br><br>Birmania Hoy &#8211; Rep\u00fablica de la Uni\u00f3n de Myanmar es un estado del sudeste asi\u00e1tico. Ocupa parte de la costa oeste de la pen\u00ednsula de Indochina, domina el golfo de Bengala y el mar de Andam\u00e1n y limita de oeste a este  con Bangladesh, India, China, Laos y Tailandia. El 6 de noviembre de 2005, la capital se traslad\u00f3 de Yangon a Pyinmana, que el 27 de marzo de 2006 pas\u00f3 a llamarse oficialmente Naypyidaw, es decir &#8220;sede de los reyes&#8221;.<\/p>\n\n\n\n<p>Despu\u00e9s de obtener la independencia del Reino Unido en 1948, Birmania fue gobernada democr\u00e1ticamente primero, luego, tras un golpe de estado en 1962, por una dictadura militar. <\/p>\n\n\n\n<p>A partir de 2010, el gobierno militar birmano ha implementado una serie de reformas pol\u00edticas graduales, estableciendo un gobierno civil, liberando opositores pol\u00edticos, incluido el l\u00edder Aung San Suu Kyi de la Liga Nacional para la Democracia, y convocando elecciones parlamentarias libres, parciales en 2012 y generales en 2015.<\/p>\n\n\n\n<p>Seg\u00fan el censo de 2017, tiene una poblaci\u00f3n de 55.499.500. La mayor\u00eda de la poblaci\u00f3n es \u00e9tnica y budista de Bamar, pero tambi\u00e9n hay numerosas minor\u00edas. Grupos \u00e9tnicos, que desde la independencia han estado involucrados en varios conflictos armados con el gobierno central. <\/p>\n\n\n\n<p>Particularmente criticado por la comunidad internacional es el trato sufrido por la minor\u00eda \u00e9tnica de los rohingya, musulmanes. V\u00edctimas de persecuci\u00f3n y privaci\u00f3n de la ciudadan\u00eda.<br> Econ\u00f3micamente, Myanmar sigue siendo uno de los pa\u00edses m\u00e1s pobres y menos desarrollados del planeta. En 2016 y despu\u00e9s de d\u00e9cadas de estancamiento, embargo internacional y aislamiento econ\u00f3mico, desde 2011 el pa\u00eds est\u00e1 experimentando un fuerte desarrollo econ\u00f3mico en todos los sectores, con picos de crecimiento superiores al 8% anual.<br><br><small>  \u00a9 2020 SalaStampa.Eu  afiliada a USAGM \/ BBG<\/small><\/p>\n\n\n\n<p><\/p>\n","protected":false},"excerpt":{"rendered":"<p>Birmania Hoy &#8211; Rep\u00fablica de la Uni\u00f3n de Myanmar es un estado del sudeste asi\u00e1tico. Seg\u00fan el censo de 2017, tiene una poblaci\u00f3n de 55.499.500.<\/p>\n","protected":false},"author":1,"featured_media":908,"comment_status":"closed","ping_status":"closed","sticky":false,"template":"","format":"standard","meta":{"footnotes":"","_links_to":"","_links_to_target":""},"categories":[70,16,12,20,23,78,25],"tags":[],"class_list":["post-904","post","type-post","status-publish","format-standard","has-post-thumbnail","hentry","category-actualidad","category-asia","category-audiovisuales","category-economia","category-politica","category-sanidad","category-sociedad","entry","double"],"yoast_head":"<!-- This site is optimized with the Yoast SEO plugin v27.4 - https:\/\/yoast.com\/product\/yoast-seo-wordpress\/ -->\n<title>Birmania es azotada por la escasez de agua - ElCanillita.Info<\/title>\n<meta name=\"robots\" content=\"index, follow, max-snippet:-1, max-image-preview:large, max-video-preview:-1\" \/>\n<link rel=\"canonical\" href=\"https:\/\/elcanillita.info\/press\/2020\/07\/10\/birmania-es-azotada-por-la-escasez-de-agua\/\" \/>\n<meta property=\"og:locale\" content=\"es_ES\" \/>\n<meta property=\"og:type\" content=\"article\" \/>\n<meta property=\"og:title\" content=\"Birmania es azotada por la escasez de agua - ElCanillita.Info\" \/>\n<meta property=\"og:description\" content=\"Birmania Hoy - Rep\u00fablica de la Uni\u00f3n de Myanmar es un estado del sudeste asi\u00e1tico. Seg\u00fan el censo de 2017, tiene una poblaci\u00f3n de 55.499.500.\" \/>\n<meta property=\"og:url\" content=\"https:\/\/elcanillita.info\/press\/2020\/07\/10\/birmania-es-azotada-por-la-escasez-de-agua\/\" \/>\n<meta property=\"og:site_name\" content=\"ElCanillita.Info\" \/>\n<meta property=\"article:publisher\" content=\"https:\/\/ar-ar.facebook.com\/ElCanillitainfo-114249515285712\/\" \/>\n<meta property=\"article:published_time\" content=\"2020-07-10T23:14:20+00:00\" \/>\n<meta property=\"article:modified_time\" content=\"2020-07-10T23:26:23+00:00\" \/>\n<meta property=\"og:image\" content=\"https:\/\/elcanillita.info\/press\/images\/2020\/07\/Young_monk-1.jpg\" \/>\n\t<meta property=\"og:image:width\" content=\"1200\" \/>\n\t<meta property=\"og:image:height\" content=\"1600\" \/>\n\t<meta property=\"og:image:type\" content=\"image\/jpeg\" \/>\n<meta name=\"author\" content=\"SalaStampa.eu, world press service\" \/>\n<meta name=\"twitter:card\" content=\"summary_large_image\" \/>\n<meta name=\"twitter:label1\" content=\"Escrito por\" \/>\n\t<meta name=\"twitter:data1\" content=\"SalaStampa.eu, world press service\" \/>\n\t<meta name=\"twitter:label2\" content=\"Tiempo de lectura\" \/>\n\t<meta name=\"twitter:data2\" content=\"1 minuto\" \/>\n<script type=\"application\/ld+json\" class=\"yoast-schema-graph\">{\"@context\":\"https:\\\/\\\/schema.org\",\"@graph\":[{\"@type\":\"Article\",\"@id\":\"https:\\\/\\\/elcanillita.info\\\/press\\\/2020\\\/07\\\/10\\\/birmania-es-azotada-por-la-escasez-de-agua\\\/#article\",\"isPartOf\":{\"@id\":\"https:\\\/\\\/elcanillita.info\\\/press\\\/2020\\\/07\\\/10\\\/birmania-es-azotada-por-la-escasez-de-agua\\\/\"},\"author\":{\"name\":\"SalaStampa.eu, world press service\",\"@id\":\"https:\\\/\\\/elcanillita.info\\\/press\\\/#\\\/schema\\\/person\\\/7fcb79f38045700919f7da6d97e71ba0\"},\"headline\":\"Birmania es azotada por la escasez de agua\",\"datePublished\":\"2020-07-10T23:14:20+00:00\",\"dateModified\":\"2020-07-10T23:26:23+00:00\",\"mainEntityOfPage\":{\"@id\":\"https:\\\/\\\/elcanillita.info\\\/press\\\/2020\\\/07\\\/10\\\/birmania-es-azotada-por-la-escasez-de-agua\\\/\"},\"wordCount\":305,\"publisher\":{\"@id\":\"https:\\\/\\\/elcanillita.info\\\/press\\\/#organization\"},\"image\":{\"@id\":\"https:\\\/\\\/elcanillita.info\\\/press\\\/2020\\\/07\\\/10\\\/birmania-es-azotada-por-la-escasez-de-agua\\\/#primaryimage\"},\"thumbnailUrl\":\"https:\\\/\\\/elcanillita.info\\\/press\\\/images\\\/2020\\\/07\\\/Young_monk-1.jpg\",\"articleSection\":[\"Actualidad\",\"Asia\",\"audiovisuales\",\"Economia\",\"Politica\",\"Sanidad\",\"Sociedad\"],\"inLanguage\":\"es-AR\"},{\"@type\":\"WebPage\",\"@id\":\"https:\\\/\\\/elcanillita.info\\\/press\\\/2020\\\/07\\\/10\\\/birmania-es-azotada-por-la-escasez-de-agua\\\/\",\"url\":\"https:\\\/\\\/elcanillita.info\\\/press\\\/2020\\\/07\\\/10\\\/birmania-es-azotada-por-la-escasez-de-agua\\\/\",\"name\":\"Birmania es azotada por la escasez de agua - ElCanillita.Info\",\"isPartOf\":{\"@id\":\"https:\\\/\\\/elcanillita.info\\\/press\\\/#website\"},\"primaryImageOfPage\":{\"@id\":\"https:\\\/\\\/elcanillita.info\\\/press\\\/2020\\\/07\\\/10\\\/birmania-es-azotada-por-la-escasez-de-agua\\\/#primaryimage\"},\"image\":{\"@id\":\"https:\\\/\\\/elcanillita.info\\\/press\\\/2020\\\/07\\\/10\\\/birmania-es-azotada-por-la-escasez-de-agua\\\/#primaryimage\"},\"thumbnailUrl\":\"https:\\\/\\\/elcanillita.info\\\/press\\\/images\\\/2020\\\/07\\\/Young_monk-1.jpg\",\"datePublished\":\"2020-07-10T23:14:20+00:00\",\"dateModified\":\"2020-07-10T23:26:23+00:00\",\"inLanguage\":\"es-AR\",\"potentialAction\":[{\"@type\":\"ReadAction\",\"target\":[\"https:\\\/\\\/elcanillita.info\\\/press\\\/2020\\\/07\\\/10\\\/birmania-es-azotada-por-la-escasez-de-agua\\\/\"]}]},{\"@type\":\"ImageObject\",\"inLanguage\":\"es-AR\",\"@id\":\"https:\\\/\\\/elcanillita.info\\\/press\\\/2020\\\/07\\\/10\\\/birmania-es-azotada-por-la-escasez-de-agua\\\/#primaryimage\",\"url\":\"https:\\\/\\\/elcanillita.info\\\/press\\\/images\\\/2020\\\/07\\\/Young_monk-1.jpg\",\"contentUrl\":\"https:\\\/\\\/elcanillita.info\\\/press\\\/images\\\/2020\\\/07\\\/Young_monk-1.jpg\",\"width\":1200,\"height\":1600},{\"@type\":\"WebSite\",\"@id\":\"https:\\\/\\\/elcanillita.info\\\/press\\\/#website\",\"url\":\"https:\\\/\\\/elcanillita.info\\\/press\\\/\",\"name\":\"ElCanillita.Info\",\"description\":\"desde los Apeninos a los Andes\",\"publisher\":{\"@id\":\"https:\\\/\\\/elcanillita.info\\\/press\\\/#organization\"},\"potentialAction\":[{\"@type\":\"SearchAction\",\"target\":{\"@type\":\"EntryPoint\",\"urlTemplate\":\"https:\\\/\\\/elcanillita.info\\\/press\\\/?s={search_term_string}\"},\"query-input\":{\"@type\":\"PropertyValueSpecification\",\"valueRequired\":true,\"valueName\":\"search_term_string\"}}],\"inLanguage\":\"es-AR\"},{\"@type\":\"Organization\",\"@id\":\"https:\\\/\\\/elcanillita.info\\\/press\\\/#organization\",\"name\":\"Guzzo Photos & Graphic Publications\",\"url\":\"https:\\\/\\\/elcanillita.info\\\/press\\\/\",\"logo\":{\"@type\":\"ImageObject\",\"inLanguage\":\"es-AR\",\"@id\":\"https:\\\/\\\/elcanillita.info\\\/press\\\/#\\\/schema\\\/logo\\\/image\\\/\",\"url\":\"https:\\\/\\\/elcanillita.info\\\/press\\\/images\\\/2020\\\/01\\\/cropped-cropped-cropped-elcanillitainfo.png\",\"contentUrl\":\"https:\\\/\\\/elcanillita.info\\\/press\\\/images\\\/2020\\\/01\\\/cropped-cropped-cropped-elcanillitainfo.png\",\"width\":460,\"height\":50,\"caption\":\"Guzzo Photos & Graphic Publications\"},\"image\":{\"@id\":\"https:\\\/\\\/elcanillita.info\\\/press\\\/#\\\/schema\\\/logo\\\/image\\\/\"},\"sameAs\":[\"https:\\\/\\\/ar-ar.facebook.com\\\/ElCanillitainfo-114249515285712\\\/\"]},{\"@type\":\"Person\",\"@id\":\"https:\\\/\\\/elcanillita.info\\\/press\\\/#\\\/schema\\\/person\\\/7fcb79f38045700919f7da6d97e71ba0\",\"name\":\"SalaStampa.eu, world press service\",\"image\":{\"@type\":\"ImageObject\",\"inLanguage\":\"es-AR\",\"@id\":\"https:\\\/\\\/secure.gravatar.com\\\/avatar\\\/c2f0e0d515a107624234994507816ca4724c7199cef73fc8bedebf6931d73888?s=96&d=mm&r=g\",\"url\":\"https:\\\/\\\/secure.gravatar.com\\\/avatar\\\/c2f0e0d515a107624234994507816ca4724c7199cef73fc8bedebf6931d73888?s=96&d=mm&r=g\",\"contentUrl\":\"https:\\\/\\\/secure.gravatar.com\\\/avatar\\\/c2f0e0d515a107624234994507816ca4724c7199cef73fc8bedebf6931d73888?s=96&d=mm&r=g\",\"caption\":\"SalaStampa.eu, world press service\"}}]}<\/script>\n<!-- \/ Yoast SEO plugin. -->","yoast_head_json":{"title":"Birmania es azotada por la escasez de agua - ElCanillita.Info","robots":{"index":"index","follow":"follow","max-snippet":"max-snippet:-1","max-image-preview":"max-image-preview:large","max-video-preview":"max-video-preview:-1"},"canonical":"https:\/\/elcanillita.info\/press\/2020\/07\/10\/birmania-es-azotada-por-la-escasez-de-agua\/","og_locale":"es_ES","og_type":"article","og_title":"Birmania es azotada por la escasez de agua - ElCanillita.Info","og_description":"Birmania Hoy - Rep\u00fablica de la Uni\u00f3n de Myanmar es un estado del sudeste asi\u00e1tico. Seg\u00fan el censo de 2017, tiene una poblaci\u00f3n de 55.499.500.","og_url":"https:\/\/elcanillita.info\/press\/2020\/07\/10\/birmania-es-azotada-por-la-escasez-de-agua\/","og_site_name":"ElCanillita.Info","article_publisher":"https:\/\/ar-ar.facebook.com\/ElCanillitainfo-114249515285712\/","article_published_time":"2020-07-10T23:14:20+00:00","article_modified_time":"2020-07-10T23:26:23+00:00","og_image":[{"width":1200,"height":1600,"url":"https:\/\/elcanillita.info\/press\/images\/2020\/07\/Young_monk-1.jpg","type":"image\/jpeg"}],"author":"SalaStampa.eu, world press service","twitter_card":"summary_large_image","twitter_misc":{"Escrito por":"SalaStampa.eu, world press service","Tiempo de lectura":"1 minuto"},"schema":{"@context":"https:\/\/schema.org","@graph":[{"@type":"Article","@id":"https:\/\/elcanillita.info\/press\/2020\/07\/10\/birmania-es-azotada-por-la-escasez-de-agua\/#article","isPartOf":{"@id":"https:\/\/elcanillita.info\/press\/2020\/07\/10\/birmania-es-azotada-por-la-escasez-de-agua\/"},"author":{"name":"SalaStampa.eu, world press service","@id":"https:\/\/elcanillita.info\/press\/#\/schema\/person\/7fcb79f38045700919f7da6d97e71ba0"},"headline":"Birmania es azotada por la escasez de agua","datePublished":"2020-07-10T23:14:20+00:00","dateModified":"2020-07-10T23:26:23+00:00","mainEntityOfPage":{"@id":"https:\/\/elcanillita.info\/press\/2020\/07\/10\/birmania-es-azotada-por-la-escasez-de-agua\/"},"wordCount":305,"publisher":{"@id":"https:\/\/elcanillita.info\/press\/#organization"},"image":{"@id":"https:\/\/elcanillita.info\/press\/2020\/07\/10\/birmania-es-azotada-por-la-escasez-de-agua\/#primaryimage"},"thumbnailUrl":"https:\/\/elcanillita.info\/press\/images\/2020\/07\/Young_monk-1.jpg","articleSection":["Actualidad","Asia","audiovisuales","Economia","Politica","Sanidad","Sociedad"],"inLanguage":"es-AR"},{"@type":"WebPage","@id":"https:\/\/elcanillita.info\/press\/2020\/07\/10\/birmania-es-azotada-por-la-escasez-de-agua\/","url":"https:\/\/elcanillita.info\/press\/2020\/07\/10\/birmania-es-azotada-por-la-escasez-de-agua\/","name":"Birmania es azotada por la escasez de agua - ElCanillita.Info","isPartOf":{"@id":"https:\/\/elcanillita.info\/press\/#website"},"primaryImageOfPage":{"@id":"https:\/\/elcanillita.info\/press\/2020\/07\/10\/birmania-es-azotada-por-la-escasez-de-agua\/#primaryimage"},"image":{"@id":"https:\/\/elcanillita.info\/press\/2020\/07\/10\/birmania-es-azotada-por-la-escasez-de-agua\/#primaryimage"},"thumbnailUrl":"https:\/\/elcanillita.info\/press\/images\/2020\/07\/Young_monk-1.jpg","datePublished":"2020-07-10T23:14:20+00:00","dateModified":"2020-07-10T23:26:23+00:00","inLanguage":"es-AR","potentialAction":[{"@type":"ReadAction","target":["https:\/\/elcanillita.info\/press\/2020\/07\/10\/birmania-es-azotada-por-la-escasez-de-agua\/"]}]},{"@type":"ImageObject","inLanguage":"es-AR","@id":"https:\/\/elcanillita.info\/press\/2020\/07\/10\/birmania-es-azotada-por-la-escasez-de-agua\/#primaryimage","url":"https:\/\/elcanillita.info\/press\/images\/2020\/07\/Young_monk-1.jpg","contentUrl":"https:\/\/elcanillita.info\/press\/images\/2020\/07\/Young_monk-1.jpg","width":1200,"height":1600},{"@type":"WebSite","@id":"https:\/\/elcanillita.info\/press\/#website","url":"https:\/\/elcanillita.info\/press\/","name":"ElCanillita.Info","description":"desde los Apeninos a los Andes","publisher":{"@id":"https:\/\/elcanillita.info\/press\/#organization"},"potentialAction":[{"@type":"SearchAction","target":{"@type":"EntryPoint","urlTemplate":"https:\/\/elcanillita.info\/press\/?s={search_term_string}"},"query-input":{"@type":"PropertyValueSpecification","valueRequired":true,"valueName":"search_term_string"}}],"inLanguage":"es-AR"},{"@type":"Organization","@id":"https:\/\/elcanillita.info\/press\/#organization","name":"Guzzo Photos & Graphic Publications","url":"https:\/\/elcanillita.info\/press\/","logo":{"@type":"ImageObject","inLanguage":"es-AR","@id":"https:\/\/elcanillita.info\/press\/#\/schema\/logo\/image\/","url":"https:\/\/elcanillita.info\/press\/images\/2020\/01\/cropped-cropped-cropped-elcanillitainfo.png","contentUrl":"https:\/\/elcanillita.info\/press\/images\/2020\/01\/cropped-cropped-cropped-elcanillitainfo.png","width":460,"height":50,"caption":"Guzzo Photos & Graphic Publications"},"image":{"@id":"https:\/\/elcanillita.info\/press\/#\/schema\/logo\/image\/"},"sameAs":["https:\/\/ar-ar.facebook.com\/ElCanillitainfo-114249515285712\/"]},{"@type":"Person","@id":"https:\/\/elcanillita.info\/press\/#\/schema\/person\/7fcb79f38045700919f7da6d97e71ba0","name":"SalaStampa.eu, world press service","image":{"@type":"ImageObject","inLanguage":"es-AR","@id":"https:\/\/secure.gravatar.com\/avatar\/c2f0e0d515a107624234994507816ca4724c7199cef73fc8bedebf6931d73888?s=96&d=mm&r=g","url":"https:\/\/secure.gravatar.com\/avatar\/c2f0e0d515a107624234994507816ca4724c7199cef73fc8bedebf6931d73888?s=96&d=mm&r=g","contentUrl":"https:\/\/secure.gravatar.com\/avatar\/c2f0e0d515a107624234994507816ca4724c7199cef73fc8bedebf6931d73888?s=96&d=mm&r=g","caption":"SalaStampa.eu, world press service"}}]}},"views":696,"_links":{"self":[{"href":"https:\/\/elcanillita.info\/press\/wp-json\/wp\/v2\/posts\/904","targetHints":{"allow":["GET"]}}],"collection":[{"href":"https:\/\/elcanillita.info\/press\/wp-json\/wp\/v2\/posts"}],"about":[{"href":"https:\/\/elcanillita.info\/press\/wp-json\/wp\/v2\/types\/post"}],"author":[{"embeddable":true,"href":"https:\/\/elcanillita.info\/press\/wp-json\/wp\/v2\/users\/1"}],"replies":[{"embeddable":true,"href":"https:\/\/elcanillita.info\/press\/wp-json\/wp\/v2\/comments?post=904"}],"version-history":[{"count":0,"href":"https:\/\/elcanillita.info\/press\/wp-json\/wp\/v2\/posts\/904\/revisions"}],"wp:featuredmedia":[{"embeddable":true,"href":"https:\/\/elcanillita.info\/press\/wp-json\/wp\/v2\/media\/908"}],"wp:attachment":[{"href":"https:\/\/elcanillita.info\/press\/wp-json\/wp\/v2\/media?parent=904"}],"wp:term":[{"taxonomy":"category","embeddable":true,"href":"https:\/\/elcanillita.info\/press\/wp-json\/wp\/v2\/categories?post=904"},{"taxonomy":"post_tag","embeddable":true,"href":"https:\/\/elcanillita.info\/press\/wp-json\/wp\/v2\/tags?post=904"}],"curies":[{"name":"wp","href":"https:\/\/api.w.org\/{rel}","templated":true}]}}