{"id":88,"date":"2020-01-13T08:55:00","date_gmt":"2020-01-13T11:55:00","guid":{"rendered":"https:\/\/elcanillita.info\/press\/?p=88"},"modified":"2020-01-17T07:46:37","modified_gmt":"2020-01-17T10:46:37","slug":"4-militares-iraquies-heridos-en-ataque-con-cohetes-a-base-que-alberga-soldados-ee-uu","status":"publish","type":"post","link":"https:\/\/elcanillita.info\/press\/2020\/01\/13\/4-militares-iraquies-heridos-en-ataque-con-cohetes-a-base-que-alberga-soldados-ee-uu\/","title":{"rendered":"4 militares iraqu\u00edes heridos en ataque con cohetes a base que alberga soldados de EE.UU."},"content":{"rendered":"\n<p>Bagdad, 12.01.2020 &#8211; Cuatro miembros del ej\u00e9rcito iraqu\u00ed resultaron heridos el domingo en un ataque con cohete contra una base a\u00e9rea al norte de Bagdad donde hay entrenadores estadounidenses, dijeron funcionarios de seguridad iraqu\u00edes.<\/p>\n\n\n\n<p>El ataque con al menos seis cohetes se produjo pocos d\u00edas despu\u00e9s de que Ir\u00e1n dispar\u00f3 misiles bal\u00edsticos contra dos bases en Irak que albergan a las fuerzas estadounidenses, sin causar v\u00edctimas.<\/p>\n\n\n\n<p>Las recientes altas tensiones entre Estados Unidos e Ir\u00e1n se desencadenaron el mes pasado cuando un ataque con cohetes mat\u00f3 a un contratista estadounidense en una base en Irak. Estados Unidos culp\u00f3 de ese ataque y de otros a las milicias respaldadas por Ir\u00e1n.<\/p>\n\n\n\n<p>El ataque del domingo hiri\u00f3 a un oficial de la fuerza a\u00e9rea iraqu\u00ed y a tres hombres alistados, dijeron funcionarios de seguridad iraqu\u00edes, que hablaron bajo condici\u00f3n de anonimato de acuerdo con las regulaciones.<\/p>\n\n\n\n<p>Ning\u00fan grupo se atribuy\u00f3 la responsabilidad del ataque.<\/p>\n\n\n\n<p>Los cohetes golpearon la base a\u00e9rea de Balad, que alberga entrenadores, asesores y una compa\u00f1\u00eda estadounidense que brinda servicios de mantenimiento para aviones F-16. Algunos cohetes cayeron sobre un restaurante dentro de la base a\u00e9rea, dijeron los funcionarios.<\/p>\n\n\n\n<p>La base se encuentra a unas 50 millas (80 kil\u00f3metros) al norte de Bagdad.<\/p>\n\n\n\n<p>Una declaraci\u00f3n de la oficina de prensa oficial del ej\u00e9rcito iraqu\u00ed confirm\u00f3 el ataque, pero dijo que ocho cohetes alcanzaron la base y que dos oficiales hab\u00edan resultado heridos. La diferencia en el n\u00famero de heridos y cohetes no se pudo conciliar de inmediato.<\/p>\n\n\n\n<p>&#8220;Hay expertos, entrenadores y asesores estadounidenses en la base&#8221;, dijo un funcionario de defensa, que solicit\u00f3 el anonimato porque no estaba autorizado para hablar con los medios.<\/p>\n\n\n\n<p>Estados Unidos e Ir\u00e1n recientemente redujeron las crecientes tensiones tras el asesinato del general Qassem Soleimani, el principal general de Ir\u00e1n, en un ataque a\u00e9reo estadounidense en Bagdad. Un alto l\u00edder iraqu\u00ed de una milicia respaldada por Ir\u00e1n tambi\u00e9n fue asesinado.<\/p>\n\n\n\n<p>El ataque de represalia de Ir\u00e1n por la muerte de Soleimani golpe\u00f3 dos bases iraqu\u00edes, Ain al-Asad e Irbil, donde se encuentran las tropas estadounidenses.<\/p>\n\n\n\n<p>Los ataques iran\u00edes limitados parec\u00edan ser principalmente una demostraci\u00f3n de fuerza y tensiones desescaladas que hab\u00edan amenazado con convertir a Irak en un campo de batalla indirecto.<br><br><small>2020 voanoticias \u2013 salastampa.eu, afiliada a la red Broadcasting Board of Governors \u00a9 2020 BBG<\/small><\/p>\n","protected":false},"excerpt":{"rendered":"<p>Bagdad, 12.01.2020 &#8211; Cuatro miembros del ej\u00e9rcito iraqu\u00ed resultaron heridos el domingo en un ataque con cohete contra una base a\u00e9rea al norte de Bagdad. <\/p>\n","protected":false},"author":1,"featured_media":0,"comment_status":"closed","ping_status":"closed","sticky":false,"template":"","format":"standard","meta":{"footnotes":"","_links_to":"","_links_to_target":""},"categories":[15,23],"tags":[40],"class_list":["post-88","post","type-post","status-publish","format-standard","hentry","category-medio-oriente","category-politica","tag-iraq","entry","double"],"yoast_head":"<!-- This site is optimized with the Yoast SEO plugin v27.4 - https:\/\/yoast.com\/product\/yoast-seo-wordpress\/ -->\n<title>4 militares iraqu\u00edes heridos en ataque con cohetes a base que alberga soldados de EE.UU. - ElCanillita.Info<\/title>\n<meta name=\"robots\" content=\"index, follow, max-snippet:-1, max-image-preview:large, max-video-preview:-1\" \/>\n<link rel=\"canonical\" href=\"https:\/\/elcanillita.info\/press\/2020\/01\/13\/4-militares-iraquies-heridos-en-ataque-con-cohetes-a-base-que-alberga-soldados-ee-uu\/\" \/>\n<meta property=\"og:locale\" content=\"es_ES\" \/>\n<meta property=\"og:type\" content=\"article\" \/>\n<meta property=\"og:title\" content=\"4 militares iraqu\u00edes heridos en ataque con cohetes a base que alberga soldados de EE.UU. - ElCanillita.Info\" \/>\n<meta property=\"og:description\" content=\"Bagdad, 12.01.2020 - Cuatro miembros del ej\u00e9rcito iraqu\u00ed resultaron heridos el domingo en un ataque con cohete contra una base a\u00e9rea al norte de Bagdad.\" \/>\n<meta property=\"og:url\" content=\"https:\/\/elcanillita.info\/press\/2020\/01\/13\/4-militares-iraquies-heridos-en-ataque-con-cohetes-a-base-que-alberga-soldados-ee-uu\/\" \/>\n<meta property=\"og:site_name\" content=\"ElCanillita.Info\" \/>\n<meta property=\"article:publisher\" content=\"https:\/\/ar-ar.facebook.com\/ElCanillitainfo-114249515285712\/\" \/>\n<meta property=\"article:published_time\" content=\"2020-01-13T11:55:00+00:00\" \/>\n<meta property=\"article:modified_time\" content=\"2020-01-17T10:46:37+00:00\" \/>\n<meta name=\"author\" content=\"SalaStampa.eu, world press service\" \/>\n<meta name=\"twitter:card\" content=\"summary_large_image\" \/>\n<meta name=\"twitter:label1\" content=\"Escrito por\" \/>\n\t<meta name=\"twitter:data1\" content=\"SalaStampa.eu, world press service\" \/>\n\t<meta name=\"twitter:label2\" content=\"Tiempo de lectura\" \/>\n\t<meta name=\"twitter:data2\" content=\"2 minutos\" \/>\n<script type=\"application\/ld+json\" class=\"yoast-schema-graph\">{\"@context\":\"https:\\\/\\\/schema.org\",\"@graph\":[{\"@type\":\"Article\",\"@id\":\"https:\\\/\\\/elcanillita.info\\\/press\\\/2020\\\/01\\\/13\\\/4-militares-iraquies-heridos-en-ataque-con-cohetes-a-base-que-alberga-soldados-ee-uu\\\/#article\",\"isPartOf\":{\"@id\":\"https:\\\/\\\/elcanillita.info\\\/press\\\/2020\\\/01\\\/13\\\/4-militares-iraquies-heridos-en-ataque-con-cohetes-a-base-que-alberga-soldados-ee-uu\\\/\"},\"author\":{\"name\":\"SalaStampa.eu, world press service\",\"@id\":\"https:\\\/\\\/elcanillita.info\\\/press\\\/#\\\/schema\\\/person\\\/7fcb79f38045700919f7da6d97e71ba0\"},\"headline\":\"4 militares iraqu\u00edes heridos en ataque con cohetes a base que alberga soldados de EE.UU.\",\"datePublished\":\"2020-01-13T11:55:00+00:00\",\"dateModified\":\"2020-01-17T10:46:37+00:00\",\"mainEntityOfPage\":{\"@id\":\"https:\\\/\\\/elcanillita.info\\\/press\\\/2020\\\/01\\\/13\\\/4-militares-iraquies-heridos-en-ataque-con-cohetes-a-base-que-alberga-soldados-ee-uu\\\/\"},\"wordCount\":427,\"publisher\":{\"@id\":\"https:\\\/\\\/elcanillita.info\\\/press\\\/#organization\"},\"keywords\":[\"Iraq\"],\"articleSection\":[\"Medio Oriente\",\"Politica\"],\"inLanguage\":\"es-AR\"},{\"@type\":\"WebPage\",\"@id\":\"https:\\\/\\\/elcanillita.info\\\/press\\\/2020\\\/01\\\/13\\\/4-militares-iraquies-heridos-en-ataque-con-cohetes-a-base-que-alberga-soldados-ee-uu\\\/\",\"url\":\"https:\\\/\\\/elcanillita.info\\\/press\\\/2020\\\/01\\\/13\\\/4-militares-iraquies-heridos-en-ataque-con-cohetes-a-base-que-alberga-soldados-ee-uu\\\/\",\"name\":\"4 militares iraqu\u00edes heridos en ataque con cohetes a base que alberga soldados de EE.UU. - ElCanillita.Info\",\"isPartOf\":{\"@id\":\"https:\\\/\\\/elcanillita.info\\\/press\\\/#website\"},\"datePublished\":\"2020-01-13T11:55:00+00:00\",\"dateModified\":\"2020-01-17T10:46:37+00:00\",\"inLanguage\":\"es-AR\",\"potentialAction\":[{\"@type\":\"ReadAction\",\"target\":[\"https:\\\/\\\/elcanillita.info\\\/press\\\/2020\\\/01\\\/13\\\/4-militares-iraquies-heridos-en-ataque-con-cohetes-a-base-que-alberga-soldados-ee-uu\\\/\"]}]},{\"@type\":\"WebSite\",\"@id\":\"https:\\\/\\\/elcanillita.info\\\/press\\\/#website\",\"url\":\"https:\\\/\\\/elcanillita.info\\\/press\\\/\",\"name\":\"ElCanillita.Info\",\"description\":\"desde los Apeninos a los Andes\",\"publisher\":{\"@id\":\"https:\\\/\\\/elcanillita.info\\\/press\\\/#organization\"},\"potentialAction\":[{\"@type\":\"SearchAction\",\"target\":{\"@type\":\"EntryPoint\",\"urlTemplate\":\"https:\\\/\\\/elcanillita.info\\\/press\\\/?s={search_term_string}\"},\"query-input\":{\"@type\":\"PropertyValueSpecification\",\"valueRequired\":true,\"valueName\":\"search_term_string\"}}],\"inLanguage\":\"es-AR\"},{\"@type\":\"Organization\",\"@id\":\"https:\\\/\\\/elcanillita.info\\\/press\\\/#organization\",\"name\":\"Guzzo Photos & Graphic Publications\",\"url\":\"https:\\\/\\\/elcanillita.info\\\/press\\\/\",\"logo\":{\"@type\":\"ImageObject\",\"inLanguage\":\"es-AR\",\"@id\":\"https:\\\/\\\/elcanillita.info\\\/press\\\/#\\\/schema\\\/logo\\\/image\\\/\",\"url\":\"https:\\\/\\\/elcanillita.info\\\/press\\\/images\\\/2020\\\/01\\\/cropped-cropped-cropped-elcanillitainfo.png\",\"contentUrl\":\"https:\\\/\\\/elcanillita.info\\\/press\\\/images\\\/2020\\\/01\\\/cropped-cropped-cropped-elcanillitainfo.png\",\"width\":460,\"height\":50,\"caption\":\"Guzzo Photos & Graphic Publications\"},\"image\":{\"@id\":\"https:\\\/\\\/elcanillita.info\\\/press\\\/#\\\/schema\\\/logo\\\/image\\\/\"},\"sameAs\":[\"https:\\\/\\\/ar-ar.facebook.com\\\/ElCanillitainfo-114249515285712\\\/\"]},{\"@type\":\"Person\",\"@id\":\"https:\\\/\\\/elcanillita.info\\\/press\\\/#\\\/schema\\\/person\\\/7fcb79f38045700919f7da6d97e71ba0\",\"name\":\"SalaStampa.eu, world press service\",\"image\":{\"@type\":\"ImageObject\",\"inLanguage\":\"es-AR\",\"@id\":\"https:\\\/\\\/secure.gravatar.com\\\/avatar\\\/c2f0e0d515a107624234994507816ca4724c7199cef73fc8bedebf6931d73888?s=96&d=mm&r=g\",\"url\":\"https:\\\/\\\/secure.gravatar.com\\\/avatar\\\/c2f0e0d515a107624234994507816ca4724c7199cef73fc8bedebf6931d73888?s=96&d=mm&r=g\",\"contentUrl\":\"https:\\\/\\\/secure.gravatar.com\\\/avatar\\\/c2f0e0d515a107624234994507816ca4724c7199cef73fc8bedebf6931d73888?s=96&d=mm&r=g\",\"caption\":\"SalaStampa.eu, world press service\"}}]}<\/script>\n<!-- \/ Yoast SEO plugin. -->","yoast_head_json":{"title":"4 militares iraqu\u00edes heridos en ataque con cohetes a base que alberga soldados de EE.UU. - ElCanillita.Info","robots":{"index":"index","follow":"follow","max-snippet":"max-snippet:-1","max-image-preview":"max-image-preview:large","max-video-preview":"max-video-preview:-1"},"canonical":"https:\/\/elcanillita.info\/press\/2020\/01\/13\/4-militares-iraquies-heridos-en-ataque-con-cohetes-a-base-que-alberga-soldados-ee-uu\/","og_locale":"es_ES","og_type":"article","og_title":"4 militares iraqu\u00edes heridos en ataque con cohetes a base que alberga soldados de EE.UU. - ElCanillita.Info","og_description":"Bagdad, 12.01.2020 - Cuatro miembros del ej\u00e9rcito iraqu\u00ed resultaron heridos el domingo en un ataque con cohete contra una base a\u00e9rea al norte de Bagdad.","og_url":"https:\/\/elcanillita.info\/press\/2020\/01\/13\/4-militares-iraquies-heridos-en-ataque-con-cohetes-a-base-que-alberga-soldados-ee-uu\/","og_site_name":"ElCanillita.Info","article_publisher":"https:\/\/ar-ar.facebook.com\/ElCanillitainfo-114249515285712\/","article_published_time":"2020-01-13T11:55:00+00:00","article_modified_time":"2020-01-17T10:46:37+00:00","author":"SalaStampa.eu, world press service","twitter_card":"summary_large_image","twitter_misc":{"Escrito por":"SalaStampa.eu, world press service","Tiempo de lectura":"2 minutos"},"schema":{"@context":"https:\/\/schema.org","@graph":[{"@type":"Article","@id":"https:\/\/elcanillita.info\/press\/2020\/01\/13\/4-militares-iraquies-heridos-en-ataque-con-cohetes-a-base-que-alberga-soldados-ee-uu\/#article","isPartOf":{"@id":"https:\/\/elcanillita.info\/press\/2020\/01\/13\/4-militares-iraquies-heridos-en-ataque-con-cohetes-a-base-que-alberga-soldados-ee-uu\/"},"author":{"name":"SalaStampa.eu, world press service","@id":"https:\/\/elcanillita.info\/press\/#\/schema\/person\/7fcb79f38045700919f7da6d97e71ba0"},"headline":"4 militares iraqu\u00edes heridos en ataque con cohetes a base que alberga soldados de EE.UU.","datePublished":"2020-01-13T11:55:00+00:00","dateModified":"2020-01-17T10:46:37+00:00","mainEntityOfPage":{"@id":"https:\/\/elcanillita.info\/press\/2020\/01\/13\/4-militares-iraquies-heridos-en-ataque-con-cohetes-a-base-que-alberga-soldados-ee-uu\/"},"wordCount":427,"publisher":{"@id":"https:\/\/elcanillita.info\/press\/#organization"},"keywords":["Iraq"],"articleSection":["Medio Oriente","Politica"],"inLanguage":"es-AR"},{"@type":"WebPage","@id":"https:\/\/elcanillita.info\/press\/2020\/01\/13\/4-militares-iraquies-heridos-en-ataque-con-cohetes-a-base-que-alberga-soldados-ee-uu\/","url":"https:\/\/elcanillita.info\/press\/2020\/01\/13\/4-militares-iraquies-heridos-en-ataque-con-cohetes-a-base-que-alberga-soldados-ee-uu\/","name":"4 militares iraqu\u00edes heridos en ataque con cohetes a base que alberga soldados de EE.UU. - ElCanillita.Info","isPartOf":{"@id":"https:\/\/elcanillita.info\/press\/#website"},"datePublished":"2020-01-13T11:55:00+00:00","dateModified":"2020-01-17T10:46:37+00:00","inLanguage":"es-AR","potentialAction":[{"@type":"ReadAction","target":["https:\/\/elcanillita.info\/press\/2020\/01\/13\/4-militares-iraquies-heridos-en-ataque-con-cohetes-a-base-que-alberga-soldados-ee-uu\/"]}]},{"@type":"WebSite","@id":"https:\/\/elcanillita.info\/press\/#website","url":"https:\/\/elcanillita.info\/press\/","name":"ElCanillita.Info","description":"desde los Apeninos a los Andes","publisher":{"@id":"https:\/\/elcanillita.info\/press\/#organization"},"potentialAction":[{"@type":"SearchAction","target":{"@type":"EntryPoint","urlTemplate":"https:\/\/elcanillita.info\/press\/?s={search_term_string}"},"query-input":{"@type":"PropertyValueSpecification","valueRequired":true,"valueName":"search_term_string"}}],"inLanguage":"es-AR"},{"@type":"Organization","@id":"https:\/\/elcanillita.info\/press\/#organization","name":"Guzzo Photos & Graphic Publications","url":"https:\/\/elcanillita.info\/press\/","logo":{"@type":"ImageObject","inLanguage":"es-AR","@id":"https:\/\/elcanillita.info\/press\/#\/schema\/logo\/image\/","url":"https:\/\/elcanillita.info\/press\/images\/2020\/01\/cropped-cropped-cropped-elcanillitainfo.png","contentUrl":"https:\/\/elcanillita.info\/press\/images\/2020\/01\/cropped-cropped-cropped-elcanillitainfo.png","width":460,"height":50,"caption":"Guzzo Photos & Graphic Publications"},"image":{"@id":"https:\/\/elcanillita.info\/press\/#\/schema\/logo\/image\/"},"sameAs":["https:\/\/ar-ar.facebook.com\/ElCanillitainfo-114249515285712\/"]},{"@type":"Person","@id":"https:\/\/elcanillita.info\/press\/#\/schema\/person\/7fcb79f38045700919f7da6d97e71ba0","name":"SalaStampa.eu, world press service","image":{"@type":"ImageObject","inLanguage":"es-AR","@id":"https:\/\/secure.gravatar.com\/avatar\/c2f0e0d515a107624234994507816ca4724c7199cef73fc8bedebf6931d73888?s=96&d=mm&r=g","url":"https:\/\/secure.gravatar.com\/avatar\/c2f0e0d515a107624234994507816ca4724c7199cef73fc8bedebf6931d73888?s=96&d=mm&r=g","contentUrl":"https:\/\/secure.gravatar.com\/avatar\/c2f0e0d515a107624234994507816ca4724c7199cef73fc8bedebf6931d73888?s=96&d=mm&r=g","caption":"SalaStampa.eu, world press service"}}]}},"views":820,"_links":{"self":[{"href":"https:\/\/elcanillita.info\/press\/wp-json\/wp\/v2\/posts\/88","targetHints":{"allow":["GET"]}}],"collection":[{"href":"https:\/\/elcanillita.info\/press\/wp-json\/wp\/v2\/posts"}],"about":[{"href":"https:\/\/elcanillita.info\/press\/wp-json\/wp\/v2\/types\/post"}],"author":[{"embeddable":true,"href":"https:\/\/elcanillita.info\/press\/wp-json\/wp\/v2\/users\/1"}],"replies":[{"embeddable":true,"href":"https:\/\/elcanillita.info\/press\/wp-json\/wp\/v2\/comments?post=88"}],"version-history":[{"count":0,"href":"https:\/\/elcanillita.info\/press\/wp-json\/wp\/v2\/posts\/88\/revisions"}],"wp:attachment":[{"href":"https:\/\/elcanillita.info\/press\/wp-json\/wp\/v2\/media?parent=88"}],"wp:term":[{"taxonomy":"category","embeddable":true,"href":"https:\/\/elcanillita.info\/press\/wp-json\/wp\/v2\/categories?post=88"},{"taxonomy":"post_tag","embeddable":true,"href":"https:\/\/elcanillita.info\/press\/wp-json\/wp\/v2\/tags?post=88"}],"curies":[{"name":"wp","href":"https:\/\/api.w.org\/{rel}","templated":true}]}}