{"id":875,"date":"2020-07-06T11:45:26","date_gmt":"2020-07-06T14:45:26","guid":{"rendered":"https:\/\/elcanillita.info\/press\/?p=875"},"modified":"2020-07-07T22:25:51","modified_gmt":"2020-07-08T01:25:51","slug":"tribunal-ruso-periodista-svetlana-prokopyeva-culpable","status":"publish","type":"post","link":"https:\/\/elcanillita.info\/press\/2020\/07\/06\/tribunal-ruso-periodista-svetlana-prokopyeva-culpable\/","title":{"rendered":"Un tribunal ruso encuentra a la periodista Svetlana Prokopyeva culpable en un controvertido caso"},"content":{"rendered":"\n<p><img decoding=\"async\" src=\"https:\/\/elcanillita.info\/press\/images\/2020\/07\/Svetlana Prokopyeva.jpg\"><br><small>La periodista rusa acusada de extremismo, lamenta que la campa\u00f1a de relaciones p\u00fablicas del Estado est\u00e9 contra ella.<\/small><br><br>Pskov, 06.07.2020 &#8211; Un tribunal ruso ha declarado a la periodista Svetlana Prokopyeva culpable de &#8220;justificar el terrorismo&#8221; y la ha condenado a pagar una multa de 500.000 rublos (unos 6.950 d\u00f3lares)<\/p>\n\n\n\n<p>El tribunal de la ciudad de Pskov, en el oeste de Rusia, anunci\u00f3 el 6 de julio su veredicto en un caso que ha suscitado la indignaci\u00f3n de los partidarios de Prokopyeva y de los grupos de derechos civiles.<\/p>\n\n\n\n<p>Los fiscales hab\u00edan pedido al Segundo Tribunal Militar del Distrito Occidental que condenara a Prokopyeva a seis a\u00f1os de prisi\u00f3n por &#8220;justificar el terrorismo&#8221; en un comentario que escribi\u00f3 y que vinculaba un atentado suicida con el clima pol\u00edtico del pa\u00eds.<\/p>\n\n\n\n<p>Los fiscales tambi\u00e9n hab\u00edan tratado de impedir que Prokopyeva realizara actividades period\u00edsticas durante cuatro a\u00f1os. El cargo conlleva una sentencia m\u00e1xima de hasta siete a\u00f1os de prisi\u00f3n.<\/p>\n\n\n\n<p>Prokopyeva, colaboradora independiente del Servicio Ruso de RFE\/RL, ha mantenido su inocencia durante todo el juicio y ha descrito el caso como un intento de &#8220;asesinar la libertad de expresi\u00f3n&#8221; en Rusia.<\/p>\n\n\n\n<p>Svetlana Prokopyeva compareci\u00f3 en el tribunal de Pskov en agosto de 2019:  &#8220;Est\u00e1n tratando de presentar el trabajo period\u00edstico normal como un delito grave. Es una completa tonter\u00eda&#8221;, dijo.<\/p>\n\n\n\n<p>Prokopyeva en su declaraci\u00f3n final ante el tribunal, el 3 de julio manifest\u00f3:  &#8220;No tengo miedo de criticar a las fuerzas del orden o de decir a los \u00f3rganos de seguridad que est\u00e1n equivocados. Porque s\u00e9 lo horrible que ser\u00e1 si no hablo, si nadie habla&#8221;.<\/p>\n\n\n\n<p>Pidi\u00f3 al tribunal que tomara en consideraci\u00f3n &#8220;los principios m\u00e1s b\u00e1sicos sobre los que nuestra sociedad est\u00e1 construida&#8221; al decidir su destino.<\/p>\n\n\n\n<p>&#8220;Me refiero a la libertad de expresi\u00f3n, el estatus de periodista y la misi\u00f3n de la prensa&#8221;, concluy\u00f3. &#8220;Hice mi trabajo. No hice nada que estuviera fuera del marco de mi deber profesional. Y eso no es un crimen&#8221;.<\/p>\n\n\n\n<p>Prokopyeva fue acusada en relaci\u00f3n con un comentario que escribi\u00f3 en noviembre de 2018, publicado por la filial de Pskov de la radio Ekho Moskvy. En el texto, ella habl\u00f3 de un atentado con bomba en las oficinas del Servicio de Seguridad Federal (FSB) en la ciudad norte\u00f1a de Arkhangelsk.<\/p>\n\n\n\n<p>En una declaraci\u00f3n del 3 de julio, el portavoz de la Uni\u00f3n Europea, Peter Stano, pidi\u00f3 que se abandonara el caso contra Prokopyeva, diciendo que era una indicaci\u00f3n del &#8220;espacio cada vez m\u00e1s reducido para los periodistas independientes y la sociedad civil&#8221; en Rusia.<\/p>\n\n\n\n<p>&#8220;Esperamos que la Federaci\u00f3n de Rusia cumpla sus obligaciones internacionales y nacionales y garantice los derechos humanos y las libertades fundamentales, y que los periodistas puedan trabajar en un entorno seguro sin temor a represalias&#8221;, dijo.<\/p>\n\n\n\n<p>Human Rights Watch calific\u00f3 el enjuiciamiento de Prokopyeva como una violaci\u00f3n de la libertad de expresi\u00f3n, &#8220;pero no s\u00f3lo de la suya&#8221;.<\/p>\n\n\n\n<p>&#8220;Env\u00eda otro escalofriante mensaje de que en Rusia, cuando se plantean preguntas inc\u00f3modas, se puede tener graves repercusiones. Una lecci\u00f3n que las autoridades han estado dando a los medios de comunicaci\u00f3n durante a\u00f1os&#8221;, dijo el grupo de derechos con sede en Nueva York.<\/p>\n\n\n\n<p>El caso tambi\u00e9n ha recibido cr\u00edticas de la Organizaci\u00f3n para la Seguridad y la Cooperaci\u00f3n en Europa, y de grupos de derechos de los medios de comunicaci\u00f3n como Reporteros sin Fronteras, el Comit\u00e9 para la Protecci\u00f3n de los Periodistas y la Federaci\u00f3n Europea de Periodistas. <br><br> <small>RG \u00a9 2020 SalaStampa.Eu  afiliada a USAGM<\/small><\/p>\n","protected":false},"excerpt":{"rendered":"<p>Pskov, 06.07.2020 &#8211; Un tribunal ruso ha declarado a la periodista Svetlana Prokopyeva culpable de &#8220;justificar el terrorismo&#8221; y la ha condenado a pagar una multa de 500.000 rublos (unos 6.950 d\u00f3lares).<\/p>\n","protected":false},"author":1,"featured_media":876,"comment_status":"closed","ping_status":"closed","sticky":false,"template":"","format":"standard","meta":{"footnotes":"","_links_to":"","_links_to_target":""},"categories":[70,7,22,23,25],"tags":[49],"class_list":["post-875","post","type-post","status-publish","format-standard","has-post-thumbnail","hentry","category-actualidad","category-eurasia","category-justicia","category-politica","category-sociedad","tag-rusia","entry","double"],"yoast_head":"<!-- This site is optimized with the Yoast SEO plugin v27.4 - https:\/\/yoast.com\/product\/yoast-seo-wordpress\/ -->\n<title>Un tribunal ruso encuentra a la periodista Svetlana Prokopyeva culpable en un controvertido caso - ElCanillita.Info<\/title>\n<meta name=\"robots\" content=\"index, follow, max-snippet:-1, max-image-preview:large, max-video-preview:-1\" \/>\n<link rel=\"canonical\" href=\"https:\/\/elcanillita.info\/press\/2020\/07\/06\/tribunal-ruso-periodista-svetlana-prokopyeva-culpable\/\" \/>\n<meta property=\"og:locale\" content=\"es_ES\" \/>\n<meta property=\"og:type\" content=\"article\" \/>\n<meta property=\"og:title\" content=\"Un tribunal ruso encuentra a la periodista Svetlana Prokopyeva culpable en un controvertido caso - ElCanillita.Info\" \/>\n<meta property=\"og:description\" content=\"Pskov, 06.07.2020 - Un tribunal ruso ha declarado a la periodista Svetlana Prokopyeva culpable de &quot;justificar el terrorismo&quot; y la ha condenado a pagar una multa de 500.000 rublos (unos 6.950 d\u00f3lares).\" \/>\n<meta property=\"og:url\" content=\"https:\/\/elcanillita.info\/press\/2020\/07\/06\/tribunal-ruso-periodista-svetlana-prokopyeva-culpable\/\" \/>\n<meta property=\"og:site_name\" content=\"ElCanillita.Info\" \/>\n<meta property=\"article:publisher\" content=\"https:\/\/ar-ar.facebook.com\/ElCanillitainfo-114249515285712\/\" \/>\n<meta property=\"article:published_time\" content=\"2020-07-06T14:45:26+00:00\" \/>\n<meta property=\"article:modified_time\" content=\"2020-07-08T01:25:51+00:00\" \/>\n<meta property=\"og:image\" content=\"https:\/\/elcanillita.info\/press\/images\/2020\/07\/Svetlana-Prokopyeva.jpg\" \/>\n\t<meta property=\"og:image:width\" content=\"600\" \/>\n\t<meta property=\"og:image:height\" content=\"400\" \/>\n\t<meta property=\"og:image:type\" content=\"image\/jpeg\" \/>\n<meta name=\"author\" content=\"SalaStampa.eu, world press service\" \/>\n<meta name=\"twitter:card\" content=\"summary_large_image\" \/>\n<meta name=\"twitter:label1\" content=\"Escrito por\" \/>\n\t<meta name=\"twitter:data1\" content=\"SalaStampa.eu, world press service\" \/>\n\t<meta name=\"twitter:label2\" content=\"Tiempo de lectura\" \/>\n\t<meta name=\"twitter:data2\" content=\"3 minutos\" \/>\n<script type=\"application\/ld+json\" class=\"yoast-schema-graph\">{\"@context\":\"https:\\\/\\\/schema.org\",\"@graph\":[{\"@type\":\"Article\",\"@id\":\"https:\\\/\\\/elcanillita.info\\\/press\\\/2020\\\/07\\\/06\\\/tribunal-ruso-periodista-svetlana-prokopyeva-culpable\\\/#article\",\"isPartOf\":{\"@id\":\"https:\\\/\\\/elcanillita.info\\\/press\\\/2020\\\/07\\\/06\\\/tribunal-ruso-periodista-svetlana-prokopyeva-culpable\\\/\"},\"author\":{\"name\":\"SalaStampa.eu, world press service\",\"@id\":\"https:\\\/\\\/elcanillita.info\\\/press\\\/#\\\/schema\\\/person\\\/7fcb79f38045700919f7da6d97e71ba0\"},\"headline\":\"Un tribunal ruso encuentra a la periodista Svetlana Prokopyeva culpable en un controvertido caso\",\"datePublished\":\"2020-07-06T14:45:26+00:00\",\"dateModified\":\"2020-07-08T01:25:51+00:00\",\"mainEntityOfPage\":{\"@id\":\"https:\\\/\\\/elcanillita.info\\\/press\\\/2020\\\/07\\\/06\\\/tribunal-ruso-periodista-svetlana-prokopyeva-culpable\\\/\"},\"wordCount\":627,\"publisher\":{\"@id\":\"https:\\\/\\\/elcanillita.info\\\/press\\\/#organization\"},\"image\":{\"@id\":\"https:\\\/\\\/elcanillita.info\\\/press\\\/2020\\\/07\\\/06\\\/tribunal-ruso-periodista-svetlana-prokopyeva-culpable\\\/#primaryimage\"},\"thumbnailUrl\":\"https:\\\/\\\/elcanillita.info\\\/press\\\/images\\\/2020\\\/07\\\/Svetlana-Prokopyeva.jpg\",\"keywords\":[\"Rusia\"],\"articleSection\":[\"Actualidad\",\"Eurasia\",\"Justicia\",\"Politica\",\"Sociedad\"],\"inLanguage\":\"es-AR\"},{\"@type\":\"WebPage\",\"@id\":\"https:\\\/\\\/elcanillita.info\\\/press\\\/2020\\\/07\\\/06\\\/tribunal-ruso-periodista-svetlana-prokopyeva-culpable\\\/\",\"url\":\"https:\\\/\\\/elcanillita.info\\\/press\\\/2020\\\/07\\\/06\\\/tribunal-ruso-periodista-svetlana-prokopyeva-culpable\\\/\",\"name\":\"Un tribunal ruso encuentra a la periodista Svetlana Prokopyeva culpable en un controvertido caso - ElCanillita.Info\",\"isPartOf\":{\"@id\":\"https:\\\/\\\/elcanillita.info\\\/press\\\/#website\"},\"primaryImageOfPage\":{\"@id\":\"https:\\\/\\\/elcanillita.info\\\/press\\\/2020\\\/07\\\/06\\\/tribunal-ruso-periodista-svetlana-prokopyeva-culpable\\\/#primaryimage\"},\"image\":{\"@id\":\"https:\\\/\\\/elcanillita.info\\\/press\\\/2020\\\/07\\\/06\\\/tribunal-ruso-periodista-svetlana-prokopyeva-culpable\\\/#primaryimage\"},\"thumbnailUrl\":\"https:\\\/\\\/elcanillita.info\\\/press\\\/images\\\/2020\\\/07\\\/Svetlana-Prokopyeva.jpg\",\"datePublished\":\"2020-07-06T14:45:26+00:00\",\"dateModified\":\"2020-07-08T01:25:51+00:00\",\"inLanguage\":\"es-AR\",\"potentialAction\":[{\"@type\":\"ReadAction\",\"target\":[\"https:\\\/\\\/elcanillita.info\\\/press\\\/2020\\\/07\\\/06\\\/tribunal-ruso-periodista-svetlana-prokopyeva-culpable\\\/\"]}]},{\"@type\":\"ImageObject\",\"inLanguage\":\"es-AR\",\"@id\":\"https:\\\/\\\/elcanillita.info\\\/press\\\/2020\\\/07\\\/06\\\/tribunal-ruso-periodista-svetlana-prokopyeva-culpable\\\/#primaryimage\",\"url\":\"https:\\\/\\\/elcanillita.info\\\/press\\\/images\\\/2020\\\/07\\\/Svetlana-Prokopyeva.jpg\",\"contentUrl\":\"https:\\\/\\\/elcanillita.info\\\/press\\\/images\\\/2020\\\/07\\\/Svetlana-Prokopyeva.jpg\",\"width\":600,\"height\":400},{\"@type\":\"WebSite\",\"@id\":\"https:\\\/\\\/elcanillita.info\\\/press\\\/#website\",\"url\":\"https:\\\/\\\/elcanillita.info\\\/press\\\/\",\"name\":\"ElCanillita.Info\",\"description\":\"desde los Apeninos a los Andes\",\"publisher\":{\"@id\":\"https:\\\/\\\/elcanillita.info\\\/press\\\/#organization\"},\"potentialAction\":[{\"@type\":\"SearchAction\",\"target\":{\"@type\":\"EntryPoint\",\"urlTemplate\":\"https:\\\/\\\/elcanillita.info\\\/press\\\/?s={search_term_string}\"},\"query-input\":{\"@type\":\"PropertyValueSpecification\",\"valueRequired\":true,\"valueName\":\"search_term_string\"}}],\"inLanguage\":\"es-AR\"},{\"@type\":\"Organization\",\"@id\":\"https:\\\/\\\/elcanillita.info\\\/press\\\/#organization\",\"name\":\"Guzzo Photos & Graphic Publications\",\"url\":\"https:\\\/\\\/elcanillita.info\\\/press\\\/\",\"logo\":{\"@type\":\"ImageObject\",\"inLanguage\":\"es-AR\",\"@id\":\"https:\\\/\\\/elcanillita.info\\\/press\\\/#\\\/schema\\\/logo\\\/image\\\/\",\"url\":\"https:\\\/\\\/elcanillita.info\\\/press\\\/images\\\/2020\\\/01\\\/cropped-cropped-cropped-elcanillitainfo.png\",\"contentUrl\":\"https:\\\/\\\/elcanillita.info\\\/press\\\/images\\\/2020\\\/01\\\/cropped-cropped-cropped-elcanillitainfo.png\",\"width\":460,\"height\":50,\"caption\":\"Guzzo Photos & Graphic Publications\"},\"image\":{\"@id\":\"https:\\\/\\\/elcanillita.info\\\/press\\\/#\\\/schema\\\/logo\\\/image\\\/\"},\"sameAs\":[\"https:\\\/\\\/ar-ar.facebook.com\\\/ElCanillitainfo-114249515285712\\\/\"]},{\"@type\":\"Person\",\"@id\":\"https:\\\/\\\/elcanillita.info\\\/press\\\/#\\\/schema\\\/person\\\/7fcb79f38045700919f7da6d97e71ba0\",\"name\":\"SalaStampa.eu, world press service\",\"image\":{\"@type\":\"ImageObject\",\"inLanguage\":\"es-AR\",\"@id\":\"https:\\\/\\\/secure.gravatar.com\\\/avatar\\\/c2f0e0d515a107624234994507816ca4724c7199cef73fc8bedebf6931d73888?s=96&d=mm&r=g\",\"url\":\"https:\\\/\\\/secure.gravatar.com\\\/avatar\\\/c2f0e0d515a107624234994507816ca4724c7199cef73fc8bedebf6931d73888?s=96&d=mm&r=g\",\"contentUrl\":\"https:\\\/\\\/secure.gravatar.com\\\/avatar\\\/c2f0e0d515a107624234994507816ca4724c7199cef73fc8bedebf6931d73888?s=96&d=mm&r=g\",\"caption\":\"SalaStampa.eu, world press service\"}}]}<\/script>\n<!-- \/ Yoast SEO plugin. -->","yoast_head_json":{"title":"Un tribunal ruso encuentra a la periodista Svetlana Prokopyeva culpable en un controvertido caso - ElCanillita.Info","robots":{"index":"index","follow":"follow","max-snippet":"max-snippet:-1","max-image-preview":"max-image-preview:large","max-video-preview":"max-video-preview:-1"},"canonical":"https:\/\/elcanillita.info\/press\/2020\/07\/06\/tribunal-ruso-periodista-svetlana-prokopyeva-culpable\/","og_locale":"es_ES","og_type":"article","og_title":"Un tribunal ruso encuentra a la periodista Svetlana Prokopyeva culpable en un controvertido caso - ElCanillita.Info","og_description":"Pskov, 06.07.2020 - Un tribunal ruso ha declarado a la periodista Svetlana Prokopyeva culpable de \"justificar el terrorismo\" y la ha condenado a pagar una multa de 500.000 rublos (unos 6.950 d\u00f3lares).","og_url":"https:\/\/elcanillita.info\/press\/2020\/07\/06\/tribunal-ruso-periodista-svetlana-prokopyeva-culpable\/","og_site_name":"ElCanillita.Info","article_publisher":"https:\/\/ar-ar.facebook.com\/ElCanillitainfo-114249515285712\/","article_published_time":"2020-07-06T14:45:26+00:00","article_modified_time":"2020-07-08T01:25:51+00:00","og_image":[{"width":600,"height":400,"url":"https:\/\/elcanillita.info\/press\/images\/2020\/07\/Svetlana-Prokopyeva.jpg","type":"image\/jpeg"}],"author":"SalaStampa.eu, world press service","twitter_card":"summary_large_image","twitter_misc":{"Escrito por":"SalaStampa.eu, world press service","Tiempo de lectura":"3 minutos"},"schema":{"@context":"https:\/\/schema.org","@graph":[{"@type":"Article","@id":"https:\/\/elcanillita.info\/press\/2020\/07\/06\/tribunal-ruso-periodista-svetlana-prokopyeva-culpable\/#article","isPartOf":{"@id":"https:\/\/elcanillita.info\/press\/2020\/07\/06\/tribunal-ruso-periodista-svetlana-prokopyeva-culpable\/"},"author":{"name":"SalaStampa.eu, world press service","@id":"https:\/\/elcanillita.info\/press\/#\/schema\/person\/7fcb79f38045700919f7da6d97e71ba0"},"headline":"Un tribunal ruso encuentra a la periodista Svetlana Prokopyeva culpable en un controvertido caso","datePublished":"2020-07-06T14:45:26+00:00","dateModified":"2020-07-08T01:25:51+00:00","mainEntityOfPage":{"@id":"https:\/\/elcanillita.info\/press\/2020\/07\/06\/tribunal-ruso-periodista-svetlana-prokopyeva-culpable\/"},"wordCount":627,"publisher":{"@id":"https:\/\/elcanillita.info\/press\/#organization"},"image":{"@id":"https:\/\/elcanillita.info\/press\/2020\/07\/06\/tribunal-ruso-periodista-svetlana-prokopyeva-culpable\/#primaryimage"},"thumbnailUrl":"https:\/\/elcanillita.info\/press\/images\/2020\/07\/Svetlana-Prokopyeva.jpg","keywords":["Rusia"],"articleSection":["Actualidad","Eurasia","Justicia","Politica","Sociedad"],"inLanguage":"es-AR"},{"@type":"WebPage","@id":"https:\/\/elcanillita.info\/press\/2020\/07\/06\/tribunal-ruso-periodista-svetlana-prokopyeva-culpable\/","url":"https:\/\/elcanillita.info\/press\/2020\/07\/06\/tribunal-ruso-periodista-svetlana-prokopyeva-culpable\/","name":"Un tribunal ruso encuentra a la periodista Svetlana Prokopyeva culpable en un controvertido caso - ElCanillita.Info","isPartOf":{"@id":"https:\/\/elcanillita.info\/press\/#website"},"primaryImageOfPage":{"@id":"https:\/\/elcanillita.info\/press\/2020\/07\/06\/tribunal-ruso-periodista-svetlana-prokopyeva-culpable\/#primaryimage"},"image":{"@id":"https:\/\/elcanillita.info\/press\/2020\/07\/06\/tribunal-ruso-periodista-svetlana-prokopyeva-culpable\/#primaryimage"},"thumbnailUrl":"https:\/\/elcanillita.info\/press\/images\/2020\/07\/Svetlana-Prokopyeva.jpg","datePublished":"2020-07-06T14:45:26+00:00","dateModified":"2020-07-08T01:25:51+00:00","inLanguage":"es-AR","potentialAction":[{"@type":"ReadAction","target":["https:\/\/elcanillita.info\/press\/2020\/07\/06\/tribunal-ruso-periodista-svetlana-prokopyeva-culpable\/"]}]},{"@type":"ImageObject","inLanguage":"es-AR","@id":"https:\/\/elcanillita.info\/press\/2020\/07\/06\/tribunal-ruso-periodista-svetlana-prokopyeva-culpable\/#primaryimage","url":"https:\/\/elcanillita.info\/press\/images\/2020\/07\/Svetlana-Prokopyeva.jpg","contentUrl":"https:\/\/elcanillita.info\/press\/images\/2020\/07\/Svetlana-Prokopyeva.jpg","width":600,"height":400},{"@type":"WebSite","@id":"https:\/\/elcanillita.info\/press\/#website","url":"https:\/\/elcanillita.info\/press\/","name":"ElCanillita.Info","description":"desde los Apeninos a los Andes","publisher":{"@id":"https:\/\/elcanillita.info\/press\/#organization"},"potentialAction":[{"@type":"SearchAction","target":{"@type":"EntryPoint","urlTemplate":"https:\/\/elcanillita.info\/press\/?s={search_term_string}"},"query-input":{"@type":"PropertyValueSpecification","valueRequired":true,"valueName":"search_term_string"}}],"inLanguage":"es-AR"},{"@type":"Organization","@id":"https:\/\/elcanillita.info\/press\/#organization","name":"Guzzo Photos & Graphic Publications","url":"https:\/\/elcanillita.info\/press\/","logo":{"@type":"ImageObject","inLanguage":"es-AR","@id":"https:\/\/elcanillita.info\/press\/#\/schema\/logo\/image\/","url":"https:\/\/elcanillita.info\/press\/images\/2020\/01\/cropped-cropped-cropped-elcanillitainfo.png","contentUrl":"https:\/\/elcanillita.info\/press\/images\/2020\/01\/cropped-cropped-cropped-elcanillitainfo.png","width":460,"height":50,"caption":"Guzzo Photos & Graphic Publications"},"image":{"@id":"https:\/\/elcanillita.info\/press\/#\/schema\/logo\/image\/"},"sameAs":["https:\/\/ar-ar.facebook.com\/ElCanillitainfo-114249515285712\/"]},{"@type":"Person","@id":"https:\/\/elcanillita.info\/press\/#\/schema\/person\/7fcb79f38045700919f7da6d97e71ba0","name":"SalaStampa.eu, world press service","image":{"@type":"ImageObject","inLanguage":"es-AR","@id":"https:\/\/secure.gravatar.com\/avatar\/c2f0e0d515a107624234994507816ca4724c7199cef73fc8bedebf6931d73888?s=96&d=mm&r=g","url":"https:\/\/secure.gravatar.com\/avatar\/c2f0e0d515a107624234994507816ca4724c7199cef73fc8bedebf6931d73888?s=96&d=mm&r=g","contentUrl":"https:\/\/secure.gravatar.com\/avatar\/c2f0e0d515a107624234994507816ca4724c7199cef73fc8bedebf6931d73888?s=96&d=mm&r=g","caption":"SalaStampa.eu, world press service"}}]}},"views":859,"_links":{"self":[{"href":"https:\/\/elcanillita.info\/press\/wp-json\/wp\/v2\/posts\/875","targetHints":{"allow":["GET"]}}],"collection":[{"href":"https:\/\/elcanillita.info\/press\/wp-json\/wp\/v2\/posts"}],"about":[{"href":"https:\/\/elcanillita.info\/press\/wp-json\/wp\/v2\/types\/post"}],"author":[{"embeddable":true,"href":"https:\/\/elcanillita.info\/press\/wp-json\/wp\/v2\/users\/1"}],"replies":[{"embeddable":true,"href":"https:\/\/elcanillita.info\/press\/wp-json\/wp\/v2\/comments?post=875"}],"version-history":[{"count":0,"href":"https:\/\/elcanillita.info\/press\/wp-json\/wp\/v2\/posts\/875\/revisions"}],"wp:featuredmedia":[{"embeddable":true,"href":"https:\/\/elcanillita.info\/press\/wp-json\/wp\/v2\/media\/876"}],"wp:attachment":[{"href":"https:\/\/elcanillita.info\/press\/wp-json\/wp\/v2\/media?parent=875"}],"wp:term":[{"taxonomy":"category","embeddable":true,"href":"https:\/\/elcanillita.info\/press\/wp-json\/wp\/v2\/categories?post=875"},{"taxonomy":"post_tag","embeddable":true,"href":"https:\/\/elcanillita.info\/press\/wp-json\/wp\/v2\/tags?post=875"}],"curies":[{"name":"wp","href":"https:\/\/api.w.org\/{rel}","templated":true}]}}