{"id":869,"date":"2020-07-05T22:07:20","date_gmt":"2020-07-06T01:07:20","guid":{"rendered":"https:\/\/elcanillita.info\/press\/?p=869"},"modified":"2020-07-13T15:11:46","modified_gmt":"2020-07-13T18:11:46","slug":"el-covid-19-podria-no-haberse-originado-en-china","status":"publish","type":"post","link":"https:\/\/elcanillita.info\/press\/2020\/07\/05\/el-covid-19-podria-no-haberse-originado-en-china\/","title":{"rendered":"El Covid-19 podr\u00eda no haberse originado en China"},"content":{"rendered":"\n<p class=\"has-text-align-center\"><img decoding=\"async\" src=\"https:\/\/elcanillita.info\/press\/images\/2020\/07\/johnmemo2.jpg\"><\/p>\n\n\n\n<p>Londres, 06.07.2020 &#8211; El Dr. Tom Jefferson, tutor s\u00e9nior del CEBM, cree que muchos virus permanecen inactivos en todo el mundo, y emergen cuando las condiciones son favorables.<\/p>\n\n\n\n<p>Hay muchas pruebas de que hay grandes cantidades de virus en las aguas residuales por todas partes, y cada vez hay m\u00e1s pruebas de transmisi\u00f3n fecal.<\/p>\n\n\n\n<p>El Coronavirus puede haber permanecido inactivo en todo el mundo y surgi\u00f3 cuando las condiciones ambientales eran las adecuadas para que prosperara, en lugar de comenzar en China, seg\u00fan cree un experto de la Universidad de Oxford.<\/p>\n\n\n\n<p>El Dr. Tom Jefferson, tutor asociado s\u00e9nior del Centro de Medicina Basada en la Evidencia (CEBM), en Oxford, y profesor de la Universidad de Newcastle, argumenta que hay cada vez m\u00e1s evidencia de que el virus estaba en otro lugar antes de que emergiera en Asia.<\/p>\n\n\n\n<p>La semana pasada, los vir\u00f3logos espa\u00f1oles anunciaron que hab\u00edan encontrado rastros de la enfermedad en muestras de aguas residuales recogidas en marzo de 2019, nueve meses antes de que la enfermedad coronavirus se viera en China.<\/p>\n\n\n\n<p>Los cient\u00edficos italianos tambi\u00e9n han encontrado pruebas de coronavirus en muestras de aguas residuales en Mil\u00e1n y Tur\u00edn, a mediados de diciembre, muchas semanas antes de que se detectara el primer caso, mientras que los expertos han encontrado rastros en Brasil en noviembre.<\/p>\n\n\n\n<p>El Dr. Jefferson cree que muchos virus permanecen inactivos en todo el mundo y emergen cuando las condiciones son favorables. Tambi\u00e9n significa que pueden desaparecer tan r\u00e1pido como llegan.<\/p>\n\n\n\n<p>&#8220;\u00bfAd\u00f3nde fue el Sars 1? Simplemente ha desaparecido&#8221;, dijo &#8220;As\u00ed que tenemos que pensar en estas cosas. Tenemos que empezar a investigar la ecolog\u00eda del virus, entender c\u00f3mo se origina y muta.<\/p>\n\n\n\n<p>&#8220;Creo que el virus ya estaba aqu\u00ed, es decir, en todas partes. Podemos estar viendo un virus latente que ha sido activado por las condiciones ambientales. <\/p>\n\n\n\n<p>&#8220;Hubo un caso en las Islas Malvinas a principios de febrero. Ahora, \u00bfde d\u00f3nde vino eso? Hab\u00eda un crucero que iba de Georgia del Sur a Buenos Aires, y los pasajeros que estaban fueron controlados, luego de ocho d\u00edas de viaje, cuando comenzaron a navegar hacia el Mar de Weddell, encontraron el primer caso. \u00bfEstaba en la comida preparada que fue descongelada y activada? <\/p>\n\n\n\n<p>&#8220;Cosas extra\u00f1as como \u00e9sta ocurrieron con la Gripe Espa\u00f1ola. En 1918, alrededor del 30% de la poblaci\u00f3n de Samoa Occidental muri\u00f3 contagiada de Gripe Espa\u00f1ola, y no hab\u00edan tenido ninguna comunicaci\u00f3n con el exterior.<\/p>\n\n\n\n<p>&#8220;La explicaci\u00f3n de esto s\u00f3lo puede ser que estos agentes no van o vienen a ninguna parte. Siempre est\u00e1n aqu\u00ed y algo los enciende, tal vez la densidad humana o las condiciones ambientales, y esto es lo que deber\u00edamos buscar&#8221;.<\/p>\n\n\n\n<p>&#8220;Estamos haciendo una revisi\u00f3n viva, extrayendo las condiciones ambientales, la ecolog\u00eda de estos virus que ha sido groseramente subestimada&#8221;, dijo el Dr. Jefferson.<\/p>\n\n\n\n<p>&#8220;Existen muchas pruebas de que hay enormes cantidades del virus en las aguas residuales de las ciudades de todo el mundo, y gran cantidad de pruebas de que hay transmisi\u00f3n fecal.<br> Hay una alta concentraci\u00f3n donde las aguas residuales est\u00e1n a cuatro grados, que es la temperatura ideal para que se establezcan y presumiblemente se activen. Y las plantas empacadoras de carne est\u00e1n a menudo a cuatro grados.<\/p>\n\n\n\n<p>&#8220;Estos grupos de empacadoras de carne y brotes aislados no encajan con la teor\u00eda de las vias respiratorias, encajan con la gente que no se ha lavado las manos adecuadamente. <\/p>\n\n\n\n<p>&#8220;Estos brotes deben ser investigados adecuadamente con la gente en el terreno uno por uno. <br>Hay que hacer lo que hizo John Snow. Preguntar a la gente, y empezar a construir hip\u00f3tesis que encajen los hechos, no al rev\u00e9s&#8221;.<\/p>\n\n\n<figure style=\"width: 250px\" class=\"wp-caption alignleft\"><img decoding=\"async\" src=\"https:\/\/elcanillita.info\/press\/images\/2020\/07\/johnmemo.jpg\" alt=\"\" width=\"250\"><figcaption class=\"wp-caption-text\">John Snow (York, 15.03. 1813 &#8211; Londres, 16.06. 1858) fue un m\u00e9dico brit\u00e1nico, considerado uno de los pioneros en el campo de la anestesia, la higiene en la medicina y la epidemiolog\u00eda (a ra\u00edz de su labor para comprender las causas de la epidemia de c\u00f3lera en el distrito londinense de Soho en 1854).<\/figcaption><\/figure>\n<p>Snow debe su actual notoriedad a haber estudiado la propagaci\u00f3n de la epidemia de c\u00f3lera de 1854 en la localidad de Soho suponiendo que su propagaci\u00f3n se deb\u00eda a una bomba de distribuci\u00f3n de agua. Durante su investigaci\u00f3n de las causas de la epidemia, utiliz\u00f3 un mapa de Londres con la propagaci\u00f3n de los casos en diferentes per\u00edodos.<\/p>\n<p>Este m\u00e9todo le permiti\u00f3 notar que los casos se concentraban alrededor de una bomba de agua en el distrito del Soho. Al impedir que la bomba funcionara, pudo detener la propagaci\u00f3n de la enfermedad. <br>Snow public\u00f3 los resultados de su investigaci\u00f3n en una obra (On the Mode of Communication of Cholera) que fue muy criticada, especialmente por The Lancet, una revista m\u00e9dica muy autorizada.<\/p>\n\n\n<p>La bomba fue posteriormente puesta en funcionamiento, sin considerar v\u00e1lida la tesis de Snow. Snow muri\u00f3 repentinamente a la edad de 45 a\u00f1os, conocido en ese momento mucho m\u00e1s por su trabajo en la anestesia que por los epidemiol\u00f3gicos.  Investigaciones posteriores demostraron que sus suposiciones sobre la transmisi\u00f3n del c\u00f3lera eran correctas. <br>En 1883 Robert Koch demostr\u00f3 la hip\u00f3tesis bacteriol\u00f3gica y en 1890 John Simon, entonces Ministro de Salud, reconoci\u00f3 la contribuci\u00f3n fundamental de Snow.<br><br>Su libro &#8220;On the Mode of Communication of Cholera&#8221; se reedit\u00f3 en 1930 en reconocimiento de su trabajo pionero en epidemiolog\u00eda. La Sociedad John Snow fue fundada en 1993 para promover el conocimiento del trabajo de Snow. Sus miembros, durante la Conferencia Anual de Pumphandle en Inglaterra, retiraron y luego reemplazaron una bomba de agua, para simbolizar el continuo desaf\u00edo al progreso de la salud p\u00fablica. <\/p>\n\n\n<p><\/p>\n<p><small>Fuente: PanPress-London \/ SalaStampaEu &#8211; ElCanillita.Info &#8211; Informaci\u00f3n de dominio p\u00fablico<\/small><\/p>","protected":false},"excerpt":{"rendered":"<p>Londres, 06.07.2020 &#8211; El Dr. Tom Jefferson, tutor s\u00e9nior del CEBM, cree que muchos virus permanecen inactivos en todo el mundo, y emergen cuando las condiciones son favorables.<\/p>\n","protected":false},"author":1,"featured_media":872,"comment_status":"closed","ping_status":"closed","sticky":false,"template":"","format":"standard","meta":{"footnotes":"","_links_to":"","_links_to_target":""},"categories":[70,24,5,78,25],"tags":[58],"class_list":["post-869","post","type-post","status-publish","format-standard","has-post-thumbnail","hentry","category-actualidad","category-ciencia-tecnologia","category-europa","category-sanidad","category-sociedad","tag-reino-unido","entry","double"],"yoast_head":"<!-- This site is optimized with the Yoast SEO plugin v27.5 - https:\/\/yoast.com\/product\/yoast-seo-wordpress\/ -->\n<title>El Covid-19 podr\u00eda no haberse originado en China - ElCanillita.Info<\/title>\n<meta name=\"robots\" content=\"index, follow, max-snippet:-1, max-image-preview:large, max-video-preview:-1\" \/>\n<link rel=\"canonical\" href=\"https:\/\/elcanillita.info\/press\/2020\/07\/05\/el-covid-19-podria-no-haberse-originado-en-china\/\" \/>\n<meta property=\"og:locale\" content=\"es_ES\" \/>\n<meta property=\"og:type\" content=\"article\" \/>\n<meta property=\"og:title\" content=\"El Covid-19 podr\u00eda no haberse originado en China - ElCanillita.Info\" \/>\n<meta property=\"og:description\" content=\"Londres, 06.07.2020 - El Dr. Tom Jefferson, tutor s\u00e9nior del CEBM, cree que muchos virus permanecen inactivos en todo el mundo, y emergen cuando las condiciones son favorables.\" \/>\n<meta property=\"og:url\" content=\"https:\/\/elcanillita.info\/press\/2020\/07\/05\/el-covid-19-podria-no-haberse-originado-en-china\/\" \/>\n<meta property=\"og:site_name\" content=\"ElCanillita.Info\" \/>\n<meta property=\"article:publisher\" content=\"https:\/\/ar-ar.facebook.com\/ElCanillitainfo-114249515285712\/\" \/>\n<meta property=\"article:published_time\" content=\"2020-07-06T01:07:20+00:00\" \/>\n<meta property=\"article:modified_time\" content=\"2020-07-13T18:11:46+00:00\" \/>\n<meta property=\"og:image\" content=\"https:\/\/elcanillita.info\/press\/images\/2020\/07\/Dr_John_Snow.jpg\" \/>\n\t<meta property=\"og:image:width\" content=\"600\" \/>\n\t<meta property=\"og:image:height\" content=\"542\" \/>\n\t<meta property=\"og:image:type\" content=\"image\/jpeg\" \/>\n<meta name=\"author\" content=\"SalaStampa.eu, world press service\" \/>\n<meta name=\"twitter:card\" content=\"summary_large_image\" \/>\n<meta name=\"twitter:label1\" content=\"Escrito por\" \/>\n\t<meta name=\"twitter:data1\" content=\"SalaStampa.eu, world press service\" \/>\n\t<meta name=\"twitter:label2\" content=\"Tiempo de lectura\" \/>\n\t<meta name=\"twitter:data2\" content=\"5 minutos\" \/>\n<script type=\"application\/ld+json\" class=\"yoast-schema-graph\">{\"@context\":\"https:\\\/\\\/schema.org\",\"@graph\":[{\"@type\":\"Article\",\"@id\":\"https:\\\/\\\/elcanillita.info\\\/press\\\/2020\\\/07\\\/05\\\/el-covid-19-podria-no-haberse-originado-en-china\\\/#article\",\"isPartOf\":{\"@id\":\"https:\\\/\\\/elcanillita.info\\\/press\\\/2020\\\/07\\\/05\\\/el-covid-19-podria-no-haberse-originado-en-china\\\/\"},\"author\":{\"name\":\"SalaStampa.eu, world press service\",\"@id\":\"https:\\\/\\\/elcanillita.info\\\/press\\\/#\\\/schema\\\/person\\\/7fcb79f38045700919f7da6d97e71ba0\"},\"headline\":\"El Covid-19 podr\u00eda no haberse originado en China\",\"datePublished\":\"2020-07-06T01:07:20+00:00\",\"dateModified\":\"2020-07-13T18:11:46+00:00\",\"mainEntityOfPage\":{\"@id\":\"https:\\\/\\\/elcanillita.info\\\/press\\\/2020\\\/07\\\/05\\\/el-covid-19-podria-no-haberse-originado-en-china\\\/\"},\"wordCount\":998,\"publisher\":{\"@id\":\"https:\\\/\\\/elcanillita.info\\\/press\\\/#organization\"},\"image\":{\"@id\":\"https:\\\/\\\/elcanillita.info\\\/press\\\/2020\\\/07\\\/05\\\/el-covid-19-podria-no-haberse-originado-en-china\\\/#primaryimage\"},\"thumbnailUrl\":\"https:\\\/\\\/elcanillita.info\\\/press\\\/images\\\/2020\\\/07\\\/Dr_John_Snow.jpg\",\"keywords\":[\"Reino Unido\"],\"articleSection\":[\"Actualidad\",\"Ciencia y Tecnologia\",\"Europa\",\"Sanidad\",\"Sociedad\"],\"inLanguage\":\"es-AR\"},{\"@type\":\"WebPage\",\"@id\":\"https:\\\/\\\/elcanillita.info\\\/press\\\/2020\\\/07\\\/05\\\/el-covid-19-podria-no-haberse-originado-en-china\\\/\",\"url\":\"https:\\\/\\\/elcanillita.info\\\/press\\\/2020\\\/07\\\/05\\\/el-covid-19-podria-no-haberse-originado-en-china\\\/\",\"name\":\"El Covid-19 podr\u00eda no haberse originado en China - ElCanillita.Info\",\"isPartOf\":{\"@id\":\"https:\\\/\\\/elcanillita.info\\\/press\\\/#website\"},\"primaryImageOfPage\":{\"@id\":\"https:\\\/\\\/elcanillita.info\\\/press\\\/2020\\\/07\\\/05\\\/el-covid-19-podria-no-haberse-originado-en-china\\\/#primaryimage\"},\"image\":{\"@id\":\"https:\\\/\\\/elcanillita.info\\\/press\\\/2020\\\/07\\\/05\\\/el-covid-19-podria-no-haberse-originado-en-china\\\/#primaryimage\"},\"thumbnailUrl\":\"https:\\\/\\\/elcanillita.info\\\/press\\\/images\\\/2020\\\/07\\\/Dr_John_Snow.jpg\",\"datePublished\":\"2020-07-06T01:07:20+00:00\",\"dateModified\":\"2020-07-13T18:11:46+00:00\",\"inLanguage\":\"es-AR\",\"potentialAction\":[{\"@type\":\"ReadAction\",\"target\":[\"https:\\\/\\\/elcanillita.info\\\/press\\\/2020\\\/07\\\/05\\\/el-covid-19-podria-no-haberse-originado-en-china\\\/\"]}]},{\"@type\":\"ImageObject\",\"inLanguage\":\"es-AR\",\"@id\":\"https:\\\/\\\/elcanillita.info\\\/press\\\/2020\\\/07\\\/05\\\/el-covid-19-podria-no-haberse-originado-en-china\\\/#primaryimage\",\"url\":\"https:\\\/\\\/elcanillita.info\\\/press\\\/images\\\/2020\\\/07\\\/Dr_John_Snow.jpg\",\"contentUrl\":\"https:\\\/\\\/elcanillita.info\\\/press\\\/images\\\/2020\\\/07\\\/Dr_John_Snow.jpg\",\"width\":600,\"height\":542},{\"@type\":\"WebSite\",\"@id\":\"https:\\\/\\\/elcanillita.info\\\/press\\\/#website\",\"url\":\"https:\\\/\\\/elcanillita.info\\\/press\\\/\",\"name\":\"ElCanillita.Info\",\"description\":\"desde los Apeninos a los Andes\",\"publisher\":{\"@id\":\"https:\\\/\\\/elcanillita.info\\\/press\\\/#organization\"},\"potentialAction\":[{\"@type\":\"SearchAction\",\"target\":{\"@type\":\"EntryPoint\",\"urlTemplate\":\"https:\\\/\\\/elcanillita.info\\\/press\\\/?s={search_term_string}\"},\"query-input\":{\"@type\":\"PropertyValueSpecification\",\"valueRequired\":true,\"valueName\":\"search_term_string\"}}],\"inLanguage\":\"es-AR\"},{\"@type\":\"Organization\",\"@id\":\"https:\\\/\\\/elcanillita.info\\\/press\\\/#organization\",\"name\":\"Guzzo Photos & Graphic Publications\",\"url\":\"https:\\\/\\\/elcanillita.info\\\/press\\\/\",\"logo\":{\"@type\":\"ImageObject\",\"inLanguage\":\"es-AR\",\"@id\":\"https:\\\/\\\/elcanillita.info\\\/press\\\/#\\\/schema\\\/logo\\\/image\\\/\",\"url\":\"https:\\\/\\\/elcanillita.info\\\/press\\\/images\\\/2020\\\/01\\\/cropped-cropped-cropped-elcanillitainfo.png\",\"contentUrl\":\"https:\\\/\\\/elcanillita.info\\\/press\\\/images\\\/2020\\\/01\\\/cropped-cropped-cropped-elcanillitainfo.png\",\"width\":460,\"height\":50,\"caption\":\"Guzzo Photos & Graphic Publications\"},\"image\":{\"@id\":\"https:\\\/\\\/elcanillita.info\\\/press\\\/#\\\/schema\\\/logo\\\/image\\\/\"},\"sameAs\":[\"https:\\\/\\\/ar-ar.facebook.com\\\/ElCanillitainfo-114249515285712\\\/\"]},{\"@type\":\"Person\",\"@id\":\"https:\\\/\\\/elcanillita.info\\\/press\\\/#\\\/schema\\\/person\\\/7fcb79f38045700919f7da6d97e71ba0\",\"name\":\"SalaStampa.eu, world press service\",\"image\":{\"@type\":\"ImageObject\",\"inLanguage\":\"es-AR\",\"@id\":\"https:\\\/\\\/secure.gravatar.com\\\/avatar\\\/c2f0e0d515a107624234994507816ca4724c7199cef73fc8bedebf6931d73888?s=96&d=mm&r=g\",\"url\":\"https:\\\/\\\/secure.gravatar.com\\\/avatar\\\/c2f0e0d515a107624234994507816ca4724c7199cef73fc8bedebf6931d73888?s=96&d=mm&r=g\",\"contentUrl\":\"https:\\\/\\\/secure.gravatar.com\\\/avatar\\\/c2f0e0d515a107624234994507816ca4724c7199cef73fc8bedebf6931d73888?s=96&d=mm&r=g\",\"caption\":\"SalaStampa.eu, world press service\"}}]}<\/script>\n<!-- \/ Yoast SEO plugin. -->","yoast_head_json":{"title":"El Covid-19 podr\u00eda no haberse originado en China - ElCanillita.Info","robots":{"index":"index","follow":"follow","max-snippet":"max-snippet:-1","max-image-preview":"max-image-preview:large","max-video-preview":"max-video-preview:-1"},"canonical":"https:\/\/elcanillita.info\/press\/2020\/07\/05\/el-covid-19-podria-no-haberse-originado-en-china\/","og_locale":"es_ES","og_type":"article","og_title":"El Covid-19 podr\u00eda no haberse originado en China - ElCanillita.Info","og_description":"Londres, 06.07.2020 - El Dr. Tom Jefferson, tutor s\u00e9nior del CEBM, cree que muchos virus permanecen inactivos en todo el mundo, y emergen cuando las condiciones son favorables.","og_url":"https:\/\/elcanillita.info\/press\/2020\/07\/05\/el-covid-19-podria-no-haberse-originado-en-china\/","og_site_name":"ElCanillita.Info","article_publisher":"https:\/\/ar-ar.facebook.com\/ElCanillitainfo-114249515285712\/","article_published_time":"2020-07-06T01:07:20+00:00","article_modified_time":"2020-07-13T18:11:46+00:00","og_image":[{"width":600,"height":542,"url":"https:\/\/elcanillita.info\/press\/images\/2020\/07\/Dr_John_Snow.jpg","type":"image\/jpeg"}],"author":"SalaStampa.eu, world press service","twitter_card":"summary_large_image","twitter_misc":{"Escrito por":"SalaStampa.eu, world press service","Tiempo de lectura":"5 minutos"},"schema":{"@context":"https:\/\/schema.org","@graph":[{"@type":"Article","@id":"https:\/\/elcanillita.info\/press\/2020\/07\/05\/el-covid-19-podria-no-haberse-originado-en-china\/#article","isPartOf":{"@id":"https:\/\/elcanillita.info\/press\/2020\/07\/05\/el-covid-19-podria-no-haberse-originado-en-china\/"},"author":{"name":"SalaStampa.eu, world press service","@id":"https:\/\/elcanillita.info\/press\/#\/schema\/person\/7fcb79f38045700919f7da6d97e71ba0"},"headline":"El Covid-19 podr\u00eda no haberse originado en China","datePublished":"2020-07-06T01:07:20+00:00","dateModified":"2020-07-13T18:11:46+00:00","mainEntityOfPage":{"@id":"https:\/\/elcanillita.info\/press\/2020\/07\/05\/el-covid-19-podria-no-haberse-originado-en-china\/"},"wordCount":998,"publisher":{"@id":"https:\/\/elcanillita.info\/press\/#organization"},"image":{"@id":"https:\/\/elcanillita.info\/press\/2020\/07\/05\/el-covid-19-podria-no-haberse-originado-en-china\/#primaryimage"},"thumbnailUrl":"https:\/\/elcanillita.info\/press\/images\/2020\/07\/Dr_John_Snow.jpg","keywords":["Reino Unido"],"articleSection":["Actualidad","Ciencia y Tecnologia","Europa","Sanidad","Sociedad"],"inLanguage":"es-AR"},{"@type":"WebPage","@id":"https:\/\/elcanillita.info\/press\/2020\/07\/05\/el-covid-19-podria-no-haberse-originado-en-china\/","url":"https:\/\/elcanillita.info\/press\/2020\/07\/05\/el-covid-19-podria-no-haberse-originado-en-china\/","name":"El Covid-19 podr\u00eda no haberse originado en China - ElCanillita.Info","isPartOf":{"@id":"https:\/\/elcanillita.info\/press\/#website"},"primaryImageOfPage":{"@id":"https:\/\/elcanillita.info\/press\/2020\/07\/05\/el-covid-19-podria-no-haberse-originado-en-china\/#primaryimage"},"image":{"@id":"https:\/\/elcanillita.info\/press\/2020\/07\/05\/el-covid-19-podria-no-haberse-originado-en-china\/#primaryimage"},"thumbnailUrl":"https:\/\/elcanillita.info\/press\/images\/2020\/07\/Dr_John_Snow.jpg","datePublished":"2020-07-06T01:07:20+00:00","dateModified":"2020-07-13T18:11:46+00:00","inLanguage":"es-AR","potentialAction":[{"@type":"ReadAction","target":["https:\/\/elcanillita.info\/press\/2020\/07\/05\/el-covid-19-podria-no-haberse-originado-en-china\/"]}]},{"@type":"ImageObject","inLanguage":"es-AR","@id":"https:\/\/elcanillita.info\/press\/2020\/07\/05\/el-covid-19-podria-no-haberse-originado-en-china\/#primaryimage","url":"https:\/\/elcanillita.info\/press\/images\/2020\/07\/Dr_John_Snow.jpg","contentUrl":"https:\/\/elcanillita.info\/press\/images\/2020\/07\/Dr_John_Snow.jpg","width":600,"height":542},{"@type":"WebSite","@id":"https:\/\/elcanillita.info\/press\/#website","url":"https:\/\/elcanillita.info\/press\/","name":"ElCanillita.Info","description":"desde los Apeninos a los Andes","publisher":{"@id":"https:\/\/elcanillita.info\/press\/#organization"},"potentialAction":[{"@type":"SearchAction","target":{"@type":"EntryPoint","urlTemplate":"https:\/\/elcanillita.info\/press\/?s={search_term_string}"},"query-input":{"@type":"PropertyValueSpecification","valueRequired":true,"valueName":"search_term_string"}}],"inLanguage":"es-AR"},{"@type":"Organization","@id":"https:\/\/elcanillita.info\/press\/#organization","name":"Guzzo Photos & Graphic Publications","url":"https:\/\/elcanillita.info\/press\/","logo":{"@type":"ImageObject","inLanguage":"es-AR","@id":"https:\/\/elcanillita.info\/press\/#\/schema\/logo\/image\/","url":"https:\/\/elcanillita.info\/press\/images\/2020\/01\/cropped-cropped-cropped-elcanillitainfo.png","contentUrl":"https:\/\/elcanillita.info\/press\/images\/2020\/01\/cropped-cropped-cropped-elcanillitainfo.png","width":460,"height":50,"caption":"Guzzo Photos & Graphic Publications"},"image":{"@id":"https:\/\/elcanillita.info\/press\/#\/schema\/logo\/image\/"},"sameAs":["https:\/\/ar-ar.facebook.com\/ElCanillitainfo-114249515285712\/"]},{"@type":"Person","@id":"https:\/\/elcanillita.info\/press\/#\/schema\/person\/7fcb79f38045700919f7da6d97e71ba0","name":"SalaStampa.eu, world press service","image":{"@type":"ImageObject","inLanguage":"es-AR","@id":"https:\/\/secure.gravatar.com\/avatar\/c2f0e0d515a107624234994507816ca4724c7199cef73fc8bedebf6931d73888?s=96&d=mm&r=g","url":"https:\/\/secure.gravatar.com\/avatar\/c2f0e0d515a107624234994507816ca4724c7199cef73fc8bedebf6931d73888?s=96&d=mm&r=g","contentUrl":"https:\/\/secure.gravatar.com\/avatar\/c2f0e0d515a107624234994507816ca4724c7199cef73fc8bedebf6931d73888?s=96&d=mm&r=g","caption":"SalaStampa.eu, world press service"}}]}},"views":1168,"_links":{"self":[{"href":"https:\/\/elcanillita.info\/press\/wp-json\/wp\/v2\/posts\/869","targetHints":{"allow":["GET"]}}],"collection":[{"href":"https:\/\/elcanillita.info\/press\/wp-json\/wp\/v2\/posts"}],"about":[{"href":"https:\/\/elcanillita.info\/press\/wp-json\/wp\/v2\/types\/post"}],"author":[{"embeddable":true,"href":"https:\/\/elcanillita.info\/press\/wp-json\/wp\/v2\/users\/1"}],"replies":[{"embeddable":true,"href":"https:\/\/elcanillita.info\/press\/wp-json\/wp\/v2\/comments?post=869"}],"version-history":[{"count":0,"href":"https:\/\/elcanillita.info\/press\/wp-json\/wp\/v2\/posts\/869\/revisions"}],"wp:featuredmedia":[{"embeddable":true,"href":"https:\/\/elcanillita.info\/press\/wp-json\/wp\/v2\/media\/872"}],"wp:attachment":[{"href":"https:\/\/elcanillita.info\/press\/wp-json\/wp\/v2\/media?parent=869"}],"wp:term":[{"taxonomy":"category","embeddable":true,"href":"https:\/\/elcanillita.info\/press\/wp-json\/wp\/v2\/categories?post=869"},{"taxonomy":"post_tag","embeddable":true,"href":"https:\/\/elcanillita.info\/press\/wp-json\/wp\/v2\/tags?post=869"}],"curies":[{"name":"wp","href":"https:\/\/api.w.org\/{rel}","templated":true}]}}