{"id":86,"date":"2020-01-13T08:31:48","date_gmt":"2020-01-13T11:31:48","guid":{"rendered":"https:\/\/elcanillita.info\/press\/?p=86"},"modified":"2020-01-17T07:45:03","modified_gmt":"2020-01-17T10:45:03","slug":"canada-llora-a-victimas-de-avion-derribado-por-iran","status":"publish","type":"post","link":"https:\/\/elcanillita.info\/press\/2020\/01\/13\/canada-llora-a-victimas-de-avion-derribado-por-iran\/","title":{"rendered":"En Canad\u00e1 lloran las v\u00edctimas de avi\u00f3n derribado por Ir\u00e1n"},"content":{"rendered":"\n<p>Otawa, 12.01.2020 &#8211; La viceprimera ministra de Canad\u00e1 dijo el domingo que el derribo de un avi\u00f3n ucraniano por parte de las fuerzas iran\u00edes fue una &#8220;tragedia canadiense&#8221; y que la naci\u00f3n &#8220;buscar\u00e1 responsabilidad&#8221; por los eventos.<\/p>\n\n\n\n<p>Chrystia Freeland habl\u00f3 durante la ceremonia conmemorativa de Toronto para las v\u00edctimas del accidente, donde murieron 57 canadienses.<\/p>\n\n\n\n<p>La ceremonia fue organizada por la organizaci\u00f3n caritativa intercultural iran\u00ed-canadiense Tirgan.<\/p>\n\n\n\n<p>Canad\u00e1 est\u00e1 lidiando con la noticia de que 57 de las v\u00edctimas eran canadienses. Muchos de ellos iran\u00ed-canadienses que hab\u00edan viajado a Ir\u00e1n para las festividades de diciembre y que empezaban su viaje de regreso a casa.<\/p>\n\n\n\n<p>\u201cTodo lo relacionado a personas tratando de matarse unos a otros por tierras o petr\u00f3leo, es siempre est\u00fapido&#8221;, dijo Danny Gonz\u00e1lez a la televisora canadiense CTV News en referencia al avi\u00f3n de pasajeros ucraniano derribado por Ir\u00e1n y que dej\u00f3 176 personas muertas.<\/p>\n\n\n\n<p>\u201cVinieron a Canad\u00e1 por un futuro, [porque] en Ir\u00e1n no hay future\u201d, le dijo al New York Times, Mannuash Jannesar, copropietario de un restaurante en Edmonton, sobre sus clientes que murieron en el siniestro. \u201cEs muy triste\u201d.<\/p>\n\n\n\n<p>Gonz\u00e1lez dijo que empez\u00f3 a trabajar el a\u00f1o pasado en una firma de publicidad en Toronto, el mismo d\u00eda en que empez\u00f3 Alvand Sadeghi, una de las v\u00edctimas. La esposa de Sadeghi, su hermana y una sobrina de cinco a\u00f1os tambi\u00e9n murieron.<\/p>\n\n\n\n<p>Algunos iran\u00edes-canadienses est\u00e1n molestos porque Ir\u00e1n no ha&nbsp;expresado ninguna condolencia a las familias de las v\u00edctimas de lo que Teher\u00e1n calific\u00f3 como \u201cun accidente\u201d. Reza Akbari, de Edmonton, dijo al New York Times que \u201cla cantidad de apoyo que hemos visto de Canad\u00e1 versus nuestra madre patria, es algo de lo que como canadienses podemos sentirnos orgullosos. Como iran\u00ed, estoy triste\u201d.<\/p>\n\n\n\n<p>La Guardia Isl\u00e1mica Republicana de Ir\u00e1n admiti\u00f3 el s\u00e1bado que hab\u00eda derribado la aeronave de la Aerol\u00ednea Internacional de Ucrania \u201caccidentalmente\u201d, s\u00f3lo horas despu\u00e9s de haber lanzado un ataque con misiles a bases iraqu\u00edes con presencia militar estadounidense. Ir\u00e1n lanz\u00f3 el ataque en represalia por la muerte del general iran\u00ed Qassem Soleimani, muerto en un ataque de&nbsp;dron&nbsp;estadounidense.<\/p>\n\n\n\n<p>\u201cEsa noche est\u00e1bamos en una modalidad de guerra total\u201d, dijo el comandante aeroespacial de la Guardia Republicana, Amir Ali Hajizadech, a la televisi\u00f3n estatal iran\u00ed. Explic\u00f3 que hab\u00edan pedido a las aerol\u00edneas comerciales que cancelaran sus vuelos, pero que la petici\u00f3n fue rechazada.<\/p>\n\n\n\n<p>Antes que Ir\u00e1n reconociera haber derribado el avi\u00f3n, algunos canadienses responsabilizaban a Estados Unidos por el desastre.<\/p>\n\n\n\n<p>\u201cSi el presidente Donald Trump no hubiera ordenado el ataque contra Soleimani, esto no habr\u00eda pasado, hoy no estar\u00edamos llorando\u201d, dijo Ardy Gharagozli a CNN en Toronto.<\/p>\n\n\n\n<p>Saba Saadat, estudiante de biolog\u00eda de la Universidad de Alberta, fue otra v\u00edctima de la tragedia. La profesora Meghan Riddell, directora del laboratorio de biolog\u00eda celular de dicha universidad dijo que Saadat era una \u201cdoctora disfrazada de estudiante de primer a\u00f1o\u201d. La madre y hermana de Saadat tambi\u00e9n murieron.<\/p>\n\n\n\n<p>\u201cHe estado tratando de encontrar las palabras para describir cu\u00e1n grande tragedia es para Canad\u00e1 el derribamiento de este avi\u00f3n\u201d, dijo en un tuit el periodista Muhammed Lila. \u201cDecir que es enorme o masivo, no es suficiente\u201d.<\/p>\n\n\n\n<p>Ir\u00e1n ha invitado a Canad\u00e1, Ucrania, Estados Unidos y Francia a participar en la investigaci\u00f3n del caso.<br><br>\n<small>2020 voanoticias \u2013 salastampa.eu, afiliada a la red Broadcasting Board of Governors \u00a9 2020 BBG<\/small><\/p>\n","protected":false},"excerpt":{"rendered":"<p>Otawa, 12.01.2020 &#8211; La viceprimera ministra de Canad\u00e1 dijo el domingo que el derribo de un avi\u00f3n ucraniano por parte de las fuerzas iran\u00edes fue una &#8220;tragedia canadiense&#8221; y que la naci\u00f3n &#8220;buscar\u00e1 responsabilidad&#8221; por los eventos.<\/p>\n","protected":false},"author":1,"featured_media":0,"comment_status":"closed","ping_status":"closed","sticky":false,"template":"","format":"standard","meta":{"footnotes":"","_links_to":"","_links_to_target":""},"categories":[9,23,25],"tags":[41],"class_list":["post-86","post","type-post","status-publish","format-standard","hentry","category-america-del-norte","category-politica","category-sociedad","tag-canada","entry","double"],"yoast_head":"<!-- This site is optimized with the Yoast SEO plugin v27.4 - https:\/\/yoast.com\/product\/yoast-seo-wordpress\/ -->\n<title>En Canad\u00e1 lloran las v\u00edctimas de avi\u00f3n derribado por Ir\u00e1n - ElCanillita.Info<\/title>\n<meta name=\"robots\" content=\"index, follow, max-snippet:-1, max-image-preview:large, max-video-preview:-1\" \/>\n<link rel=\"canonical\" href=\"https:\/\/elcanillita.info\/press\/2020\/01\/13\/canada-llora-a-victimas-de-avion-derribado-por-iran\/\" \/>\n<meta property=\"og:locale\" content=\"es_ES\" \/>\n<meta property=\"og:type\" content=\"article\" \/>\n<meta property=\"og:title\" content=\"En Canad\u00e1 lloran las v\u00edctimas de avi\u00f3n derribado por Ir\u00e1n - ElCanillita.Info\" \/>\n<meta property=\"og:description\" content=\"Otawa, 12.01.2020 - La viceprimera ministra de Canad\u00e1 dijo el domingo que el derribo de un avi\u00f3n ucraniano por parte de las fuerzas iran\u00edes fue una &quot;tragedia canadiense&quot; y que la naci\u00f3n &quot;buscar\u00e1 responsabilidad&quot; por los eventos.\" \/>\n<meta property=\"og:url\" content=\"https:\/\/elcanillita.info\/press\/2020\/01\/13\/canada-llora-a-victimas-de-avion-derribado-por-iran\/\" \/>\n<meta property=\"og:site_name\" content=\"ElCanillita.Info\" \/>\n<meta property=\"article:publisher\" content=\"https:\/\/ar-ar.facebook.com\/ElCanillitainfo-114249515285712\/\" \/>\n<meta property=\"article:published_time\" content=\"2020-01-13T11:31:48+00:00\" \/>\n<meta property=\"article:modified_time\" content=\"2020-01-17T10:45:03+00:00\" \/>\n<meta name=\"author\" content=\"SalaStampa.eu, world press service\" \/>\n<meta name=\"twitter:card\" content=\"summary_large_image\" \/>\n<meta name=\"twitter:label1\" content=\"Escrito por\" \/>\n\t<meta name=\"twitter:data1\" content=\"SalaStampa.eu, world press service\" \/>\n\t<meta name=\"twitter:label2\" content=\"Tiempo de lectura\" \/>\n\t<meta name=\"twitter:data2\" content=\"3 minutos\" \/>\n<script type=\"application\/ld+json\" class=\"yoast-schema-graph\">{\"@context\":\"https:\\\/\\\/schema.org\",\"@graph\":[{\"@type\":\"Article\",\"@id\":\"https:\\\/\\\/elcanillita.info\\\/press\\\/2020\\\/01\\\/13\\\/canada-llora-a-victimas-de-avion-derribado-por-iran\\\/#article\",\"isPartOf\":{\"@id\":\"https:\\\/\\\/elcanillita.info\\\/press\\\/2020\\\/01\\\/13\\\/canada-llora-a-victimas-de-avion-derribado-por-iran\\\/\"},\"author\":{\"name\":\"SalaStampa.eu, world press service\",\"@id\":\"https:\\\/\\\/elcanillita.info\\\/press\\\/#\\\/schema\\\/person\\\/7fcb79f38045700919f7da6d97e71ba0\"},\"headline\":\"En Canad\u00e1 lloran las v\u00edctimas de avi\u00f3n derribado por Ir\u00e1n\",\"datePublished\":\"2020-01-13T11:31:48+00:00\",\"dateModified\":\"2020-01-17T10:45:03+00:00\",\"mainEntityOfPage\":{\"@id\":\"https:\\\/\\\/elcanillita.info\\\/press\\\/2020\\\/01\\\/13\\\/canada-llora-a-victimas-de-avion-derribado-por-iran\\\/\"},\"wordCount\":614,\"publisher\":{\"@id\":\"https:\\\/\\\/elcanillita.info\\\/press\\\/#organization\"},\"keywords\":[\"Canad\u00e1\"],\"articleSection\":[\"Am\u00e9rica del Norte\",\"Politica\",\"Sociedad\"],\"inLanguage\":\"es-AR\"},{\"@type\":\"WebPage\",\"@id\":\"https:\\\/\\\/elcanillita.info\\\/press\\\/2020\\\/01\\\/13\\\/canada-llora-a-victimas-de-avion-derribado-por-iran\\\/\",\"url\":\"https:\\\/\\\/elcanillita.info\\\/press\\\/2020\\\/01\\\/13\\\/canada-llora-a-victimas-de-avion-derribado-por-iran\\\/\",\"name\":\"En Canad\u00e1 lloran las v\u00edctimas de avi\u00f3n derribado por Ir\u00e1n - ElCanillita.Info\",\"isPartOf\":{\"@id\":\"https:\\\/\\\/elcanillita.info\\\/press\\\/#website\"},\"datePublished\":\"2020-01-13T11:31:48+00:00\",\"dateModified\":\"2020-01-17T10:45:03+00:00\",\"inLanguage\":\"es-AR\",\"potentialAction\":[{\"@type\":\"ReadAction\",\"target\":[\"https:\\\/\\\/elcanillita.info\\\/press\\\/2020\\\/01\\\/13\\\/canada-llora-a-victimas-de-avion-derribado-por-iran\\\/\"]}]},{\"@type\":\"WebSite\",\"@id\":\"https:\\\/\\\/elcanillita.info\\\/press\\\/#website\",\"url\":\"https:\\\/\\\/elcanillita.info\\\/press\\\/\",\"name\":\"ElCanillita.Info\",\"description\":\"desde los Apeninos a los Andes\",\"publisher\":{\"@id\":\"https:\\\/\\\/elcanillita.info\\\/press\\\/#organization\"},\"potentialAction\":[{\"@type\":\"SearchAction\",\"target\":{\"@type\":\"EntryPoint\",\"urlTemplate\":\"https:\\\/\\\/elcanillita.info\\\/press\\\/?s={search_term_string}\"},\"query-input\":{\"@type\":\"PropertyValueSpecification\",\"valueRequired\":true,\"valueName\":\"search_term_string\"}}],\"inLanguage\":\"es-AR\"},{\"@type\":\"Organization\",\"@id\":\"https:\\\/\\\/elcanillita.info\\\/press\\\/#organization\",\"name\":\"Guzzo Photos & Graphic Publications\",\"url\":\"https:\\\/\\\/elcanillita.info\\\/press\\\/\",\"logo\":{\"@type\":\"ImageObject\",\"inLanguage\":\"es-AR\",\"@id\":\"https:\\\/\\\/elcanillita.info\\\/press\\\/#\\\/schema\\\/logo\\\/image\\\/\",\"url\":\"https:\\\/\\\/elcanillita.info\\\/press\\\/images\\\/2020\\\/01\\\/cropped-cropped-cropped-elcanillitainfo.png\",\"contentUrl\":\"https:\\\/\\\/elcanillita.info\\\/press\\\/images\\\/2020\\\/01\\\/cropped-cropped-cropped-elcanillitainfo.png\",\"width\":460,\"height\":50,\"caption\":\"Guzzo Photos & Graphic Publications\"},\"image\":{\"@id\":\"https:\\\/\\\/elcanillita.info\\\/press\\\/#\\\/schema\\\/logo\\\/image\\\/\"},\"sameAs\":[\"https:\\\/\\\/ar-ar.facebook.com\\\/ElCanillitainfo-114249515285712\\\/\"]},{\"@type\":\"Person\",\"@id\":\"https:\\\/\\\/elcanillita.info\\\/press\\\/#\\\/schema\\\/person\\\/7fcb79f38045700919f7da6d97e71ba0\",\"name\":\"SalaStampa.eu, world press service\",\"image\":{\"@type\":\"ImageObject\",\"inLanguage\":\"es-AR\",\"@id\":\"https:\\\/\\\/secure.gravatar.com\\\/avatar\\\/c2f0e0d515a107624234994507816ca4724c7199cef73fc8bedebf6931d73888?s=96&d=mm&r=g\",\"url\":\"https:\\\/\\\/secure.gravatar.com\\\/avatar\\\/c2f0e0d515a107624234994507816ca4724c7199cef73fc8bedebf6931d73888?s=96&d=mm&r=g\",\"contentUrl\":\"https:\\\/\\\/secure.gravatar.com\\\/avatar\\\/c2f0e0d515a107624234994507816ca4724c7199cef73fc8bedebf6931d73888?s=96&d=mm&r=g\",\"caption\":\"SalaStampa.eu, world press service\"}}]}<\/script>\n<!-- \/ Yoast SEO plugin. -->","yoast_head_json":{"title":"En Canad\u00e1 lloran las v\u00edctimas de avi\u00f3n derribado por Ir\u00e1n - ElCanillita.Info","robots":{"index":"index","follow":"follow","max-snippet":"max-snippet:-1","max-image-preview":"max-image-preview:large","max-video-preview":"max-video-preview:-1"},"canonical":"https:\/\/elcanillita.info\/press\/2020\/01\/13\/canada-llora-a-victimas-de-avion-derribado-por-iran\/","og_locale":"es_ES","og_type":"article","og_title":"En Canad\u00e1 lloran las v\u00edctimas de avi\u00f3n derribado por Ir\u00e1n - ElCanillita.Info","og_description":"Otawa, 12.01.2020 - La viceprimera ministra de Canad\u00e1 dijo el domingo que el derribo de un avi\u00f3n ucraniano por parte de las fuerzas iran\u00edes fue una \"tragedia canadiense\" y que la naci\u00f3n \"buscar\u00e1 responsabilidad\" por los eventos.","og_url":"https:\/\/elcanillita.info\/press\/2020\/01\/13\/canada-llora-a-victimas-de-avion-derribado-por-iran\/","og_site_name":"ElCanillita.Info","article_publisher":"https:\/\/ar-ar.facebook.com\/ElCanillitainfo-114249515285712\/","article_published_time":"2020-01-13T11:31:48+00:00","article_modified_time":"2020-01-17T10:45:03+00:00","author":"SalaStampa.eu, world press service","twitter_card":"summary_large_image","twitter_misc":{"Escrito por":"SalaStampa.eu, world press service","Tiempo de lectura":"3 minutos"},"schema":{"@context":"https:\/\/schema.org","@graph":[{"@type":"Article","@id":"https:\/\/elcanillita.info\/press\/2020\/01\/13\/canada-llora-a-victimas-de-avion-derribado-por-iran\/#article","isPartOf":{"@id":"https:\/\/elcanillita.info\/press\/2020\/01\/13\/canada-llora-a-victimas-de-avion-derribado-por-iran\/"},"author":{"name":"SalaStampa.eu, world press service","@id":"https:\/\/elcanillita.info\/press\/#\/schema\/person\/7fcb79f38045700919f7da6d97e71ba0"},"headline":"En Canad\u00e1 lloran las v\u00edctimas de avi\u00f3n derribado por Ir\u00e1n","datePublished":"2020-01-13T11:31:48+00:00","dateModified":"2020-01-17T10:45:03+00:00","mainEntityOfPage":{"@id":"https:\/\/elcanillita.info\/press\/2020\/01\/13\/canada-llora-a-victimas-de-avion-derribado-por-iran\/"},"wordCount":614,"publisher":{"@id":"https:\/\/elcanillita.info\/press\/#organization"},"keywords":["Canad\u00e1"],"articleSection":["Am\u00e9rica del Norte","Politica","Sociedad"],"inLanguage":"es-AR"},{"@type":"WebPage","@id":"https:\/\/elcanillita.info\/press\/2020\/01\/13\/canada-llora-a-victimas-de-avion-derribado-por-iran\/","url":"https:\/\/elcanillita.info\/press\/2020\/01\/13\/canada-llora-a-victimas-de-avion-derribado-por-iran\/","name":"En Canad\u00e1 lloran las v\u00edctimas de avi\u00f3n derribado por Ir\u00e1n - ElCanillita.Info","isPartOf":{"@id":"https:\/\/elcanillita.info\/press\/#website"},"datePublished":"2020-01-13T11:31:48+00:00","dateModified":"2020-01-17T10:45:03+00:00","inLanguage":"es-AR","potentialAction":[{"@type":"ReadAction","target":["https:\/\/elcanillita.info\/press\/2020\/01\/13\/canada-llora-a-victimas-de-avion-derribado-por-iran\/"]}]},{"@type":"WebSite","@id":"https:\/\/elcanillita.info\/press\/#website","url":"https:\/\/elcanillita.info\/press\/","name":"ElCanillita.Info","description":"desde los Apeninos a los Andes","publisher":{"@id":"https:\/\/elcanillita.info\/press\/#organization"},"potentialAction":[{"@type":"SearchAction","target":{"@type":"EntryPoint","urlTemplate":"https:\/\/elcanillita.info\/press\/?s={search_term_string}"},"query-input":{"@type":"PropertyValueSpecification","valueRequired":true,"valueName":"search_term_string"}}],"inLanguage":"es-AR"},{"@type":"Organization","@id":"https:\/\/elcanillita.info\/press\/#organization","name":"Guzzo Photos & Graphic Publications","url":"https:\/\/elcanillita.info\/press\/","logo":{"@type":"ImageObject","inLanguage":"es-AR","@id":"https:\/\/elcanillita.info\/press\/#\/schema\/logo\/image\/","url":"https:\/\/elcanillita.info\/press\/images\/2020\/01\/cropped-cropped-cropped-elcanillitainfo.png","contentUrl":"https:\/\/elcanillita.info\/press\/images\/2020\/01\/cropped-cropped-cropped-elcanillitainfo.png","width":460,"height":50,"caption":"Guzzo Photos & Graphic Publications"},"image":{"@id":"https:\/\/elcanillita.info\/press\/#\/schema\/logo\/image\/"},"sameAs":["https:\/\/ar-ar.facebook.com\/ElCanillitainfo-114249515285712\/"]},{"@type":"Person","@id":"https:\/\/elcanillita.info\/press\/#\/schema\/person\/7fcb79f38045700919f7da6d97e71ba0","name":"SalaStampa.eu, world press service","image":{"@type":"ImageObject","inLanguage":"es-AR","@id":"https:\/\/secure.gravatar.com\/avatar\/c2f0e0d515a107624234994507816ca4724c7199cef73fc8bedebf6931d73888?s=96&d=mm&r=g","url":"https:\/\/secure.gravatar.com\/avatar\/c2f0e0d515a107624234994507816ca4724c7199cef73fc8bedebf6931d73888?s=96&d=mm&r=g","contentUrl":"https:\/\/secure.gravatar.com\/avatar\/c2f0e0d515a107624234994507816ca4724c7199cef73fc8bedebf6931d73888?s=96&d=mm&r=g","caption":"SalaStampa.eu, world press service"}}]}},"views":773,"_links":{"self":[{"href":"https:\/\/elcanillita.info\/press\/wp-json\/wp\/v2\/posts\/86","targetHints":{"allow":["GET"]}}],"collection":[{"href":"https:\/\/elcanillita.info\/press\/wp-json\/wp\/v2\/posts"}],"about":[{"href":"https:\/\/elcanillita.info\/press\/wp-json\/wp\/v2\/types\/post"}],"author":[{"embeddable":true,"href":"https:\/\/elcanillita.info\/press\/wp-json\/wp\/v2\/users\/1"}],"replies":[{"embeddable":true,"href":"https:\/\/elcanillita.info\/press\/wp-json\/wp\/v2\/comments?post=86"}],"version-history":[{"count":0,"href":"https:\/\/elcanillita.info\/press\/wp-json\/wp\/v2\/posts\/86\/revisions"}],"wp:attachment":[{"href":"https:\/\/elcanillita.info\/press\/wp-json\/wp\/v2\/media?parent=86"}],"wp:term":[{"taxonomy":"category","embeddable":true,"href":"https:\/\/elcanillita.info\/press\/wp-json\/wp\/v2\/categories?post=86"},{"taxonomy":"post_tag","embeddable":true,"href":"https:\/\/elcanillita.info\/press\/wp-json\/wp\/v2\/tags?post=86"}],"curies":[{"name":"wp","href":"https:\/\/api.w.org\/{rel}","templated":true}]}}