{"id":85,"date":"2020-01-13T08:17:09","date_gmt":"2020-01-13T11:17:09","guid":{"rendered":"https:\/\/elcanillita.info\/press\/?p=85"},"modified":"2020-01-31T13:22:30","modified_gmt":"2020-01-31T16:22:30","slug":"embajador-britanico-en-iran-brevemente-detenido-durante-vigilia-por-victimas-de-avion-derribado","status":"publish","type":"post","link":"https:\/\/elcanillita.info\/press\/2020\/01\/13\/embajador-britanico-en-iran-brevemente-detenido-durante-vigilia-por-victimas-de-avion-derribado\/","title":{"rendered":"Embajador brit\u00e1nico en Ir\u00e1n brevemente detenido durante vigilia por v\u00edctimas de avi\u00f3n derribado"},"content":{"rendered":"\n<p>Londres, 12.01.2020 &#8211; El embajador de Gran Breta\u00f1a en Teher\u00e1n dijo que fue detenido brevemente por las autoridades iran\u00edes mientras asist\u00eda a una vigilia por las v\u00edctimas del accidente de un avi\u00f3n de pasajeros ucraniano la semana pasada.<\/p>\n\n\n\n<p>La agencia de noticias iran\u00ed Mehr dijo que Rob Macaire fue arrestado el s\u00e1bado por su presunta &#8220;participaci\u00f3n en provocar actos sospechosos&#8221; en la reuni\u00f3n frente a la Universidad Amir Kabir de Teher\u00e1n.<\/p>\n\n\n\n<p>Iran\u00edes participan en una vigila por las v\u00edctimas del derribo de un avi\u00f3n de pasajeros ucraniano, Ir\u00e1n, el s\u00e1bado 11 de enero de 2020. La vigilia se llev\u00f3 a cabo en la entrada de la Universidad Amri Kabir en Teher\u00e1n (AP Foto\/Ebrahim Noroozi)<\/p>\n\n\n\n<p>Los estudiantes celebraron una reuni\u00f3n en la escuela despu\u00e9s de que Ir\u00e1n dijo que el avi\u00f3n ucraniano fue derribado por error por misiles antia\u00e9reos iran\u00edes.<\/p>\n\n\n\n<p>En una publicaci\u00f3n en Twitter el domingo, Macaire dijo que asisti\u00f3 al evento para presentar sus respetos a las v\u00edctimas y que no asist\u00eda a ninguna manifestaci\u00f3n.<br><br> &#8220;Gracias por los muchos mensajes de buena voluntad. \u00a1Puedo confirmar que no particip\u00e9 en ninguna manifestaci\u00f3n! Fui a un evento anunciado como una vigilia para las v\u00edctimas de la tragedia # PS752. Es normal querer rendir homenaje, algunas de las v\u00edctimas eran brit\u00e1nicas. Me fui despu\u00e9s de 5 minutos, cuando algunos comenzaron a gritar consignas&#8221;.<\/p>\n\n\n\n<p>El Ministerio de Relaciones Exteriores brit\u00e1nico calific\u00f3 la detenci\u00f3n de Macaire como &#8220;una violaci\u00f3n flagrante del derecho internacional&#8221;.<\/p>\n\n\n\n<p>&#8220;El gobierno iran\u00ed est\u00e1 en una encrucijada. Puede continuar su marcha hacia el estatus de paria con todo el aislamiento pol\u00edtico y econ\u00f3mico que conlleva o tomar medidas para reducir las tensiones y emprender un camino diplom\u00e1tico hacia adelante&#8221;, dijo el ministerio.<\/p>\n\n\n\n<p>Los funcionarios iran\u00edes no hicieron ninguna declaraci\u00f3n inmediata sobre el incidente.<\/p>\n\n\n\n<p>Las protestas contin\u00faan este domingo, en medio de un despliegue de fuerzas antimotines de la capital iran\u00ed, en una plaza de la Universidad de Teher\u00e1n y en otros lugares emblem\u00e1ticos.<br><br>\n<small>2020 voanoticias \u2013 salastampa.eu, afiliada a la red Broadcasting Board of Governors \u00a9 2020 BBG<\/small><\/p>\n","protected":false},"excerpt":{"rendered":"<p>Londres, 12.01.2020 &#8211; El embajador de Gran Breta\u00f1a en Teher\u00e1n dijo que fue detenido brevemente por las autoridades iran\u00edes mientras asist\u00eda a una vigilia por las v\u00edctimas del accidente de un avi\u00f3n de pasajeros ucraniano la semana pasada.<\/p>\n","protected":false},"author":1,"featured_media":0,"comment_status":"closed","ping_status":"closed","sticky":false,"template":"","format":"standard","meta":{"footnotes":"","_links_to":"","_links_to_target":""},"categories":[5,23],"tags":[58],"class_list":["post-85","post","type-post","status-publish","format-standard","hentry","category-europa","category-politica","tag-reino-unido","entry","double"],"yoast_head":"<!-- This site is optimized with the Yoast SEO plugin v27.4 - https:\/\/yoast.com\/product\/yoast-seo-wordpress\/ -->\n<title>Embajador brit\u00e1nico en Ir\u00e1n brevemente detenido durante vigilia por v\u00edctimas de avi\u00f3n derribado - ElCanillita.Info<\/title>\n<meta name=\"robots\" content=\"index, follow, max-snippet:-1, max-image-preview:large, max-video-preview:-1\" \/>\n<link rel=\"canonical\" href=\"https:\/\/elcanillita.info\/press\/2020\/01\/13\/embajador-britanico-en-iran-brevemente-detenido-durante-vigilia-por-victimas-de-avion-derribado\/\" \/>\n<meta property=\"og:locale\" content=\"es_ES\" \/>\n<meta property=\"og:type\" content=\"article\" \/>\n<meta property=\"og:title\" content=\"Embajador brit\u00e1nico en Ir\u00e1n brevemente detenido durante vigilia por v\u00edctimas de avi\u00f3n derribado - ElCanillita.Info\" \/>\n<meta property=\"og:description\" content=\"Londres, 12.01.2020 - El embajador de Gran Breta\u00f1a en Teher\u00e1n dijo que fue detenido brevemente por las autoridades iran\u00edes mientras asist\u00eda a una vigilia por las v\u00edctimas del accidente de un avi\u00f3n de pasajeros ucraniano la semana pasada.\" \/>\n<meta property=\"og:url\" content=\"https:\/\/elcanillita.info\/press\/2020\/01\/13\/embajador-britanico-en-iran-brevemente-detenido-durante-vigilia-por-victimas-de-avion-derribado\/\" \/>\n<meta property=\"og:site_name\" content=\"ElCanillita.Info\" \/>\n<meta property=\"article:publisher\" content=\"https:\/\/ar-ar.facebook.com\/ElCanillitainfo-114249515285712\/\" \/>\n<meta property=\"article:published_time\" content=\"2020-01-13T11:17:09+00:00\" \/>\n<meta property=\"article:modified_time\" content=\"2020-01-31T16:22:30+00:00\" \/>\n<meta name=\"author\" content=\"SalaStampa.eu, world press service\" \/>\n<meta name=\"twitter:card\" content=\"summary_large_image\" \/>\n<meta name=\"twitter:label1\" content=\"Escrito por\" \/>\n\t<meta name=\"twitter:data1\" content=\"SalaStampa.eu, world press service\" \/>\n\t<meta name=\"twitter:label2\" content=\"Tiempo de lectura\" \/>\n\t<meta name=\"twitter:data2\" content=\"2 minutos\" \/>\n<script type=\"application\/ld+json\" class=\"yoast-schema-graph\">{\"@context\":\"https:\\\/\\\/schema.org\",\"@graph\":[{\"@type\":\"Article\",\"@id\":\"https:\\\/\\\/elcanillita.info\\\/press\\\/2020\\\/01\\\/13\\\/embajador-britanico-en-iran-brevemente-detenido-durante-vigilia-por-victimas-de-avion-derribado\\\/#article\",\"isPartOf\":{\"@id\":\"https:\\\/\\\/elcanillita.info\\\/press\\\/2020\\\/01\\\/13\\\/embajador-britanico-en-iran-brevemente-detenido-durante-vigilia-por-victimas-de-avion-derribado\\\/\"},\"author\":{\"name\":\"SalaStampa.eu, world press service\",\"@id\":\"https:\\\/\\\/elcanillita.info\\\/press\\\/#\\\/schema\\\/person\\\/7fcb79f38045700919f7da6d97e71ba0\"},\"headline\":\"Embajador brit\u00e1nico en Ir\u00e1n brevemente detenido durante vigilia por v\u00edctimas de avi\u00f3n derribado\",\"datePublished\":\"2020-01-13T11:17:09+00:00\",\"dateModified\":\"2020-01-31T16:22:30+00:00\",\"mainEntityOfPage\":{\"@id\":\"https:\\\/\\\/elcanillita.info\\\/press\\\/2020\\\/01\\\/13\\\/embajador-britanico-en-iran-brevemente-detenido-durante-vigilia-por-victimas-de-avion-derribado\\\/\"},\"wordCount\":389,\"publisher\":{\"@id\":\"https:\\\/\\\/elcanillita.info\\\/press\\\/#organization\"},\"keywords\":[\"Reino Unido\"],\"articleSection\":[\"Europa\",\"Politica\"],\"inLanguage\":\"es-AR\"},{\"@type\":\"WebPage\",\"@id\":\"https:\\\/\\\/elcanillita.info\\\/press\\\/2020\\\/01\\\/13\\\/embajador-britanico-en-iran-brevemente-detenido-durante-vigilia-por-victimas-de-avion-derribado\\\/\",\"url\":\"https:\\\/\\\/elcanillita.info\\\/press\\\/2020\\\/01\\\/13\\\/embajador-britanico-en-iran-brevemente-detenido-durante-vigilia-por-victimas-de-avion-derribado\\\/\",\"name\":\"Embajador brit\u00e1nico en Ir\u00e1n brevemente detenido durante vigilia por v\u00edctimas de avi\u00f3n derribado - ElCanillita.Info\",\"isPartOf\":{\"@id\":\"https:\\\/\\\/elcanillita.info\\\/press\\\/#website\"},\"datePublished\":\"2020-01-13T11:17:09+00:00\",\"dateModified\":\"2020-01-31T16:22:30+00:00\",\"inLanguage\":\"es-AR\",\"potentialAction\":[{\"@type\":\"ReadAction\",\"target\":[\"https:\\\/\\\/elcanillita.info\\\/press\\\/2020\\\/01\\\/13\\\/embajador-britanico-en-iran-brevemente-detenido-durante-vigilia-por-victimas-de-avion-derribado\\\/\"]}]},{\"@type\":\"WebSite\",\"@id\":\"https:\\\/\\\/elcanillita.info\\\/press\\\/#website\",\"url\":\"https:\\\/\\\/elcanillita.info\\\/press\\\/\",\"name\":\"ElCanillita.Info\",\"description\":\"desde los Apeninos a los Andes\",\"publisher\":{\"@id\":\"https:\\\/\\\/elcanillita.info\\\/press\\\/#organization\"},\"potentialAction\":[{\"@type\":\"SearchAction\",\"target\":{\"@type\":\"EntryPoint\",\"urlTemplate\":\"https:\\\/\\\/elcanillita.info\\\/press\\\/?s={search_term_string}\"},\"query-input\":{\"@type\":\"PropertyValueSpecification\",\"valueRequired\":true,\"valueName\":\"search_term_string\"}}],\"inLanguage\":\"es-AR\"},{\"@type\":\"Organization\",\"@id\":\"https:\\\/\\\/elcanillita.info\\\/press\\\/#organization\",\"name\":\"Guzzo Photos & Graphic Publications\",\"url\":\"https:\\\/\\\/elcanillita.info\\\/press\\\/\",\"logo\":{\"@type\":\"ImageObject\",\"inLanguage\":\"es-AR\",\"@id\":\"https:\\\/\\\/elcanillita.info\\\/press\\\/#\\\/schema\\\/logo\\\/image\\\/\",\"url\":\"https:\\\/\\\/elcanillita.info\\\/press\\\/images\\\/2020\\\/01\\\/cropped-cropped-cropped-elcanillitainfo.png\",\"contentUrl\":\"https:\\\/\\\/elcanillita.info\\\/press\\\/images\\\/2020\\\/01\\\/cropped-cropped-cropped-elcanillitainfo.png\",\"width\":460,\"height\":50,\"caption\":\"Guzzo Photos & Graphic Publications\"},\"image\":{\"@id\":\"https:\\\/\\\/elcanillita.info\\\/press\\\/#\\\/schema\\\/logo\\\/image\\\/\"},\"sameAs\":[\"https:\\\/\\\/ar-ar.facebook.com\\\/ElCanillitainfo-114249515285712\\\/\"]},{\"@type\":\"Person\",\"@id\":\"https:\\\/\\\/elcanillita.info\\\/press\\\/#\\\/schema\\\/person\\\/7fcb79f38045700919f7da6d97e71ba0\",\"name\":\"SalaStampa.eu, world press service\",\"image\":{\"@type\":\"ImageObject\",\"inLanguage\":\"es-AR\",\"@id\":\"https:\\\/\\\/secure.gravatar.com\\\/avatar\\\/c2f0e0d515a107624234994507816ca4724c7199cef73fc8bedebf6931d73888?s=96&d=mm&r=g\",\"url\":\"https:\\\/\\\/secure.gravatar.com\\\/avatar\\\/c2f0e0d515a107624234994507816ca4724c7199cef73fc8bedebf6931d73888?s=96&d=mm&r=g\",\"contentUrl\":\"https:\\\/\\\/secure.gravatar.com\\\/avatar\\\/c2f0e0d515a107624234994507816ca4724c7199cef73fc8bedebf6931d73888?s=96&d=mm&r=g\",\"caption\":\"SalaStampa.eu, world press service\"}}]}<\/script>\n<!-- \/ Yoast SEO plugin. -->","yoast_head_json":{"title":"Embajador brit\u00e1nico en Ir\u00e1n brevemente detenido durante vigilia por v\u00edctimas de avi\u00f3n derribado - ElCanillita.Info","robots":{"index":"index","follow":"follow","max-snippet":"max-snippet:-1","max-image-preview":"max-image-preview:large","max-video-preview":"max-video-preview:-1"},"canonical":"https:\/\/elcanillita.info\/press\/2020\/01\/13\/embajador-britanico-en-iran-brevemente-detenido-durante-vigilia-por-victimas-de-avion-derribado\/","og_locale":"es_ES","og_type":"article","og_title":"Embajador brit\u00e1nico en Ir\u00e1n brevemente detenido durante vigilia por v\u00edctimas de avi\u00f3n derribado - ElCanillita.Info","og_description":"Londres, 12.01.2020 - El embajador de Gran Breta\u00f1a en Teher\u00e1n dijo que fue detenido brevemente por las autoridades iran\u00edes mientras asist\u00eda a una vigilia por las v\u00edctimas del accidente de un avi\u00f3n de pasajeros ucraniano la semana pasada.","og_url":"https:\/\/elcanillita.info\/press\/2020\/01\/13\/embajador-britanico-en-iran-brevemente-detenido-durante-vigilia-por-victimas-de-avion-derribado\/","og_site_name":"ElCanillita.Info","article_publisher":"https:\/\/ar-ar.facebook.com\/ElCanillitainfo-114249515285712\/","article_published_time":"2020-01-13T11:17:09+00:00","article_modified_time":"2020-01-31T16:22:30+00:00","author":"SalaStampa.eu, world press service","twitter_card":"summary_large_image","twitter_misc":{"Escrito por":"SalaStampa.eu, world press service","Tiempo de lectura":"2 minutos"},"schema":{"@context":"https:\/\/schema.org","@graph":[{"@type":"Article","@id":"https:\/\/elcanillita.info\/press\/2020\/01\/13\/embajador-britanico-en-iran-brevemente-detenido-durante-vigilia-por-victimas-de-avion-derribado\/#article","isPartOf":{"@id":"https:\/\/elcanillita.info\/press\/2020\/01\/13\/embajador-britanico-en-iran-brevemente-detenido-durante-vigilia-por-victimas-de-avion-derribado\/"},"author":{"name":"SalaStampa.eu, world press service","@id":"https:\/\/elcanillita.info\/press\/#\/schema\/person\/7fcb79f38045700919f7da6d97e71ba0"},"headline":"Embajador brit\u00e1nico en Ir\u00e1n brevemente detenido durante vigilia por v\u00edctimas de avi\u00f3n derribado","datePublished":"2020-01-13T11:17:09+00:00","dateModified":"2020-01-31T16:22:30+00:00","mainEntityOfPage":{"@id":"https:\/\/elcanillita.info\/press\/2020\/01\/13\/embajador-britanico-en-iran-brevemente-detenido-durante-vigilia-por-victimas-de-avion-derribado\/"},"wordCount":389,"publisher":{"@id":"https:\/\/elcanillita.info\/press\/#organization"},"keywords":["Reino Unido"],"articleSection":["Europa","Politica"],"inLanguage":"es-AR"},{"@type":"WebPage","@id":"https:\/\/elcanillita.info\/press\/2020\/01\/13\/embajador-britanico-en-iran-brevemente-detenido-durante-vigilia-por-victimas-de-avion-derribado\/","url":"https:\/\/elcanillita.info\/press\/2020\/01\/13\/embajador-britanico-en-iran-brevemente-detenido-durante-vigilia-por-victimas-de-avion-derribado\/","name":"Embajador brit\u00e1nico en Ir\u00e1n brevemente detenido durante vigilia por v\u00edctimas de avi\u00f3n derribado - ElCanillita.Info","isPartOf":{"@id":"https:\/\/elcanillita.info\/press\/#website"},"datePublished":"2020-01-13T11:17:09+00:00","dateModified":"2020-01-31T16:22:30+00:00","inLanguage":"es-AR","potentialAction":[{"@type":"ReadAction","target":["https:\/\/elcanillita.info\/press\/2020\/01\/13\/embajador-britanico-en-iran-brevemente-detenido-durante-vigilia-por-victimas-de-avion-derribado\/"]}]},{"@type":"WebSite","@id":"https:\/\/elcanillita.info\/press\/#website","url":"https:\/\/elcanillita.info\/press\/","name":"ElCanillita.Info","description":"desde los Apeninos a los Andes","publisher":{"@id":"https:\/\/elcanillita.info\/press\/#organization"},"potentialAction":[{"@type":"SearchAction","target":{"@type":"EntryPoint","urlTemplate":"https:\/\/elcanillita.info\/press\/?s={search_term_string}"},"query-input":{"@type":"PropertyValueSpecification","valueRequired":true,"valueName":"search_term_string"}}],"inLanguage":"es-AR"},{"@type":"Organization","@id":"https:\/\/elcanillita.info\/press\/#organization","name":"Guzzo Photos & Graphic Publications","url":"https:\/\/elcanillita.info\/press\/","logo":{"@type":"ImageObject","inLanguage":"es-AR","@id":"https:\/\/elcanillita.info\/press\/#\/schema\/logo\/image\/","url":"https:\/\/elcanillita.info\/press\/images\/2020\/01\/cropped-cropped-cropped-elcanillitainfo.png","contentUrl":"https:\/\/elcanillita.info\/press\/images\/2020\/01\/cropped-cropped-cropped-elcanillitainfo.png","width":460,"height":50,"caption":"Guzzo Photos & Graphic Publications"},"image":{"@id":"https:\/\/elcanillita.info\/press\/#\/schema\/logo\/image\/"},"sameAs":["https:\/\/ar-ar.facebook.com\/ElCanillitainfo-114249515285712\/"]},{"@type":"Person","@id":"https:\/\/elcanillita.info\/press\/#\/schema\/person\/7fcb79f38045700919f7da6d97e71ba0","name":"SalaStampa.eu, world press service","image":{"@type":"ImageObject","inLanguage":"es-AR","@id":"https:\/\/secure.gravatar.com\/avatar\/c2f0e0d515a107624234994507816ca4724c7199cef73fc8bedebf6931d73888?s=96&d=mm&r=g","url":"https:\/\/secure.gravatar.com\/avatar\/c2f0e0d515a107624234994507816ca4724c7199cef73fc8bedebf6931d73888?s=96&d=mm&r=g","contentUrl":"https:\/\/secure.gravatar.com\/avatar\/c2f0e0d515a107624234994507816ca4724c7199cef73fc8bedebf6931d73888?s=96&d=mm&r=g","caption":"SalaStampa.eu, world press service"}}]}},"views":747,"_links":{"self":[{"href":"https:\/\/elcanillita.info\/press\/wp-json\/wp\/v2\/posts\/85","targetHints":{"allow":["GET"]}}],"collection":[{"href":"https:\/\/elcanillita.info\/press\/wp-json\/wp\/v2\/posts"}],"about":[{"href":"https:\/\/elcanillita.info\/press\/wp-json\/wp\/v2\/types\/post"}],"author":[{"embeddable":true,"href":"https:\/\/elcanillita.info\/press\/wp-json\/wp\/v2\/users\/1"}],"replies":[{"embeddable":true,"href":"https:\/\/elcanillita.info\/press\/wp-json\/wp\/v2\/comments?post=85"}],"version-history":[{"count":0,"href":"https:\/\/elcanillita.info\/press\/wp-json\/wp\/v2\/posts\/85\/revisions"}],"wp:attachment":[{"href":"https:\/\/elcanillita.info\/press\/wp-json\/wp\/v2\/media?parent=85"}],"wp:term":[{"taxonomy":"category","embeddable":true,"href":"https:\/\/elcanillita.info\/press\/wp-json\/wp\/v2\/categories?post=85"},{"taxonomy":"post_tag","embeddable":true,"href":"https:\/\/elcanillita.info\/press\/wp-json\/wp\/v2\/tags?post=85"}],"curies":[{"name":"wp","href":"https:\/\/api.w.org\/{rel}","templated":true}]}}