{"id":849,"date":"2020-07-02T04:40:53","date_gmt":"2020-07-02T07:40:53","guid":{"rendered":"https:\/\/elcanillita.info\/press\/?p=849"},"modified":"2020-07-02T15:54:47","modified_gmt":"2020-07-02T18:54:47","slug":"manifestaciones-de-protesta-en-jartum","status":"publish","type":"post","link":"https:\/\/elcanillita.info\/press\/2020\/07\/02\/manifestaciones-de-protesta-en-jartum\/","title":{"rendered":"Manifestaciones de Protesta en Jartum"},"content":{"rendered":"\n<p><img decoding=\"async\" src=\"https:\/\/elcanillita.info\/press\/images\/2020\/07\/Jartum 2020-07-02 at 09.28.41.jpeg\"><br><small>Manifestaciones masivas en Jartum, la capital sudanesa.  El Comit\u00e9 de M\u00e9dicos de Sud\u00e1n publica detalles de lo que sucedi\u00f3 en las manifestaciones &#8211;   \u00a9 2020 SalaStampa.Eu &#8211; USAGM \/ VOA<\/small><br><br> Jartum, 02.07.2020 &#8211; El Comit\u00e9 de M\u00e9dicos de Sud\u00e1n anunci\u00f3 el mi\u00e9rcoles que docenas de manifestantes resultaron heridos, incluidos cuatro por fuego de balas, el pasado martes, en la manifestaci\u00f3n convocada por este organismo con otras partes en Jartum y otras ciudades.<\/p>\n\n\n\n<p>El comit\u00e9 dijo en un informe publicado el mi\u00e9rcoles por la ma\u00f1ana que cuatro manifestantes resultaron heridos con balas. \u00c9ste es el informe &#8220;44 lesiones en la cabeza de diversa gravedad, algunas debido a latas de gases lacrim\u00f3genos, docenas de lesiones como resultado de golpes y numerosos casos de asfixia causados por el uso de gases lacrim\u00f3genos&#8221;.<\/p>\n\n\n\n<p>Decenas de miles de sudaneses se manifestaron en la capital, Jartum y otras ciudades el martes, para exigir paz y justicia, dos de los objetivos de la revoluci\u00f3n que tuvo lugar hace un a\u00f1o y medio y que derroc\u00f3 al presidente Omar al-Bashir despu\u00e9s de haber regido por treinta a\u00f1os.<\/p>\n\n\n\n<p>La polic\u00eda lanz\u00f3 gases lacrim\u00f3genos para evitar que los manifestantes cruzaran un puente que une la capital, Jartum, con la ciudad de Omdurman. A otros se les impidi\u00f3 ingresar a la calle del aeropuerto de Jartum, cerca del cuartel general del ej\u00e9rcito.<\/p>\n\n\n\n<p>El gobierno anunci\u00f3 la formaci\u00f3n de una comisi\u00f3n para investigar la violencia.<\/p>\n\n\n\n<p>Faisal Muhammad Salih, portavoz del gobierno y ministro de Cultura e Informaci\u00f3n, dijo en un comunicado el martes por la noche que los manifestantes, cuyo n\u00famero no se ha determinado, fueron heridos.<\/p>\n\n\n\n<p>El Comit\u00e9 Central de M\u00e9dicos fue uno de los componentes de la reuni\u00f3n de profesionales que convoc\u00f3 a la manifestaci\u00f3n, y el martes anunci\u00f3 que uno de los manifestantes fue asesinado por una bala, sin especificar qui\u00e9n dispar\u00f3.<\/p>\n\n\n\n<p>El ej\u00e9rcito sudan\u00e9s derroc\u00f3 a Bashir en abril de 2019 despu\u00e9s de meses de protestas populares.<\/p>\n\n\n\n<p>El gobierno sudan\u00e9s, compuesto por soldados y civiles, asumi\u00f3 el poder en el verano de 2019 por un per\u00edodo de transici\u00f3n de tres a\u00f1os, despu\u00e9s de arduas negociaciones con los manifestantes, puntuado por un proceso sangriento para romper una llamada a la democracia.<br><br><small>Guzzo Photos &amp; Graphic Publications \u00a9 2020 SalaStampa.Eu  affiliata a USAGM \/ VOA<\/small><\/p>\n\n\n\n<p><\/p>\n","protected":false},"excerpt":{"rendered":"<p>Jartum, 02.07.2020 &#8211; El Comit\u00e9 de M\u00e9dicos de Sud\u00e1n anunci\u00f3 el mi\u00e9rcoles que docenas de manifestantes resultaron heridos, incluidos cuatro por fuego de balas, el pasado martes en la manifestaci\u00f3n convocada por este organismo con otras partes en la capital, Jartum y otras ciudades.<\/p>\n","protected":false},"author":1,"featured_media":850,"comment_status":"closed","ping_status":"closed","sticky":false,"template":"","format":"standard","meta":{"footnotes":"","_links_to":"","_links_to_target":""},"categories":[70,15,23,25],"tags":[],"class_list":["post-849","post","type-post","status-publish","format-standard","has-post-thumbnail","hentry","category-actualidad","category-medio-oriente","category-politica","category-sociedad","entry","double"],"yoast_head":"<!-- This site is optimized with the Yoast SEO plugin v27.5 - https:\/\/yoast.com\/product\/yoast-seo-wordpress\/ -->\n<title>Manifestaciones de Protesta en Jartum - ElCanillita.Info<\/title>\n<meta name=\"robots\" content=\"index, follow, max-snippet:-1, max-image-preview:large, max-video-preview:-1\" \/>\n<link rel=\"canonical\" href=\"https:\/\/elcanillita.info\/press\/2020\/07\/02\/manifestaciones-de-protesta-en-jartum\/\" \/>\n<meta property=\"og:locale\" content=\"es_ES\" \/>\n<meta property=\"og:type\" content=\"article\" \/>\n<meta property=\"og:title\" content=\"Manifestaciones de Protesta en Jartum - ElCanillita.Info\" \/>\n<meta property=\"og:description\" content=\"Jartum, 02.07.2020 - El Comit\u00e9 de M\u00e9dicos de Sud\u00e1n anunci\u00f3 el mi\u00e9rcoles que docenas de manifestantes resultaron heridos, incluidos cuatro por fuego de balas, el pasado martes en la manifestaci\u00f3n convocada por este organismo con otras partes en la capital, Jartum y otras ciudades.\" \/>\n<meta property=\"og:url\" content=\"https:\/\/elcanillita.info\/press\/2020\/07\/02\/manifestaciones-de-protesta-en-jartum\/\" \/>\n<meta property=\"og:site_name\" content=\"ElCanillita.Info\" \/>\n<meta property=\"article:publisher\" content=\"https:\/\/ar-ar.facebook.com\/ElCanillitainfo-114249515285712\/\" \/>\n<meta property=\"article:published_time\" content=\"2020-07-02T07:40:53+00:00\" \/>\n<meta property=\"article:modified_time\" content=\"2020-07-02T18:54:47+00:00\" \/>\n<meta property=\"og:image\" content=\"https:\/\/elcanillita.info\/press\/images\/2020\/07\/Jartum-2020-07-02-at-09.28.41.jpeg\" \/>\n\t<meta property=\"og:image:width\" content=\"600\" \/>\n\t<meta property=\"og:image:height\" content=\"384\" \/>\n\t<meta property=\"og:image:type\" content=\"image\/jpeg\" \/>\n<meta name=\"author\" content=\"SalaStampa.eu, world press service\" \/>\n<meta name=\"twitter:card\" content=\"summary_large_image\" \/>\n<meta name=\"twitter:label1\" content=\"Escrito por\" \/>\n\t<meta name=\"twitter:data1\" content=\"SalaStampa.eu, world press service\" \/>\n\t<meta name=\"twitter:label2\" content=\"Tiempo de lectura\" \/>\n\t<meta name=\"twitter:data2\" content=\"2 minutos\" \/>\n<script type=\"application\/ld+json\" class=\"yoast-schema-graph\">{\"@context\":\"https:\\\/\\\/schema.org\",\"@graph\":[{\"@type\":\"Article\",\"@id\":\"https:\\\/\\\/elcanillita.info\\\/press\\\/2020\\\/07\\\/02\\\/manifestaciones-de-protesta-en-jartum\\\/#article\",\"isPartOf\":{\"@id\":\"https:\\\/\\\/elcanillita.info\\\/press\\\/2020\\\/07\\\/02\\\/manifestaciones-de-protesta-en-jartum\\\/\"},\"author\":{\"name\":\"SalaStampa.eu, world press service\",\"@id\":\"https:\\\/\\\/elcanillita.info\\\/press\\\/#\\\/schema\\\/person\\\/7fcb79f38045700919f7da6d97e71ba0\"},\"headline\":\"Manifestaciones de Protesta en Jartum\",\"datePublished\":\"2020-07-02T07:40:53+00:00\",\"dateModified\":\"2020-07-02T18:54:47+00:00\",\"mainEntityOfPage\":{\"@id\":\"https:\\\/\\\/elcanillita.info\\\/press\\\/2020\\\/07\\\/02\\\/manifestaciones-de-protesta-en-jartum\\\/\"},\"wordCount\":405,\"publisher\":{\"@id\":\"https:\\\/\\\/elcanillita.info\\\/press\\\/#organization\"},\"image\":{\"@id\":\"https:\\\/\\\/elcanillita.info\\\/press\\\/2020\\\/07\\\/02\\\/manifestaciones-de-protesta-en-jartum\\\/#primaryimage\"},\"thumbnailUrl\":\"https:\\\/\\\/elcanillita.info\\\/press\\\/images\\\/2020\\\/07\\\/Jartum-2020-07-02-at-09.28.41.jpeg\",\"articleSection\":[\"Actualidad\",\"Medio Oriente\",\"Politica\",\"Sociedad\"],\"inLanguage\":\"es-AR\"},{\"@type\":\"WebPage\",\"@id\":\"https:\\\/\\\/elcanillita.info\\\/press\\\/2020\\\/07\\\/02\\\/manifestaciones-de-protesta-en-jartum\\\/\",\"url\":\"https:\\\/\\\/elcanillita.info\\\/press\\\/2020\\\/07\\\/02\\\/manifestaciones-de-protesta-en-jartum\\\/\",\"name\":\"Manifestaciones de Protesta en Jartum - ElCanillita.Info\",\"isPartOf\":{\"@id\":\"https:\\\/\\\/elcanillita.info\\\/press\\\/#website\"},\"primaryImageOfPage\":{\"@id\":\"https:\\\/\\\/elcanillita.info\\\/press\\\/2020\\\/07\\\/02\\\/manifestaciones-de-protesta-en-jartum\\\/#primaryimage\"},\"image\":{\"@id\":\"https:\\\/\\\/elcanillita.info\\\/press\\\/2020\\\/07\\\/02\\\/manifestaciones-de-protesta-en-jartum\\\/#primaryimage\"},\"thumbnailUrl\":\"https:\\\/\\\/elcanillita.info\\\/press\\\/images\\\/2020\\\/07\\\/Jartum-2020-07-02-at-09.28.41.jpeg\",\"datePublished\":\"2020-07-02T07:40:53+00:00\",\"dateModified\":\"2020-07-02T18:54:47+00:00\",\"inLanguage\":\"es-AR\",\"potentialAction\":[{\"@type\":\"ReadAction\",\"target\":[\"https:\\\/\\\/elcanillita.info\\\/press\\\/2020\\\/07\\\/02\\\/manifestaciones-de-protesta-en-jartum\\\/\"]}]},{\"@type\":\"ImageObject\",\"inLanguage\":\"es-AR\",\"@id\":\"https:\\\/\\\/elcanillita.info\\\/press\\\/2020\\\/07\\\/02\\\/manifestaciones-de-protesta-en-jartum\\\/#primaryimage\",\"url\":\"https:\\\/\\\/elcanillita.info\\\/press\\\/images\\\/2020\\\/07\\\/Jartum-2020-07-02-at-09.28.41.jpeg\",\"contentUrl\":\"https:\\\/\\\/elcanillita.info\\\/press\\\/images\\\/2020\\\/07\\\/Jartum-2020-07-02-at-09.28.41.jpeg\",\"width\":600,\"height\":384},{\"@type\":\"WebSite\",\"@id\":\"https:\\\/\\\/elcanillita.info\\\/press\\\/#website\",\"url\":\"https:\\\/\\\/elcanillita.info\\\/press\\\/\",\"name\":\"ElCanillita.Info\",\"description\":\"desde los Apeninos a los Andes\",\"publisher\":{\"@id\":\"https:\\\/\\\/elcanillita.info\\\/press\\\/#organization\"},\"potentialAction\":[{\"@type\":\"SearchAction\",\"target\":{\"@type\":\"EntryPoint\",\"urlTemplate\":\"https:\\\/\\\/elcanillita.info\\\/press\\\/?s={search_term_string}\"},\"query-input\":{\"@type\":\"PropertyValueSpecification\",\"valueRequired\":true,\"valueName\":\"search_term_string\"}}],\"inLanguage\":\"es-AR\"},{\"@type\":\"Organization\",\"@id\":\"https:\\\/\\\/elcanillita.info\\\/press\\\/#organization\",\"name\":\"Guzzo Photos & Graphic Publications\",\"url\":\"https:\\\/\\\/elcanillita.info\\\/press\\\/\",\"logo\":{\"@type\":\"ImageObject\",\"inLanguage\":\"es-AR\",\"@id\":\"https:\\\/\\\/elcanillita.info\\\/press\\\/#\\\/schema\\\/logo\\\/image\\\/\",\"url\":\"https:\\\/\\\/elcanillita.info\\\/press\\\/images\\\/2020\\\/01\\\/cropped-cropped-cropped-elcanillitainfo.png\",\"contentUrl\":\"https:\\\/\\\/elcanillita.info\\\/press\\\/images\\\/2020\\\/01\\\/cropped-cropped-cropped-elcanillitainfo.png\",\"width\":460,\"height\":50,\"caption\":\"Guzzo Photos & Graphic Publications\"},\"image\":{\"@id\":\"https:\\\/\\\/elcanillita.info\\\/press\\\/#\\\/schema\\\/logo\\\/image\\\/\"},\"sameAs\":[\"https:\\\/\\\/ar-ar.facebook.com\\\/ElCanillitainfo-114249515285712\\\/\"]},{\"@type\":\"Person\",\"@id\":\"https:\\\/\\\/elcanillita.info\\\/press\\\/#\\\/schema\\\/person\\\/7fcb79f38045700919f7da6d97e71ba0\",\"name\":\"SalaStampa.eu, world press service\",\"image\":{\"@type\":\"ImageObject\",\"inLanguage\":\"es-AR\",\"@id\":\"https:\\\/\\\/secure.gravatar.com\\\/avatar\\\/c2f0e0d515a107624234994507816ca4724c7199cef73fc8bedebf6931d73888?s=96&d=mm&r=g\",\"url\":\"https:\\\/\\\/secure.gravatar.com\\\/avatar\\\/c2f0e0d515a107624234994507816ca4724c7199cef73fc8bedebf6931d73888?s=96&d=mm&r=g\",\"contentUrl\":\"https:\\\/\\\/secure.gravatar.com\\\/avatar\\\/c2f0e0d515a107624234994507816ca4724c7199cef73fc8bedebf6931d73888?s=96&d=mm&r=g\",\"caption\":\"SalaStampa.eu, world press service\"}}]}<\/script>\n<!-- \/ Yoast SEO plugin. -->","yoast_head_json":{"title":"Manifestaciones de Protesta en Jartum - ElCanillita.Info","robots":{"index":"index","follow":"follow","max-snippet":"max-snippet:-1","max-image-preview":"max-image-preview:large","max-video-preview":"max-video-preview:-1"},"canonical":"https:\/\/elcanillita.info\/press\/2020\/07\/02\/manifestaciones-de-protesta-en-jartum\/","og_locale":"es_ES","og_type":"article","og_title":"Manifestaciones de Protesta en Jartum - ElCanillita.Info","og_description":"Jartum, 02.07.2020 - El Comit\u00e9 de M\u00e9dicos de Sud\u00e1n anunci\u00f3 el mi\u00e9rcoles que docenas de manifestantes resultaron heridos, incluidos cuatro por fuego de balas, el pasado martes en la manifestaci\u00f3n convocada por este organismo con otras partes en la capital, Jartum y otras ciudades.","og_url":"https:\/\/elcanillita.info\/press\/2020\/07\/02\/manifestaciones-de-protesta-en-jartum\/","og_site_name":"ElCanillita.Info","article_publisher":"https:\/\/ar-ar.facebook.com\/ElCanillitainfo-114249515285712\/","article_published_time":"2020-07-02T07:40:53+00:00","article_modified_time":"2020-07-02T18:54:47+00:00","og_image":[{"width":600,"height":384,"url":"https:\/\/elcanillita.info\/press\/images\/2020\/07\/Jartum-2020-07-02-at-09.28.41.jpeg","type":"image\/jpeg"}],"author":"SalaStampa.eu, world press service","twitter_card":"summary_large_image","twitter_misc":{"Escrito por":"SalaStampa.eu, world press service","Tiempo de lectura":"2 minutos"},"schema":{"@context":"https:\/\/schema.org","@graph":[{"@type":"Article","@id":"https:\/\/elcanillita.info\/press\/2020\/07\/02\/manifestaciones-de-protesta-en-jartum\/#article","isPartOf":{"@id":"https:\/\/elcanillita.info\/press\/2020\/07\/02\/manifestaciones-de-protesta-en-jartum\/"},"author":{"name":"SalaStampa.eu, world press service","@id":"https:\/\/elcanillita.info\/press\/#\/schema\/person\/7fcb79f38045700919f7da6d97e71ba0"},"headline":"Manifestaciones de Protesta en Jartum","datePublished":"2020-07-02T07:40:53+00:00","dateModified":"2020-07-02T18:54:47+00:00","mainEntityOfPage":{"@id":"https:\/\/elcanillita.info\/press\/2020\/07\/02\/manifestaciones-de-protesta-en-jartum\/"},"wordCount":405,"publisher":{"@id":"https:\/\/elcanillita.info\/press\/#organization"},"image":{"@id":"https:\/\/elcanillita.info\/press\/2020\/07\/02\/manifestaciones-de-protesta-en-jartum\/#primaryimage"},"thumbnailUrl":"https:\/\/elcanillita.info\/press\/images\/2020\/07\/Jartum-2020-07-02-at-09.28.41.jpeg","articleSection":["Actualidad","Medio Oriente","Politica","Sociedad"],"inLanguage":"es-AR"},{"@type":"WebPage","@id":"https:\/\/elcanillita.info\/press\/2020\/07\/02\/manifestaciones-de-protesta-en-jartum\/","url":"https:\/\/elcanillita.info\/press\/2020\/07\/02\/manifestaciones-de-protesta-en-jartum\/","name":"Manifestaciones de Protesta en Jartum - ElCanillita.Info","isPartOf":{"@id":"https:\/\/elcanillita.info\/press\/#website"},"primaryImageOfPage":{"@id":"https:\/\/elcanillita.info\/press\/2020\/07\/02\/manifestaciones-de-protesta-en-jartum\/#primaryimage"},"image":{"@id":"https:\/\/elcanillita.info\/press\/2020\/07\/02\/manifestaciones-de-protesta-en-jartum\/#primaryimage"},"thumbnailUrl":"https:\/\/elcanillita.info\/press\/images\/2020\/07\/Jartum-2020-07-02-at-09.28.41.jpeg","datePublished":"2020-07-02T07:40:53+00:00","dateModified":"2020-07-02T18:54:47+00:00","inLanguage":"es-AR","potentialAction":[{"@type":"ReadAction","target":["https:\/\/elcanillita.info\/press\/2020\/07\/02\/manifestaciones-de-protesta-en-jartum\/"]}]},{"@type":"ImageObject","inLanguage":"es-AR","@id":"https:\/\/elcanillita.info\/press\/2020\/07\/02\/manifestaciones-de-protesta-en-jartum\/#primaryimage","url":"https:\/\/elcanillita.info\/press\/images\/2020\/07\/Jartum-2020-07-02-at-09.28.41.jpeg","contentUrl":"https:\/\/elcanillita.info\/press\/images\/2020\/07\/Jartum-2020-07-02-at-09.28.41.jpeg","width":600,"height":384},{"@type":"WebSite","@id":"https:\/\/elcanillita.info\/press\/#website","url":"https:\/\/elcanillita.info\/press\/","name":"ElCanillita.Info","description":"desde los Apeninos a los Andes","publisher":{"@id":"https:\/\/elcanillita.info\/press\/#organization"},"potentialAction":[{"@type":"SearchAction","target":{"@type":"EntryPoint","urlTemplate":"https:\/\/elcanillita.info\/press\/?s={search_term_string}"},"query-input":{"@type":"PropertyValueSpecification","valueRequired":true,"valueName":"search_term_string"}}],"inLanguage":"es-AR"},{"@type":"Organization","@id":"https:\/\/elcanillita.info\/press\/#organization","name":"Guzzo Photos & Graphic Publications","url":"https:\/\/elcanillita.info\/press\/","logo":{"@type":"ImageObject","inLanguage":"es-AR","@id":"https:\/\/elcanillita.info\/press\/#\/schema\/logo\/image\/","url":"https:\/\/elcanillita.info\/press\/images\/2020\/01\/cropped-cropped-cropped-elcanillitainfo.png","contentUrl":"https:\/\/elcanillita.info\/press\/images\/2020\/01\/cropped-cropped-cropped-elcanillitainfo.png","width":460,"height":50,"caption":"Guzzo Photos & Graphic Publications"},"image":{"@id":"https:\/\/elcanillita.info\/press\/#\/schema\/logo\/image\/"},"sameAs":["https:\/\/ar-ar.facebook.com\/ElCanillitainfo-114249515285712\/"]},{"@type":"Person","@id":"https:\/\/elcanillita.info\/press\/#\/schema\/person\/7fcb79f38045700919f7da6d97e71ba0","name":"SalaStampa.eu, world press service","image":{"@type":"ImageObject","inLanguage":"es-AR","@id":"https:\/\/secure.gravatar.com\/avatar\/c2f0e0d515a107624234994507816ca4724c7199cef73fc8bedebf6931d73888?s=96&d=mm&r=g","url":"https:\/\/secure.gravatar.com\/avatar\/c2f0e0d515a107624234994507816ca4724c7199cef73fc8bedebf6931d73888?s=96&d=mm&r=g","contentUrl":"https:\/\/secure.gravatar.com\/avatar\/c2f0e0d515a107624234994507816ca4724c7199cef73fc8bedebf6931d73888?s=96&d=mm&r=g","caption":"SalaStampa.eu, world press service"}}]}},"views":745,"_links":{"self":[{"href":"https:\/\/elcanillita.info\/press\/wp-json\/wp\/v2\/posts\/849","targetHints":{"allow":["GET"]}}],"collection":[{"href":"https:\/\/elcanillita.info\/press\/wp-json\/wp\/v2\/posts"}],"about":[{"href":"https:\/\/elcanillita.info\/press\/wp-json\/wp\/v2\/types\/post"}],"author":[{"embeddable":true,"href":"https:\/\/elcanillita.info\/press\/wp-json\/wp\/v2\/users\/1"}],"replies":[{"embeddable":true,"href":"https:\/\/elcanillita.info\/press\/wp-json\/wp\/v2\/comments?post=849"}],"version-history":[{"count":0,"href":"https:\/\/elcanillita.info\/press\/wp-json\/wp\/v2\/posts\/849\/revisions"}],"wp:featuredmedia":[{"embeddable":true,"href":"https:\/\/elcanillita.info\/press\/wp-json\/wp\/v2\/media\/850"}],"wp:attachment":[{"href":"https:\/\/elcanillita.info\/press\/wp-json\/wp\/v2\/media?parent=849"}],"wp:term":[{"taxonomy":"category","embeddable":true,"href":"https:\/\/elcanillita.info\/press\/wp-json\/wp\/v2\/categories?post=849"},{"taxonomy":"post_tag","embeddable":true,"href":"https:\/\/elcanillita.info\/press\/wp-json\/wp\/v2\/tags?post=849"}],"curies":[{"name":"wp","href":"https:\/\/api.w.org\/{rel}","templated":true}]}}