{"id":847,"date":"2020-07-01T01:20:00","date_gmt":"2020-07-01T04:20:00","guid":{"rendered":"https:\/\/elcanillita.info\/press\/?p=847"},"modified":"2022-06-07T20:11:38","modified_gmt":"2022-06-07T23:11:38","slug":"el-negro-jesus","status":"publish","type":"post","link":"https:\/\/elcanillita.info\/press\/2020\/07\/01\/el-negro-jesus\/","title":{"rendered":"El negro Jes\u00fas"},"content":{"rendered":"\n<p><img decoding=\"async\" src=\"https:\/\/elcanillita.info\/press\/images\/2020\/07\/jesusnegro.jpg\"><br><small>El altar de la catedral de San Albans muestra la pintura que representa a un Jes\u00fas negro<\/small><\/p>\n\n\n\n<p> Hertford, 01.07.2020 &#8211; &#8220;La \u00faltima cena&#8221;, pintada por Lorna May Wadsworth, con el modelo Tafari Hinds, nacido en Jamaica, fue elegido como Jes\u00fas.<\/p>\n\n\n\n<p>Lorna May Wadsworth present\u00f3 al modelo nacido en Jamaica Tafari Hinds, como Jes\u00fas &#8220;para hacer que la gente cuestione el mito occidental de que ten\u00eda el pelo rubio y los ojos azules&#8221;.<\/p>\n\n\n\n<p>Y una catedral hist\u00f3rica ha instalado la pintura de la \u00daltima Cena con un Jes\u00fas negro sobre su altar. Su decano advirti\u00f3 que la iglesia no est\u00e1 en &#8220;una posici\u00f3n fuerte&#8221; para predicar sobre la justicia racial.<\/p>\n\n\n\n<p>El Dr. Jeffrey John, decano de la catedral de St. Albans en Hertfordshire, acept\u00f3 instalar la obra de arte de 3,50 metros, despu\u00e9s de la presi\u00f3n de los activistas de Black Lives Matter.<\/p>\n\n\n\n<p>Llega una semana despu\u00e9s de que la figura m\u00e1s importante de la Iglesia de Inglaterra, el Arzobispo de Canterbury, pidiera un &#8220;replanteamiento&#8221; de la representaci\u00f3n de Jes\u00fas como blanco. <\/p>\n\n\n\n<p>Se entiende que los funcionarios de la Catedral de Canterbury est\u00e1n revisando su gama de representaciones de Jes\u00fas, as\u00ed como otros monumentos que pueden tener conexiones con figuras hist\u00f3ricas controvertidas.<\/p>\n\n\n\n<p>Tras su decisi\u00f3n de colocar el cuadro con un Jes\u00fas negro sobre su altar, el Dr. John dijo: &#8220;La iglesia no est\u00e1 en una posici\u00f3n fuerte para predicar a otros sobre la justicia, racial o de otro tipo. <\/p>\n\n\n\n<p>Pero nuestra fe ense\u00f1a que todos estamos hechos por igual a imagen de Dios, y que Dios es  justicia.<\/p>\n\n\n\n<p>&#8220;Las vidas de los negros son importantes, por eso hemos convertido nuestro Altar de los Perseguidos en un espacio para la reflexi\u00f3n y la oraci\u00f3n con \u00e9sta obra de arte en el coraz\u00f3n.&#8221;<\/p>\n\n\n\n<p>La pintura de 2009, titulada &#8220;Una \u00faltima cena&#8221;, es una reelaboraci\u00f3n del famoso mural del siglo XV de Leonardo Da Vinci y presenta al modelo nacido en Jamaica, Tafari Hinds, como Jesucristo.<\/p>\n\n\n\n<p>La pintura, de Lorna May Wadsworth, lleg\u00f3 a los titulares el a\u00f1o pasado cuando se supo que fue alcanzada con una pistola de perdigones por un v\u00e1ndalo que ella cre\u00eda que no estaba de acuerdo con su representaci\u00f3n de Jes\u00fas.<\/p>\n\n\n\n<p>La Sra. Wadsworth dijo: &#8220;Pintar el retablo de la \u00daltima Cena me hizo pensar en c\u00f3mo estamos acostumbrados a ver a Jes\u00fas retratado. Los expertos est\u00e1n de acuerdo en que lo m\u00e1s probable es que tuviera rasgos de Oriente Medio, pero durante siglos los artistas europeos han pintado tradicionalmente a Cristo a su propia imagen. <\/p>\n\n\n\n<p>&#8220;Emit\u00ed al modelo nacido en Jamaica, Tafari Hinds, como mi Jes\u00fas para hacer que la gente cuestione el mito occidental de que ten\u00eda el pelo rubio y los ojos azules. Mi retrato de \u00e9l es tan &#8220;exacto&#8221; como la idea recibida de que se parec\u00eda a un florentino. <\/p>\n\n\n\n<p>&#8220;Tambi\u00e9n sab\u00eda que, de un retrato anterior de Tafari, hay algo en su semblante que la gente encuentra profundamente emp\u00e1tico y conmovedor, que es la cualidad primordial que quer\u00eda que mi Cristo encarnara.&#8221;<\/p>\n\n\n\n<p>La Catedral de San Albans, que data del siglo VIII, tambi\u00e9n est\u00e1 cubriendo su pintura de retablo existente con una impresi\u00f3n de alta resoluci\u00f3n.<br><br><small>Fuente: PanPressEu  \/ SalaStampaEu &#8211; ElCanillita.Info &#8211;  Informaci\u00f3n de dominio p\u00fablico<\/small> <\/p>\n","protected":false},"excerpt":{"rendered":"<p>Hertford, 01.07.2020 &#8211; &#8220;La \u00faltima cena&#8221;, pintada por Lorna May Wadsworth, con el modelo Tafari Hinds, nacido en Jamaica, fue elegido como Jes\u00fas.<\/p>\n","protected":false},"author":1,"featured_media":851,"comment_status":"closed","ping_status":"closed","sticky":false,"template":"","format":"standard","meta":{"footnotes":"","_links_to":"","_links_to_target":""},"categories":[70,19,5,25],"tags":[58],"class_list":["post-847","post","type-post","status-publish","format-standard","has-post-thumbnail","hentry","category-actualidad","category-cultura","category-europa","category-sociedad","tag-reino-unido","entry","double"],"yoast_head":"<!-- This site is optimized with the Yoast SEO plugin v27.5 - https:\/\/yoast.com\/product\/yoast-seo-wordpress\/ -->\n<title>El negro Jes\u00fas - ElCanillita.Info<\/title>\n<meta name=\"robots\" content=\"index, follow, max-snippet:-1, max-image-preview:large, max-video-preview:-1\" \/>\n<link rel=\"canonical\" href=\"https:\/\/elcanillita.info\/press\/2020\/07\/01\/el-negro-jesus\/\" \/>\n<meta property=\"og:locale\" content=\"es_ES\" \/>\n<meta property=\"og:type\" content=\"article\" \/>\n<meta property=\"og:title\" content=\"El negro Jes\u00fas - ElCanillita.Info\" \/>\n<meta property=\"og:description\" content=\"Hertford, 01.07.2020 - &quot;La \u00faltima cena&quot;, pintada por Lorna May Wadsworth, con el modelo Tafari Hinds, nacido en Jamaica, fue elegido como Jes\u00fas.\" \/>\n<meta property=\"og:url\" content=\"https:\/\/elcanillita.info\/press\/2020\/07\/01\/el-negro-jesus\/\" \/>\n<meta property=\"og:site_name\" content=\"ElCanillita.Info\" \/>\n<meta property=\"article:publisher\" content=\"https:\/\/ar-ar.facebook.com\/ElCanillitainfo-114249515285712\/\" \/>\n<meta property=\"article:published_time\" content=\"2020-07-01T04:20:00+00:00\" \/>\n<meta property=\"article:modified_time\" content=\"2022-06-07T23:11:38+00:00\" \/>\n<meta property=\"og:image\" content=\"https:\/\/elcanillita.info\/press\/images\/2020\/07\/jesusnegro-1.jpg\" \/>\n\t<meta property=\"og:image:width\" content=\"600\" \/>\n\t<meta property=\"og:image:height\" content=\"375\" \/>\n\t<meta property=\"og:image:type\" content=\"image\/jpeg\" \/>\n<meta name=\"author\" content=\"SalaStampa.eu, world press service\" \/>\n<meta name=\"twitter:card\" content=\"summary_large_image\" \/>\n<meta name=\"twitter:label1\" content=\"Escrito por\" \/>\n\t<meta name=\"twitter:data1\" content=\"SalaStampa.eu, world press service\" \/>\n\t<meta name=\"twitter:label2\" content=\"Tiempo de lectura\" \/>\n\t<meta name=\"twitter:data2\" content=\"3 minutos\" \/>\n<script type=\"application\/ld+json\" class=\"yoast-schema-graph\">{\"@context\":\"https:\\\/\\\/schema.org\",\"@graph\":[{\"@type\":\"Article\",\"@id\":\"https:\\\/\\\/elcanillita.info\\\/press\\\/2020\\\/07\\\/01\\\/el-negro-jesus\\\/#article\",\"isPartOf\":{\"@id\":\"https:\\\/\\\/elcanillita.info\\\/press\\\/2020\\\/07\\\/01\\\/el-negro-jesus\\\/\"},\"author\":{\"name\":\"SalaStampa.eu, world press service\",\"@id\":\"https:\\\/\\\/elcanillita.info\\\/press\\\/#\\\/schema\\\/person\\\/7fcb79f38045700919f7da6d97e71ba0\"},\"headline\":\"El negro Jes\u00fas\",\"datePublished\":\"2020-07-01T04:20:00+00:00\",\"dateModified\":\"2022-06-07T23:11:38+00:00\",\"mainEntityOfPage\":{\"@id\":\"https:\\\/\\\/elcanillita.info\\\/press\\\/2020\\\/07\\\/01\\\/el-negro-jesus\\\/\"},\"wordCount\":580,\"publisher\":{\"@id\":\"https:\\\/\\\/elcanillita.info\\\/press\\\/#organization\"},\"image\":{\"@id\":\"https:\\\/\\\/elcanillita.info\\\/press\\\/2020\\\/07\\\/01\\\/el-negro-jesus\\\/#primaryimage\"},\"thumbnailUrl\":\"https:\\\/\\\/elcanillita.info\\\/press\\\/images\\\/2020\\\/07\\\/jesusnegro-1.jpg\",\"keywords\":[\"Reino Unido\"],\"articleSection\":[\"Actualidad\",\"Cultura\",\"Europa\",\"Sociedad\"],\"inLanguage\":\"es-AR\"},{\"@type\":\"WebPage\",\"@id\":\"https:\\\/\\\/elcanillita.info\\\/press\\\/2020\\\/07\\\/01\\\/el-negro-jesus\\\/\",\"url\":\"https:\\\/\\\/elcanillita.info\\\/press\\\/2020\\\/07\\\/01\\\/el-negro-jesus\\\/\",\"name\":\"El negro Jes\u00fas - ElCanillita.Info\",\"isPartOf\":{\"@id\":\"https:\\\/\\\/elcanillita.info\\\/press\\\/#website\"},\"primaryImageOfPage\":{\"@id\":\"https:\\\/\\\/elcanillita.info\\\/press\\\/2020\\\/07\\\/01\\\/el-negro-jesus\\\/#primaryimage\"},\"image\":{\"@id\":\"https:\\\/\\\/elcanillita.info\\\/press\\\/2020\\\/07\\\/01\\\/el-negro-jesus\\\/#primaryimage\"},\"thumbnailUrl\":\"https:\\\/\\\/elcanillita.info\\\/press\\\/images\\\/2020\\\/07\\\/jesusnegro-1.jpg\",\"datePublished\":\"2020-07-01T04:20:00+00:00\",\"dateModified\":\"2022-06-07T23:11:38+00:00\",\"inLanguage\":\"es-AR\",\"potentialAction\":[{\"@type\":\"ReadAction\",\"target\":[\"https:\\\/\\\/elcanillita.info\\\/press\\\/2020\\\/07\\\/01\\\/el-negro-jesus\\\/\"]}]},{\"@type\":\"ImageObject\",\"inLanguage\":\"es-AR\",\"@id\":\"https:\\\/\\\/elcanillita.info\\\/press\\\/2020\\\/07\\\/01\\\/el-negro-jesus\\\/#primaryimage\",\"url\":\"https:\\\/\\\/elcanillita.info\\\/press\\\/images\\\/2020\\\/07\\\/jesusnegro-1.jpg\",\"contentUrl\":\"https:\\\/\\\/elcanillita.info\\\/press\\\/images\\\/2020\\\/07\\\/jesusnegro-1.jpg\",\"width\":600,\"height\":375},{\"@type\":\"WebSite\",\"@id\":\"https:\\\/\\\/elcanillita.info\\\/press\\\/#website\",\"url\":\"https:\\\/\\\/elcanillita.info\\\/press\\\/\",\"name\":\"ElCanillita.Info\",\"description\":\"desde los Apeninos a los Andes\",\"publisher\":{\"@id\":\"https:\\\/\\\/elcanillita.info\\\/press\\\/#organization\"},\"potentialAction\":[{\"@type\":\"SearchAction\",\"target\":{\"@type\":\"EntryPoint\",\"urlTemplate\":\"https:\\\/\\\/elcanillita.info\\\/press\\\/?s={search_term_string}\"},\"query-input\":{\"@type\":\"PropertyValueSpecification\",\"valueRequired\":true,\"valueName\":\"search_term_string\"}}],\"inLanguage\":\"es-AR\"},{\"@type\":\"Organization\",\"@id\":\"https:\\\/\\\/elcanillita.info\\\/press\\\/#organization\",\"name\":\"Guzzo Photos & Graphic Publications\",\"url\":\"https:\\\/\\\/elcanillita.info\\\/press\\\/\",\"logo\":{\"@type\":\"ImageObject\",\"inLanguage\":\"es-AR\",\"@id\":\"https:\\\/\\\/elcanillita.info\\\/press\\\/#\\\/schema\\\/logo\\\/image\\\/\",\"url\":\"https:\\\/\\\/elcanillita.info\\\/press\\\/images\\\/2020\\\/01\\\/cropped-cropped-cropped-elcanillitainfo.png\",\"contentUrl\":\"https:\\\/\\\/elcanillita.info\\\/press\\\/images\\\/2020\\\/01\\\/cropped-cropped-cropped-elcanillitainfo.png\",\"width\":460,\"height\":50,\"caption\":\"Guzzo Photos & Graphic Publications\"},\"image\":{\"@id\":\"https:\\\/\\\/elcanillita.info\\\/press\\\/#\\\/schema\\\/logo\\\/image\\\/\"},\"sameAs\":[\"https:\\\/\\\/ar-ar.facebook.com\\\/ElCanillitainfo-114249515285712\\\/\"]},{\"@type\":\"Person\",\"@id\":\"https:\\\/\\\/elcanillita.info\\\/press\\\/#\\\/schema\\\/person\\\/7fcb79f38045700919f7da6d97e71ba0\",\"name\":\"SalaStampa.eu, world press service\",\"image\":{\"@type\":\"ImageObject\",\"inLanguage\":\"es-AR\",\"@id\":\"https:\\\/\\\/secure.gravatar.com\\\/avatar\\\/c2f0e0d515a107624234994507816ca4724c7199cef73fc8bedebf6931d73888?s=96&d=mm&r=g\",\"url\":\"https:\\\/\\\/secure.gravatar.com\\\/avatar\\\/c2f0e0d515a107624234994507816ca4724c7199cef73fc8bedebf6931d73888?s=96&d=mm&r=g\",\"contentUrl\":\"https:\\\/\\\/secure.gravatar.com\\\/avatar\\\/c2f0e0d515a107624234994507816ca4724c7199cef73fc8bedebf6931d73888?s=96&d=mm&r=g\",\"caption\":\"SalaStampa.eu, world press service\"}}]}<\/script>\n<!-- \/ Yoast SEO plugin. -->","yoast_head_json":{"title":"El negro Jes\u00fas - ElCanillita.Info","robots":{"index":"index","follow":"follow","max-snippet":"max-snippet:-1","max-image-preview":"max-image-preview:large","max-video-preview":"max-video-preview:-1"},"canonical":"https:\/\/elcanillita.info\/press\/2020\/07\/01\/el-negro-jesus\/","og_locale":"es_ES","og_type":"article","og_title":"El negro Jes\u00fas - ElCanillita.Info","og_description":"Hertford, 01.07.2020 - \"La \u00faltima cena\", pintada por Lorna May Wadsworth, con el modelo Tafari Hinds, nacido en Jamaica, fue elegido como Jes\u00fas.","og_url":"https:\/\/elcanillita.info\/press\/2020\/07\/01\/el-negro-jesus\/","og_site_name":"ElCanillita.Info","article_publisher":"https:\/\/ar-ar.facebook.com\/ElCanillitainfo-114249515285712\/","article_published_time":"2020-07-01T04:20:00+00:00","article_modified_time":"2022-06-07T23:11:38+00:00","og_image":[{"width":600,"height":375,"url":"https:\/\/elcanillita.info\/press\/images\/2020\/07\/jesusnegro-1.jpg","type":"image\/jpeg"}],"author":"SalaStampa.eu, world press service","twitter_card":"summary_large_image","twitter_misc":{"Escrito por":"SalaStampa.eu, world press service","Tiempo de lectura":"3 minutos"},"schema":{"@context":"https:\/\/schema.org","@graph":[{"@type":"Article","@id":"https:\/\/elcanillita.info\/press\/2020\/07\/01\/el-negro-jesus\/#article","isPartOf":{"@id":"https:\/\/elcanillita.info\/press\/2020\/07\/01\/el-negro-jesus\/"},"author":{"name":"SalaStampa.eu, world press service","@id":"https:\/\/elcanillita.info\/press\/#\/schema\/person\/7fcb79f38045700919f7da6d97e71ba0"},"headline":"El negro Jes\u00fas","datePublished":"2020-07-01T04:20:00+00:00","dateModified":"2022-06-07T23:11:38+00:00","mainEntityOfPage":{"@id":"https:\/\/elcanillita.info\/press\/2020\/07\/01\/el-negro-jesus\/"},"wordCount":580,"publisher":{"@id":"https:\/\/elcanillita.info\/press\/#organization"},"image":{"@id":"https:\/\/elcanillita.info\/press\/2020\/07\/01\/el-negro-jesus\/#primaryimage"},"thumbnailUrl":"https:\/\/elcanillita.info\/press\/images\/2020\/07\/jesusnegro-1.jpg","keywords":["Reino Unido"],"articleSection":["Actualidad","Cultura","Europa","Sociedad"],"inLanguage":"es-AR"},{"@type":"WebPage","@id":"https:\/\/elcanillita.info\/press\/2020\/07\/01\/el-negro-jesus\/","url":"https:\/\/elcanillita.info\/press\/2020\/07\/01\/el-negro-jesus\/","name":"El negro Jes\u00fas - ElCanillita.Info","isPartOf":{"@id":"https:\/\/elcanillita.info\/press\/#website"},"primaryImageOfPage":{"@id":"https:\/\/elcanillita.info\/press\/2020\/07\/01\/el-negro-jesus\/#primaryimage"},"image":{"@id":"https:\/\/elcanillita.info\/press\/2020\/07\/01\/el-negro-jesus\/#primaryimage"},"thumbnailUrl":"https:\/\/elcanillita.info\/press\/images\/2020\/07\/jesusnegro-1.jpg","datePublished":"2020-07-01T04:20:00+00:00","dateModified":"2022-06-07T23:11:38+00:00","inLanguage":"es-AR","potentialAction":[{"@type":"ReadAction","target":["https:\/\/elcanillita.info\/press\/2020\/07\/01\/el-negro-jesus\/"]}]},{"@type":"ImageObject","inLanguage":"es-AR","@id":"https:\/\/elcanillita.info\/press\/2020\/07\/01\/el-negro-jesus\/#primaryimage","url":"https:\/\/elcanillita.info\/press\/images\/2020\/07\/jesusnegro-1.jpg","contentUrl":"https:\/\/elcanillita.info\/press\/images\/2020\/07\/jesusnegro-1.jpg","width":600,"height":375},{"@type":"WebSite","@id":"https:\/\/elcanillita.info\/press\/#website","url":"https:\/\/elcanillita.info\/press\/","name":"ElCanillita.Info","description":"desde los Apeninos a los Andes","publisher":{"@id":"https:\/\/elcanillita.info\/press\/#organization"},"potentialAction":[{"@type":"SearchAction","target":{"@type":"EntryPoint","urlTemplate":"https:\/\/elcanillita.info\/press\/?s={search_term_string}"},"query-input":{"@type":"PropertyValueSpecification","valueRequired":true,"valueName":"search_term_string"}}],"inLanguage":"es-AR"},{"@type":"Organization","@id":"https:\/\/elcanillita.info\/press\/#organization","name":"Guzzo Photos & Graphic Publications","url":"https:\/\/elcanillita.info\/press\/","logo":{"@type":"ImageObject","inLanguage":"es-AR","@id":"https:\/\/elcanillita.info\/press\/#\/schema\/logo\/image\/","url":"https:\/\/elcanillita.info\/press\/images\/2020\/01\/cropped-cropped-cropped-elcanillitainfo.png","contentUrl":"https:\/\/elcanillita.info\/press\/images\/2020\/01\/cropped-cropped-cropped-elcanillitainfo.png","width":460,"height":50,"caption":"Guzzo Photos & Graphic Publications"},"image":{"@id":"https:\/\/elcanillita.info\/press\/#\/schema\/logo\/image\/"},"sameAs":["https:\/\/ar-ar.facebook.com\/ElCanillitainfo-114249515285712\/"]},{"@type":"Person","@id":"https:\/\/elcanillita.info\/press\/#\/schema\/person\/7fcb79f38045700919f7da6d97e71ba0","name":"SalaStampa.eu, world press service","image":{"@type":"ImageObject","inLanguage":"es-AR","@id":"https:\/\/secure.gravatar.com\/avatar\/c2f0e0d515a107624234994507816ca4724c7199cef73fc8bedebf6931d73888?s=96&d=mm&r=g","url":"https:\/\/secure.gravatar.com\/avatar\/c2f0e0d515a107624234994507816ca4724c7199cef73fc8bedebf6931d73888?s=96&d=mm&r=g","contentUrl":"https:\/\/secure.gravatar.com\/avatar\/c2f0e0d515a107624234994507816ca4724c7199cef73fc8bedebf6931d73888?s=96&d=mm&r=g","caption":"SalaStampa.eu, world press service"}}]}},"views":714,"_links":{"self":[{"href":"https:\/\/elcanillita.info\/press\/wp-json\/wp\/v2\/posts\/847","targetHints":{"allow":["GET"]}}],"collection":[{"href":"https:\/\/elcanillita.info\/press\/wp-json\/wp\/v2\/posts"}],"about":[{"href":"https:\/\/elcanillita.info\/press\/wp-json\/wp\/v2\/types\/post"}],"author":[{"embeddable":true,"href":"https:\/\/elcanillita.info\/press\/wp-json\/wp\/v2\/users\/1"}],"replies":[{"embeddable":true,"href":"https:\/\/elcanillita.info\/press\/wp-json\/wp\/v2\/comments?post=847"}],"version-history":[{"count":0,"href":"https:\/\/elcanillita.info\/press\/wp-json\/wp\/v2\/posts\/847\/revisions"}],"wp:featuredmedia":[{"embeddable":true,"href":"https:\/\/elcanillita.info\/press\/wp-json\/wp\/v2\/media\/851"}],"wp:attachment":[{"href":"https:\/\/elcanillita.info\/press\/wp-json\/wp\/v2\/media?parent=847"}],"wp:term":[{"taxonomy":"category","embeddable":true,"href":"https:\/\/elcanillita.info\/press\/wp-json\/wp\/v2\/categories?post=847"},{"taxonomy":"post_tag","embeddable":true,"href":"https:\/\/elcanillita.info\/press\/wp-json\/wp\/v2\/tags?post=847"}],"curies":[{"name":"wp","href":"https:\/\/api.w.org\/{rel}","templated":true}]}}