{"id":845,"date":"2020-07-01T00:19:06","date_gmt":"2020-07-01T03:19:06","guid":{"rendered":"https:\/\/elcanillita.info\/press\/?p=845"},"modified":"2020-07-02T15:55:03","modified_gmt":"2020-07-02T18:55:03","slug":"explosion-gas-clinica-teheran-mata-19-personas","status":"publish","type":"post","link":"https:\/\/elcanillita.info\/press\/2020\/07\/01\/explosion-gas-clinica-teheran-mata-19-personas\/","title":{"rendered":"Una explosi\u00f3n de gas en una cl\u00ednica de Teher\u00e1n mata a 19 personas"},"content":{"rendered":"\n<p><img decoding=\"async\" src=\"https:\/\/elcanillita.info\/press\/images\/2020\/07\/Iran2.jpg\">La explosi\u00f3n ocurri\u00f3 en una instalaci\u00f3n m\u00e9dica en el norte de Teher\u00e1n<\/p>\n\n\n\n<p>Ir\u00e1n, 01.07.2020 &#8211; Una explosi\u00f3n de una fuga de gas en una cl\u00ednica m\u00e9dica en el norte de Teher\u00e1n mat\u00f3 a 19 personas, inform\u00f3 la televisi\u00f3n estatal iran\u00ed el martes.<\/p>\n\n\n\n<p>Las autoridades dijeron inicialmente que 13 personas hab\u00edan muerto, pero Jalal Maleki, portavoz del Departamento de Bomberos de Teher\u00e1n, dijo m\u00e1s tarde a la televisi\u00f3n estatal que el n\u00famero de v\u00edctimas hab\u00eda aumentado a 19.<\/p>\n\n\n\n<p>La agencia estatal de noticias IRNA tambi\u00e9n cit\u00f3 al Sr. Maleki diciendo que entre los muertos hab\u00eda 15 mujeres y cuatro hombres. El Sr. Maleki a\u00f1adi\u00f3 que los bomberos hab\u00edan rescatado a 20 personas.<\/p>\n\n\n\n<p>El v\u00eddeo publicado en l\u00ednea parec\u00eda mostrar m\u00e1s de una explosi\u00f3n y un espeso humo negro que sal\u00eda de las llamas y otro mostraba a los bomberos usando una escalera para llegar al techo del edificio del Centro de salud Sina At&#8217;har.<\/p>\n\n\n\n<p>Hamidreza Goudarzi, el vicegobernador de Teher\u00e1n, dijo a la televisi\u00f3n estatal que una fuga de los tanques de gas m\u00e9dico del edificio fue la causa de la explosi\u00f3n y el incendio.<\/p>\n\n\n\n<p>Los equipos de emergencia buscan supervivientes en el centro de salud de Sina At&#8217;har<\/p>\n\n\n\n<p>La gente en el cercano Bazar Tajrish se apresur\u00f3 a la escena, impidiendo una operaci\u00f3n de rescate, dijeron las autoridades.<\/p>\n\n\n\n<p>Los videos en los medios sociales mostraron a la gente reunida fuera del edificio.<\/p>\n\n\n\n<p>La televisi\u00f3n estatal dijo que podr\u00eda haber m\u00e1s explosiones porque quedaban varios tanques de ox\u00edgeno en el centro m\u00e9dico.<\/p>\n\n\n\n<p>La testigo Marjan Haghighi dijo a The Associated Press que la polic\u00eda bloque\u00f3 las carreteras del barrio.<\/p>\n\n\n\n<p>La cl\u00ednica, que ten\u00eda 25 empleados en el interior en el momento de la explosi\u00f3n, realiza principalmente cirug\u00edas ligeras e im\u00e1genes m\u00e9dicas, dijo la Sra. Harirchi.<\/p>\n\n\n\n<p>La semana pasada, una explosi\u00f3n ocurri\u00f3 cerca de un sitio militar cerca de Teher\u00e1n que el Ministerio de Defensa dijo que fue causada por una fuga en un tanque de almacenamiento de gas. <br> No hubo muertos ni heridos reportado.<br><br><small>Fuente: SalaStampaEu &#8211; PanPressEu &#8211; ElCanillita.Info &#8211;  Informaci\u00f3n de dominio p\u00fablico<\/small><\/p>\n","protected":false},"excerpt":{"rendered":"<p>Ir\u00e1n, 01.07.2020 &#8211; Una explosi\u00f3n de una fuga de gas en una cl\u00ednica m\u00e9dica en el norte de Teher\u00e1n mat\u00f3 a 19 personas, inform\u00f3 la televisi\u00f3n estatal iran\u00ed el martes.<\/p>\n","protected":false},"author":1,"featured_media":846,"comment_status":"closed","ping_status":"closed","sticky":false,"template":"","format":"standard","meta":{"footnotes":"","_links_to":"","_links_to_target":""},"categories":[70,15,78,25],"tags":[31],"class_list":["post-845","post","type-post","status-publish","format-standard","has-post-thumbnail","hentry","category-actualidad","category-medio-oriente","category-sanidad","category-sociedad","tag-iran","entry","double"],"yoast_head":"<!-- This site is optimized with the Yoast SEO plugin v27.5 - https:\/\/yoast.com\/product\/yoast-seo-wordpress\/ -->\n<title>Una explosi\u00f3n de gas en una cl\u00ednica de Teher\u00e1n mata a 19 personas - ElCanillita.Info<\/title>\n<meta name=\"robots\" content=\"index, follow, max-snippet:-1, max-image-preview:large, max-video-preview:-1\" \/>\n<link rel=\"canonical\" href=\"https:\/\/elcanillita.info\/press\/2020\/07\/01\/explosion-gas-clinica-teheran-mata-19-personas\/\" \/>\n<meta property=\"og:locale\" content=\"es_ES\" \/>\n<meta property=\"og:type\" content=\"article\" \/>\n<meta property=\"og:title\" content=\"Una explosi\u00f3n de gas en una cl\u00ednica de Teher\u00e1n mata a 19 personas - ElCanillita.Info\" \/>\n<meta property=\"og:description\" content=\"Ir\u00e1n, 01.07.2020 - Una explosi\u00f3n de una fuga de gas en una cl\u00ednica m\u00e9dica en el norte de Teher\u00e1n mat\u00f3 a 19 personas, inform\u00f3 la televisi\u00f3n estatal iran\u00ed el martes.\" \/>\n<meta property=\"og:url\" content=\"https:\/\/elcanillita.info\/press\/2020\/07\/01\/explosion-gas-clinica-teheran-mata-19-personas\/\" \/>\n<meta property=\"og:site_name\" content=\"ElCanillita.Info\" \/>\n<meta property=\"article:publisher\" content=\"https:\/\/ar-ar.facebook.com\/ElCanillitainfo-114249515285712\/\" \/>\n<meta property=\"article:published_time\" content=\"2020-07-01T03:19:06+00:00\" \/>\n<meta property=\"article:modified_time\" content=\"2020-07-02T18:55:03+00:00\" \/>\n<meta property=\"og:image\" content=\"https:\/\/elcanillita.info\/press\/images\/2020\/07\/Iran-1.jpg\" \/>\n\t<meta property=\"og:image:width\" content=\"600\" \/>\n\t<meta property=\"og:image:height\" content=\"375\" \/>\n\t<meta property=\"og:image:type\" content=\"image\/jpeg\" \/>\n<meta name=\"author\" content=\"SalaStampa.eu, world press service\" \/>\n<meta name=\"twitter:card\" content=\"summary_large_image\" \/>\n<meta name=\"twitter:label1\" content=\"Escrito por\" \/>\n\t<meta name=\"twitter:data1\" content=\"SalaStampa.eu, world press service\" \/>\n\t<meta name=\"twitter:label2\" content=\"Tiempo de lectura\" \/>\n\t<meta name=\"twitter:data2\" content=\"2 minutos\" \/>\n<script type=\"application\/ld+json\" class=\"yoast-schema-graph\">{\"@context\":\"https:\\\/\\\/schema.org\",\"@graph\":[{\"@type\":\"Article\",\"@id\":\"https:\\\/\\\/elcanillita.info\\\/press\\\/2020\\\/07\\\/01\\\/explosion-gas-clinica-teheran-mata-19-personas\\\/#article\",\"isPartOf\":{\"@id\":\"https:\\\/\\\/elcanillita.info\\\/press\\\/2020\\\/07\\\/01\\\/explosion-gas-clinica-teheran-mata-19-personas\\\/\"},\"author\":{\"name\":\"SalaStampa.eu, world press service\",\"@id\":\"https:\\\/\\\/elcanillita.info\\\/press\\\/#\\\/schema\\\/person\\\/7fcb79f38045700919f7da6d97e71ba0\"},\"headline\":\"Una explosi\u00f3n de gas en una cl\u00ednica de Teher\u00e1n mata a 19 personas\",\"datePublished\":\"2020-07-01T03:19:06+00:00\",\"dateModified\":\"2020-07-02T18:55:03+00:00\",\"mainEntityOfPage\":{\"@id\":\"https:\\\/\\\/elcanillita.info\\\/press\\\/2020\\\/07\\\/01\\\/explosion-gas-clinica-teheran-mata-19-personas\\\/\"},\"wordCount\":403,\"publisher\":{\"@id\":\"https:\\\/\\\/elcanillita.info\\\/press\\\/#organization\"},\"image\":{\"@id\":\"https:\\\/\\\/elcanillita.info\\\/press\\\/2020\\\/07\\\/01\\\/explosion-gas-clinica-teheran-mata-19-personas\\\/#primaryimage\"},\"thumbnailUrl\":\"https:\\\/\\\/elcanillita.info\\\/press\\\/images\\\/2020\\\/07\\\/Iran-1.jpg\",\"keywords\":[\"Ir\u00e1n\"],\"articleSection\":[\"Actualidad\",\"Medio Oriente\",\"Sanidad\",\"Sociedad\"],\"inLanguage\":\"es-AR\"},{\"@type\":\"WebPage\",\"@id\":\"https:\\\/\\\/elcanillita.info\\\/press\\\/2020\\\/07\\\/01\\\/explosion-gas-clinica-teheran-mata-19-personas\\\/\",\"url\":\"https:\\\/\\\/elcanillita.info\\\/press\\\/2020\\\/07\\\/01\\\/explosion-gas-clinica-teheran-mata-19-personas\\\/\",\"name\":\"Una explosi\u00f3n de gas en una cl\u00ednica de Teher\u00e1n mata a 19 personas - ElCanillita.Info\",\"isPartOf\":{\"@id\":\"https:\\\/\\\/elcanillita.info\\\/press\\\/#website\"},\"primaryImageOfPage\":{\"@id\":\"https:\\\/\\\/elcanillita.info\\\/press\\\/2020\\\/07\\\/01\\\/explosion-gas-clinica-teheran-mata-19-personas\\\/#primaryimage\"},\"image\":{\"@id\":\"https:\\\/\\\/elcanillita.info\\\/press\\\/2020\\\/07\\\/01\\\/explosion-gas-clinica-teheran-mata-19-personas\\\/#primaryimage\"},\"thumbnailUrl\":\"https:\\\/\\\/elcanillita.info\\\/press\\\/images\\\/2020\\\/07\\\/Iran-1.jpg\",\"datePublished\":\"2020-07-01T03:19:06+00:00\",\"dateModified\":\"2020-07-02T18:55:03+00:00\",\"inLanguage\":\"es-AR\",\"potentialAction\":[{\"@type\":\"ReadAction\",\"target\":[\"https:\\\/\\\/elcanillita.info\\\/press\\\/2020\\\/07\\\/01\\\/explosion-gas-clinica-teheran-mata-19-personas\\\/\"]}]},{\"@type\":\"ImageObject\",\"inLanguage\":\"es-AR\",\"@id\":\"https:\\\/\\\/elcanillita.info\\\/press\\\/2020\\\/07\\\/01\\\/explosion-gas-clinica-teheran-mata-19-personas\\\/#primaryimage\",\"url\":\"https:\\\/\\\/elcanillita.info\\\/press\\\/images\\\/2020\\\/07\\\/Iran-1.jpg\",\"contentUrl\":\"https:\\\/\\\/elcanillita.info\\\/press\\\/images\\\/2020\\\/07\\\/Iran-1.jpg\",\"width\":600,\"height\":375},{\"@type\":\"WebSite\",\"@id\":\"https:\\\/\\\/elcanillita.info\\\/press\\\/#website\",\"url\":\"https:\\\/\\\/elcanillita.info\\\/press\\\/\",\"name\":\"ElCanillita.Info\",\"description\":\"desde los Apeninos a los Andes\",\"publisher\":{\"@id\":\"https:\\\/\\\/elcanillita.info\\\/press\\\/#organization\"},\"potentialAction\":[{\"@type\":\"SearchAction\",\"target\":{\"@type\":\"EntryPoint\",\"urlTemplate\":\"https:\\\/\\\/elcanillita.info\\\/press\\\/?s={search_term_string}\"},\"query-input\":{\"@type\":\"PropertyValueSpecification\",\"valueRequired\":true,\"valueName\":\"search_term_string\"}}],\"inLanguage\":\"es-AR\"},{\"@type\":\"Organization\",\"@id\":\"https:\\\/\\\/elcanillita.info\\\/press\\\/#organization\",\"name\":\"Guzzo Photos & Graphic Publications\",\"url\":\"https:\\\/\\\/elcanillita.info\\\/press\\\/\",\"logo\":{\"@type\":\"ImageObject\",\"inLanguage\":\"es-AR\",\"@id\":\"https:\\\/\\\/elcanillita.info\\\/press\\\/#\\\/schema\\\/logo\\\/image\\\/\",\"url\":\"https:\\\/\\\/elcanillita.info\\\/press\\\/images\\\/2020\\\/01\\\/cropped-cropped-cropped-elcanillitainfo.png\",\"contentUrl\":\"https:\\\/\\\/elcanillita.info\\\/press\\\/images\\\/2020\\\/01\\\/cropped-cropped-cropped-elcanillitainfo.png\",\"width\":460,\"height\":50,\"caption\":\"Guzzo Photos & Graphic Publications\"},\"image\":{\"@id\":\"https:\\\/\\\/elcanillita.info\\\/press\\\/#\\\/schema\\\/logo\\\/image\\\/\"},\"sameAs\":[\"https:\\\/\\\/ar-ar.facebook.com\\\/ElCanillitainfo-114249515285712\\\/\"]},{\"@type\":\"Person\",\"@id\":\"https:\\\/\\\/elcanillita.info\\\/press\\\/#\\\/schema\\\/person\\\/7fcb79f38045700919f7da6d97e71ba0\",\"name\":\"SalaStampa.eu, world press service\",\"image\":{\"@type\":\"ImageObject\",\"inLanguage\":\"es-AR\",\"@id\":\"https:\\\/\\\/secure.gravatar.com\\\/avatar\\\/c2f0e0d515a107624234994507816ca4724c7199cef73fc8bedebf6931d73888?s=96&d=mm&r=g\",\"url\":\"https:\\\/\\\/secure.gravatar.com\\\/avatar\\\/c2f0e0d515a107624234994507816ca4724c7199cef73fc8bedebf6931d73888?s=96&d=mm&r=g\",\"contentUrl\":\"https:\\\/\\\/secure.gravatar.com\\\/avatar\\\/c2f0e0d515a107624234994507816ca4724c7199cef73fc8bedebf6931d73888?s=96&d=mm&r=g\",\"caption\":\"SalaStampa.eu, world press service\"}}]}<\/script>\n<!-- \/ Yoast SEO plugin. -->","yoast_head_json":{"title":"Una explosi\u00f3n de gas en una cl\u00ednica de Teher\u00e1n mata a 19 personas - ElCanillita.Info","robots":{"index":"index","follow":"follow","max-snippet":"max-snippet:-1","max-image-preview":"max-image-preview:large","max-video-preview":"max-video-preview:-1"},"canonical":"https:\/\/elcanillita.info\/press\/2020\/07\/01\/explosion-gas-clinica-teheran-mata-19-personas\/","og_locale":"es_ES","og_type":"article","og_title":"Una explosi\u00f3n de gas en una cl\u00ednica de Teher\u00e1n mata a 19 personas - ElCanillita.Info","og_description":"Ir\u00e1n, 01.07.2020 - Una explosi\u00f3n de una fuga de gas en una cl\u00ednica m\u00e9dica en el norte de Teher\u00e1n mat\u00f3 a 19 personas, inform\u00f3 la televisi\u00f3n estatal iran\u00ed el martes.","og_url":"https:\/\/elcanillita.info\/press\/2020\/07\/01\/explosion-gas-clinica-teheran-mata-19-personas\/","og_site_name":"ElCanillita.Info","article_publisher":"https:\/\/ar-ar.facebook.com\/ElCanillitainfo-114249515285712\/","article_published_time":"2020-07-01T03:19:06+00:00","article_modified_time":"2020-07-02T18:55:03+00:00","og_image":[{"width":600,"height":375,"url":"https:\/\/elcanillita.info\/press\/images\/2020\/07\/Iran-1.jpg","type":"image\/jpeg"}],"author":"SalaStampa.eu, world press service","twitter_card":"summary_large_image","twitter_misc":{"Escrito por":"SalaStampa.eu, world press service","Tiempo de lectura":"2 minutos"},"schema":{"@context":"https:\/\/schema.org","@graph":[{"@type":"Article","@id":"https:\/\/elcanillita.info\/press\/2020\/07\/01\/explosion-gas-clinica-teheran-mata-19-personas\/#article","isPartOf":{"@id":"https:\/\/elcanillita.info\/press\/2020\/07\/01\/explosion-gas-clinica-teheran-mata-19-personas\/"},"author":{"name":"SalaStampa.eu, world press service","@id":"https:\/\/elcanillita.info\/press\/#\/schema\/person\/7fcb79f38045700919f7da6d97e71ba0"},"headline":"Una explosi\u00f3n de gas en una cl\u00ednica de Teher\u00e1n mata a 19 personas","datePublished":"2020-07-01T03:19:06+00:00","dateModified":"2020-07-02T18:55:03+00:00","mainEntityOfPage":{"@id":"https:\/\/elcanillita.info\/press\/2020\/07\/01\/explosion-gas-clinica-teheran-mata-19-personas\/"},"wordCount":403,"publisher":{"@id":"https:\/\/elcanillita.info\/press\/#organization"},"image":{"@id":"https:\/\/elcanillita.info\/press\/2020\/07\/01\/explosion-gas-clinica-teheran-mata-19-personas\/#primaryimage"},"thumbnailUrl":"https:\/\/elcanillita.info\/press\/images\/2020\/07\/Iran-1.jpg","keywords":["Ir\u00e1n"],"articleSection":["Actualidad","Medio Oriente","Sanidad","Sociedad"],"inLanguage":"es-AR"},{"@type":"WebPage","@id":"https:\/\/elcanillita.info\/press\/2020\/07\/01\/explosion-gas-clinica-teheran-mata-19-personas\/","url":"https:\/\/elcanillita.info\/press\/2020\/07\/01\/explosion-gas-clinica-teheran-mata-19-personas\/","name":"Una explosi\u00f3n de gas en una cl\u00ednica de Teher\u00e1n mata a 19 personas - ElCanillita.Info","isPartOf":{"@id":"https:\/\/elcanillita.info\/press\/#website"},"primaryImageOfPage":{"@id":"https:\/\/elcanillita.info\/press\/2020\/07\/01\/explosion-gas-clinica-teheran-mata-19-personas\/#primaryimage"},"image":{"@id":"https:\/\/elcanillita.info\/press\/2020\/07\/01\/explosion-gas-clinica-teheran-mata-19-personas\/#primaryimage"},"thumbnailUrl":"https:\/\/elcanillita.info\/press\/images\/2020\/07\/Iran-1.jpg","datePublished":"2020-07-01T03:19:06+00:00","dateModified":"2020-07-02T18:55:03+00:00","inLanguage":"es-AR","potentialAction":[{"@type":"ReadAction","target":["https:\/\/elcanillita.info\/press\/2020\/07\/01\/explosion-gas-clinica-teheran-mata-19-personas\/"]}]},{"@type":"ImageObject","inLanguage":"es-AR","@id":"https:\/\/elcanillita.info\/press\/2020\/07\/01\/explosion-gas-clinica-teheran-mata-19-personas\/#primaryimage","url":"https:\/\/elcanillita.info\/press\/images\/2020\/07\/Iran-1.jpg","contentUrl":"https:\/\/elcanillita.info\/press\/images\/2020\/07\/Iran-1.jpg","width":600,"height":375},{"@type":"WebSite","@id":"https:\/\/elcanillita.info\/press\/#website","url":"https:\/\/elcanillita.info\/press\/","name":"ElCanillita.Info","description":"desde los Apeninos a los Andes","publisher":{"@id":"https:\/\/elcanillita.info\/press\/#organization"},"potentialAction":[{"@type":"SearchAction","target":{"@type":"EntryPoint","urlTemplate":"https:\/\/elcanillita.info\/press\/?s={search_term_string}"},"query-input":{"@type":"PropertyValueSpecification","valueRequired":true,"valueName":"search_term_string"}}],"inLanguage":"es-AR"},{"@type":"Organization","@id":"https:\/\/elcanillita.info\/press\/#organization","name":"Guzzo Photos & Graphic Publications","url":"https:\/\/elcanillita.info\/press\/","logo":{"@type":"ImageObject","inLanguage":"es-AR","@id":"https:\/\/elcanillita.info\/press\/#\/schema\/logo\/image\/","url":"https:\/\/elcanillita.info\/press\/images\/2020\/01\/cropped-cropped-cropped-elcanillitainfo.png","contentUrl":"https:\/\/elcanillita.info\/press\/images\/2020\/01\/cropped-cropped-cropped-elcanillitainfo.png","width":460,"height":50,"caption":"Guzzo Photos & Graphic Publications"},"image":{"@id":"https:\/\/elcanillita.info\/press\/#\/schema\/logo\/image\/"},"sameAs":["https:\/\/ar-ar.facebook.com\/ElCanillitainfo-114249515285712\/"]},{"@type":"Person","@id":"https:\/\/elcanillita.info\/press\/#\/schema\/person\/7fcb79f38045700919f7da6d97e71ba0","name":"SalaStampa.eu, world press service","image":{"@type":"ImageObject","inLanguage":"es-AR","@id":"https:\/\/secure.gravatar.com\/avatar\/c2f0e0d515a107624234994507816ca4724c7199cef73fc8bedebf6931d73888?s=96&d=mm&r=g","url":"https:\/\/secure.gravatar.com\/avatar\/c2f0e0d515a107624234994507816ca4724c7199cef73fc8bedebf6931d73888?s=96&d=mm&r=g","contentUrl":"https:\/\/secure.gravatar.com\/avatar\/c2f0e0d515a107624234994507816ca4724c7199cef73fc8bedebf6931d73888?s=96&d=mm&r=g","caption":"SalaStampa.eu, world press service"}}]}},"views":791,"_links":{"self":[{"href":"https:\/\/elcanillita.info\/press\/wp-json\/wp\/v2\/posts\/845","targetHints":{"allow":["GET"]}}],"collection":[{"href":"https:\/\/elcanillita.info\/press\/wp-json\/wp\/v2\/posts"}],"about":[{"href":"https:\/\/elcanillita.info\/press\/wp-json\/wp\/v2\/types\/post"}],"author":[{"embeddable":true,"href":"https:\/\/elcanillita.info\/press\/wp-json\/wp\/v2\/users\/1"}],"replies":[{"embeddable":true,"href":"https:\/\/elcanillita.info\/press\/wp-json\/wp\/v2\/comments?post=845"}],"version-history":[{"count":0,"href":"https:\/\/elcanillita.info\/press\/wp-json\/wp\/v2\/posts\/845\/revisions"}],"wp:featuredmedia":[{"embeddable":true,"href":"https:\/\/elcanillita.info\/press\/wp-json\/wp\/v2\/media\/846"}],"wp:attachment":[{"href":"https:\/\/elcanillita.info\/press\/wp-json\/wp\/v2\/media?parent=845"}],"wp:term":[{"taxonomy":"category","embeddable":true,"href":"https:\/\/elcanillita.info\/press\/wp-json\/wp\/v2\/categories?post=845"},{"taxonomy":"post_tag","embeddable":true,"href":"https:\/\/elcanillita.info\/press\/wp-json\/wp\/v2\/tags?post=845"}],"curies":[{"name":"wp","href":"https:\/\/api.w.org\/{rel}","templated":true}]}}