{"id":843,"date":"2020-06-29T10:59:00","date_gmt":"2020-06-29T13:59:00","guid":{"rendered":"https:\/\/elcanillita.info\/press\/?p=843"},"modified":"2020-06-30T11:24:24","modified_gmt":"2020-06-30T14:24:24","slug":"alemania-demuestra-cierres-locales-no-son-una-respuesta-facil-crisis-covid","status":"publish","type":"post","link":"https:\/\/elcanillita.info\/press\/2020\/06\/29\/alemania-demuestra-cierres-locales-no-son-una-respuesta-facil-crisis-covid\/","title":{"rendered":"Alemania demuestra que los cierres locales no son una respuesta f\u00e1cil a la crisis de Covid."},"content":{"rendered":"\n<p><img decoding=\"async\" src=\"https:\/\/elcanillita.info\/press\/images\/2020\/06\/alemania.jpg\"><br>\n<small>Voluntarios entregan pa\u00f1ales a los empleados de Toennies y a sus familias que est\u00e1n en cuarentena en sus apartamentos detr\u00e1s de las vallas en Verl, Alemania.<\/small><br><br>\n\nRenania del Norte, 29.06.2020 &#8211; Alemania demuestra que los cierres locales no son una respuesta f\u00e1cil a la crisis de Covid.<\/p>\n\n\n\n<p>Hay se\u00f1ales de que la estrategia funciona, pero incluso un pa\u00eds  experto en el manejo de virus como Alemania est\u00e1 enfrentando problemas dif\u00edciles. <\/p>\n\n\n\n<p>El viernes de la semana pasada, Michael Esken, alcalde de la peque\u00f1a ciudad de Verl visit\u00f3 una urbanizaci\u00f3n social acordonada. Se hab\u00eda instalado una valla alrededor de las manzanas, vigilado las 24 horas por el personal de seguridad. Seiscientas cincuenta personas, incluyendo 60 ni\u00f1os, fueron encerradas dentro.<br><br>Tal es la dura realidad de las medidas requeridas para imponer un bloqueo local, estrategia que se utiliza en Alemania para suprimir nuevos brotes de coronavirus.<\/p>\n\n\n\n<p>Inicialmente, a los que viv\u00edan en la finca se les pidi\u00f3 simplemente que se auto-aislaran, pero cuando la polic\u00eda lleg\u00f3 para un control aleatorio encontr\u00f3 a cinco trabajadores rumanos sentados en sus maletas.<br><br>Como Esken explic\u00f3: &#8220;A pesar de la orden de auto-aislamiento, hab\u00edan decidido viajar de vuelta a casa&#8221;. Fue entonces cuando el alcalde se dio cuenta de que ten\u00eda que sellar el \u00e1rea.<\/p>\n\n\n\n<p>&#8220;No fue una decisi\u00f3n f\u00e1cil&#8221;, explic\u00f3 Esken a los medios alemanes, &#8221; la gente debe entender que se trata de Covid-19, y nadie quiere estar infectado con este virus&#8221;. <br><br>El distrito es el hogar de unas 2.000 personas que trabajan en la f\u00e1brica de procesamiento de carne T\u00f6nnies en la cercana ciudad de G\u00fctersloh, donde un nuevo brote comenz\u00f3 hace unos 10 d\u00edas.<\/p>\n\n\n\n<p>G\u00fctersloh, con una poblaci\u00f3n de 102.459 habitantes, ha tenido que cerrar escuelas, guarder\u00edas y el sector de la hosteler\u00eda. El distanciamiento social estricto ha sido nuevamente impuesto. Se hacen pruebas obligatoria del coronavirus, en personas que viven en bloques de viviendas sellados.<\/p>\n\n\n\n<p>Desde entonces, la ira p\u00fablica ha ido creciendo. Muchos residentes de G\u00fctersloh sienten que est\u00e1n siendo discriminados, y los turistas de la zona ahora tienen que presentar una prueba de coronavirus negativa, hecha no m\u00e1s de 48 horas antes de cuando llegan de vacaciones desde Austria y Alemania.<\/p>\n\n\n\n<p>Las autoridades locales han enviado trabajadores sociales a las fincas selladas para asegurarse de que las tensiones no aumenten. Tambi\u00e9n han tenido que proveer a la gente en cuarentena con agua y comida, as\u00ed como juguetes y materiales de ense\u00f1anza para los ni\u00f1os.<\/p>\n\n\n\n<p>Alemania ha tenido mucho \u00e9xito en el manejo de la crisis del coronavirus desde que comenz\u00f3.<br> Los expertos dicen que esto se debe a un riguroso r\u00e9gimen de pruebas, un sistema de cuidados intensivos bien financiado y sobre todo las facultades de las autoridades regionales y locales para analizar y aislar r\u00e1pidamente a las personas infectadas.<br><br>Este sistema federal es clave para asegurar que Alemania mantenga el control, para restringir la propagaci\u00f3n del virus.<\/p>\n\n\n\n<p>Aunque el cierre se extendi\u00f3 por otra semana, ayer Armin Laschet, primer ministro de Renania del Norte-Westfalia, en el que se encuentra la ciudad de G\u00fctersloh, anunci\u00f3 que habian detectado el virus predominantemente entre los trabajadores de la f\u00e1brica y s\u00f3lo unos pocos residentes hab\u00edan dado positivo.<br><br>Estos resultados sugieren que imponer cierres locales podrian funcionar &#8211; pero la lecci\u00f3n de Alemania es que est\u00e1 lejos de ser una respuesta f\u00e1cil a esta crisis.<br><br>\n<small>Fuente: PanPressEu  \/ SalaStampaEu &#8211; ElCanillita.Info &#8211;  Informaci\u00f3n de dominio p\u00fablico<\/small><\/p>\n\n\n\n<p><\/p>\n","protected":false},"excerpt":{"rendered":"<p>Renania del Norte, 29.06.2020 &#8211; Alemania demuestra que los cierres locales no son una respuesta f\u00e1cil a la crisis de Covid.<\/p>\n","protected":false},"author":1,"featured_media":0,"comment_status":"closed","ping_status":"closed","sticky":false,"template":"","format":"standard","meta":{"footnotes":"","_links_to":"","_links_to_target":""},"categories":[70,5,23,78,25],"tags":[69],"class_list":["post-843","post","type-post","status-publish","format-standard","hentry","category-actualidad","category-europa","category-politica","category-sanidad","category-sociedad","tag-alemania","entry","double"],"yoast_head":"<!-- This site is optimized with the Yoast SEO plugin v27.5 - https:\/\/yoast.com\/product\/yoast-seo-wordpress\/ -->\n<title>Alemania demuestra que los cierres locales no son una respuesta f\u00e1cil a la crisis de Covid. - ElCanillita.Info<\/title>\n<meta name=\"robots\" content=\"index, follow, max-snippet:-1, max-image-preview:large, max-video-preview:-1\" \/>\n<link rel=\"canonical\" href=\"https:\/\/elcanillita.info\/press\/2020\/06\/29\/alemania-demuestra-cierres-locales-no-son-una-respuesta-facil-crisis-covid\/\" \/>\n<meta property=\"og:locale\" content=\"es_ES\" \/>\n<meta property=\"og:type\" content=\"article\" \/>\n<meta property=\"og:title\" content=\"Alemania demuestra que los cierres locales no son una respuesta f\u00e1cil a la crisis de Covid. - ElCanillita.Info\" \/>\n<meta property=\"og:description\" content=\"Renania del Norte, 29.06.2020 - Alemania demuestra que los cierres locales no son una respuesta f\u00e1cil a la crisis de Covid.\" \/>\n<meta property=\"og:url\" content=\"https:\/\/elcanillita.info\/press\/2020\/06\/29\/alemania-demuestra-cierres-locales-no-son-una-respuesta-facil-crisis-covid\/\" \/>\n<meta property=\"og:site_name\" content=\"ElCanillita.Info\" \/>\n<meta property=\"article:publisher\" content=\"https:\/\/ar-ar.facebook.com\/ElCanillitainfo-114249515285712\/\" \/>\n<meta property=\"article:published_time\" content=\"2020-06-29T13:59:00+00:00\" \/>\n<meta property=\"article:modified_time\" content=\"2020-06-30T14:24:24+00:00\" \/>\n<meta property=\"og:image\" content=\"https:\/\/elcanillita.info\/press\/images\/2020\/06\/alemania.jpg\" \/>\n<meta name=\"author\" content=\"SalaStampa.eu, world press service\" \/>\n<meta name=\"twitter:card\" content=\"summary_large_image\" \/>\n<meta name=\"twitter:label1\" content=\"Escrito por\" \/>\n\t<meta name=\"twitter:data1\" content=\"SalaStampa.eu, world press service\" \/>\n\t<meta name=\"twitter:label2\" content=\"Tiempo de lectura\" \/>\n\t<meta name=\"twitter:data2\" content=\"3 minutos\" \/>\n<script type=\"application\/ld+json\" class=\"yoast-schema-graph\">{\"@context\":\"https:\\\/\\\/schema.org\",\"@graph\":[{\"@type\":\"Article\",\"@id\":\"https:\\\/\\\/elcanillita.info\\\/press\\\/2020\\\/06\\\/29\\\/alemania-demuestra-cierres-locales-no-son-una-respuesta-facil-crisis-covid\\\/#article\",\"isPartOf\":{\"@id\":\"https:\\\/\\\/elcanillita.info\\\/press\\\/2020\\\/06\\\/29\\\/alemania-demuestra-cierres-locales-no-son-una-respuesta-facil-crisis-covid\\\/\"},\"author\":{\"name\":\"SalaStampa.eu, world press service\",\"@id\":\"https:\\\/\\\/elcanillita.info\\\/press\\\/#\\\/schema\\\/person\\\/7fcb79f38045700919f7da6d97e71ba0\"},\"headline\":\"Alemania demuestra que los cierres locales no son una respuesta f\u00e1cil a la crisis de Covid.\",\"datePublished\":\"2020-06-29T13:59:00+00:00\",\"dateModified\":\"2020-06-30T14:24:24+00:00\",\"mainEntityOfPage\":{\"@id\":\"https:\\\/\\\/elcanillita.info\\\/press\\\/2020\\\/06\\\/29\\\/alemania-demuestra-cierres-locales-no-son-una-respuesta-facil-crisis-covid\\\/\"},\"wordCount\":615,\"publisher\":{\"@id\":\"https:\\\/\\\/elcanillita.info\\\/press\\\/#organization\"},\"image\":{\"@id\":\"https:\\\/\\\/elcanillita.info\\\/press\\\/2020\\\/06\\\/29\\\/alemania-demuestra-cierres-locales-no-son-una-respuesta-facil-crisis-covid\\\/#primaryimage\"},\"thumbnailUrl\":\"https:\\\/\\\/elcanillita.info\\\/press\\\/images\\\/2020\\\/06\\\/alemania.jpg\",\"keywords\":[\"Alemania\"],\"articleSection\":[\"Actualidad\",\"Europa\",\"Politica\",\"Sanidad\",\"Sociedad\"],\"inLanguage\":\"es-AR\"},{\"@type\":\"WebPage\",\"@id\":\"https:\\\/\\\/elcanillita.info\\\/press\\\/2020\\\/06\\\/29\\\/alemania-demuestra-cierres-locales-no-son-una-respuesta-facil-crisis-covid\\\/\",\"url\":\"https:\\\/\\\/elcanillita.info\\\/press\\\/2020\\\/06\\\/29\\\/alemania-demuestra-cierres-locales-no-son-una-respuesta-facil-crisis-covid\\\/\",\"name\":\"Alemania demuestra que los cierres locales no son una respuesta f\u00e1cil a la crisis de Covid. - ElCanillita.Info\",\"isPartOf\":{\"@id\":\"https:\\\/\\\/elcanillita.info\\\/press\\\/#website\"},\"primaryImageOfPage\":{\"@id\":\"https:\\\/\\\/elcanillita.info\\\/press\\\/2020\\\/06\\\/29\\\/alemania-demuestra-cierres-locales-no-son-una-respuesta-facil-crisis-covid\\\/#primaryimage\"},\"image\":{\"@id\":\"https:\\\/\\\/elcanillita.info\\\/press\\\/2020\\\/06\\\/29\\\/alemania-demuestra-cierres-locales-no-son-una-respuesta-facil-crisis-covid\\\/#primaryimage\"},\"thumbnailUrl\":\"https:\\\/\\\/elcanillita.info\\\/press\\\/images\\\/2020\\\/06\\\/alemania.jpg\",\"datePublished\":\"2020-06-29T13:59:00+00:00\",\"dateModified\":\"2020-06-30T14:24:24+00:00\",\"inLanguage\":\"es-AR\",\"potentialAction\":[{\"@type\":\"ReadAction\",\"target\":[\"https:\\\/\\\/elcanillita.info\\\/press\\\/2020\\\/06\\\/29\\\/alemania-demuestra-cierres-locales-no-son-una-respuesta-facil-crisis-covid\\\/\"]}]},{\"@type\":\"ImageObject\",\"inLanguage\":\"es-AR\",\"@id\":\"https:\\\/\\\/elcanillita.info\\\/press\\\/2020\\\/06\\\/29\\\/alemania-demuestra-cierres-locales-no-son-una-respuesta-facil-crisis-covid\\\/#primaryimage\",\"url\":\"https:\\\/\\\/elcanillita.info\\\/press\\\/images\\\/2020\\\/06\\\/alemania.jpg\",\"contentUrl\":\"https:\\\/\\\/elcanillita.info\\\/press\\\/images\\\/2020\\\/06\\\/alemania.jpg\"},{\"@type\":\"WebSite\",\"@id\":\"https:\\\/\\\/elcanillita.info\\\/press\\\/#website\",\"url\":\"https:\\\/\\\/elcanillita.info\\\/press\\\/\",\"name\":\"ElCanillita.Info\",\"description\":\"desde los Apeninos a los Andes\",\"publisher\":{\"@id\":\"https:\\\/\\\/elcanillita.info\\\/press\\\/#organization\"},\"potentialAction\":[{\"@type\":\"SearchAction\",\"target\":{\"@type\":\"EntryPoint\",\"urlTemplate\":\"https:\\\/\\\/elcanillita.info\\\/press\\\/?s={search_term_string}\"},\"query-input\":{\"@type\":\"PropertyValueSpecification\",\"valueRequired\":true,\"valueName\":\"search_term_string\"}}],\"inLanguage\":\"es-AR\"},{\"@type\":\"Organization\",\"@id\":\"https:\\\/\\\/elcanillita.info\\\/press\\\/#organization\",\"name\":\"Guzzo Photos & Graphic Publications\",\"url\":\"https:\\\/\\\/elcanillita.info\\\/press\\\/\",\"logo\":{\"@type\":\"ImageObject\",\"inLanguage\":\"es-AR\",\"@id\":\"https:\\\/\\\/elcanillita.info\\\/press\\\/#\\\/schema\\\/logo\\\/image\\\/\",\"url\":\"https:\\\/\\\/elcanillita.info\\\/press\\\/images\\\/2020\\\/01\\\/cropped-cropped-cropped-elcanillitainfo.png\",\"contentUrl\":\"https:\\\/\\\/elcanillita.info\\\/press\\\/images\\\/2020\\\/01\\\/cropped-cropped-cropped-elcanillitainfo.png\",\"width\":460,\"height\":50,\"caption\":\"Guzzo Photos & Graphic Publications\"},\"image\":{\"@id\":\"https:\\\/\\\/elcanillita.info\\\/press\\\/#\\\/schema\\\/logo\\\/image\\\/\"},\"sameAs\":[\"https:\\\/\\\/ar-ar.facebook.com\\\/ElCanillitainfo-114249515285712\\\/\"]},{\"@type\":\"Person\",\"@id\":\"https:\\\/\\\/elcanillita.info\\\/press\\\/#\\\/schema\\\/person\\\/7fcb79f38045700919f7da6d97e71ba0\",\"name\":\"SalaStampa.eu, world press service\",\"image\":{\"@type\":\"ImageObject\",\"inLanguage\":\"es-AR\",\"@id\":\"https:\\\/\\\/secure.gravatar.com\\\/avatar\\\/c2f0e0d515a107624234994507816ca4724c7199cef73fc8bedebf6931d73888?s=96&d=mm&r=g\",\"url\":\"https:\\\/\\\/secure.gravatar.com\\\/avatar\\\/c2f0e0d515a107624234994507816ca4724c7199cef73fc8bedebf6931d73888?s=96&d=mm&r=g\",\"contentUrl\":\"https:\\\/\\\/secure.gravatar.com\\\/avatar\\\/c2f0e0d515a107624234994507816ca4724c7199cef73fc8bedebf6931d73888?s=96&d=mm&r=g\",\"caption\":\"SalaStampa.eu, world press service\"}}]}<\/script>\n<!-- \/ Yoast SEO plugin. -->","yoast_head_json":{"title":"Alemania demuestra que los cierres locales no son una respuesta f\u00e1cil a la crisis de Covid. - ElCanillita.Info","robots":{"index":"index","follow":"follow","max-snippet":"max-snippet:-1","max-image-preview":"max-image-preview:large","max-video-preview":"max-video-preview:-1"},"canonical":"https:\/\/elcanillita.info\/press\/2020\/06\/29\/alemania-demuestra-cierres-locales-no-son-una-respuesta-facil-crisis-covid\/","og_locale":"es_ES","og_type":"article","og_title":"Alemania demuestra que los cierres locales no son una respuesta f\u00e1cil a la crisis de Covid. - ElCanillita.Info","og_description":"Renania del Norte, 29.06.2020 - Alemania demuestra que los cierres locales no son una respuesta f\u00e1cil a la crisis de Covid.","og_url":"https:\/\/elcanillita.info\/press\/2020\/06\/29\/alemania-demuestra-cierres-locales-no-son-una-respuesta-facil-crisis-covid\/","og_site_name":"ElCanillita.Info","article_publisher":"https:\/\/ar-ar.facebook.com\/ElCanillitainfo-114249515285712\/","article_published_time":"2020-06-29T13:59:00+00:00","article_modified_time":"2020-06-30T14:24:24+00:00","og_image":[{"url":"https:\/\/elcanillita.info\/press\/images\/2020\/06\/alemania.jpg","type":"","width":"","height":""}],"author":"SalaStampa.eu, world press service","twitter_card":"summary_large_image","twitter_misc":{"Escrito por":"SalaStampa.eu, world press service","Tiempo de lectura":"3 minutos"},"schema":{"@context":"https:\/\/schema.org","@graph":[{"@type":"Article","@id":"https:\/\/elcanillita.info\/press\/2020\/06\/29\/alemania-demuestra-cierres-locales-no-son-una-respuesta-facil-crisis-covid\/#article","isPartOf":{"@id":"https:\/\/elcanillita.info\/press\/2020\/06\/29\/alemania-demuestra-cierres-locales-no-son-una-respuesta-facil-crisis-covid\/"},"author":{"name":"SalaStampa.eu, world press service","@id":"https:\/\/elcanillita.info\/press\/#\/schema\/person\/7fcb79f38045700919f7da6d97e71ba0"},"headline":"Alemania demuestra que los cierres locales no son una respuesta f\u00e1cil a la crisis de Covid.","datePublished":"2020-06-29T13:59:00+00:00","dateModified":"2020-06-30T14:24:24+00:00","mainEntityOfPage":{"@id":"https:\/\/elcanillita.info\/press\/2020\/06\/29\/alemania-demuestra-cierres-locales-no-son-una-respuesta-facil-crisis-covid\/"},"wordCount":615,"publisher":{"@id":"https:\/\/elcanillita.info\/press\/#organization"},"image":{"@id":"https:\/\/elcanillita.info\/press\/2020\/06\/29\/alemania-demuestra-cierres-locales-no-son-una-respuesta-facil-crisis-covid\/#primaryimage"},"thumbnailUrl":"https:\/\/elcanillita.info\/press\/images\/2020\/06\/alemania.jpg","keywords":["Alemania"],"articleSection":["Actualidad","Europa","Politica","Sanidad","Sociedad"],"inLanguage":"es-AR"},{"@type":"WebPage","@id":"https:\/\/elcanillita.info\/press\/2020\/06\/29\/alemania-demuestra-cierres-locales-no-son-una-respuesta-facil-crisis-covid\/","url":"https:\/\/elcanillita.info\/press\/2020\/06\/29\/alemania-demuestra-cierres-locales-no-son-una-respuesta-facil-crisis-covid\/","name":"Alemania demuestra que los cierres locales no son una respuesta f\u00e1cil a la crisis de Covid. - ElCanillita.Info","isPartOf":{"@id":"https:\/\/elcanillita.info\/press\/#website"},"primaryImageOfPage":{"@id":"https:\/\/elcanillita.info\/press\/2020\/06\/29\/alemania-demuestra-cierres-locales-no-son-una-respuesta-facil-crisis-covid\/#primaryimage"},"image":{"@id":"https:\/\/elcanillita.info\/press\/2020\/06\/29\/alemania-demuestra-cierres-locales-no-son-una-respuesta-facil-crisis-covid\/#primaryimage"},"thumbnailUrl":"https:\/\/elcanillita.info\/press\/images\/2020\/06\/alemania.jpg","datePublished":"2020-06-29T13:59:00+00:00","dateModified":"2020-06-30T14:24:24+00:00","inLanguage":"es-AR","potentialAction":[{"@type":"ReadAction","target":["https:\/\/elcanillita.info\/press\/2020\/06\/29\/alemania-demuestra-cierres-locales-no-son-una-respuesta-facil-crisis-covid\/"]}]},{"@type":"ImageObject","inLanguage":"es-AR","@id":"https:\/\/elcanillita.info\/press\/2020\/06\/29\/alemania-demuestra-cierres-locales-no-son-una-respuesta-facil-crisis-covid\/#primaryimage","url":"https:\/\/elcanillita.info\/press\/images\/2020\/06\/alemania.jpg","contentUrl":"https:\/\/elcanillita.info\/press\/images\/2020\/06\/alemania.jpg"},{"@type":"WebSite","@id":"https:\/\/elcanillita.info\/press\/#website","url":"https:\/\/elcanillita.info\/press\/","name":"ElCanillita.Info","description":"desde los Apeninos a los Andes","publisher":{"@id":"https:\/\/elcanillita.info\/press\/#organization"},"potentialAction":[{"@type":"SearchAction","target":{"@type":"EntryPoint","urlTemplate":"https:\/\/elcanillita.info\/press\/?s={search_term_string}"},"query-input":{"@type":"PropertyValueSpecification","valueRequired":true,"valueName":"search_term_string"}}],"inLanguage":"es-AR"},{"@type":"Organization","@id":"https:\/\/elcanillita.info\/press\/#organization","name":"Guzzo Photos & Graphic Publications","url":"https:\/\/elcanillita.info\/press\/","logo":{"@type":"ImageObject","inLanguage":"es-AR","@id":"https:\/\/elcanillita.info\/press\/#\/schema\/logo\/image\/","url":"https:\/\/elcanillita.info\/press\/images\/2020\/01\/cropped-cropped-cropped-elcanillitainfo.png","contentUrl":"https:\/\/elcanillita.info\/press\/images\/2020\/01\/cropped-cropped-cropped-elcanillitainfo.png","width":460,"height":50,"caption":"Guzzo Photos & Graphic Publications"},"image":{"@id":"https:\/\/elcanillita.info\/press\/#\/schema\/logo\/image\/"},"sameAs":["https:\/\/ar-ar.facebook.com\/ElCanillitainfo-114249515285712\/"]},{"@type":"Person","@id":"https:\/\/elcanillita.info\/press\/#\/schema\/person\/7fcb79f38045700919f7da6d97e71ba0","name":"SalaStampa.eu, world press service","image":{"@type":"ImageObject","inLanguage":"es-AR","@id":"https:\/\/secure.gravatar.com\/avatar\/c2f0e0d515a107624234994507816ca4724c7199cef73fc8bedebf6931d73888?s=96&d=mm&r=g","url":"https:\/\/secure.gravatar.com\/avatar\/c2f0e0d515a107624234994507816ca4724c7199cef73fc8bedebf6931d73888?s=96&d=mm&r=g","contentUrl":"https:\/\/secure.gravatar.com\/avatar\/c2f0e0d515a107624234994507816ca4724c7199cef73fc8bedebf6931d73888?s=96&d=mm&r=g","caption":"SalaStampa.eu, world press service"}}]}},"views":820,"_links":{"self":[{"href":"https:\/\/elcanillita.info\/press\/wp-json\/wp\/v2\/posts\/843","targetHints":{"allow":["GET"]}}],"collection":[{"href":"https:\/\/elcanillita.info\/press\/wp-json\/wp\/v2\/posts"}],"about":[{"href":"https:\/\/elcanillita.info\/press\/wp-json\/wp\/v2\/types\/post"}],"author":[{"embeddable":true,"href":"https:\/\/elcanillita.info\/press\/wp-json\/wp\/v2\/users\/1"}],"replies":[{"embeddable":true,"href":"https:\/\/elcanillita.info\/press\/wp-json\/wp\/v2\/comments?post=843"}],"version-history":[{"count":0,"href":"https:\/\/elcanillita.info\/press\/wp-json\/wp\/v2\/posts\/843\/revisions"}],"wp:attachment":[{"href":"https:\/\/elcanillita.info\/press\/wp-json\/wp\/v2\/media?parent=843"}],"wp:term":[{"taxonomy":"category","embeddable":true,"href":"https:\/\/elcanillita.info\/press\/wp-json\/wp\/v2\/categories?post=843"},{"taxonomy":"post_tag","embeddable":true,"href":"https:\/\/elcanillita.info\/press\/wp-json\/wp\/v2\/tags?post=843"}],"curies":[{"name":"wp","href":"https:\/\/api.w.org\/{rel}","templated":true}]}}