{"id":83,"date":"2020-01-13T08:11:35","date_gmt":"2020-01-13T11:11:35","guid":{"rendered":"https:\/\/elcanillita.info\/press\/?p=83"},"modified":"2020-01-17T07:42:37","modified_gmt":"2020-01-17T10:42:37","slug":"volcan-taal-amenaza-a-filipinas-con-erupcion-y-tsunami","status":"publish","type":"post","link":"https:\/\/elcanillita.info\/press\/2020\/01\/13\/volcan-taal-amenaza-a-filipinas-con-erupcion-y-tsunami\/","title":{"rendered":"Volc\u00e1n Taal amenaza a Filipinas con una posible erupci\u00f3n explosiva y tsunami"},"content":{"rendered":"\n<p>Manila, 12.01.2020 &#8211; Un volc\u00e1n cerca de la capital de Filipinas arroj\u00f3 cenizas hasta 15 kil\u00f3metros de altura el domingo, lo que provoc\u00f3 la evacuaci\u00f3n de miles de personas, la cancelaci\u00f3n de vuelos y advertencias de una posible erupci\u00f3n explosiva y un tsunami volc\u00e1nico.<\/p>\n\n\n\n<p>El volc\u00e1n Taal, uno de los m\u00e1s activos del pa\u00eds, se encuentra en medio de un lago a unos 70 kil\u00f3metros (45 millas) al sur del centro de Manila. Temblores sacudieron el \u00e1rea el domingo y un rel\u00e1mpago volc\u00e1nico parpade\u00f3 en la columna de vapor y cenizas.<\/p>\n\n\n\n<p>El Instituto Filipino de Vulcanolog\u00eda y Sismolog\u00eda (Phivolcs) elev\u00f3 su nivel de alerta a 4 en una escala de 5, lo que significa que \u201cuna erupci\u00f3n explosiva peligrosa es posible en cuesti\u00f3n de horas o d\u00edas\u201d.<\/p>\n\n\n\n<p>Phivolcs tambi\u00e9n advirti\u00f3 de los posibles peligros de un tsunami volc\u00e1nico y de r\u00e1pidas corrientes de gas caliente y materia volc\u00e1nica que podr\u00edan afectar \u00e1reas alrededor del lago Taal, un sitio popular de escapadas&nbsp;de fin de semana entre los manile\u00f1os.<\/p>\n\n\n\n<p>La evacuaci\u00f3n de unos 8.000 residentes de la isla del volc\u00e1n y otras ciudades de alto riesgo estaba en marcha, y alrededor de 6.000 ya se encontraban fuera de la zona de peligro en la tarde del domingo, dijo el Consejo Nacional de Gesti\u00f3n y Reducci\u00f3n del Riesgo de Desastres.<\/p>\n\n\n\n<p>Las cenizas hab\u00edan llegado a Manila, lo que provoc\u00f3 la suspensi\u00f3n de vuelos en el concurrido aeropuerto internacional de la capital.<br><br>\n<small>2020 voanoticias \u2013 salastampa.eu, afiliada a la red Broadcasting Board of Governors \u00a9 2020 BBG<\/small><\/p>\n","protected":false},"excerpt":{"rendered":"<p>Manila, 12.01.2020 &#8211; Un volc\u00e1n cerca de la capital de Filipinas arroj\u00f3 cenizas hasta 15 kil\u00f3metros de altura el domingo, lo que provoc\u00f3 la evacuaci\u00f3n de miles de personas, la cancelaci\u00f3n de vuelos y advertencias de una posible erupci\u00f3n explosiva y un tsunami volc\u00e1nico.<\/p>\n","protected":false},"author":1,"featured_media":0,"comment_status":"closed","ping_status":"closed","sticky":false,"template":"","format":"standard","meta":{"footnotes":"","_links_to":"","_links_to_target":""},"categories":[16,21,25],"tags":[42],"class_list":["post-83","post","type-post","status-publish","format-standard","hentry","category-asia","category-geo","category-sociedad","tag-filipinas","entry","double"],"yoast_head":"<!-- This site is optimized with the Yoast SEO plugin v27.4 - https:\/\/yoast.com\/product\/yoast-seo-wordpress\/ -->\n<title>Volc\u00e1n Taal amenaza a Filipinas con una posible erupci\u00f3n explosiva y tsunami - ElCanillita.Info<\/title>\n<meta name=\"robots\" content=\"index, follow, max-snippet:-1, max-image-preview:large, max-video-preview:-1\" \/>\n<link rel=\"canonical\" href=\"https:\/\/elcanillita.info\/press\/2020\/01\/13\/volcan-taal-amenaza-a-filipinas-con-erupcion-y-tsunami\/\" \/>\n<meta property=\"og:locale\" content=\"es_ES\" \/>\n<meta property=\"og:type\" content=\"article\" \/>\n<meta property=\"og:title\" content=\"Volc\u00e1n Taal amenaza a Filipinas con una posible erupci\u00f3n explosiva y tsunami - ElCanillita.Info\" \/>\n<meta property=\"og:description\" content=\"Manila, 12.01.2020 - Un volc\u00e1n cerca de la capital de Filipinas arroj\u00f3 cenizas hasta 15 kil\u00f3metros de altura el domingo, lo que provoc\u00f3 la evacuaci\u00f3n de miles de personas, la cancelaci\u00f3n de vuelos y advertencias de una posible erupci\u00f3n explosiva y un tsunami volc\u00e1nico.\" \/>\n<meta property=\"og:url\" content=\"https:\/\/elcanillita.info\/press\/2020\/01\/13\/volcan-taal-amenaza-a-filipinas-con-erupcion-y-tsunami\/\" \/>\n<meta property=\"og:site_name\" content=\"ElCanillita.Info\" \/>\n<meta property=\"article:publisher\" content=\"https:\/\/ar-ar.facebook.com\/ElCanillitainfo-114249515285712\/\" \/>\n<meta property=\"article:published_time\" content=\"2020-01-13T11:11:35+00:00\" \/>\n<meta property=\"article:modified_time\" content=\"2020-01-17T10:42:37+00:00\" \/>\n<meta name=\"author\" content=\"SalaStampa.eu, world press service\" \/>\n<meta name=\"twitter:card\" content=\"summary_large_image\" \/>\n<meta name=\"twitter:label1\" content=\"Escrito por\" \/>\n\t<meta name=\"twitter:data1\" content=\"SalaStampa.eu, world press service\" \/>\n\t<meta name=\"twitter:label2\" content=\"Tiempo de lectura\" \/>\n\t<meta name=\"twitter:data2\" content=\"1 minuto\" \/>\n<script type=\"application\/ld+json\" class=\"yoast-schema-graph\">{\"@context\":\"https:\\\/\\\/schema.org\",\"@graph\":[{\"@type\":\"Article\",\"@id\":\"https:\\\/\\\/elcanillita.info\\\/press\\\/2020\\\/01\\\/13\\\/volcan-taal-amenaza-a-filipinas-con-erupcion-y-tsunami\\\/#article\",\"isPartOf\":{\"@id\":\"https:\\\/\\\/elcanillita.info\\\/press\\\/2020\\\/01\\\/13\\\/volcan-taal-amenaza-a-filipinas-con-erupcion-y-tsunami\\\/\"},\"author\":{\"name\":\"SalaStampa.eu, world press service\",\"@id\":\"https:\\\/\\\/elcanillita.info\\\/press\\\/#\\\/schema\\\/person\\\/7fcb79f38045700919f7da6d97e71ba0\"},\"headline\":\"Volc\u00e1n Taal amenaza a Filipinas con una posible erupci\u00f3n explosiva y tsunami\",\"datePublished\":\"2020-01-13T11:11:35+00:00\",\"dateModified\":\"2020-01-17T10:42:37+00:00\",\"mainEntityOfPage\":{\"@id\":\"https:\\\/\\\/elcanillita.info\\\/press\\\/2020\\\/01\\\/13\\\/volcan-taal-amenaza-a-filipinas-con-erupcion-y-tsunami\\\/\"},\"wordCount\":287,\"publisher\":{\"@id\":\"https:\\\/\\\/elcanillita.info\\\/press\\\/#organization\"},\"keywords\":[\"Filipinas\"],\"articleSection\":[\"Asia\",\"Geo\",\"Sociedad\"],\"inLanguage\":\"es-AR\"},{\"@type\":\"WebPage\",\"@id\":\"https:\\\/\\\/elcanillita.info\\\/press\\\/2020\\\/01\\\/13\\\/volcan-taal-amenaza-a-filipinas-con-erupcion-y-tsunami\\\/\",\"url\":\"https:\\\/\\\/elcanillita.info\\\/press\\\/2020\\\/01\\\/13\\\/volcan-taal-amenaza-a-filipinas-con-erupcion-y-tsunami\\\/\",\"name\":\"Volc\u00e1n Taal amenaza a Filipinas con una posible erupci\u00f3n explosiva y tsunami - ElCanillita.Info\",\"isPartOf\":{\"@id\":\"https:\\\/\\\/elcanillita.info\\\/press\\\/#website\"},\"datePublished\":\"2020-01-13T11:11:35+00:00\",\"dateModified\":\"2020-01-17T10:42:37+00:00\",\"inLanguage\":\"es-AR\",\"potentialAction\":[{\"@type\":\"ReadAction\",\"target\":[\"https:\\\/\\\/elcanillita.info\\\/press\\\/2020\\\/01\\\/13\\\/volcan-taal-amenaza-a-filipinas-con-erupcion-y-tsunami\\\/\"]}]},{\"@type\":\"WebSite\",\"@id\":\"https:\\\/\\\/elcanillita.info\\\/press\\\/#website\",\"url\":\"https:\\\/\\\/elcanillita.info\\\/press\\\/\",\"name\":\"ElCanillita.Info\",\"description\":\"desde los Apeninos a los Andes\",\"publisher\":{\"@id\":\"https:\\\/\\\/elcanillita.info\\\/press\\\/#organization\"},\"potentialAction\":[{\"@type\":\"SearchAction\",\"target\":{\"@type\":\"EntryPoint\",\"urlTemplate\":\"https:\\\/\\\/elcanillita.info\\\/press\\\/?s={search_term_string}\"},\"query-input\":{\"@type\":\"PropertyValueSpecification\",\"valueRequired\":true,\"valueName\":\"search_term_string\"}}],\"inLanguage\":\"es-AR\"},{\"@type\":\"Organization\",\"@id\":\"https:\\\/\\\/elcanillita.info\\\/press\\\/#organization\",\"name\":\"Guzzo Photos & Graphic Publications\",\"url\":\"https:\\\/\\\/elcanillita.info\\\/press\\\/\",\"logo\":{\"@type\":\"ImageObject\",\"inLanguage\":\"es-AR\",\"@id\":\"https:\\\/\\\/elcanillita.info\\\/press\\\/#\\\/schema\\\/logo\\\/image\\\/\",\"url\":\"https:\\\/\\\/elcanillita.info\\\/press\\\/images\\\/2020\\\/01\\\/cropped-cropped-cropped-elcanillitainfo.png\",\"contentUrl\":\"https:\\\/\\\/elcanillita.info\\\/press\\\/images\\\/2020\\\/01\\\/cropped-cropped-cropped-elcanillitainfo.png\",\"width\":460,\"height\":50,\"caption\":\"Guzzo Photos & Graphic Publications\"},\"image\":{\"@id\":\"https:\\\/\\\/elcanillita.info\\\/press\\\/#\\\/schema\\\/logo\\\/image\\\/\"},\"sameAs\":[\"https:\\\/\\\/ar-ar.facebook.com\\\/ElCanillitainfo-114249515285712\\\/\"]},{\"@type\":\"Person\",\"@id\":\"https:\\\/\\\/elcanillita.info\\\/press\\\/#\\\/schema\\\/person\\\/7fcb79f38045700919f7da6d97e71ba0\",\"name\":\"SalaStampa.eu, world press service\",\"image\":{\"@type\":\"ImageObject\",\"inLanguage\":\"es-AR\",\"@id\":\"https:\\\/\\\/secure.gravatar.com\\\/avatar\\\/c2f0e0d515a107624234994507816ca4724c7199cef73fc8bedebf6931d73888?s=96&d=mm&r=g\",\"url\":\"https:\\\/\\\/secure.gravatar.com\\\/avatar\\\/c2f0e0d515a107624234994507816ca4724c7199cef73fc8bedebf6931d73888?s=96&d=mm&r=g\",\"contentUrl\":\"https:\\\/\\\/secure.gravatar.com\\\/avatar\\\/c2f0e0d515a107624234994507816ca4724c7199cef73fc8bedebf6931d73888?s=96&d=mm&r=g\",\"caption\":\"SalaStampa.eu, world press service\"}}]}<\/script>\n<!-- \/ Yoast SEO plugin. -->","yoast_head_json":{"title":"Volc\u00e1n Taal amenaza a Filipinas con una posible erupci\u00f3n explosiva y tsunami - ElCanillita.Info","robots":{"index":"index","follow":"follow","max-snippet":"max-snippet:-1","max-image-preview":"max-image-preview:large","max-video-preview":"max-video-preview:-1"},"canonical":"https:\/\/elcanillita.info\/press\/2020\/01\/13\/volcan-taal-amenaza-a-filipinas-con-erupcion-y-tsunami\/","og_locale":"es_ES","og_type":"article","og_title":"Volc\u00e1n Taal amenaza a Filipinas con una posible erupci\u00f3n explosiva y tsunami - ElCanillita.Info","og_description":"Manila, 12.01.2020 - Un volc\u00e1n cerca de la capital de Filipinas arroj\u00f3 cenizas hasta 15 kil\u00f3metros de altura el domingo, lo que provoc\u00f3 la evacuaci\u00f3n de miles de personas, la cancelaci\u00f3n de vuelos y advertencias de una posible erupci\u00f3n explosiva y un tsunami volc\u00e1nico.","og_url":"https:\/\/elcanillita.info\/press\/2020\/01\/13\/volcan-taal-amenaza-a-filipinas-con-erupcion-y-tsunami\/","og_site_name":"ElCanillita.Info","article_publisher":"https:\/\/ar-ar.facebook.com\/ElCanillitainfo-114249515285712\/","article_published_time":"2020-01-13T11:11:35+00:00","article_modified_time":"2020-01-17T10:42:37+00:00","author":"SalaStampa.eu, world press service","twitter_card":"summary_large_image","twitter_misc":{"Escrito por":"SalaStampa.eu, world press service","Tiempo de lectura":"1 minuto"},"schema":{"@context":"https:\/\/schema.org","@graph":[{"@type":"Article","@id":"https:\/\/elcanillita.info\/press\/2020\/01\/13\/volcan-taal-amenaza-a-filipinas-con-erupcion-y-tsunami\/#article","isPartOf":{"@id":"https:\/\/elcanillita.info\/press\/2020\/01\/13\/volcan-taal-amenaza-a-filipinas-con-erupcion-y-tsunami\/"},"author":{"name":"SalaStampa.eu, world press service","@id":"https:\/\/elcanillita.info\/press\/#\/schema\/person\/7fcb79f38045700919f7da6d97e71ba0"},"headline":"Volc\u00e1n Taal amenaza a Filipinas con una posible erupci\u00f3n explosiva y tsunami","datePublished":"2020-01-13T11:11:35+00:00","dateModified":"2020-01-17T10:42:37+00:00","mainEntityOfPage":{"@id":"https:\/\/elcanillita.info\/press\/2020\/01\/13\/volcan-taal-amenaza-a-filipinas-con-erupcion-y-tsunami\/"},"wordCount":287,"publisher":{"@id":"https:\/\/elcanillita.info\/press\/#organization"},"keywords":["Filipinas"],"articleSection":["Asia","Geo","Sociedad"],"inLanguage":"es-AR"},{"@type":"WebPage","@id":"https:\/\/elcanillita.info\/press\/2020\/01\/13\/volcan-taal-amenaza-a-filipinas-con-erupcion-y-tsunami\/","url":"https:\/\/elcanillita.info\/press\/2020\/01\/13\/volcan-taal-amenaza-a-filipinas-con-erupcion-y-tsunami\/","name":"Volc\u00e1n Taal amenaza a Filipinas con una posible erupci\u00f3n explosiva y tsunami - ElCanillita.Info","isPartOf":{"@id":"https:\/\/elcanillita.info\/press\/#website"},"datePublished":"2020-01-13T11:11:35+00:00","dateModified":"2020-01-17T10:42:37+00:00","inLanguage":"es-AR","potentialAction":[{"@type":"ReadAction","target":["https:\/\/elcanillita.info\/press\/2020\/01\/13\/volcan-taal-amenaza-a-filipinas-con-erupcion-y-tsunami\/"]}]},{"@type":"WebSite","@id":"https:\/\/elcanillita.info\/press\/#website","url":"https:\/\/elcanillita.info\/press\/","name":"ElCanillita.Info","description":"desde los Apeninos a los Andes","publisher":{"@id":"https:\/\/elcanillita.info\/press\/#organization"},"potentialAction":[{"@type":"SearchAction","target":{"@type":"EntryPoint","urlTemplate":"https:\/\/elcanillita.info\/press\/?s={search_term_string}"},"query-input":{"@type":"PropertyValueSpecification","valueRequired":true,"valueName":"search_term_string"}}],"inLanguage":"es-AR"},{"@type":"Organization","@id":"https:\/\/elcanillita.info\/press\/#organization","name":"Guzzo Photos & Graphic Publications","url":"https:\/\/elcanillita.info\/press\/","logo":{"@type":"ImageObject","inLanguage":"es-AR","@id":"https:\/\/elcanillita.info\/press\/#\/schema\/logo\/image\/","url":"https:\/\/elcanillita.info\/press\/images\/2020\/01\/cropped-cropped-cropped-elcanillitainfo.png","contentUrl":"https:\/\/elcanillita.info\/press\/images\/2020\/01\/cropped-cropped-cropped-elcanillitainfo.png","width":460,"height":50,"caption":"Guzzo Photos & Graphic Publications"},"image":{"@id":"https:\/\/elcanillita.info\/press\/#\/schema\/logo\/image\/"},"sameAs":["https:\/\/ar-ar.facebook.com\/ElCanillitainfo-114249515285712\/"]},{"@type":"Person","@id":"https:\/\/elcanillita.info\/press\/#\/schema\/person\/7fcb79f38045700919f7da6d97e71ba0","name":"SalaStampa.eu, world press service","image":{"@type":"ImageObject","inLanguage":"es-AR","@id":"https:\/\/secure.gravatar.com\/avatar\/c2f0e0d515a107624234994507816ca4724c7199cef73fc8bedebf6931d73888?s=96&d=mm&r=g","url":"https:\/\/secure.gravatar.com\/avatar\/c2f0e0d515a107624234994507816ca4724c7199cef73fc8bedebf6931d73888?s=96&d=mm&r=g","contentUrl":"https:\/\/secure.gravatar.com\/avatar\/c2f0e0d515a107624234994507816ca4724c7199cef73fc8bedebf6931d73888?s=96&d=mm&r=g","caption":"SalaStampa.eu, world press service"}}]}},"views":838,"_links":{"self":[{"href":"https:\/\/elcanillita.info\/press\/wp-json\/wp\/v2\/posts\/83","targetHints":{"allow":["GET"]}}],"collection":[{"href":"https:\/\/elcanillita.info\/press\/wp-json\/wp\/v2\/posts"}],"about":[{"href":"https:\/\/elcanillita.info\/press\/wp-json\/wp\/v2\/types\/post"}],"author":[{"embeddable":true,"href":"https:\/\/elcanillita.info\/press\/wp-json\/wp\/v2\/users\/1"}],"replies":[{"embeddable":true,"href":"https:\/\/elcanillita.info\/press\/wp-json\/wp\/v2\/comments?post=83"}],"version-history":[{"count":0,"href":"https:\/\/elcanillita.info\/press\/wp-json\/wp\/v2\/posts\/83\/revisions"}],"wp:attachment":[{"href":"https:\/\/elcanillita.info\/press\/wp-json\/wp\/v2\/media?parent=83"}],"wp:term":[{"taxonomy":"category","embeddable":true,"href":"https:\/\/elcanillita.info\/press\/wp-json\/wp\/v2\/categories?post=83"},{"taxonomy":"post_tag","embeddable":true,"href":"https:\/\/elcanillita.info\/press\/wp-json\/wp\/v2\/tags?post=83"}],"curies":[{"name":"wp","href":"https:\/\/api.w.org\/{rel}","templated":true}]}}