{"id":824,"date":"2020-06-28T02:10:00","date_gmt":"2020-06-28T05:10:00","guid":{"rendered":"https:\/\/elcanillita.info\/press\/?p=824"},"modified":"2020-06-28T08:15:25","modified_gmt":"2020-06-28T11:15:25","slug":"brote-dengue-complica-situacion-latinoamerica","status":"publish","type":"post","link":"https:\/\/elcanillita.info\/press\/2020\/06\/28\/brote-dengue-complica-situacion-latinoamerica\/","title":{"rendered":"Brote de dengue complica situaci\u00f3n en Latinoam\u00e9rica"},"content":{"rendered":"\n<p><video src=\"https:\/\/elcanillita.info\/press\/images\/2020\/06\/Latinoam\u00e9rica.mp4\" controls=\"\" autoplay=\"autoplay\" loop=\"loop\" width=\"100%\" height=\"100%\"><br> Mundo, 27.06.2020 &#8211; M\u00e1s de 1.600 millones de casos de dengue, report\u00f3 la Organizaci\u00f3n Panamericana de la Salud, en Latinoam\u00e9rica, durante el primer semestre del a\u00f1o.<br> El brote representa un reto, sobre todo mientras la regi\u00f3n experimenta uno de los peores escenarios por contagios de coronavirus. <br>Informa Jorge Agobian, de la Voz de Am\u00e9rica.<br><br><small>\u00a9 2020 SalaStampa.Eu  afiliada a USAGM \/ VOA<\/small><\/p>\n","protected":false},"excerpt":{"rendered":"<p> Mundo, 27.06.2020 &#8211; M\u00e1s de 1 600 millones de casos de dengue, report\u00f3 la Organizaci\u00f3n Panamericana de la Salud, en Latinoam\u00e9rica, durante el primer semestre del a\u00f1o.<br \/>\n El brote representa un reto, sobre todo mientras la regi\u00f3n experimenta uno de los peores escenarios por contagios de coronavirus. <\/p>\n","protected":false},"author":1,"featured_media":0,"comment_status":"closed","ping_status":"closed","sticky":false,"template":"","format":"standard","meta":{"footnotes":"","_links_to":"","_links_to_target":""},"categories":[70,12,18,78,25],"tags":[35],"class_list":["post-824","post","type-post","status-publish","format-standard","hentry","category-actualidad","category-audiovisuales","category-cosmo","category-sanidad","category-sociedad","tag-mundo","entry","double"],"yoast_head":"<!-- This site is optimized with the Yoast SEO plugin v27.4 - https:\/\/yoast.com\/product\/yoast-seo-wordpress\/ -->\n<title>Brote de dengue complica situaci\u00f3n en Latinoam\u00e9rica - ElCanillita.Info<\/title>\n<meta name=\"robots\" content=\"index, follow, max-snippet:-1, max-image-preview:large, max-video-preview:-1\" \/>\n<link rel=\"canonical\" href=\"https:\/\/elcanillita.info\/press\/2020\/06\/28\/brote-dengue-complica-situacion-latinoamerica\/\" \/>\n<meta property=\"og:locale\" content=\"es_ES\" \/>\n<meta property=\"og:type\" content=\"article\" \/>\n<meta property=\"og:title\" content=\"Brote de dengue complica situaci\u00f3n en Latinoam\u00e9rica - ElCanillita.Info\" \/>\n<meta property=\"og:description\" content=\"Mundo, 27.06.2020 - M\u00e1s de 1 600 millones de casos de dengue, report\u00f3 la Organizaci\u00f3n Panamericana de la Salud, en Latinoam\u00e9rica, durante el primer semestre del a\u00f1o. El brote representa un reto, sobre todo mientras la regi\u00f3n experimenta uno de los peores escenarios por contagios de coronavirus.\" \/>\n<meta property=\"og:url\" content=\"https:\/\/elcanillita.info\/press\/2020\/06\/28\/brote-dengue-complica-situacion-latinoamerica\/\" \/>\n<meta property=\"og:site_name\" content=\"ElCanillita.Info\" \/>\n<meta property=\"article:publisher\" content=\"https:\/\/ar-ar.facebook.com\/ElCanillitainfo-114249515285712\/\" \/>\n<meta property=\"article:published_time\" content=\"2020-06-28T05:10:00+00:00\" \/>\n<meta property=\"article:modified_time\" content=\"2020-06-28T11:15:25+00:00\" \/>\n<meta name=\"author\" content=\"SalaStampa.eu, world press service\" \/>\n<meta name=\"twitter:card\" content=\"summary_large_image\" \/>\n<meta name=\"twitter:label1\" content=\"Escrito por\" \/>\n\t<meta name=\"twitter:data1\" content=\"SalaStampa.eu, world press service\" \/>\n<script type=\"application\/ld+json\" class=\"yoast-schema-graph\">{\"@context\":\"https:\\\/\\\/schema.org\",\"@graph\":[{\"@type\":\"Article\",\"@id\":\"https:\\\/\\\/elcanillita.info\\\/press\\\/2020\\\/06\\\/28\\\/brote-dengue-complica-situacion-latinoamerica\\\/#article\",\"isPartOf\":{\"@id\":\"https:\\\/\\\/elcanillita.info\\\/press\\\/2020\\\/06\\\/28\\\/brote-dengue-complica-situacion-latinoamerica\\\/\"},\"author\":{\"name\":\"SalaStampa.eu, world press service\",\"@id\":\"https:\\\/\\\/elcanillita.info\\\/press\\\/#\\\/schema\\\/person\\\/7fcb79f38045700919f7da6d97e71ba0\"},\"headline\":\"Brote de dengue complica situaci\u00f3n en Latinoam\u00e9rica\",\"datePublished\":\"2020-06-28T05:10:00+00:00\",\"dateModified\":\"2020-06-28T11:15:25+00:00\",\"mainEntityOfPage\":{\"@id\":\"https:\\\/\\\/elcanillita.info\\\/press\\\/2020\\\/06\\\/28\\\/brote-dengue-complica-situacion-latinoamerica\\\/\"},\"wordCount\":73,\"publisher\":{\"@id\":\"https:\\\/\\\/elcanillita.info\\\/press\\\/#organization\"},\"keywords\":[\"MUNDO\"],\"articleSection\":[\"Actualidad\",\"audiovisuales\",\"Cosmo\",\"Sanidad\",\"Sociedad\"],\"inLanguage\":\"es-AR\"},{\"@type\":\"WebPage\",\"@id\":\"https:\\\/\\\/elcanillita.info\\\/press\\\/2020\\\/06\\\/28\\\/brote-dengue-complica-situacion-latinoamerica\\\/\",\"url\":\"https:\\\/\\\/elcanillita.info\\\/press\\\/2020\\\/06\\\/28\\\/brote-dengue-complica-situacion-latinoamerica\\\/\",\"name\":\"Brote de dengue complica situaci\u00f3n en Latinoam\u00e9rica - ElCanillita.Info\",\"isPartOf\":{\"@id\":\"https:\\\/\\\/elcanillita.info\\\/press\\\/#website\"},\"datePublished\":\"2020-06-28T05:10:00+00:00\",\"dateModified\":\"2020-06-28T11:15:25+00:00\",\"inLanguage\":\"es-AR\",\"potentialAction\":[{\"@type\":\"ReadAction\",\"target\":[\"https:\\\/\\\/elcanillita.info\\\/press\\\/2020\\\/06\\\/28\\\/brote-dengue-complica-situacion-latinoamerica\\\/\"]}]},{\"@type\":\"WebSite\",\"@id\":\"https:\\\/\\\/elcanillita.info\\\/press\\\/#website\",\"url\":\"https:\\\/\\\/elcanillita.info\\\/press\\\/\",\"name\":\"ElCanillita.Info\",\"description\":\"desde los Apeninos a los Andes\",\"publisher\":{\"@id\":\"https:\\\/\\\/elcanillita.info\\\/press\\\/#organization\"},\"potentialAction\":[{\"@type\":\"SearchAction\",\"target\":{\"@type\":\"EntryPoint\",\"urlTemplate\":\"https:\\\/\\\/elcanillita.info\\\/press\\\/?s={search_term_string}\"},\"query-input\":{\"@type\":\"PropertyValueSpecification\",\"valueRequired\":true,\"valueName\":\"search_term_string\"}}],\"inLanguage\":\"es-AR\"},{\"@type\":\"Organization\",\"@id\":\"https:\\\/\\\/elcanillita.info\\\/press\\\/#organization\",\"name\":\"Guzzo Photos & Graphic Publications\",\"url\":\"https:\\\/\\\/elcanillita.info\\\/press\\\/\",\"logo\":{\"@type\":\"ImageObject\",\"inLanguage\":\"es-AR\",\"@id\":\"https:\\\/\\\/elcanillita.info\\\/press\\\/#\\\/schema\\\/logo\\\/image\\\/\",\"url\":\"https:\\\/\\\/elcanillita.info\\\/press\\\/images\\\/2020\\\/01\\\/cropped-cropped-cropped-elcanillitainfo.png\",\"contentUrl\":\"https:\\\/\\\/elcanillita.info\\\/press\\\/images\\\/2020\\\/01\\\/cropped-cropped-cropped-elcanillitainfo.png\",\"width\":460,\"height\":50,\"caption\":\"Guzzo Photos & Graphic Publications\"},\"image\":{\"@id\":\"https:\\\/\\\/elcanillita.info\\\/press\\\/#\\\/schema\\\/logo\\\/image\\\/\"},\"sameAs\":[\"https:\\\/\\\/ar-ar.facebook.com\\\/ElCanillitainfo-114249515285712\\\/\"]},{\"@type\":\"Person\",\"@id\":\"https:\\\/\\\/elcanillita.info\\\/press\\\/#\\\/schema\\\/person\\\/7fcb79f38045700919f7da6d97e71ba0\",\"name\":\"SalaStampa.eu, world press service\",\"image\":{\"@type\":\"ImageObject\",\"inLanguage\":\"es-AR\",\"@id\":\"https:\\\/\\\/secure.gravatar.com\\\/avatar\\\/c2f0e0d515a107624234994507816ca4724c7199cef73fc8bedebf6931d73888?s=96&d=mm&r=g\",\"url\":\"https:\\\/\\\/secure.gravatar.com\\\/avatar\\\/c2f0e0d515a107624234994507816ca4724c7199cef73fc8bedebf6931d73888?s=96&d=mm&r=g\",\"contentUrl\":\"https:\\\/\\\/secure.gravatar.com\\\/avatar\\\/c2f0e0d515a107624234994507816ca4724c7199cef73fc8bedebf6931d73888?s=96&d=mm&r=g\",\"caption\":\"SalaStampa.eu, world press service\"}}]}<\/script>\n<!-- \/ Yoast SEO plugin. -->","yoast_head_json":{"title":"Brote de dengue complica situaci\u00f3n en Latinoam\u00e9rica - ElCanillita.Info","robots":{"index":"index","follow":"follow","max-snippet":"max-snippet:-1","max-image-preview":"max-image-preview:large","max-video-preview":"max-video-preview:-1"},"canonical":"https:\/\/elcanillita.info\/press\/2020\/06\/28\/brote-dengue-complica-situacion-latinoamerica\/","og_locale":"es_ES","og_type":"article","og_title":"Brote de dengue complica situaci\u00f3n en Latinoam\u00e9rica - ElCanillita.Info","og_description":"Mundo, 27.06.2020 - M\u00e1s de 1 600 millones de casos de dengue, report\u00f3 la Organizaci\u00f3n Panamericana de la Salud, en Latinoam\u00e9rica, durante el primer semestre del a\u00f1o. El brote representa un reto, sobre todo mientras la regi\u00f3n experimenta uno de los peores escenarios por contagios de coronavirus.","og_url":"https:\/\/elcanillita.info\/press\/2020\/06\/28\/brote-dengue-complica-situacion-latinoamerica\/","og_site_name":"ElCanillita.Info","article_publisher":"https:\/\/ar-ar.facebook.com\/ElCanillitainfo-114249515285712\/","article_published_time":"2020-06-28T05:10:00+00:00","article_modified_time":"2020-06-28T11:15:25+00:00","author":"SalaStampa.eu, world press service","twitter_card":"summary_large_image","twitter_misc":{"Escrito por":"SalaStampa.eu, world press service"},"schema":{"@context":"https:\/\/schema.org","@graph":[{"@type":"Article","@id":"https:\/\/elcanillita.info\/press\/2020\/06\/28\/brote-dengue-complica-situacion-latinoamerica\/#article","isPartOf":{"@id":"https:\/\/elcanillita.info\/press\/2020\/06\/28\/brote-dengue-complica-situacion-latinoamerica\/"},"author":{"name":"SalaStampa.eu, world press service","@id":"https:\/\/elcanillita.info\/press\/#\/schema\/person\/7fcb79f38045700919f7da6d97e71ba0"},"headline":"Brote de dengue complica situaci\u00f3n en Latinoam\u00e9rica","datePublished":"2020-06-28T05:10:00+00:00","dateModified":"2020-06-28T11:15:25+00:00","mainEntityOfPage":{"@id":"https:\/\/elcanillita.info\/press\/2020\/06\/28\/brote-dengue-complica-situacion-latinoamerica\/"},"wordCount":73,"publisher":{"@id":"https:\/\/elcanillita.info\/press\/#organization"},"keywords":["MUNDO"],"articleSection":["Actualidad","audiovisuales","Cosmo","Sanidad","Sociedad"],"inLanguage":"es-AR"},{"@type":"WebPage","@id":"https:\/\/elcanillita.info\/press\/2020\/06\/28\/brote-dengue-complica-situacion-latinoamerica\/","url":"https:\/\/elcanillita.info\/press\/2020\/06\/28\/brote-dengue-complica-situacion-latinoamerica\/","name":"Brote de dengue complica situaci\u00f3n en Latinoam\u00e9rica - ElCanillita.Info","isPartOf":{"@id":"https:\/\/elcanillita.info\/press\/#website"},"datePublished":"2020-06-28T05:10:00+00:00","dateModified":"2020-06-28T11:15:25+00:00","inLanguage":"es-AR","potentialAction":[{"@type":"ReadAction","target":["https:\/\/elcanillita.info\/press\/2020\/06\/28\/brote-dengue-complica-situacion-latinoamerica\/"]}]},{"@type":"WebSite","@id":"https:\/\/elcanillita.info\/press\/#website","url":"https:\/\/elcanillita.info\/press\/","name":"ElCanillita.Info","description":"desde los Apeninos a los Andes","publisher":{"@id":"https:\/\/elcanillita.info\/press\/#organization"},"potentialAction":[{"@type":"SearchAction","target":{"@type":"EntryPoint","urlTemplate":"https:\/\/elcanillita.info\/press\/?s={search_term_string}"},"query-input":{"@type":"PropertyValueSpecification","valueRequired":true,"valueName":"search_term_string"}}],"inLanguage":"es-AR"},{"@type":"Organization","@id":"https:\/\/elcanillita.info\/press\/#organization","name":"Guzzo Photos & Graphic Publications","url":"https:\/\/elcanillita.info\/press\/","logo":{"@type":"ImageObject","inLanguage":"es-AR","@id":"https:\/\/elcanillita.info\/press\/#\/schema\/logo\/image\/","url":"https:\/\/elcanillita.info\/press\/images\/2020\/01\/cropped-cropped-cropped-elcanillitainfo.png","contentUrl":"https:\/\/elcanillita.info\/press\/images\/2020\/01\/cropped-cropped-cropped-elcanillitainfo.png","width":460,"height":50,"caption":"Guzzo Photos & Graphic Publications"},"image":{"@id":"https:\/\/elcanillita.info\/press\/#\/schema\/logo\/image\/"},"sameAs":["https:\/\/ar-ar.facebook.com\/ElCanillitainfo-114249515285712\/"]},{"@type":"Person","@id":"https:\/\/elcanillita.info\/press\/#\/schema\/person\/7fcb79f38045700919f7da6d97e71ba0","name":"SalaStampa.eu, world press service","image":{"@type":"ImageObject","inLanguage":"es-AR","@id":"https:\/\/secure.gravatar.com\/avatar\/c2f0e0d515a107624234994507816ca4724c7199cef73fc8bedebf6931d73888?s=96&d=mm&r=g","url":"https:\/\/secure.gravatar.com\/avatar\/c2f0e0d515a107624234994507816ca4724c7199cef73fc8bedebf6931d73888?s=96&d=mm&r=g","contentUrl":"https:\/\/secure.gravatar.com\/avatar\/c2f0e0d515a107624234994507816ca4724c7199cef73fc8bedebf6931d73888?s=96&d=mm&r=g","caption":"SalaStampa.eu, world press service"}}]}},"views":721,"_links":{"self":[{"href":"https:\/\/elcanillita.info\/press\/wp-json\/wp\/v2\/posts\/824","targetHints":{"allow":["GET"]}}],"collection":[{"href":"https:\/\/elcanillita.info\/press\/wp-json\/wp\/v2\/posts"}],"about":[{"href":"https:\/\/elcanillita.info\/press\/wp-json\/wp\/v2\/types\/post"}],"author":[{"embeddable":true,"href":"https:\/\/elcanillita.info\/press\/wp-json\/wp\/v2\/users\/1"}],"replies":[{"embeddable":true,"href":"https:\/\/elcanillita.info\/press\/wp-json\/wp\/v2\/comments?post=824"}],"version-history":[{"count":0,"href":"https:\/\/elcanillita.info\/press\/wp-json\/wp\/v2\/posts\/824\/revisions"}],"wp:attachment":[{"href":"https:\/\/elcanillita.info\/press\/wp-json\/wp\/v2\/media?parent=824"}],"wp:term":[{"taxonomy":"category","embeddable":true,"href":"https:\/\/elcanillita.info\/press\/wp-json\/wp\/v2\/categories?post=824"},{"taxonomy":"post_tag","embeddable":true,"href":"https:\/\/elcanillita.info\/press\/wp-json\/wp\/v2\/tags?post=824"}],"curies":[{"name":"wp","href":"https:\/\/api.w.org\/{rel}","templated":true}]}}