{"id":81,"date":"2020-01-13T07:22:54","date_gmt":"2020-01-13T10:22:54","guid":{"rendered":"https:\/\/elcanillita.info\/press\/?p=81"},"modified":"2020-01-17T07:39:46","modified_gmt":"2020-01-17T10:39:46","slug":"iran-se-prepara-para-protestas-tras-admitir-haber-derribado-un-avion-de-pasajeros","status":"publish","type":"post","link":"https:\/\/elcanillita.info\/press\/2020\/01\/13\/iran-se-prepara-para-protestas-tras-admitir-haber-derribado-un-avion-de-pasajeros\/","title":{"rendered":"Ir\u00e1n se prepara en previsi\u00f3n de protestas tras admitir haber derribado un avi\u00f3n"},"content":{"rendered":"\n<p>Teher\u00e1n, 12.01.2020 &#8211; Las fuerzas de seguridad iran\u00edes hicieron el domingo un gran despliegue en la capital del pa\u00eds en previsi\u00f3n de nuevas protestas, despu\u00e9s de que su Guardia Revolucionaria reconoci\u00f3 haber derribado accidentalmente a un avi\u00f3n de pasajeros en medio de grandes tensiones con Estados Unidos.<\/p>\n\n\n\n<p>Polic\u00edas antimotines con ropas negras y cascos se congregaron en la Plaza de Vali-e Asr, en la Universidad de Teher\u00e1n y otros lugares emblem\u00e1ticos, mientras circulaban convocatorias de protestas para unas horas m\u00e1s tarde.<\/p>\n\n\n\n<p>Miembros de la Guardia Revolucionaria patrullaban en motocicletas y agentes vestidos de civil recorr\u00edan la ciudad. La gente miraba al suelo al pasar deprisa junto a la polic\u00eda, tratando de no llamar la atenci\u00f3n.<\/p>\n\n\n\n<p>Las 176 personas que iban a bordo, en su mayor\u00eda iran\u00edes y canadienses-iran\u00edes, murieron al estrellarse el avi\u00f3n. Tras culpar en un principio a un fallo t\u00e9cnico e insistir que no era culpa de las fuerzas armadas, las autoridades admitieron finalmente el s\u00e1bado que hab\u00edan derribado la aeronave por error, ante pruebas y acusaciones de gobiernos occidentales.<\/p>\n\n\n\n<p>El avi\u00f3n fue derribado mientras Ir\u00e1n se preparaba para posibles represalias tras lanzar misiles bal\u00edsticos a dos bases en Irak que acog\u00edan a tropas estadounidenses. El ataque con misiles, que no caus\u00f3 v\u00edctimas, era una respuesta a la muerte del general Qassem Soleimani, el comandante m\u00e1s importante de Ir\u00e1n, en un ataque a\u00e9reo perpetrado por los estadounidenses en Bagdad.<\/p>\n\n\n\n<p>Los iran\u00edes han expresado su indignaci\u00f3n por el derribo del avi\u00f3n y las explicaciones enga\u00f1osas de las autoridades ofrecidas tras la tragedia. Tambi\u00e9n han expresado su dolor por los fallecidos, entre los que hab\u00eda muchos j\u00f3venes con futuros prometedores que estudiaban en el extranjero.<\/p>\n\n\n\n<p>&#8220;Incluso hablar de ello hace que se me acelere el coraz\u00f3n y me entristece&#8221;, dijo Zahra Razeghi, residente en Teher\u00e1n. &#8220;Me averg\u00fcenzo cuando pienso en sus familias&#8221;.<\/p>\n\n\n\n<p>&#8220;La negaci\u00f3n y ocultar la verdad en los \u00faltimos tres d\u00edas agravaron mucho el sufrimiento y el dolor de las familias y el m\u00edo&#8221;, a\u00f1adi\u00f3 la mujer.<\/p>\n\n\n\n<p>Un hombre que solo se identific\u00f3 como Saeed coment\u00f3 que los medios, en su gran mayor\u00eda dependientes del estado, ocultaron la causa del siniestro por &#8220;motivos pol\u00edticos&#8221;.<\/p>\n\n\n\n<p>&#8220;Acontecimientos posteriores cambiaron el panorama y tuvieron que decir la verdad&#8221;, a\u00f1adi\u00f3.<\/p>\n\n\n\n<p>Cientos de estudiantes se reunieron el domingo en la Universidad Shahid Beheshti para recordar a las v\u00edctimas y protestar contra las autoridades por ocultar la causa del choque, seg\u00fan la agencia de noticias semioficial ISNA. M\u00e1s tarde se dispersaron de forma pac\u00edfica.<\/p>\n\n\n\n<p>En tanto, algunas personas, incluido el ministro de Exteriores Mohammad Javad Zarif, expresaron su aflicci\u00f3n publicando im\u00e1genes completamente negras en sus cuentas de Instagram.<\/p>\n\n\n\n<p>El presidente Donald Trump, que ha expresado su apoyo a las \u00faltimas protestas contra el gobierno de Ir\u00e1n, se dirigi\u00f3 a las autoridades del pa\u00eds con un tuit que dec\u00eda: &#8220;No maten a sus manifestantes&#8221;.<\/p>\n\n\n\n<p>&#8220;El mundo los est\u00e1 viendo. Y m\u00e1s importante, Estados Unidos de Am\u00e9rica est\u00e1 viendo&#8221;, escribi\u00f3.<br><br>\n<small>2020 voanoticias \u2013 salastampa.eu, afiliada a la red Broadcasting Board of Governors \u00a9 2020 BBG<\/small><\/p>\n","protected":false},"excerpt":{"rendered":"<p>Teher\u00e1n, 12.01.2020 &#8211; Las fuerzas de seguridad iran\u00edes hicieron el domingo un gran despliegue en la capital del pa\u00eds en previsi\u00f3n de nuevas protestas, despu\u00e9s de que su Guardia Revolucionaria reconoci\u00f3 haber derribado accidentalmente a un avi\u00f3n de pasajeros en medio de grandes tensiones con Estados Unidos.<\/p>\n","protected":false},"author":1,"featured_media":0,"comment_status":"closed","ping_status":"closed","sticky":false,"template":"","format":"standard","meta":{"footnotes":"","_links_to":"","_links_to_target":""},"categories":[20,15,23,25],"tags":[31],"class_list":["post-81","post","type-post","status-publish","format-standard","hentry","category-economia","category-medio-oriente","category-politica","category-sociedad","tag-iran","entry","double"],"yoast_head":"<!-- This site is optimized with the Yoast SEO plugin v27.4 - https:\/\/yoast.com\/product\/yoast-seo-wordpress\/ -->\n<title>Ir\u00e1n se prepara en previsi\u00f3n de protestas tras admitir haber derribado un avi\u00f3n - ElCanillita.Info<\/title>\n<meta name=\"robots\" content=\"index, follow, max-snippet:-1, max-image-preview:large, max-video-preview:-1\" \/>\n<link rel=\"canonical\" href=\"https:\/\/elcanillita.info\/press\/2020\/01\/13\/iran-se-prepara-para-protestas-tras-admitir-haber-derribado-un-avion-de-pasajeros\/\" \/>\n<meta property=\"og:locale\" content=\"es_ES\" \/>\n<meta property=\"og:type\" content=\"article\" \/>\n<meta property=\"og:title\" content=\"Ir\u00e1n se prepara en previsi\u00f3n de protestas tras admitir haber derribado un avi\u00f3n - ElCanillita.Info\" \/>\n<meta property=\"og:description\" content=\"Teher\u00e1n, 12.01.2020 - Las fuerzas de seguridad iran\u00edes hicieron el domingo un gran despliegue en la capital del pa\u00eds en previsi\u00f3n de nuevas protestas, despu\u00e9s de que su Guardia Revolucionaria reconoci\u00f3 haber derribado accidentalmente a un avi\u00f3n de pasajeros en medio de grandes tensiones con Estados Unidos.\" \/>\n<meta property=\"og:url\" content=\"https:\/\/elcanillita.info\/press\/2020\/01\/13\/iran-se-prepara-para-protestas-tras-admitir-haber-derribado-un-avion-de-pasajeros\/\" \/>\n<meta property=\"og:site_name\" content=\"ElCanillita.Info\" \/>\n<meta property=\"article:publisher\" content=\"https:\/\/ar-ar.facebook.com\/ElCanillitainfo-114249515285712\/\" \/>\n<meta property=\"article:published_time\" content=\"2020-01-13T10:22:54+00:00\" \/>\n<meta property=\"article:modified_time\" content=\"2020-01-17T10:39:46+00:00\" \/>\n<meta name=\"author\" content=\"SalaStampa.eu, world press service\" \/>\n<meta name=\"twitter:card\" content=\"summary_large_image\" \/>\n<meta name=\"twitter:label1\" content=\"Escrito por\" \/>\n\t<meta name=\"twitter:data1\" content=\"SalaStampa.eu, world press service\" \/>\n\t<meta name=\"twitter:label2\" content=\"Tiempo de lectura\" \/>\n\t<meta name=\"twitter:data2\" content=\"3 minutos\" \/>\n<script type=\"application\/ld+json\" class=\"yoast-schema-graph\">{\"@context\":\"https:\\\/\\\/schema.org\",\"@graph\":[{\"@type\":\"Article\",\"@id\":\"https:\\\/\\\/elcanillita.info\\\/press\\\/2020\\\/01\\\/13\\\/iran-se-prepara-para-protestas-tras-admitir-haber-derribado-un-avion-de-pasajeros\\\/#article\",\"isPartOf\":{\"@id\":\"https:\\\/\\\/elcanillita.info\\\/press\\\/2020\\\/01\\\/13\\\/iran-se-prepara-para-protestas-tras-admitir-haber-derribado-un-avion-de-pasajeros\\\/\"},\"author\":{\"name\":\"SalaStampa.eu, world press service\",\"@id\":\"https:\\\/\\\/elcanillita.info\\\/press\\\/#\\\/schema\\\/person\\\/7fcb79f38045700919f7da6d97e71ba0\"},\"headline\":\"Ir\u00e1n se prepara en previsi\u00f3n de protestas tras admitir haber derribado un avi\u00f3n\",\"datePublished\":\"2020-01-13T10:22:54+00:00\",\"dateModified\":\"2020-01-17T10:39:46+00:00\",\"mainEntityOfPage\":{\"@id\":\"https:\\\/\\\/elcanillita.info\\\/press\\\/2020\\\/01\\\/13\\\/iran-se-prepara-para-protestas-tras-admitir-haber-derribado-un-avion-de-pasajeros\\\/\"},\"wordCount\":566,\"publisher\":{\"@id\":\"https:\\\/\\\/elcanillita.info\\\/press\\\/#organization\"},\"keywords\":[\"Ir\u00e1n\"],\"articleSection\":[\"Economia\",\"Medio Oriente\",\"Politica\",\"Sociedad\"],\"inLanguage\":\"es-AR\"},{\"@type\":\"WebPage\",\"@id\":\"https:\\\/\\\/elcanillita.info\\\/press\\\/2020\\\/01\\\/13\\\/iran-se-prepara-para-protestas-tras-admitir-haber-derribado-un-avion-de-pasajeros\\\/\",\"url\":\"https:\\\/\\\/elcanillita.info\\\/press\\\/2020\\\/01\\\/13\\\/iran-se-prepara-para-protestas-tras-admitir-haber-derribado-un-avion-de-pasajeros\\\/\",\"name\":\"Ir\u00e1n se prepara en previsi\u00f3n de protestas tras admitir haber derribado un avi\u00f3n - ElCanillita.Info\",\"isPartOf\":{\"@id\":\"https:\\\/\\\/elcanillita.info\\\/press\\\/#website\"},\"datePublished\":\"2020-01-13T10:22:54+00:00\",\"dateModified\":\"2020-01-17T10:39:46+00:00\",\"inLanguage\":\"es-AR\",\"potentialAction\":[{\"@type\":\"ReadAction\",\"target\":[\"https:\\\/\\\/elcanillita.info\\\/press\\\/2020\\\/01\\\/13\\\/iran-se-prepara-para-protestas-tras-admitir-haber-derribado-un-avion-de-pasajeros\\\/\"]}]},{\"@type\":\"WebSite\",\"@id\":\"https:\\\/\\\/elcanillita.info\\\/press\\\/#website\",\"url\":\"https:\\\/\\\/elcanillita.info\\\/press\\\/\",\"name\":\"ElCanillita.Info\",\"description\":\"desde los Apeninos a los Andes\",\"publisher\":{\"@id\":\"https:\\\/\\\/elcanillita.info\\\/press\\\/#organization\"},\"potentialAction\":[{\"@type\":\"SearchAction\",\"target\":{\"@type\":\"EntryPoint\",\"urlTemplate\":\"https:\\\/\\\/elcanillita.info\\\/press\\\/?s={search_term_string}\"},\"query-input\":{\"@type\":\"PropertyValueSpecification\",\"valueRequired\":true,\"valueName\":\"search_term_string\"}}],\"inLanguage\":\"es-AR\"},{\"@type\":\"Organization\",\"@id\":\"https:\\\/\\\/elcanillita.info\\\/press\\\/#organization\",\"name\":\"Guzzo Photos & Graphic Publications\",\"url\":\"https:\\\/\\\/elcanillita.info\\\/press\\\/\",\"logo\":{\"@type\":\"ImageObject\",\"inLanguage\":\"es-AR\",\"@id\":\"https:\\\/\\\/elcanillita.info\\\/press\\\/#\\\/schema\\\/logo\\\/image\\\/\",\"url\":\"https:\\\/\\\/elcanillita.info\\\/press\\\/images\\\/2020\\\/01\\\/cropped-cropped-cropped-elcanillitainfo.png\",\"contentUrl\":\"https:\\\/\\\/elcanillita.info\\\/press\\\/images\\\/2020\\\/01\\\/cropped-cropped-cropped-elcanillitainfo.png\",\"width\":460,\"height\":50,\"caption\":\"Guzzo Photos & Graphic Publications\"},\"image\":{\"@id\":\"https:\\\/\\\/elcanillita.info\\\/press\\\/#\\\/schema\\\/logo\\\/image\\\/\"},\"sameAs\":[\"https:\\\/\\\/ar-ar.facebook.com\\\/ElCanillitainfo-114249515285712\\\/\"]},{\"@type\":\"Person\",\"@id\":\"https:\\\/\\\/elcanillita.info\\\/press\\\/#\\\/schema\\\/person\\\/7fcb79f38045700919f7da6d97e71ba0\",\"name\":\"SalaStampa.eu, world press service\",\"image\":{\"@type\":\"ImageObject\",\"inLanguage\":\"es-AR\",\"@id\":\"https:\\\/\\\/secure.gravatar.com\\\/avatar\\\/c2f0e0d515a107624234994507816ca4724c7199cef73fc8bedebf6931d73888?s=96&d=mm&r=g\",\"url\":\"https:\\\/\\\/secure.gravatar.com\\\/avatar\\\/c2f0e0d515a107624234994507816ca4724c7199cef73fc8bedebf6931d73888?s=96&d=mm&r=g\",\"contentUrl\":\"https:\\\/\\\/secure.gravatar.com\\\/avatar\\\/c2f0e0d515a107624234994507816ca4724c7199cef73fc8bedebf6931d73888?s=96&d=mm&r=g\",\"caption\":\"SalaStampa.eu, world press service\"}}]}<\/script>\n<!-- \/ Yoast SEO plugin. -->","yoast_head_json":{"title":"Ir\u00e1n se prepara en previsi\u00f3n de protestas tras admitir haber derribado un avi\u00f3n - ElCanillita.Info","robots":{"index":"index","follow":"follow","max-snippet":"max-snippet:-1","max-image-preview":"max-image-preview:large","max-video-preview":"max-video-preview:-1"},"canonical":"https:\/\/elcanillita.info\/press\/2020\/01\/13\/iran-se-prepara-para-protestas-tras-admitir-haber-derribado-un-avion-de-pasajeros\/","og_locale":"es_ES","og_type":"article","og_title":"Ir\u00e1n se prepara en previsi\u00f3n de protestas tras admitir haber derribado un avi\u00f3n - ElCanillita.Info","og_description":"Teher\u00e1n, 12.01.2020 - Las fuerzas de seguridad iran\u00edes hicieron el domingo un gran despliegue en la capital del pa\u00eds en previsi\u00f3n de nuevas protestas, despu\u00e9s de que su Guardia Revolucionaria reconoci\u00f3 haber derribado accidentalmente a un avi\u00f3n de pasajeros en medio de grandes tensiones con Estados Unidos.","og_url":"https:\/\/elcanillita.info\/press\/2020\/01\/13\/iran-se-prepara-para-protestas-tras-admitir-haber-derribado-un-avion-de-pasajeros\/","og_site_name":"ElCanillita.Info","article_publisher":"https:\/\/ar-ar.facebook.com\/ElCanillitainfo-114249515285712\/","article_published_time":"2020-01-13T10:22:54+00:00","article_modified_time":"2020-01-17T10:39:46+00:00","author":"SalaStampa.eu, world press service","twitter_card":"summary_large_image","twitter_misc":{"Escrito por":"SalaStampa.eu, world press service","Tiempo de lectura":"3 minutos"},"schema":{"@context":"https:\/\/schema.org","@graph":[{"@type":"Article","@id":"https:\/\/elcanillita.info\/press\/2020\/01\/13\/iran-se-prepara-para-protestas-tras-admitir-haber-derribado-un-avion-de-pasajeros\/#article","isPartOf":{"@id":"https:\/\/elcanillita.info\/press\/2020\/01\/13\/iran-se-prepara-para-protestas-tras-admitir-haber-derribado-un-avion-de-pasajeros\/"},"author":{"name":"SalaStampa.eu, world press service","@id":"https:\/\/elcanillita.info\/press\/#\/schema\/person\/7fcb79f38045700919f7da6d97e71ba0"},"headline":"Ir\u00e1n se prepara en previsi\u00f3n de protestas tras admitir haber derribado un avi\u00f3n","datePublished":"2020-01-13T10:22:54+00:00","dateModified":"2020-01-17T10:39:46+00:00","mainEntityOfPage":{"@id":"https:\/\/elcanillita.info\/press\/2020\/01\/13\/iran-se-prepara-para-protestas-tras-admitir-haber-derribado-un-avion-de-pasajeros\/"},"wordCount":566,"publisher":{"@id":"https:\/\/elcanillita.info\/press\/#organization"},"keywords":["Ir\u00e1n"],"articleSection":["Economia","Medio Oriente","Politica","Sociedad"],"inLanguage":"es-AR"},{"@type":"WebPage","@id":"https:\/\/elcanillita.info\/press\/2020\/01\/13\/iran-se-prepara-para-protestas-tras-admitir-haber-derribado-un-avion-de-pasajeros\/","url":"https:\/\/elcanillita.info\/press\/2020\/01\/13\/iran-se-prepara-para-protestas-tras-admitir-haber-derribado-un-avion-de-pasajeros\/","name":"Ir\u00e1n se prepara en previsi\u00f3n de protestas tras admitir haber derribado un avi\u00f3n - ElCanillita.Info","isPartOf":{"@id":"https:\/\/elcanillita.info\/press\/#website"},"datePublished":"2020-01-13T10:22:54+00:00","dateModified":"2020-01-17T10:39:46+00:00","inLanguage":"es-AR","potentialAction":[{"@type":"ReadAction","target":["https:\/\/elcanillita.info\/press\/2020\/01\/13\/iran-se-prepara-para-protestas-tras-admitir-haber-derribado-un-avion-de-pasajeros\/"]}]},{"@type":"WebSite","@id":"https:\/\/elcanillita.info\/press\/#website","url":"https:\/\/elcanillita.info\/press\/","name":"ElCanillita.Info","description":"desde los Apeninos a los Andes","publisher":{"@id":"https:\/\/elcanillita.info\/press\/#organization"},"potentialAction":[{"@type":"SearchAction","target":{"@type":"EntryPoint","urlTemplate":"https:\/\/elcanillita.info\/press\/?s={search_term_string}"},"query-input":{"@type":"PropertyValueSpecification","valueRequired":true,"valueName":"search_term_string"}}],"inLanguage":"es-AR"},{"@type":"Organization","@id":"https:\/\/elcanillita.info\/press\/#organization","name":"Guzzo Photos & Graphic Publications","url":"https:\/\/elcanillita.info\/press\/","logo":{"@type":"ImageObject","inLanguage":"es-AR","@id":"https:\/\/elcanillita.info\/press\/#\/schema\/logo\/image\/","url":"https:\/\/elcanillita.info\/press\/images\/2020\/01\/cropped-cropped-cropped-elcanillitainfo.png","contentUrl":"https:\/\/elcanillita.info\/press\/images\/2020\/01\/cropped-cropped-cropped-elcanillitainfo.png","width":460,"height":50,"caption":"Guzzo Photos & Graphic Publications"},"image":{"@id":"https:\/\/elcanillita.info\/press\/#\/schema\/logo\/image\/"},"sameAs":["https:\/\/ar-ar.facebook.com\/ElCanillitainfo-114249515285712\/"]},{"@type":"Person","@id":"https:\/\/elcanillita.info\/press\/#\/schema\/person\/7fcb79f38045700919f7da6d97e71ba0","name":"SalaStampa.eu, world press service","image":{"@type":"ImageObject","inLanguage":"es-AR","@id":"https:\/\/secure.gravatar.com\/avatar\/c2f0e0d515a107624234994507816ca4724c7199cef73fc8bedebf6931d73888?s=96&d=mm&r=g","url":"https:\/\/secure.gravatar.com\/avatar\/c2f0e0d515a107624234994507816ca4724c7199cef73fc8bedebf6931d73888?s=96&d=mm&r=g","contentUrl":"https:\/\/secure.gravatar.com\/avatar\/c2f0e0d515a107624234994507816ca4724c7199cef73fc8bedebf6931d73888?s=96&d=mm&r=g","caption":"SalaStampa.eu, world press service"}}]}},"views":741,"_links":{"self":[{"href":"https:\/\/elcanillita.info\/press\/wp-json\/wp\/v2\/posts\/81","targetHints":{"allow":["GET"]}}],"collection":[{"href":"https:\/\/elcanillita.info\/press\/wp-json\/wp\/v2\/posts"}],"about":[{"href":"https:\/\/elcanillita.info\/press\/wp-json\/wp\/v2\/types\/post"}],"author":[{"embeddable":true,"href":"https:\/\/elcanillita.info\/press\/wp-json\/wp\/v2\/users\/1"}],"replies":[{"embeddable":true,"href":"https:\/\/elcanillita.info\/press\/wp-json\/wp\/v2\/comments?post=81"}],"version-history":[{"count":0,"href":"https:\/\/elcanillita.info\/press\/wp-json\/wp\/v2\/posts\/81\/revisions"}],"wp:attachment":[{"href":"https:\/\/elcanillita.info\/press\/wp-json\/wp\/v2\/media?parent=81"}],"wp:term":[{"taxonomy":"category","embeddable":true,"href":"https:\/\/elcanillita.info\/press\/wp-json\/wp\/v2\/categories?post=81"},{"taxonomy":"post_tag","embeddable":true,"href":"https:\/\/elcanillita.info\/press\/wp-json\/wp\/v2\/tags?post=81"}],"curies":[{"name":"wp","href":"https:\/\/api.w.org\/{rel}","templated":true}]}}