{"id":800,"date":"2020-06-24T11:53:51","date_gmt":"2020-06-24T14:53:51","guid":{"rendered":"https:\/\/elcanillita.info\/press\/?p=800"},"modified":"2020-06-24T13:36:44","modified_gmt":"2020-06-24T16:36:44","slug":"boris-johnson-anuncia-el-comienzo-del-fin-de-la-hibernacion-nacional","status":"publish","type":"post","link":"https:\/\/elcanillita.info\/press\/2020\/06\/24\/boris-johnson-anuncia-el-comienzo-del-fin-de-la-hibernacion-nacional\/","title":{"rendered":"Boris Johnson anuncia el comienzo del fin de la &#8220;hibernaci\u00f3n nacional&#8221;"},"content":{"rendered":"\n<p>Londres, 24.06.2020 &#8211; El Primer Ministro anuncia que las familias pueden juntarse en sus casas y pasar las vacaciones juntos.<\/p>\n\n\n\n<p>Boris Johnson salud\u00f3 el comienzo del fin de la &#8220;hibernaci\u00f3n nacional&#8221; de Gran Breta\u00f1a el martes, mientras anunciaba el mayor retorno de las libertades desde que comenz\u00f3 el encierro.<\/p>\n\n\n\n<p>El Primer Ministro dijo que las familias y amigos podr\u00e1n juntarse en sus casas e incluso ir de vacaciones juntos, a partir del 4 de julio, cuando los pubs y restaurantes tambi\u00e9n reabrir\u00e1n y la regla de los dos metros se reducir\u00e1 a un metro.<\/p>\n\n\n\n<p>Pero Christopher John MacRae Whitty   m\u00e9dico y epidemi\u00f3logo ingl\u00e9s,  asesor m\u00e9dico jefe del Gobierno del Reino Unido, advirti\u00f3 que muchos de los nuevos distanciamientos y medidas sociales  tendr\u00e1n que permanecer en vigor &#8220;hasta el a\u00f1o que viene&#8221; porque la vacuna del coronavirus todav\u00eda est\u00e1 muy lejos.<\/p>\n\n\n\n<p>El Sr. Johnson anunci\u00f3 que el turismo interno volver\u00e1 a funcionar con los hoteles, las casas de hu\u00e9spedes y los campings que se abriran el 4 de julio, junto con las peluquer\u00edas, cines y casi todo tipo de atracciones tur\u00edsticas.<\/p>\n\n\n\n<p>Sin embargo los locales de gimnasios, piscinas, clubes nocturnos, instalaciones deportivas cubiertas y conciertos,  no tienen a\u00fan fecha de reapertura.<\/p>\n\n\n\n<p>Se les indica al p\u00fablico que deben seguir trabajando desde casa cuando sea posible, y que usen alternativas al transporte p\u00fablico siempre que puedan. No hubo ninguna actualizaci\u00f3n sobre c\u00f3mo los estudiantes volver\u00e1n a la escuela.    <\/p>\n\n\n\n<p>El Sr. Johnson dijo: &#8220;Hoy podemos decir que nuestra larga hibernaci\u00f3n nacional est\u00e1 empezando a llegar a su fin y la vida regresa a nuestras calles y a nuestras tiendas, el bullicio est\u00e1 empezando a regresar y un nuevo pero cauteloso optimismo es palpable.<\/p>\n\n\n\n<p>&#8220;Pero debo decir que ser\u00e1 muy f\u00e1cil que esa escarcha helada regrese, y por eso debemos continuar confiando en el sentido com\u00fan y el esp\u00edritu comunitario del pueblo brit\u00e1nico para seguir esta gu\u00eda, para llevarnos a trav\u00e9s y vernos a la victoria sobre este virus.&#8221;<\/p>\n\n\n\n<p>El anuncio se\u00f1ala efectivamente el fin del bloqueo, que en su lugar ser\u00e1 reemplazado por un conjunto de complicadas reglas que rigen todo, desde c\u00f3mo vemos nuestro  familias a c\u00f3mo disfrutamos de una pinta de cerveza. <\/p>\n\n\n\n<p>El Primer Ministro dijo que el 4 de julio ser\u00e1 &#8220;un gran d\u00eda&#8221; e inst\u00f3 a la gente a salir y &#8220;disfrutar&#8221;.<\/p>\n\n\n\n<p>Advirti\u00f3 que inevitablemente habr\u00e1 m\u00e1s brotes &#8220;locales&#8221;, pero dijo que no creen que hab\u00eda un riesgo de una segunda ola de infecciones que podr\u00eda abrumar al NHS (servicio sanitario).<\/p>\n\n\n\n<p>Dijo que una ca\u00edda constante de las infecciones significaba que las iglesias pod\u00edan ahora abrirse a la comunidad de culto, aunque el canto estar\u00e1 prohibido por ahora, y las bodas con hasta 30 invitados pueden y deben  llevarse a cabo.<\/p>\n\n\n\n<p>Por primera vez desde que comenz\u00f3 el encierro, en los hogares podr\u00e1n reunirse en el interior, ya sea en casa, en un pub o restaurante, o incluso en unas vacaciones compartidas, e incluso quedarse durante la noche en las casas de los dem\u00e1s, aunque deben evitar el contacto f\u00edsico y permanecer en a menos de un metro de distancia.<\/p>\n\n\n\n<p>No habr\u00e1 l\u00edmite en el n\u00famero de hogares diferentes que puedan reunirse, siempre y cuando se limiten a dos hogares que se re\u00fanen a la vez, lo que significa que las familias no tendr\u00e1n que elegir entre los abuelos. Sin embargo, tendr\u00e1n que esperar un poco m\u00e1s antes de que pueden abrazarse por la necesidad de mantener el distanciamiento social.<\/p>\n\n\n\n<p>El Sr. Johnson dijo que las personas deben mantenerse a dos metros de distancia siempre que sea posible, pero donde no pueden hacerlo, pueden estar a un metro de distancia el uno del otro siempre y cuando puedan mitigar eso con medidas tales como el uso de m\u00e1scaras para la cara o asegurar una buena ventilaci\u00f3n.<\/p>\n\n\n\n<p>El cambio permitir\u00e1 que los pubs, restaurantes, cines y otros lugares abran el 4 de julio.<\/p>\n\n\n\n<p>El Sr. Johnson dijo que &#8220;no puede esperar a ir a un pub o a un restaurante&#8221; aunque &#8220;puede que no sea \u2026compatible con la nueva dieta que estoy haciendo&#8221; y dijo que &#8220;le encantar\u00eda cortarse el pelo&#8221;.<\/p>\n\n\n\n<p>Reconoci\u00f3 que muchas de las cosas que est\u00e1 esperando, como ir a la teatro y jugar al cricket en el pueblo, siguen estando prohibidos, pero insisti\u00f3 en que el Gobierno  &#8220;decidir\u00e1 en tal medida tan r\u00e1pido como se pueda&#8221; y que las medidas del martes no son &#8220;el cumbre de nuestras ambiciones&#8221;.<\/p>\n\n\n\n<p>El Sr. Johnson confirm\u00f3 que se espera que los pubs y restaurantes mantengan un registro de sus clientes para que los brotes puedan ser r\u00e1pidamente contenidos, diciendo: &#8220;La gente deber\u00eda dar sus nombres a los pubs, a los restaurantes, haciendo las cosas de una manera que nos permita actuar si algo sucede, para rastrear, probar y rastrear y erradicar cualquier brote&#8221;.<\/p>\n\n\n\n<p>Dijo del 4 de julio: &#8220;Espero que sea un gran d\u00eda, pero obviamente la gente tiene que estar seguro que no se exceda. Y no podemos tener grandes escenas de desvar\u00edo con la cerveza\u2026 en jardines donde el virus podr\u00eda ser transmitido&#8221;.<\/p>\n\n\n\n<p>El Sr. Johnson dijo que el virus &#8220;no ha desaparecido&#8221; y no dudar\u00e1 en &#8220;aplicar los frenos&#8221; y reintroducir restricciones si es necesario, incluso a nivel nacional.<\/p>\n\n\n\n<p>Dijo: &#8220;El Gobierno ha pedido mucho a todos ustedes, y la gente en este pa\u00eds enfrent\u00f3 ese desaf\u00edo con buen humor y sentido com\u00fan. Por supuesto que la lucha est\u00e1 lejos de terminar. Este es un virus desagradable todav\u00eda, que quiere aprovecharse de nuestro descuido&#8221;.<br><br><small>Fuente: BG\/ PanPressEu  \/ SalaStampaEu &#8211; ElCanillita.Info &#8211;  Informaci\u00f3n de dominio p\u00fablico<\/small><\/p>\n\n\n\n<p><\/p>\n","protected":false},"excerpt":{"rendered":"<p>Londres, 24.06.2020 &#8211; El Primer Ministro anuncia que las familias pueden juntarse en sus casas y pasar las vacaciones juntos.<\/p>\n","protected":false},"author":1,"featured_media":0,"comment_status":"closed","ping_status":"closed","sticky":false,"template":"","format":"standard","meta":{"footnotes":"","_links_to":"","_links_to_target":""},"categories":[70,20,5,23,25],"tags":[58],"class_list":["post-800","post","type-post","status-publish","format-standard","hentry","category-actualidad","category-economia","category-europa","category-politica","category-sociedad","tag-reino-unido","entry","double"],"yoast_head":"<!-- This site is optimized with the Yoast SEO plugin v27.5 - https:\/\/yoast.com\/product\/yoast-seo-wordpress\/ -->\n<title>Boris Johnson anuncia el comienzo del fin de la &quot;hibernaci\u00f3n nacional&quot; - ElCanillita.Info<\/title>\n<meta name=\"robots\" content=\"index, follow, max-snippet:-1, max-image-preview:large, max-video-preview:-1\" \/>\n<link rel=\"canonical\" href=\"https:\/\/elcanillita.info\/press\/2020\/06\/24\/boris-johnson-anuncia-el-comienzo-del-fin-de-la-hibernacion-nacional\/\" \/>\n<meta property=\"og:locale\" content=\"es_ES\" \/>\n<meta property=\"og:type\" content=\"article\" \/>\n<meta property=\"og:title\" content=\"Boris Johnson anuncia el comienzo del fin de la &quot;hibernaci\u00f3n nacional&quot; - ElCanillita.Info\" \/>\n<meta property=\"og:description\" content=\"Londres, 24.06.2020 - El Primer Ministro anuncia que las familias pueden juntarse en sus casas y pasar las vacaciones juntos.\" \/>\n<meta property=\"og:url\" content=\"https:\/\/elcanillita.info\/press\/2020\/06\/24\/boris-johnson-anuncia-el-comienzo-del-fin-de-la-hibernacion-nacional\/\" \/>\n<meta property=\"og:site_name\" content=\"ElCanillita.Info\" \/>\n<meta property=\"article:publisher\" content=\"https:\/\/ar-ar.facebook.com\/ElCanillitainfo-114249515285712\/\" \/>\n<meta property=\"article:published_time\" content=\"2020-06-24T14:53:51+00:00\" \/>\n<meta property=\"article:modified_time\" content=\"2020-06-24T16:36:44+00:00\" \/>\n<meta name=\"author\" content=\"SalaStampa.eu, world press service\" \/>\n<meta name=\"twitter:card\" content=\"summary_large_image\" \/>\n<meta name=\"twitter:label1\" content=\"Escrito por\" \/>\n\t<meta name=\"twitter:data1\" content=\"SalaStampa.eu, world press service\" \/>\n\t<meta name=\"twitter:label2\" content=\"Tiempo de lectura\" \/>\n\t<meta name=\"twitter:data2\" content=\"5 minutos\" \/>\n<script type=\"application\/ld+json\" class=\"yoast-schema-graph\">{\"@context\":\"https:\\\/\\\/schema.org\",\"@graph\":[{\"@type\":\"Article\",\"@id\":\"https:\\\/\\\/elcanillita.info\\\/press\\\/2020\\\/06\\\/24\\\/boris-johnson-anuncia-el-comienzo-del-fin-de-la-hibernacion-nacional\\\/#article\",\"isPartOf\":{\"@id\":\"https:\\\/\\\/elcanillita.info\\\/press\\\/2020\\\/06\\\/24\\\/boris-johnson-anuncia-el-comienzo-del-fin-de-la-hibernacion-nacional\\\/\"},\"author\":{\"name\":\"SalaStampa.eu, world press service\",\"@id\":\"https:\\\/\\\/elcanillita.info\\\/press\\\/#\\\/schema\\\/person\\\/7fcb79f38045700919f7da6d97e71ba0\"},\"headline\":\"Boris Johnson anuncia el comienzo del fin de la &#8220;hibernaci\u00f3n nacional&#8221;\",\"datePublished\":\"2020-06-24T14:53:51+00:00\",\"dateModified\":\"2020-06-24T16:36:44+00:00\",\"mainEntityOfPage\":{\"@id\":\"https:\\\/\\\/elcanillita.info\\\/press\\\/2020\\\/06\\\/24\\\/boris-johnson-anuncia-el-comienzo-del-fin-de-la-hibernacion-nacional\\\/\"},\"wordCount\":986,\"publisher\":{\"@id\":\"https:\\\/\\\/elcanillita.info\\\/press\\\/#organization\"},\"keywords\":[\"Reino Unido\"],\"articleSection\":[\"Actualidad\",\"Economia\",\"Europa\",\"Politica\",\"Sociedad\"],\"inLanguage\":\"es-AR\"},{\"@type\":\"WebPage\",\"@id\":\"https:\\\/\\\/elcanillita.info\\\/press\\\/2020\\\/06\\\/24\\\/boris-johnson-anuncia-el-comienzo-del-fin-de-la-hibernacion-nacional\\\/\",\"url\":\"https:\\\/\\\/elcanillita.info\\\/press\\\/2020\\\/06\\\/24\\\/boris-johnson-anuncia-el-comienzo-del-fin-de-la-hibernacion-nacional\\\/\",\"name\":\"Boris Johnson anuncia el comienzo del fin de la \\\"hibernaci\u00f3n nacional\\\" - ElCanillita.Info\",\"isPartOf\":{\"@id\":\"https:\\\/\\\/elcanillita.info\\\/press\\\/#website\"},\"datePublished\":\"2020-06-24T14:53:51+00:00\",\"dateModified\":\"2020-06-24T16:36:44+00:00\",\"inLanguage\":\"es-AR\",\"potentialAction\":[{\"@type\":\"ReadAction\",\"target\":[\"https:\\\/\\\/elcanillita.info\\\/press\\\/2020\\\/06\\\/24\\\/boris-johnson-anuncia-el-comienzo-del-fin-de-la-hibernacion-nacional\\\/\"]}]},{\"@type\":\"WebSite\",\"@id\":\"https:\\\/\\\/elcanillita.info\\\/press\\\/#website\",\"url\":\"https:\\\/\\\/elcanillita.info\\\/press\\\/\",\"name\":\"ElCanillita.Info\",\"description\":\"desde los Apeninos a los Andes\",\"publisher\":{\"@id\":\"https:\\\/\\\/elcanillita.info\\\/press\\\/#organization\"},\"potentialAction\":[{\"@type\":\"SearchAction\",\"target\":{\"@type\":\"EntryPoint\",\"urlTemplate\":\"https:\\\/\\\/elcanillita.info\\\/press\\\/?s={search_term_string}\"},\"query-input\":{\"@type\":\"PropertyValueSpecification\",\"valueRequired\":true,\"valueName\":\"search_term_string\"}}],\"inLanguage\":\"es-AR\"},{\"@type\":\"Organization\",\"@id\":\"https:\\\/\\\/elcanillita.info\\\/press\\\/#organization\",\"name\":\"Guzzo Photos & Graphic Publications\",\"url\":\"https:\\\/\\\/elcanillita.info\\\/press\\\/\",\"logo\":{\"@type\":\"ImageObject\",\"inLanguage\":\"es-AR\",\"@id\":\"https:\\\/\\\/elcanillita.info\\\/press\\\/#\\\/schema\\\/logo\\\/image\\\/\",\"url\":\"https:\\\/\\\/elcanillita.info\\\/press\\\/images\\\/2020\\\/01\\\/cropped-cropped-cropped-elcanillitainfo.png\",\"contentUrl\":\"https:\\\/\\\/elcanillita.info\\\/press\\\/images\\\/2020\\\/01\\\/cropped-cropped-cropped-elcanillitainfo.png\",\"width\":460,\"height\":50,\"caption\":\"Guzzo Photos & Graphic Publications\"},\"image\":{\"@id\":\"https:\\\/\\\/elcanillita.info\\\/press\\\/#\\\/schema\\\/logo\\\/image\\\/\"},\"sameAs\":[\"https:\\\/\\\/ar-ar.facebook.com\\\/ElCanillitainfo-114249515285712\\\/\"]},{\"@type\":\"Person\",\"@id\":\"https:\\\/\\\/elcanillita.info\\\/press\\\/#\\\/schema\\\/person\\\/7fcb79f38045700919f7da6d97e71ba0\",\"name\":\"SalaStampa.eu, world press service\",\"image\":{\"@type\":\"ImageObject\",\"inLanguage\":\"es-AR\",\"@id\":\"https:\\\/\\\/secure.gravatar.com\\\/avatar\\\/c2f0e0d515a107624234994507816ca4724c7199cef73fc8bedebf6931d73888?s=96&d=mm&r=g\",\"url\":\"https:\\\/\\\/secure.gravatar.com\\\/avatar\\\/c2f0e0d515a107624234994507816ca4724c7199cef73fc8bedebf6931d73888?s=96&d=mm&r=g\",\"contentUrl\":\"https:\\\/\\\/secure.gravatar.com\\\/avatar\\\/c2f0e0d515a107624234994507816ca4724c7199cef73fc8bedebf6931d73888?s=96&d=mm&r=g\",\"caption\":\"SalaStampa.eu, world press service\"}}]}<\/script>\n<!-- \/ Yoast SEO plugin. -->","yoast_head_json":{"title":"Boris Johnson anuncia el comienzo del fin de la \"hibernaci\u00f3n nacional\" - ElCanillita.Info","robots":{"index":"index","follow":"follow","max-snippet":"max-snippet:-1","max-image-preview":"max-image-preview:large","max-video-preview":"max-video-preview:-1"},"canonical":"https:\/\/elcanillita.info\/press\/2020\/06\/24\/boris-johnson-anuncia-el-comienzo-del-fin-de-la-hibernacion-nacional\/","og_locale":"es_ES","og_type":"article","og_title":"Boris Johnson anuncia el comienzo del fin de la \"hibernaci\u00f3n nacional\" - ElCanillita.Info","og_description":"Londres, 24.06.2020 - El Primer Ministro anuncia que las familias pueden juntarse en sus casas y pasar las vacaciones juntos.","og_url":"https:\/\/elcanillita.info\/press\/2020\/06\/24\/boris-johnson-anuncia-el-comienzo-del-fin-de-la-hibernacion-nacional\/","og_site_name":"ElCanillita.Info","article_publisher":"https:\/\/ar-ar.facebook.com\/ElCanillitainfo-114249515285712\/","article_published_time":"2020-06-24T14:53:51+00:00","article_modified_time":"2020-06-24T16:36:44+00:00","author":"SalaStampa.eu, world press service","twitter_card":"summary_large_image","twitter_misc":{"Escrito por":"SalaStampa.eu, world press service","Tiempo de lectura":"5 minutos"},"schema":{"@context":"https:\/\/schema.org","@graph":[{"@type":"Article","@id":"https:\/\/elcanillita.info\/press\/2020\/06\/24\/boris-johnson-anuncia-el-comienzo-del-fin-de-la-hibernacion-nacional\/#article","isPartOf":{"@id":"https:\/\/elcanillita.info\/press\/2020\/06\/24\/boris-johnson-anuncia-el-comienzo-del-fin-de-la-hibernacion-nacional\/"},"author":{"name":"SalaStampa.eu, world press service","@id":"https:\/\/elcanillita.info\/press\/#\/schema\/person\/7fcb79f38045700919f7da6d97e71ba0"},"headline":"Boris Johnson anuncia el comienzo del fin de la &#8220;hibernaci\u00f3n nacional&#8221;","datePublished":"2020-06-24T14:53:51+00:00","dateModified":"2020-06-24T16:36:44+00:00","mainEntityOfPage":{"@id":"https:\/\/elcanillita.info\/press\/2020\/06\/24\/boris-johnson-anuncia-el-comienzo-del-fin-de-la-hibernacion-nacional\/"},"wordCount":986,"publisher":{"@id":"https:\/\/elcanillita.info\/press\/#organization"},"keywords":["Reino Unido"],"articleSection":["Actualidad","Economia","Europa","Politica","Sociedad"],"inLanguage":"es-AR"},{"@type":"WebPage","@id":"https:\/\/elcanillita.info\/press\/2020\/06\/24\/boris-johnson-anuncia-el-comienzo-del-fin-de-la-hibernacion-nacional\/","url":"https:\/\/elcanillita.info\/press\/2020\/06\/24\/boris-johnson-anuncia-el-comienzo-del-fin-de-la-hibernacion-nacional\/","name":"Boris Johnson anuncia el comienzo del fin de la \"hibernaci\u00f3n nacional\" - ElCanillita.Info","isPartOf":{"@id":"https:\/\/elcanillita.info\/press\/#website"},"datePublished":"2020-06-24T14:53:51+00:00","dateModified":"2020-06-24T16:36:44+00:00","inLanguage":"es-AR","potentialAction":[{"@type":"ReadAction","target":["https:\/\/elcanillita.info\/press\/2020\/06\/24\/boris-johnson-anuncia-el-comienzo-del-fin-de-la-hibernacion-nacional\/"]}]},{"@type":"WebSite","@id":"https:\/\/elcanillita.info\/press\/#website","url":"https:\/\/elcanillita.info\/press\/","name":"ElCanillita.Info","description":"desde los Apeninos a los Andes","publisher":{"@id":"https:\/\/elcanillita.info\/press\/#organization"},"potentialAction":[{"@type":"SearchAction","target":{"@type":"EntryPoint","urlTemplate":"https:\/\/elcanillita.info\/press\/?s={search_term_string}"},"query-input":{"@type":"PropertyValueSpecification","valueRequired":true,"valueName":"search_term_string"}}],"inLanguage":"es-AR"},{"@type":"Organization","@id":"https:\/\/elcanillita.info\/press\/#organization","name":"Guzzo Photos & Graphic Publications","url":"https:\/\/elcanillita.info\/press\/","logo":{"@type":"ImageObject","inLanguage":"es-AR","@id":"https:\/\/elcanillita.info\/press\/#\/schema\/logo\/image\/","url":"https:\/\/elcanillita.info\/press\/images\/2020\/01\/cropped-cropped-cropped-elcanillitainfo.png","contentUrl":"https:\/\/elcanillita.info\/press\/images\/2020\/01\/cropped-cropped-cropped-elcanillitainfo.png","width":460,"height":50,"caption":"Guzzo Photos & Graphic Publications"},"image":{"@id":"https:\/\/elcanillita.info\/press\/#\/schema\/logo\/image\/"},"sameAs":["https:\/\/ar-ar.facebook.com\/ElCanillitainfo-114249515285712\/"]},{"@type":"Person","@id":"https:\/\/elcanillita.info\/press\/#\/schema\/person\/7fcb79f38045700919f7da6d97e71ba0","name":"SalaStampa.eu, world press service","image":{"@type":"ImageObject","inLanguage":"es-AR","@id":"https:\/\/secure.gravatar.com\/avatar\/c2f0e0d515a107624234994507816ca4724c7199cef73fc8bedebf6931d73888?s=96&d=mm&r=g","url":"https:\/\/secure.gravatar.com\/avatar\/c2f0e0d515a107624234994507816ca4724c7199cef73fc8bedebf6931d73888?s=96&d=mm&r=g","contentUrl":"https:\/\/secure.gravatar.com\/avatar\/c2f0e0d515a107624234994507816ca4724c7199cef73fc8bedebf6931d73888?s=96&d=mm&r=g","caption":"SalaStampa.eu, world press service"}}]}},"views":648,"_links":{"self":[{"href":"https:\/\/elcanillita.info\/press\/wp-json\/wp\/v2\/posts\/800","targetHints":{"allow":["GET"]}}],"collection":[{"href":"https:\/\/elcanillita.info\/press\/wp-json\/wp\/v2\/posts"}],"about":[{"href":"https:\/\/elcanillita.info\/press\/wp-json\/wp\/v2\/types\/post"}],"author":[{"embeddable":true,"href":"https:\/\/elcanillita.info\/press\/wp-json\/wp\/v2\/users\/1"}],"replies":[{"embeddable":true,"href":"https:\/\/elcanillita.info\/press\/wp-json\/wp\/v2\/comments?post=800"}],"version-history":[{"count":0,"href":"https:\/\/elcanillita.info\/press\/wp-json\/wp\/v2\/posts\/800\/revisions"}],"wp:attachment":[{"href":"https:\/\/elcanillita.info\/press\/wp-json\/wp\/v2\/media?parent=800"}],"wp:term":[{"taxonomy":"category","embeddable":true,"href":"https:\/\/elcanillita.info\/press\/wp-json\/wp\/v2\/categories?post=800"},{"taxonomy":"post_tag","embeddable":true,"href":"https:\/\/elcanillita.info\/press\/wp-json\/wp\/v2\/tags?post=800"}],"curies":[{"name":"wp","href":"https:\/\/api.w.org\/{rel}","templated":true}]}}