{"id":80,"date":"2020-01-13T07:14:45","date_gmt":"2020-01-13T10:14:45","guid":{"rendered":"https:\/\/elcanillita.info\/press\/?p=80"},"modified":"2020-01-17T07:38:48","modified_gmt":"2020-01-17T10:38:48","slug":"ee-uu-no-cree-que-habra-mas-represalias-de-iran","status":"publish","type":"post","link":"https:\/\/elcanillita.info\/press\/2020\/01\/13\/ee-uu-no-cree-que-habra-mas-represalias-de-iran\/","title":{"rendered":"El secretario de defensa de EEUU no cree que habr\u00e1 m\u00e1s represalias de Ir\u00e1n"},"content":{"rendered":"\n<p>Washington, 12.01.2020 &#8211; Estados Unidos no cree que Ir\u00e1n lance nuevas represalias por la muerte de uno de sus m\u00e1s importantes comandantes militares en un ataque de dron estadounidense, expres\u00f3 el domingo el secretario de defensa Mike Esper.<\/p>\n\n\n\n<p>El r\u00e9gimen iran\u00ed, dijo Esper, se encuentra bajo amenaza interna debido a las protestas por el derribamiento de un avi\u00f3n civil ucraniano.<\/p>\n\n\n\n<p>&#8220;El pueblo iran\u00ed se ha alzado en defensa de sus derechos, de sus aspiraciones a un mejor gobierno&#8221;, declar\u00f3 Esper&nbsp;al programa &#8220;Face The Nation&#8221; de la CBS.<\/p>\n\n\n\n<p>Las protestas en Ir\u00e1n son a consecuencia de la admisi\u00f3n del gobierno iran\u00ed de que derrib\u00f3 al avi\u00f3n ucraniano por error, en el momento en que lanz\u00f3 misiles contra bases estadounidenses en Irak como represalia de su general, Qassem Soleimani.<\/p>\n\n\n\n<p>El derribamiento del avi\u00f3n ucraniano termin\u00f3 con las vidas de las 176 personas a bordo.<\/p>\n\n\n\n<p>Esper afirm\u00f3 que la Fuerza Quds iran\u00ed sigue siendo una amenaza en la regi\u00f3n pero que los planes espec\u00edficos de ataques ideados por Soleimani hab\u00edan sido &#8220;frustrados&#8221;.<\/p>\n\n\n\n<p>Presionado para que comentara la declaraci\u00f3n de Trump en una entrevista de Fox News de que el presidente cre\u00eda que Soleimani hab\u00eda planeado atacar a cuatro embajadas estadounidenses. Esper dijo que compart\u00eda la creencia de que Soleimani estaba planeando ataques en m\u00faltiples instalaciones de EE.UU., pero no dijo que estos inclu\u00edan cuatro embajadas.<\/p>\n\n\n\n<p>A\u00f1adi\u00f3 que sigue en pie la oferta estadounidense de renegociar el acuerdo nuclear con Ir\u00e1n sin condiciones.<br><br>\n<small>2020 voanoticias \u2013 salastampa.eu, afiliada a la red Broadcasting Board of Governors \u00a9 2020 BBG<\/small><\/p>\n","protected":false},"excerpt":{"rendered":"<p>Washington, 12.01.2020 &#8211; Estados Unidos no cree que Ir\u00e1n lance nuevas represalias por la muerte de uno de sus m\u00e1s importantes comandantes militares en un ataque de dron estadounidense, expres\u00f3 el domingo el secretario de defensa Mike Esper.<\/p>\n","protected":false},"author":1,"featured_media":0,"comment_status":"closed","ping_status":"closed","sticky":false,"template":"","format":"standard","meta":{"footnotes":"","_links_to":"","_links_to_target":""},"categories":[9,23],"tags":[34],"class_list":["post-80","post","type-post","status-publish","format-standard","hentry","category-america-del-norte","category-politica","tag-estados-unidos","entry","double"],"yoast_head":"<!-- This site is optimized with the Yoast SEO plugin v27.4 - https:\/\/yoast.com\/product\/yoast-seo-wordpress\/ -->\n<title>El secretario de defensa de EEUU no cree que habr\u00e1 m\u00e1s represalias de Ir\u00e1n - ElCanillita.Info<\/title>\n<meta name=\"robots\" content=\"index, follow, max-snippet:-1, max-image-preview:large, max-video-preview:-1\" \/>\n<link rel=\"canonical\" href=\"https:\/\/elcanillita.info\/press\/2020\/01\/13\/ee-uu-no-cree-que-habra-mas-represalias-de-iran\/\" \/>\n<meta property=\"og:locale\" content=\"es_ES\" \/>\n<meta property=\"og:type\" content=\"article\" \/>\n<meta property=\"og:title\" content=\"El secretario de defensa de EEUU no cree que habr\u00e1 m\u00e1s represalias de Ir\u00e1n - ElCanillita.Info\" \/>\n<meta property=\"og:description\" content=\"Washington, 12.01.2020 - Estados Unidos no cree que Ir\u00e1n lance nuevas represalias por la muerte de uno de sus m\u00e1s importantes comandantes militares en un ataque de dron estadounidense, expres\u00f3 el domingo el secretario de defensa Mike Esper.\" \/>\n<meta property=\"og:url\" content=\"https:\/\/elcanillita.info\/press\/2020\/01\/13\/ee-uu-no-cree-que-habra-mas-represalias-de-iran\/\" \/>\n<meta property=\"og:site_name\" content=\"ElCanillita.Info\" \/>\n<meta property=\"article:publisher\" content=\"https:\/\/ar-ar.facebook.com\/ElCanillitainfo-114249515285712\/\" \/>\n<meta property=\"article:published_time\" content=\"2020-01-13T10:14:45+00:00\" \/>\n<meta property=\"article:modified_time\" content=\"2020-01-17T10:38:48+00:00\" \/>\n<meta name=\"author\" content=\"SalaStampa.eu, world press service\" \/>\n<meta name=\"twitter:card\" content=\"summary_large_image\" \/>\n<meta name=\"twitter:label1\" content=\"Escrito por\" \/>\n\t<meta name=\"twitter:data1\" content=\"SalaStampa.eu, world press service\" \/>\n\t<meta name=\"twitter:label2\" content=\"Tiempo de lectura\" \/>\n\t<meta name=\"twitter:data2\" content=\"1 minuto\" \/>\n<script type=\"application\/ld+json\" class=\"yoast-schema-graph\">{\"@context\":\"https:\\\/\\\/schema.org\",\"@graph\":[{\"@type\":\"Article\",\"@id\":\"https:\\\/\\\/elcanillita.info\\\/press\\\/2020\\\/01\\\/13\\\/ee-uu-no-cree-que-habra-mas-represalias-de-iran\\\/#article\",\"isPartOf\":{\"@id\":\"https:\\\/\\\/elcanillita.info\\\/press\\\/2020\\\/01\\\/13\\\/ee-uu-no-cree-que-habra-mas-represalias-de-iran\\\/\"},\"author\":{\"name\":\"SalaStampa.eu, world press service\",\"@id\":\"https:\\\/\\\/elcanillita.info\\\/press\\\/#\\\/schema\\\/person\\\/7fcb79f38045700919f7da6d97e71ba0\"},\"headline\":\"El secretario de defensa de EEUU no cree que habr\u00e1 m\u00e1s represalias de Ir\u00e1n\",\"datePublished\":\"2020-01-13T10:14:45+00:00\",\"dateModified\":\"2020-01-17T10:38:48+00:00\",\"mainEntityOfPage\":{\"@id\":\"https:\\\/\\\/elcanillita.info\\\/press\\\/2020\\\/01\\\/13\\\/ee-uu-no-cree-que-habra-mas-represalias-de-iran\\\/\"},\"wordCount\":287,\"publisher\":{\"@id\":\"https:\\\/\\\/elcanillita.info\\\/press\\\/#organization\"},\"keywords\":[\"Estados Unidos\"],\"articleSection\":[\"Am\u00e9rica del Norte\",\"Politica\"],\"inLanguage\":\"es-AR\"},{\"@type\":\"WebPage\",\"@id\":\"https:\\\/\\\/elcanillita.info\\\/press\\\/2020\\\/01\\\/13\\\/ee-uu-no-cree-que-habra-mas-represalias-de-iran\\\/\",\"url\":\"https:\\\/\\\/elcanillita.info\\\/press\\\/2020\\\/01\\\/13\\\/ee-uu-no-cree-que-habra-mas-represalias-de-iran\\\/\",\"name\":\"El secretario de defensa de EEUU no cree que habr\u00e1 m\u00e1s represalias de Ir\u00e1n - ElCanillita.Info\",\"isPartOf\":{\"@id\":\"https:\\\/\\\/elcanillita.info\\\/press\\\/#website\"},\"datePublished\":\"2020-01-13T10:14:45+00:00\",\"dateModified\":\"2020-01-17T10:38:48+00:00\",\"inLanguage\":\"es-AR\",\"potentialAction\":[{\"@type\":\"ReadAction\",\"target\":[\"https:\\\/\\\/elcanillita.info\\\/press\\\/2020\\\/01\\\/13\\\/ee-uu-no-cree-que-habra-mas-represalias-de-iran\\\/\"]}]},{\"@type\":\"WebSite\",\"@id\":\"https:\\\/\\\/elcanillita.info\\\/press\\\/#website\",\"url\":\"https:\\\/\\\/elcanillita.info\\\/press\\\/\",\"name\":\"ElCanillita.Info\",\"description\":\"desde los Apeninos a los Andes\",\"publisher\":{\"@id\":\"https:\\\/\\\/elcanillita.info\\\/press\\\/#organization\"},\"potentialAction\":[{\"@type\":\"SearchAction\",\"target\":{\"@type\":\"EntryPoint\",\"urlTemplate\":\"https:\\\/\\\/elcanillita.info\\\/press\\\/?s={search_term_string}\"},\"query-input\":{\"@type\":\"PropertyValueSpecification\",\"valueRequired\":true,\"valueName\":\"search_term_string\"}}],\"inLanguage\":\"es-AR\"},{\"@type\":\"Organization\",\"@id\":\"https:\\\/\\\/elcanillita.info\\\/press\\\/#organization\",\"name\":\"Guzzo Photos & Graphic Publications\",\"url\":\"https:\\\/\\\/elcanillita.info\\\/press\\\/\",\"logo\":{\"@type\":\"ImageObject\",\"inLanguage\":\"es-AR\",\"@id\":\"https:\\\/\\\/elcanillita.info\\\/press\\\/#\\\/schema\\\/logo\\\/image\\\/\",\"url\":\"https:\\\/\\\/elcanillita.info\\\/press\\\/images\\\/2020\\\/01\\\/cropped-cropped-cropped-elcanillitainfo.png\",\"contentUrl\":\"https:\\\/\\\/elcanillita.info\\\/press\\\/images\\\/2020\\\/01\\\/cropped-cropped-cropped-elcanillitainfo.png\",\"width\":460,\"height\":50,\"caption\":\"Guzzo Photos & Graphic Publications\"},\"image\":{\"@id\":\"https:\\\/\\\/elcanillita.info\\\/press\\\/#\\\/schema\\\/logo\\\/image\\\/\"},\"sameAs\":[\"https:\\\/\\\/ar-ar.facebook.com\\\/ElCanillitainfo-114249515285712\\\/\"]},{\"@type\":\"Person\",\"@id\":\"https:\\\/\\\/elcanillita.info\\\/press\\\/#\\\/schema\\\/person\\\/7fcb79f38045700919f7da6d97e71ba0\",\"name\":\"SalaStampa.eu, world press service\",\"image\":{\"@type\":\"ImageObject\",\"inLanguage\":\"es-AR\",\"@id\":\"https:\\\/\\\/secure.gravatar.com\\\/avatar\\\/c2f0e0d515a107624234994507816ca4724c7199cef73fc8bedebf6931d73888?s=96&d=mm&r=g\",\"url\":\"https:\\\/\\\/secure.gravatar.com\\\/avatar\\\/c2f0e0d515a107624234994507816ca4724c7199cef73fc8bedebf6931d73888?s=96&d=mm&r=g\",\"contentUrl\":\"https:\\\/\\\/secure.gravatar.com\\\/avatar\\\/c2f0e0d515a107624234994507816ca4724c7199cef73fc8bedebf6931d73888?s=96&d=mm&r=g\",\"caption\":\"SalaStampa.eu, world press service\"}}]}<\/script>\n<!-- \/ Yoast SEO plugin. -->","yoast_head_json":{"title":"El secretario de defensa de EEUU no cree que habr\u00e1 m\u00e1s represalias de Ir\u00e1n - ElCanillita.Info","robots":{"index":"index","follow":"follow","max-snippet":"max-snippet:-1","max-image-preview":"max-image-preview:large","max-video-preview":"max-video-preview:-1"},"canonical":"https:\/\/elcanillita.info\/press\/2020\/01\/13\/ee-uu-no-cree-que-habra-mas-represalias-de-iran\/","og_locale":"es_ES","og_type":"article","og_title":"El secretario de defensa de EEUU no cree que habr\u00e1 m\u00e1s represalias de Ir\u00e1n - ElCanillita.Info","og_description":"Washington, 12.01.2020 - Estados Unidos no cree que Ir\u00e1n lance nuevas represalias por la muerte de uno de sus m\u00e1s importantes comandantes militares en un ataque de dron estadounidense, expres\u00f3 el domingo el secretario de defensa Mike Esper.","og_url":"https:\/\/elcanillita.info\/press\/2020\/01\/13\/ee-uu-no-cree-que-habra-mas-represalias-de-iran\/","og_site_name":"ElCanillita.Info","article_publisher":"https:\/\/ar-ar.facebook.com\/ElCanillitainfo-114249515285712\/","article_published_time":"2020-01-13T10:14:45+00:00","article_modified_time":"2020-01-17T10:38:48+00:00","author":"SalaStampa.eu, world press service","twitter_card":"summary_large_image","twitter_misc":{"Escrito por":"SalaStampa.eu, world press service","Tiempo de lectura":"1 minuto"},"schema":{"@context":"https:\/\/schema.org","@graph":[{"@type":"Article","@id":"https:\/\/elcanillita.info\/press\/2020\/01\/13\/ee-uu-no-cree-que-habra-mas-represalias-de-iran\/#article","isPartOf":{"@id":"https:\/\/elcanillita.info\/press\/2020\/01\/13\/ee-uu-no-cree-que-habra-mas-represalias-de-iran\/"},"author":{"name":"SalaStampa.eu, world press service","@id":"https:\/\/elcanillita.info\/press\/#\/schema\/person\/7fcb79f38045700919f7da6d97e71ba0"},"headline":"El secretario de defensa de EEUU no cree que habr\u00e1 m\u00e1s represalias de Ir\u00e1n","datePublished":"2020-01-13T10:14:45+00:00","dateModified":"2020-01-17T10:38:48+00:00","mainEntityOfPage":{"@id":"https:\/\/elcanillita.info\/press\/2020\/01\/13\/ee-uu-no-cree-que-habra-mas-represalias-de-iran\/"},"wordCount":287,"publisher":{"@id":"https:\/\/elcanillita.info\/press\/#organization"},"keywords":["Estados Unidos"],"articleSection":["Am\u00e9rica del Norte","Politica"],"inLanguage":"es-AR"},{"@type":"WebPage","@id":"https:\/\/elcanillita.info\/press\/2020\/01\/13\/ee-uu-no-cree-que-habra-mas-represalias-de-iran\/","url":"https:\/\/elcanillita.info\/press\/2020\/01\/13\/ee-uu-no-cree-que-habra-mas-represalias-de-iran\/","name":"El secretario de defensa de EEUU no cree que habr\u00e1 m\u00e1s represalias de Ir\u00e1n - ElCanillita.Info","isPartOf":{"@id":"https:\/\/elcanillita.info\/press\/#website"},"datePublished":"2020-01-13T10:14:45+00:00","dateModified":"2020-01-17T10:38:48+00:00","inLanguage":"es-AR","potentialAction":[{"@type":"ReadAction","target":["https:\/\/elcanillita.info\/press\/2020\/01\/13\/ee-uu-no-cree-que-habra-mas-represalias-de-iran\/"]}]},{"@type":"WebSite","@id":"https:\/\/elcanillita.info\/press\/#website","url":"https:\/\/elcanillita.info\/press\/","name":"ElCanillita.Info","description":"desde los Apeninos a los Andes","publisher":{"@id":"https:\/\/elcanillita.info\/press\/#organization"},"potentialAction":[{"@type":"SearchAction","target":{"@type":"EntryPoint","urlTemplate":"https:\/\/elcanillita.info\/press\/?s={search_term_string}"},"query-input":{"@type":"PropertyValueSpecification","valueRequired":true,"valueName":"search_term_string"}}],"inLanguage":"es-AR"},{"@type":"Organization","@id":"https:\/\/elcanillita.info\/press\/#organization","name":"Guzzo Photos & Graphic Publications","url":"https:\/\/elcanillita.info\/press\/","logo":{"@type":"ImageObject","inLanguage":"es-AR","@id":"https:\/\/elcanillita.info\/press\/#\/schema\/logo\/image\/","url":"https:\/\/elcanillita.info\/press\/images\/2020\/01\/cropped-cropped-cropped-elcanillitainfo.png","contentUrl":"https:\/\/elcanillita.info\/press\/images\/2020\/01\/cropped-cropped-cropped-elcanillitainfo.png","width":460,"height":50,"caption":"Guzzo Photos & Graphic Publications"},"image":{"@id":"https:\/\/elcanillita.info\/press\/#\/schema\/logo\/image\/"},"sameAs":["https:\/\/ar-ar.facebook.com\/ElCanillitainfo-114249515285712\/"]},{"@type":"Person","@id":"https:\/\/elcanillita.info\/press\/#\/schema\/person\/7fcb79f38045700919f7da6d97e71ba0","name":"SalaStampa.eu, world press service","image":{"@type":"ImageObject","inLanguage":"es-AR","@id":"https:\/\/secure.gravatar.com\/avatar\/c2f0e0d515a107624234994507816ca4724c7199cef73fc8bedebf6931d73888?s=96&d=mm&r=g","url":"https:\/\/secure.gravatar.com\/avatar\/c2f0e0d515a107624234994507816ca4724c7199cef73fc8bedebf6931d73888?s=96&d=mm&r=g","contentUrl":"https:\/\/secure.gravatar.com\/avatar\/c2f0e0d515a107624234994507816ca4724c7199cef73fc8bedebf6931d73888?s=96&d=mm&r=g","caption":"SalaStampa.eu, world press service"}}]}},"views":692,"_links":{"self":[{"href":"https:\/\/elcanillita.info\/press\/wp-json\/wp\/v2\/posts\/80","targetHints":{"allow":["GET"]}}],"collection":[{"href":"https:\/\/elcanillita.info\/press\/wp-json\/wp\/v2\/posts"}],"about":[{"href":"https:\/\/elcanillita.info\/press\/wp-json\/wp\/v2\/types\/post"}],"author":[{"embeddable":true,"href":"https:\/\/elcanillita.info\/press\/wp-json\/wp\/v2\/users\/1"}],"replies":[{"embeddable":true,"href":"https:\/\/elcanillita.info\/press\/wp-json\/wp\/v2\/comments?post=80"}],"version-history":[{"count":0,"href":"https:\/\/elcanillita.info\/press\/wp-json\/wp\/v2\/posts\/80\/revisions"}],"wp:attachment":[{"href":"https:\/\/elcanillita.info\/press\/wp-json\/wp\/v2\/media?parent=80"}],"wp:term":[{"taxonomy":"category","embeddable":true,"href":"https:\/\/elcanillita.info\/press\/wp-json\/wp\/v2\/categories?post=80"},{"taxonomy":"post_tag","embeddable":true,"href":"https:\/\/elcanillita.info\/press\/wp-json\/wp\/v2\/tags?post=80"}],"curies":[{"name":"wp","href":"https:\/\/api.w.org\/{rel}","templated":true}]}}