{"id":795,"date":"2020-06-22T20:08:13","date_gmt":"2020-06-22T23:08:13","guid":{"rendered":"https:\/\/elcanillita.info\/press\/?p=795"},"modified":"2020-06-27T16:44:07","modified_gmt":"2020-06-27T19:44:07","slug":"ex-asesor-trump-acusa-presidente-abuso-poder","status":"publish","type":"post","link":"https:\/\/elcanillita.info\/press\/2020\/06\/22\/ex-asesor-trump-acusa-presidente-abuso-poder\/","title":{"rendered":"Ex-asesor de Trump acusa al presidente de abuso de poder"},"content":{"rendered":"\n<p> <video src=\"https:\/\/elcanillita.info\/press\/images\/2020\/06\/Trump.mp4\" controls=\"\" autoplay=\"autoplay\" loop=\"loop\" width=\"100%\" height=\"100%\"><br><br> Washington, 23.06.2020 &#8211; El ex-asesor de Seguridad Nacional John Bolton se\u00f1al\u00f3 al yerno del presidente Donald Trump como la persona m\u00e1s influyente en la Casa Blanca. En su primera entrevista televisada desde que dej\u00f3 el cargo, Bolton acus\u00f3 al mandatario de haber utilizado su poder para beneficio propio. <br><br>Desde Washington, informa Bricio Segovia, de la Voz de Am\u00e9rica.<br><br>  <small>\u00a9 2020 SalaStampa.Eu  afiliada a USAGM \/ VOA<\/small> <\/p>\n\n\n\n<p>Washington, 22.06.2020 &#8211; El ex-asesor de seguridad Nacional John Bolton se\u00f1al\u00f3 al yerno del presidente Donald Trump como la persona m\u00e1s influyente en la Casa Blanca.<br> En su primera entrevista televisada desde que dej\u00f3 el cargo, Bolton acus\u00f3 al mandatario de haber utilizado su poder para beneficio propio.<\/p>\n\n\n\n<p>Informa desde la Voz de Am\u00e9rica en Washington, Bricio Segovia.<br><br>  <small>\u00a9 2020 SalaStampa.Eu  afiliada a USAGM \/ VOA<\/small><\/p>\n\n\n\n<p><\/p>\n","protected":false},"excerpt":{"rendered":"<p>Washington, 23.06.2020 &#8211; El ex-asesor de Seguridad Nacional John Bolton se\u00f1al\u00f3 al yerno del presidente Donald Trump como la persona m\u00e1s influyente en la Casa Blanca.<\/p>\n","protected":false},"author":1,"featured_media":0,"comment_status":"closed","ping_status":"closed","sticky":false,"template":"","format":"standard","meta":{"footnotes":"","_links_to":"","_links_to_target":""},"categories":[70,9,12,23],"tags":[34],"class_list":["post-795","post","type-post","status-publish","format-standard","hentry","category-actualidad","category-america-del-norte","category-audiovisuales","category-politica","tag-estados-unidos","entry","double"],"yoast_head":"<!-- This site is optimized with the Yoast SEO plugin v27.4 - https:\/\/yoast.com\/product\/yoast-seo-wordpress\/ -->\n<title>Ex-asesor de Trump acusa al presidente de abuso de poder - ElCanillita.Info<\/title>\n<meta name=\"robots\" content=\"index, follow, max-snippet:-1, max-image-preview:large, max-video-preview:-1\" \/>\n<link rel=\"canonical\" href=\"https:\/\/elcanillita.info\/press\/2020\/06\/22\/ex-asesor-trump-acusa-presidente-abuso-poder\/\" \/>\n<meta property=\"og:locale\" content=\"es_ES\" \/>\n<meta property=\"og:type\" content=\"article\" \/>\n<meta property=\"og:title\" content=\"Ex-asesor de Trump acusa al presidente de abuso de poder - ElCanillita.Info\" \/>\n<meta property=\"og:description\" content=\"Washington, 23.06.2020 - El ex-asesor de Seguridad Nacional John Bolton se\u00f1al\u00f3 al yerno del presidente Donald Trump como la persona m\u00e1s influyente en la Casa Blanca.\" \/>\n<meta property=\"og:url\" content=\"https:\/\/elcanillita.info\/press\/2020\/06\/22\/ex-asesor-trump-acusa-presidente-abuso-poder\/\" \/>\n<meta property=\"og:site_name\" content=\"ElCanillita.Info\" \/>\n<meta property=\"article:publisher\" content=\"https:\/\/ar-ar.facebook.com\/ElCanillitainfo-114249515285712\/\" \/>\n<meta property=\"article:published_time\" content=\"2020-06-22T23:08:13+00:00\" \/>\n<meta property=\"article:modified_time\" content=\"2020-06-27T19:44:07+00:00\" \/>\n<meta name=\"author\" content=\"SalaStampa.eu, world press service\" \/>\n<meta name=\"twitter:card\" content=\"summary_large_image\" \/>\n<meta name=\"twitter:label1\" content=\"Escrito por\" \/>\n\t<meta name=\"twitter:data1\" content=\"SalaStampa.eu, world press service\" \/>\n\t<meta name=\"twitter:label2\" content=\"Tiempo de lectura\" \/>\n\t<meta name=\"twitter:data2\" content=\"1 minuto\" \/>\n<script type=\"application\/ld+json\" class=\"yoast-schema-graph\">{\"@context\":\"https:\\\/\\\/schema.org\",\"@graph\":[{\"@type\":\"Article\",\"@id\":\"https:\\\/\\\/elcanillita.info\\\/press\\\/2020\\\/06\\\/22\\\/ex-asesor-trump-acusa-presidente-abuso-poder\\\/#article\",\"isPartOf\":{\"@id\":\"https:\\\/\\\/elcanillita.info\\\/press\\\/2020\\\/06\\\/22\\\/ex-asesor-trump-acusa-presidente-abuso-poder\\\/\"},\"author\":{\"name\":\"SalaStampa.eu, world press service\",\"@id\":\"https:\\\/\\\/elcanillita.info\\\/press\\\/#\\\/schema\\\/person\\\/7fcb79f38045700919f7da6d97e71ba0\"},\"headline\":\"Ex-asesor de Trump acusa al presidente de abuso de poder\",\"datePublished\":\"2020-06-22T23:08:13+00:00\",\"dateModified\":\"2020-06-27T19:44:07+00:00\",\"mainEntityOfPage\":{\"@id\":\"https:\\\/\\\/elcanillita.info\\\/press\\\/2020\\\/06\\\/22\\\/ex-asesor-trump-acusa-presidente-abuso-poder\\\/\"},\"wordCount\":142,\"publisher\":{\"@id\":\"https:\\\/\\\/elcanillita.info\\\/press\\\/#organization\"},\"keywords\":[\"Estados Unidos\"],\"articleSection\":[\"Actualidad\",\"Am\u00e9rica del Norte\",\"audiovisuales\",\"Politica\"],\"inLanguage\":\"es-AR\"},{\"@type\":\"WebPage\",\"@id\":\"https:\\\/\\\/elcanillita.info\\\/press\\\/2020\\\/06\\\/22\\\/ex-asesor-trump-acusa-presidente-abuso-poder\\\/\",\"url\":\"https:\\\/\\\/elcanillita.info\\\/press\\\/2020\\\/06\\\/22\\\/ex-asesor-trump-acusa-presidente-abuso-poder\\\/\",\"name\":\"Ex-asesor de Trump acusa al presidente de abuso de poder - ElCanillita.Info\",\"isPartOf\":{\"@id\":\"https:\\\/\\\/elcanillita.info\\\/press\\\/#website\"},\"datePublished\":\"2020-06-22T23:08:13+00:00\",\"dateModified\":\"2020-06-27T19:44:07+00:00\",\"inLanguage\":\"es-AR\",\"potentialAction\":[{\"@type\":\"ReadAction\",\"target\":[\"https:\\\/\\\/elcanillita.info\\\/press\\\/2020\\\/06\\\/22\\\/ex-asesor-trump-acusa-presidente-abuso-poder\\\/\"]}]},{\"@type\":\"WebSite\",\"@id\":\"https:\\\/\\\/elcanillita.info\\\/press\\\/#website\",\"url\":\"https:\\\/\\\/elcanillita.info\\\/press\\\/\",\"name\":\"ElCanillita.Info\",\"description\":\"desde los Apeninos a los Andes\",\"publisher\":{\"@id\":\"https:\\\/\\\/elcanillita.info\\\/press\\\/#organization\"},\"potentialAction\":[{\"@type\":\"SearchAction\",\"target\":{\"@type\":\"EntryPoint\",\"urlTemplate\":\"https:\\\/\\\/elcanillita.info\\\/press\\\/?s={search_term_string}\"},\"query-input\":{\"@type\":\"PropertyValueSpecification\",\"valueRequired\":true,\"valueName\":\"search_term_string\"}}],\"inLanguage\":\"es-AR\"},{\"@type\":\"Organization\",\"@id\":\"https:\\\/\\\/elcanillita.info\\\/press\\\/#organization\",\"name\":\"Guzzo Photos & Graphic Publications\",\"url\":\"https:\\\/\\\/elcanillita.info\\\/press\\\/\",\"logo\":{\"@type\":\"ImageObject\",\"inLanguage\":\"es-AR\",\"@id\":\"https:\\\/\\\/elcanillita.info\\\/press\\\/#\\\/schema\\\/logo\\\/image\\\/\",\"url\":\"https:\\\/\\\/elcanillita.info\\\/press\\\/images\\\/2020\\\/01\\\/cropped-cropped-cropped-elcanillitainfo.png\",\"contentUrl\":\"https:\\\/\\\/elcanillita.info\\\/press\\\/images\\\/2020\\\/01\\\/cropped-cropped-cropped-elcanillitainfo.png\",\"width\":460,\"height\":50,\"caption\":\"Guzzo Photos & Graphic Publications\"},\"image\":{\"@id\":\"https:\\\/\\\/elcanillita.info\\\/press\\\/#\\\/schema\\\/logo\\\/image\\\/\"},\"sameAs\":[\"https:\\\/\\\/ar-ar.facebook.com\\\/ElCanillitainfo-114249515285712\\\/\"]},{\"@type\":\"Person\",\"@id\":\"https:\\\/\\\/elcanillita.info\\\/press\\\/#\\\/schema\\\/person\\\/7fcb79f38045700919f7da6d97e71ba0\",\"name\":\"SalaStampa.eu, world press service\",\"image\":{\"@type\":\"ImageObject\",\"inLanguage\":\"es-AR\",\"@id\":\"https:\\\/\\\/secure.gravatar.com\\\/avatar\\\/c2f0e0d515a107624234994507816ca4724c7199cef73fc8bedebf6931d73888?s=96&d=mm&r=g\",\"url\":\"https:\\\/\\\/secure.gravatar.com\\\/avatar\\\/c2f0e0d515a107624234994507816ca4724c7199cef73fc8bedebf6931d73888?s=96&d=mm&r=g\",\"contentUrl\":\"https:\\\/\\\/secure.gravatar.com\\\/avatar\\\/c2f0e0d515a107624234994507816ca4724c7199cef73fc8bedebf6931d73888?s=96&d=mm&r=g\",\"caption\":\"SalaStampa.eu, world press service\"}}]}<\/script>\n<!-- \/ Yoast SEO plugin. -->","yoast_head_json":{"title":"Ex-asesor de Trump acusa al presidente de abuso de poder - ElCanillita.Info","robots":{"index":"index","follow":"follow","max-snippet":"max-snippet:-1","max-image-preview":"max-image-preview:large","max-video-preview":"max-video-preview:-1"},"canonical":"https:\/\/elcanillita.info\/press\/2020\/06\/22\/ex-asesor-trump-acusa-presidente-abuso-poder\/","og_locale":"es_ES","og_type":"article","og_title":"Ex-asesor de Trump acusa al presidente de abuso de poder - ElCanillita.Info","og_description":"Washington, 23.06.2020 - El ex-asesor de Seguridad Nacional John Bolton se\u00f1al\u00f3 al yerno del presidente Donald Trump como la persona m\u00e1s influyente en la Casa Blanca.","og_url":"https:\/\/elcanillita.info\/press\/2020\/06\/22\/ex-asesor-trump-acusa-presidente-abuso-poder\/","og_site_name":"ElCanillita.Info","article_publisher":"https:\/\/ar-ar.facebook.com\/ElCanillitainfo-114249515285712\/","article_published_time":"2020-06-22T23:08:13+00:00","article_modified_time":"2020-06-27T19:44:07+00:00","author":"SalaStampa.eu, world press service","twitter_card":"summary_large_image","twitter_misc":{"Escrito por":"SalaStampa.eu, world press service","Tiempo de lectura":"1 minuto"},"schema":{"@context":"https:\/\/schema.org","@graph":[{"@type":"Article","@id":"https:\/\/elcanillita.info\/press\/2020\/06\/22\/ex-asesor-trump-acusa-presidente-abuso-poder\/#article","isPartOf":{"@id":"https:\/\/elcanillita.info\/press\/2020\/06\/22\/ex-asesor-trump-acusa-presidente-abuso-poder\/"},"author":{"name":"SalaStampa.eu, world press service","@id":"https:\/\/elcanillita.info\/press\/#\/schema\/person\/7fcb79f38045700919f7da6d97e71ba0"},"headline":"Ex-asesor de Trump acusa al presidente de abuso de poder","datePublished":"2020-06-22T23:08:13+00:00","dateModified":"2020-06-27T19:44:07+00:00","mainEntityOfPage":{"@id":"https:\/\/elcanillita.info\/press\/2020\/06\/22\/ex-asesor-trump-acusa-presidente-abuso-poder\/"},"wordCount":142,"publisher":{"@id":"https:\/\/elcanillita.info\/press\/#organization"},"keywords":["Estados Unidos"],"articleSection":["Actualidad","Am\u00e9rica del Norte","audiovisuales","Politica"],"inLanguage":"es-AR"},{"@type":"WebPage","@id":"https:\/\/elcanillita.info\/press\/2020\/06\/22\/ex-asesor-trump-acusa-presidente-abuso-poder\/","url":"https:\/\/elcanillita.info\/press\/2020\/06\/22\/ex-asesor-trump-acusa-presidente-abuso-poder\/","name":"Ex-asesor de Trump acusa al presidente de abuso de poder - ElCanillita.Info","isPartOf":{"@id":"https:\/\/elcanillita.info\/press\/#website"},"datePublished":"2020-06-22T23:08:13+00:00","dateModified":"2020-06-27T19:44:07+00:00","inLanguage":"es-AR","potentialAction":[{"@type":"ReadAction","target":["https:\/\/elcanillita.info\/press\/2020\/06\/22\/ex-asesor-trump-acusa-presidente-abuso-poder\/"]}]},{"@type":"WebSite","@id":"https:\/\/elcanillita.info\/press\/#website","url":"https:\/\/elcanillita.info\/press\/","name":"ElCanillita.Info","description":"desde los Apeninos a los Andes","publisher":{"@id":"https:\/\/elcanillita.info\/press\/#organization"},"potentialAction":[{"@type":"SearchAction","target":{"@type":"EntryPoint","urlTemplate":"https:\/\/elcanillita.info\/press\/?s={search_term_string}"},"query-input":{"@type":"PropertyValueSpecification","valueRequired":true,"valueName":"search_term_string"}}],"inLanguage":"es-AR"},{"@type":"Organization","@id":"https:\/\/elcanillita.info\/press\/#organization","name":"Guzzo Photos & Graphic Publications","url":"https:\/\/elcanillita.info\/press\/","logo":{"@type":"ImageObject","inLanguage":"es-AR","@id":"https:\/\/elcanillita.info\/press\/#\/schema\/logo\/image\/","url":"https:\/\/elcanillita.info\/press\/images\/2020\/01\/cropped-cropped-cropped-elcanillitainfo.png","contentUrl":"https:\/\/elcanillita.info\/press\/images\/2020\/01\/cropped-cropped-cropped-elcanillitainfo.png","width":460,"height":50,"caption":"Guzzo Photos & Graphic Publications"},"image":{"@id":"https:\/\/elcanillita.info\/press\/#\/schema\/logo\/image\/"},"sameAs":["https:\/\/ar-ar.facebook.com\/ElCanillitainfo-114249515285712\/"]},{"@type":"Person","@id":"https:\/\/elcanillita.info\/press\/#\/schema\/person\/7fcb79f38045700919f7da6d97e71ba0","name":"SalaStampa.eu, world press service","image":{"@type":"ImageObject","inLanguage":"es-AR","@id":"https:\/\/secure.gravatar.com\/avatar\/c2f0e0d515a107624234994507816ca4724c7199cef73fc8bedebf6931d73888?s=96&d=mm&r=g","url":"https:\/\/secure.gravatar.com\/avatar\/c2f0e0d515a107624234994507816ca4724c7199cef73fc8bedebf6931d73888?s=96&d=mm&r=g","contentUrl":"https:\/\/secure.gravatar.com\/avatar\/c2f0e0d515a107624234994507816ca4724c7199cef73fc8bedebf6931d73888?s=96&d=mm&r=g","caption":"SalaStampa.eu, world press service"}}]}},"views":715,"_links":{"self":[{"href":"https:\/\/elcanillita.info\/press\/wp-json\/wp\/v2\/posts\/795","targetHints":{"allow":["GET"]}}],"collection":[{"href":"https:\/\/elcanillita.info\/press\/wp-json\/wp\/v2\/posts"}],"about":[{"href":"https:\/\/elcanillita.info\/press\/wp-json\/wp\/v2\/types\/post"}],"author":[{"embeddable":true,"href":"https:\/\/elcanillita.info\/press\/wp-json\/wp\/v2\/users\/1"}],"replies":[{"embeddable":true,"href":"https:\/\/elcanillita.info\/press\/wp-json\/wp\/v2\/comments?post=795"}],"version-history":[{"count":0,"href":"https:\/\/elcanillita.info\/press\/wp-json\/wp\/v2\/posts\/795\/revisions"}],"wp:attachment":[{"href":"https:\/\/elcanillita.info\/press\/wp-json\/wp\/v2\/media?parent=795"}],"wp:term":[{"taxonomy":"category","embeddable":true,"href":"https:\/\/elcanillita.info\/press\/wp-json\/wp\/v2\/categories?post=795"},{"taxonomy":"post_tag","embeddable":true,"href":"https:\/\/elcanillita.info\/press\/wp-json\/wp\/v2\/tags?post=795"}],"curies":[{"name":"wp","href":"https:\/\/api.w.org\/{rel}","templated":true}]}}