{"id":79,"date":"2020-01-13T07:10:53","date_gmt":"2020-01-13T10:10:53","guid":{"rendered":"https:\/\/elcanillita.info\/press\/?p=79"},"modified":"2021-09-10T10:01:26","modified_gmt":"2021-09-10T13:01:26","slug":"por-que-ha-fallado-la-ayuda-humanitaria-a-10-anos-del-terremoto-en-haiti","status":"publish","type":"post","link":"https:\/\/elcanillita.info\/press\/2020\/01\/13\/por-que-ha-fallado-la-ayuda-humanitaria-a-10-anos-del-terremoto-en-haiti\/","title":{"rendered":"\u00bfPor qu\u00e9 ha fallado la ayuda humanitaria a 10 a\u00f1os del terremoto en Hait\u00ed?"},"content":{"rendered":"\n<p>Haiti, 12.01.2020 &#8211; El sistema de ayuda internacional est\u00e1 profundamente viciado y necesita una reforma, dijo el s\u00e1bado el presidente haitiano Jovenel Moise, casi 10 a\u00f1os despu\u00e9s de que la empobrecida naci\u00f3n isle\u00f1a del Caribe fuera golpeada por uno de los terremotos m\u00e1s letales en historia.<\/p>\n\n\n\n<p>Las organizaciones internacionales prometieron miles de millones de d\u00f3lares en ayuda despu\u00e9s del terremoto del 12 de enero de 2010, aunque su uso ha sido objeto de un intenso escrutinio por parte de expertos; solo una fracci\u00f3n del monto fue directamente al gobierno haitiano.<\/p>\n\n\n\n<p>Los expertos culpan al mal gobierno, la excesiva burocracia, el despilfarro y los contratos inflados que se otorgaron principalmente a empresas extranjeras por la falta de progreso, que se vio obstaculizado a\u00fan m\u00e1s por la corrupci\u00f3n y las luchas por el poder pol\u00edtico.<\/p>\n\n\n\n<p>&#8220;Hay un problema serio con la metodolog\u00eda&#8221;, dijo Moise a Reuters en una entrevista en el Palacio Nacional, durante la cual critic\u00f3 repetidamente c\u00f3mo los donantes manejan la ayuda a Hait\u00ed.<\/p>\n\n\n\n<p>Moise, un ex exportador de banano que asumi\u00f3 el cargo en 2017, dijo que los pa\u00edses receptores conocen mejor sus necesidades y deber\u00edan tener una mayor voz sobre c\u00f3mo se gasta la ayuda.<\/p>\n\n\n\n<p>&#8220;No ha habido una pol\u00edtica cre\u00edble a largo plazo sobre qu\u00e9 hacer con este dinero&#8221;, dijo Moise, criticando a los donantes y las d\u00e9biles instituciones de Hait\u00ed.<\/p>\n\n\n\n<p>&#8220;Es mucho dinero y no s\u00e9 qu\u00e9 se ha hecho con \u00e9l&#8221;, dijo el mandatario, y agreg\u00f3 que el gobierno ten\u00eda poco que decir sobre c\u00f3mo se gastar\u00eda el dinero. Moise dijo que se han realizado algunas mejoras, pero que a\u00fan queda mucho por hacer.<\/p>\n\n\n\n<p>El sismo de magnitud 7.0 mat\u00f3 a decenas de miles de personas y dej\u00f3 a muchos m\u00e1s sin hogar; Las estimaciones del n\u00famero de muertos var\u00edan ampliamente, desde menos de 100,000 hasta 316,000, seg\u00fan cifra oficial del gobierno.<\/p>\n\n\n\n<p>Si bien tampoco hay consenso en cuanto a la cantidad de ayuda que Hait\u00ed recibi\u00f3 de organizaciones internacionales en los \u00faltimos a\u00f1os, o lo que realmente constitu\u00eda ayuda, la mayor\u00eda de las estimaciones colocan el n\u00famero por encima de los $ 10 mil millones.<\/p>\n\n\n\n<p>El da\u00f1o del terremoto todav\u00eda es claramente visible en la capital, e incluso en las paredes y estructuras a la entrada del Palacio Nacional, cuya c\u00fapula cl\u00e1sica se hundi\u00f3.<\/p>\n\n\n\n<p>Moise dijo que desde que asumi\u00f3 el cargo, su administraci\u00f3n ha estado trabajando para mejorar la colaboraci\u00f3n no solo entre las instituciones haitianas sino tambi\u00e9n con los organismos internacionales para garantizar que el dinero se gaste de manera m\u00e1s efectiva en el futuro.<\/p>\n\n\n\n<p>Jovenel Moise, quien ha estado bajo presi\u00f3n para que renuncie durante casi tres a\u00f1os de su mandato de cinco a\u00f1os, o para celebrar elecciones anticipadas, reconoci\u00f3 que el problema m\u00e1s apremiante de Hait\u00ed son sus instituciones d\u00e9biles. Hait\u00ed ha tenido 15 presidentes en los \u00faltimos 33 a\u00f1os.<\/p>\n\n\n\n<p>Hait\u00ed es uno de los pa\u00edses m\u00e1s vulnerables del mundo, expuesto a desastres naturales como tormentas, inundaciones, sequ\u00edas y terremotos.<\/p>\n\n\n\n<p>En 2016, el hurac\u00e1n Matthew devast\u00f3 la isla. Todav\u00eda recuper\u00e1ndose de los efectos de los desastres naturales, Hait\u00ed sufre un lento crecimiento econ\u00f3mico, una alta inflaci\u00f3n y escasez de combustible y alimentos.<\/p>\n\n\n\n<p>Aun as\u00ed, Moise dijo que no celebrar\u00eda elecciones anticipadas. &#8220;La situaci\u00f3n actual es una oportunidad para detener la crisis permanente&#8221;, concluy\u00f3.<br><br>\n<small>2020 voanoticias \u2013 salastampa.eu, afiliada a la red Broadcasting Board of Governors \u00a9 2020 BBG<\/small><\/p>\n","protected":false},"excerpt":{"rendered":"<p>Haiti, 12.01.2020 &#8211; El sistema de ayuda internacional est\u00e1 profundamente viciado y necesita una reforma, dijo el s\u00e1bado el presidente haitiano Jovenel Moise, casi 10 a\u00f1os despu\u00e9s de que la empobrecida naci\u00f3n isle\u00f1a del Caribe fuera golpeada por uno de los terremotos m\u00e1s letales en historia.<\/p>\n","protected":false},"author":1,"featured_media":0,"comment_status":"closed","ping_status":"closed","sticky":false,"template":"","format":"standard","meta":{"footnotes":"","_links_to":"","_links_to_target":""},"categories":[10,20,25],"tags":[43],"class_list":["post-79","post","type-post","status-publish","format-standard","hentry","category-america-central","category-economia","category-sociedad","tag-haiti","entry","double"],"yoast_head":"<!-- This site is optimized with the Yoast SEO plugin v27.4 - https:\/\/yoast.com\/product\/yoast-seo-wordpress\/ -->\n<title>\u00bfPor qu\u00e9 ha fallado la ayuda humanitaria a 10 a\u00f1os del terremoto en Hait\u00ed? - ElCanillita.Info<\/title>\n<meta name=\"robots\" content=\"index, follow, max-snippet:-1, max-image-preview:large, max-video-preview:-1\" \/>\n<link rel=\"canonical\" href=\"https:\/\/elcanillita.info\/press\/2020\/01\/13\/por-que-ha-fallado-la-ayuda-humanitaria-a-10-anos-del-terremoto-en-haiti\/\" \/>\n<meta property=\"og:locale\" content=\"es_ES\" \/>\n<meta property=\"og:type\" content=\"article\" \/>\n<meta property=\"og:title\" content=\"\u00bfPor qu\u00e9 ha fallado la ayuda humanitaria a 10 a\u00f1os del terremoto en Hait\u00ed? - ElCanillita.Info\" \/>\n<meta property=\"og:description\" content=\"Haiti, 12.01.2020 - El sistema de ayuda internacional est\u00e1 profundamente viciado y necesita una reforma, dijo el s\u00e1bado el presidente haitiano Jovenel Moise, casi 10 a\u00f1os despu\u00e9s de que la empobrecida naci\u00f3n isle\u00f1a del Caribe fuera golpeada por uno de los terremotos m\u00e1s letales en historia.\" \/>\n<meta property=\"og:url\" content=\"https:\/\/elcanillita.info\/press\/2020\/01\/13\/por-que-ha-fallado-la-ayuda-humanitaria-a-10-anos-del-terremoto-en-haiti\/\" \/>\n<meta property=\"og:site_name\" content=\"ElCanillita.Info\" \/>\n<meta property=\"article:publisher\" content=\"https:\/\/ar-ar.facebook.com\/ElCanillitainfo-114249515285712\/\" \/>\n<meta property=\"article:published_time\" content=\"2020-01-13T10:10:53+00:00\" \/>\n<meta property=\"article:modified_time\" content=\"2021-09-10T13:01:26+00:00\" \/>\n<meta name=\"author\" content=\"SalaStampa.eu, world press service\" \/>\n<meta name=\"twitter:card\" content=\"summary_large_image\" \/>\n<meta name=\"twitter:label1\" content=\"Escrito por\" \/>\n\t<meta name=\"twitter:data1\" content=\"SalaStampa.eu, world press service\" \/>\n\t<meta name=\"twitter:label2\" content=\"Tiempo de lectura\" \/>\n\t<meta name=\"twitter:data2\" content=\"3 minutos\" \/>\n<script type=\"application\/ld+json\" class=\"yoast-schema-graph\">{\"@context\":\"https:\\\/\\\/schema.org\",\"@graph\":[{\"@type\":\"Article\",\"@id\":\"https:\\\/\\\/elcanillita.info\\\/press\\\/2020\\\/01\\\/13\\\/por-que-ha-fallado-la-ayuda-humanitaria-a-10-anos-del-terremoto-en-haiti\\\/#article\",\"isPartOf\":{\"@id\":\"https:\\\/\\\/elcanillita.info\\\/press\\\/2020\\\/01\\\/13\\\/por-que-ha-fallado-la-ayuda-humanitaria-a-10-anos-del-terremoto-en-haiti\\\/\"},\"author\":{\"name\":\"SalaStampa.eu, world press service\",\"@id\":\"https:\\\/\\\/elcanillita.info\\\/press\\\/#\\\/schema\\\/person\\\/7fcb79f38045700919f7da6d97e71ba0\"},\"headline\":\"\u00bfPor qu\u00e9 ha fallado la ayuda humanitaria a 10 a\u00f1os del terremoto en Hait\u00ed?\",\"datePublished\":\"2020-01-13T10:10:53+00:00\",\"dateModified\":\"2021-09-10T13:01:26+00:00\",\"mainEntityOfPage\":{\"@id\":\"https:\\\/\\\/elcanillita.info\\\/press\\\/2020\\\/01\\\/13\\\/por-que-ha-fallado-la-ayuda-humanitaria-a-10-anos-del-terremoto-en-haiti\\\/\"},\"wordCount\":613,\"publisher\":{\"@id\":\"https:\\\/\\\/elcanillita.info\\\/press\\\/#organization\"},\"keywords\":[\"Hait\u00ed\"],\"articleSection\":[\"Am\u00e9rica Central\",\"Economia\",\"Sociedad\"],\"inLanguage\":\"es-AR\"},{\"@type\":\"WebPage\",\"@id\":\"https:\\\/\\\/elcanillita.info\\\/press\\\/2020\\\/01\\\/13\\\/por-que-ha-fallado-la-ayuda-humanitaria-a-10-anos-del-terremoto-en-haiti\\\/\",\"url\":\"https:\\\/\\\/elcanillita.info\\\/press\\\/2020\\\/01\\\/13\\\/por-que-ha-fallado-la-ayuda-humanitaria-a-10-anos-del-terremoto-en-haiti\\\/\",\"name\":\"\u00bfPor qu\u00e9 ha fallado la ayuda humanitaria a 10 a\u00f1os del terremoto en Hait\u00ed? - ElCanillita.Info\",\"isPartOf\":{\"@id\":\"https:\\\/\\\/elcanillita.info\\\/press\\\/#website\"},\"datePublished\":\"2020-01-13T10:10:53+00:00\",\"dateModified\":\"2021-09-10T13:01:26+00:00\",\"inLanguage\":\"es-AR\",\"potentialAction\":[{\"@type\":\"ReadAction\",\"target\":[\"https:\\\/\\\/elcanillita.info\\\/press\\\/2020\\\/01\\\/13\\\/por-que-ha-fallado-la-ayuda-humanitaria-a-10-anos-del-terremoto-en-haiti\\\/\"]}]},{\"@type\":\"WebSite\",\"@id\":\"https:\\\/\\\/elcanillita.info\\\/press\\\/#website\",\"url\":\"https:\\\/\\\/elcanillita.info\\\/press\\\/\",\"name\":\"ElCanillita.Info\",\"description\":\"desde los Apeninos a los Andes\",\"publisher\":{\"@id\":\"https:\\\/\\\/elcanillita.info\\\/press\\\/#organization\"},\"potentialAction\":[{\"@type\":\"SearchAction\",\"target\":{\"@type\":\"EntryPoint\",\"urlTemplate\":\"https:\\\/\\\/elcanillita.info\\\/press\\\/?s={search_term_string}\"},\"query-input\":{\"@type\":\"PropertyValueSpecification\",\"valueRequired\":true,\"valueName\":\"search_term_string\"}}],\"inLanguage\":\"es-AR\"},{\"@type\":\"Organization\",\"@id\":\"https:\\\/\\\/elcanillita.info\\\/press\\\/#organization\",\"name\":\"Guzzo Photos & Graphic Publications\",\"url\":\"https:\\\/\\\/elcanillita.info\\\/press\\\/\",\"logo\":{\"@type\":\"ImageObject\",\"inLanguage\":\"es-AR\",\"@id\":\"https:\\\/\\\/elcanillita.info\\\/press\\\/#\\\/schema\\\/logo\\\/image\\\/\",\"url\":\"https:\\\/\\\/elcanillita.info\\\/press\\\/images\\\/2020\\\/01\\\/cropped-cropped-cropped-elcanillitainfo.png\",\"contentUrl\":\"https:\\\/\\\/elcanillita.info\\\/press\\\/images\\\/2020\\\/01\\\/cropped-cropped-cropped-elcanillitainfo.png\",\"width\":460,\"height\":50,\"caption\":\"Guzzo Photos & Graphic Publications\"},\"image\":{\"@id\":\"https:\\\/\\\/elcanillita.info\\\/press\\\/#\\\/schema\\\/logo\\\/image\\\/\"},\"sameAs\":[\"https:\\\/\\\/ar-ar.facebook.com\\\/ElCanillitainfo-114249515285712\\\/\"]},{\"@type\":\"Person\",\"@id\":\"https:\\\/\\\/elcanillita.info\\\/press\\\/#\\\/schema\\\/person\\\/7fcb79f38045700919f7da6d97e71ba0\",\"name\":\"SalaStampa.eu, world press service\",\"image\":{\"@type\":\"ImageObject\",\"inLanguage\":\"es-AR\",\"@id\":\"https:\\\/\\\/secure.gravatar.com\\\/avatar\\\/c2f0e0d515a107624234994507816ca4724c7199cef73fc8bedebf6931d73888?s=96&d=mm&r=g\",\"url\":\"https:\\\/\\\/secure.gravatar.com\\\/avatar\\\/c2f0e0d515a107624234994507816ca4724c7199cef73fc8bedebf6931d73888?s=96&d=mm&r=g\",\"contentUrl\":\"https:\\\/\\\/secure.gravatar.com\\\/avatar\\\/c2f0e0d515a107624234994507816ca4724c7199cef73fc8bedebf6931d73888?s=96&d=mm&r=g\",\"caption\":\"SalaStampa.eu, world press service\"}}]}<\/script>\n<!-- \/ Yoast SEO plugin. -->","yoast_head_json":{"title":"\u00bfPor qu\u00e9 ha fallado la ayuda humanitaria a 10 a\u00f1os del terremoto en Hait\u00ed? - ElCanillita.Info","robots":{"index":"index","follow":"follow","max-snippet":"max-snippet:-1","max-image-preview":"max-image-preview:large","max-video-preview":"max-video-preview:-1"},"canonical":"https:\/\/elcanillita.info\/press\/2020\/01\/13\/por-que-ha-fallado-la-ayuda-humanitaria-a-10-anos-del-terremoto-en-haiti\/","og_locale":"es_ES","og_type":"article","og_title":"\u00bfPor qu\u00e9 ha fallado la ayuda humanitaria a 10 a\u00f1os del terremoto en Hait\u00ed? - ElCanillita.Info","og_description":"Haiti, 12.01.2020 - El sistema de ayuda internacional est\u00e1 profundamente viciado y necesita una reforma, dijo el s\u00e1bado el presidente haitiano Jovenel Moise, casi 10 a\u00f1os despu\u00e9s de que la empobrecida naci\u00f3n isle\u00f1a del Caribe fuera golpeada por uno de los terremotos m\u00e1s letales en historia.","og_url":"https:\/\/elcanillita.info\/press\/2020\/01\/13\/por-que-ha-fallado-la-ayuda-humanitaria-a-10-anos-del-terremoto-en-haiti\/","og_site_name":"ElCanillita.Info","article_publisher":"https:\/\/ar-ar.facebook.com\/ElCanillitainfo-114249515285712\/","article_published_time":"2020-01-13T10:10:53+00:00","article_modified_time":"2021-09-10T13:01:26+00:00","author":"SalaStampa.eu, world press service","twitter_card":"summary_large_image","twitter_misc":{"Escrito por":"SalaStampa.eu, world press service","Tiempo de lectura":"3 minutos"},"schema":{"@context":"https:\/\/schema.org","@graph":[{"@type":"Article","@id":"https:\/\/elcanillita.info\/press\/2020\/01\/13\/por-que-ha-fallado-la-ayuda-humanitaria-a-10-anos-del-terremoto-en-haiti\/#article","isPartOf":{"@id":"https:\/\/elcanillita.info\/press\/2020\/01\/13\/por-que-ha-fallado-la-ayuda-humanitaria-a-10-anos-del-terremoto-en-haiti\/"},"author":{"name":"SalaStampa.eu, world press service","@id":"https:\/\/elcanillita.info\/press\/#\/schema\/person\/7fcb79f38045700919f7da6d97e71ba0"},"headline":"\u00bfPor qu\u00e9 ha fallado la ayuda humanitaria a 10 a\u00f1os del terremoto en Hait\u00ed?","datePublished":"2020-01-13T10:10:53+00:00","dateModified":"2021-09-10T13:01:26+00:00","mainEntityOfPage":{"@id":"https:\/\/elcanillita.info\/press\/2020\/01\/13\/por-que-ha-fallado-la-ayuda-humanitaria-a-10-anos-del-terremoto-en-haiti\/"},"wordCount":613,"publisher":{"@id":"https:\/\/elcanillita.info\/press\/#organization"},"keywords":["Hait\u00ed"],"articleSection":["Am\u00e9rica Central","Economia","Sociedad"],"inLanguage":"es-AR"},{"@type":"WebPage","@id":"https:\/\/elcanillita.info\/press\/2020\/01\/13\/por-que-ha-fallado-la-ayuda-humanitaria-a-10-anos-del-terremoto-en-haiti\/","url":"https:\/\/elcanillita.info\/press\/2020\/01\/13\/por-que-ha-fallado-la-ayuda-humanitaria-a-10-anos-del-terremoto-en-haiti\/","name":"\u00bfPor qu\u00e9 ha fallado la ayuda humanitaria a 10 a\u00f1os del terremoto en Hait\u00ed? - ElCanillita.Info","isPartOf":{"@id":"https:\/\/elcanillita.info\/press\/#website"},"datePublished":"2020-01-13T10:10:53+00:00","dateModified":"2021-09-10T13:01:26+00:00","inLanguage":"es-AR","potentialAction":[{"@type":"ReadAction","target":["https:\/\/elcanillita.info\/press\/2020\/01\/13\/por-que-ha-fallado-la-ayuda-humanitaria-a-10-anos-del-terremoto-en-haiti\/"]}]},{"@type":"WebSite","@id":"https:\/\/elcanillita.info\/press\/#website","url":"https:\/\/elcanillita.info\/press\/","name":"ElCanillita.Info","description":"desde los Apeninos a los Andes","publisher":{"@id":"https:\/\/elcanillita.info\/press\/#organization"},"potentialAction":[{"@type":"SearchAction","target":{"@type":"EntryPoint","urlTemplate":"https:\/\/elcanillita.info\/press\/?s={search_term_string}"},"query-input":{"@type":"PropertyValueSpecification","valueRequired":true,"valueName":"search_term_string"}}],"inLanguage":"es-AR"},{"@type":"Organization","@id":"https:\/\/elcanillita.info\/press\/#organization","name":"Guzzo Photos & Graphic Publications","url":"https:\/\/elcanillita.info\/press\/","logo":{"@type":"ImageObject","inLanguage":"es-AR","@id":"https:\/\/elcanillita.info\/press\/#\/schema\/logo\/image\/","url":"https:\/\/elcanillita.info\/press\/images\/2020\/01\/cropped-cropped-cropped-elcanillitainfo.png","contentUrl":"https:\/\/elcanillita.info\/press\/images\/2020\/01\/cropped-cropped-cropped-elcanillitainfo.png","width":460,"height":50,"caption":"Guzzo Photos & Graphic Publications"},"image":{"@id":"https:\/\/elcanillita.info\/press\/#\/schema\/logo\/image\/"},"sameAs":["https:\/\/ar-ar.facebook.com\/ElCanillitainfo-114249515285712\/"]},{"@type":"Person","@id":"https:\/\/elcanillita.info\/press\/#\/schema\/person\/7fcb79f38045700919f7da6d97e71ba0","name":"SalaStampa.eu, world press service","image":{"@type":"ImageObject","inLanguage":"es-AR","@id":"https:\/\/secure.gravatar.com\/avatar\/c2f0e0d515a107624234994507816ca4724c7199cef73fc8bedebf6931d73888?s=96&d=mm&r=g","url":"https:\/\/secure.gravatar.com\/avatar\/c2f0e0d515a107624234994507816ca4724c7199cef73fc8bedebf6931d73888?s=96&d=mm&r=g","contentUrl":"https:\/\/secure.gravatar.com\/avatar\/c2f0e0d515a107624234994507816ca4724c7199cef73fc8bedebf6931d73888?s=96&d=mm&r=g","caption":"SalaStampa.eu, world press service"}}]}},"views":763,"_links":{"self":[{"href":"https:\/\/elcanillita.info\/press\/wp-json\/wp\/v2\/posts\/79","targetHints":{"allow":["GET"]}}],"collection":[{"href":"https:\/\/elcanillita.info\/press\/wp-json\/wp\/v2\/posts"}],"about":[{"href":"https:\/\/elcanillita.info\/press\/wp-json\/wp\/v2\/types\/post"}],"author":[{"embeddable":true,"href":"https:\/\/elcanillita.info\/press\/wp-json\/wp\/v2\/users\/1"}],"replies":[{"embeddable":true,"href":"https:\/\/elcanillita.info\/press\/wp-json\/wp\/v2\/comments?post=79"}],"version-history":[{"count":0,"href":"https:\/\/elcanillita.info\/press\/wp-json\/wp\/v2\/posts\/79\/revisions"}],"wp:attachment":[{"href":"https:\/\/elcanillita.info\/press\/wp-json\/wp\/v2\/media?parent=79"}],"wp:term":[{"taxonomy":"category","embeddable":true,"href":"https:\/\/elcanillita.info\/press\/wp-json\/wp\/v2\/categories?post=79"},{"taxonomy":"post_tag","embeddable":true,"href":"https:\/\/elcanillita.info\/press\/wp-json\/wp\/v2\/tags?post=79"}],"curies":[{"name":"wp","href":"https:\/\/api.w.org\/{rel}","templated":true}]}}