{"id":789,"date":"2020-06-22T13:52:53","date_gmt":"2020-06-22T16:52:53","guid":{"rendered":"https:\/\/elcanillita.info\/press\/?p=789"},"modified":"2020-06-27T16:49:56","modified_gmt":"2020-06-27T19:49:56","slug":"liberacion-temprana-delincuentes","status":"publish","type":"post","link":"https:\/\/elcanillita.info\/press\/2020\/06\/22\/liberacion-temprana-delincuentes\/","title":{"rendered":"Interrogantes sobre la liberaci\u00f3n temprana de los delincuentes"},"content":{"rendered":"\n<p><img decoding=\"async\" src=\"https:\/\/elcanillita.info\/press\/images\/2020\/06\/terrorista2.jpg\"><br><br>Londres, 22.06.2020 &#8211; Nuevas preguntas sobre la liberaci\u00f3n temprana de los delincuentes despu\u00e9s del ataque terrorista con apu\u00f1alamiento en Reading.<br><br>El Gobierno est\u00e1 suprimiendo el derecho a la libertad anticipada para los terroristas y los delincuentes violentos, pero podr\u00eda ampliarse ahora a otros delitos.<\/p>\n\n\n\n<p>Es probable que la pronta liberaci\u00f3n del sospechoso del apu\u00f1alamiento terrorista de Reading, suscite preocupaci\u00f3n, por el hecho de que se siga utilizando la liberaci\u00f3n autom\u00e1tica con licencia en el punto medio de las sentencias.<\/p>\n\n\n\n<p>Khairi Saadallah, de 25 a\u00f1os, hab\u00eda sido encarcelado en octubre del a\u00f1o pasado por delitos menores no relacionados con el terrorismo, por lo que se entiende que habr\u00eda cumplido antes de ser puesto en libertad a principios de este mes.<\/p>\n\n\n\n<p>El Gobierno ya ha tomado medidas para poner fin a la libertad anticipada por delitos m\u00e1s graves, incluido el terrorismo, pero la gran mayor\u00eda de las sentencias siguen rigi\u00e9ndose por las normas introducidas por el Partido Laborista en 2004 para la liberaci\u00f3n autom\u00e1tica a mitad de camino.<\/p>\n\n\n\n<p>Esto podr\u00eda llevar a la resurrecci\u00f3n de las propuestas del manifiesto de 2010 de los conservadores para una sentencia &#8220;honesta&#8221;.  <\/p>\n\n\n\n<p>Significa que los delincuentes podr\u00edan recibir penas m\u00ednimas y m\u00e1ximas, y el momento de la liberaci\u00f3n depender\u00eda de su buen comportamiento. <\/p>\n\n\n\n<p>En tal modo se eliminar\u00eda la liberaci\u00f3n &#8220;autom\u00e1tica&#8221; bajo licencia, que se introdujo como una forma de reintegrar a los delincuentes en la comunidad, porque sab\u00edan que volver\u00edan a la c\u00e1rcel si la infring\u00edan.<\/p>\n\n\n\n<p>Se ajustaran asi las leyes introducidas este a\u00f1o, para poner fin a la puesta en libertad anticipada autom\u00e1tica de los delincuentes terroristas y exigirles que cumplan dos tercios de su condena, antes de que una junta de libertad condicional decida si pueden ser puestos en libertad en la comunidad.<\/p>\n\n\n\n<p>Se han introducido cambios similares para los delincuentes violentos y sexuales encarcelados durante siete a\u00f1os o m\u00e1s. Se espera que esto se extienda a los delincuentes condenados a cuatro a\u00f1os o m\u00e1s, en un Libro Blanco que se publicar\u00e1 m\u00e1s adelante este a\u00f1o, lo que podr\u00eda servir de veh\u00edculo para una revisi\u00f3n m\u00e1s amplia.<\/p>\n\n\n\n<p>Priti Patel, el Ministro del Interior, tambi\u00e9n planea tomar medidas en\u00e9rgicas contra los falsos solicitantes de asilo y acelerar la deportaci\u00f3n de los delincuentes extranjeros. <\/p>\n\n\n\n<p>Ella visitar\u00e1 el lugar del ataque hoy con el Jefe de Polic\u00eda del Valle del T\u00e1mesis, John Campbell.<\/p>\n\n\n\n<p>El plan de asilo de cuatro puntos acelerar\u00e1 las expulsiones de criminales extranjeros, asegurar\u00e1 que s\u00f3lo los inmigrantes autorizados puedan acceder a los servicios, &#8220;desestimar\u00e1 r\u00e1pidamente&#8221; las falsas solicitudes y tomar\u00e1 medidas en\u00e9rgicas contra las falsas solicitudes de ciudadan\u00eda.<\/p>\n\n\n\n<p>Hay pruebas de que el n\u00famero de delincuentes graves deportados del Reino Unido ha disminuido en un 40% en los \u00faltimos cuatro a\u00f1os, de 5.218 en 2015 a 3.225 el a\u00f1o pasado.<br><br><small>Fuente: BG\/ PanPressEu  &#8211; ElCanillita.Info &#8211;  Informaci\u00f3n de dominio p\u00fablico<\/small><\/p>\n\n\n\n<p><\/p>\n","protected":false},"excerpt":{"rendered":"<p>Londres, 22.06.2020<br \/>\nEl Gobierno est\u00e1 suprimiendo el derecho a la libertad anticipada para los terroristas y los delincuentes violentos, pero podr\u00eda ampliarse ahora a otros delitos.<\/p>\n","protected":false},"author":1,"featured_media":0,"comment_status":"closed","ping_status":"closed","sticky":false,"template":"","format":"standard","meta":{"footnotes":"","_links_to":"","_links_to_target":""},"categories":[70,5,22,25],"tags":[58],"class_list":["post-789","post","type-post","status-publish","format-standard","hentry","category-actualidad","category-europa","category-justicia","category-sociedad","tag-reino-unido","entry","double"],"yoast_head":"<!-- This site is optimized with the Yoast SEO plugin v27.5 - https:\/\/yoast.com\/product\/yoast-seo-wordpress\/ -->\n<title>Interrogantes sobre la liberaci\u00f3n temprana de los delincuentes - ElCanillita.Info<\/title>\n<meta name=\"robots\" content=\"index, follow, max-snippet:-1, max-image-preview:large, max-video-preview:-1\" \/>\n<link rel=\"canonical\" href=\"https:\/\/elcanillita.info\/press\/2020\/06\/22\/liberacion-temprana-delincuentes\/\" \/>\n<meta property=\"og:locale\" content=\"es_ES\" \/>\n<meta property=\"og:type\" content=\"article\" \/>\n<meta property=\"og:title\" content=\"Interrogantes sobre la liberaci\u00f3n temprana de los delincuentes - ElCanillita.Info\" \/>\n<meta property=\"og:description\" content=\"Londres, 22.06.2020  El Gobierno est\u00e1 suprimiendo el derecho a la libertad anticipada para los terroristas y los delincuentes violentos, pero podr\u00eda ampliarse ahora a otros delitos.\" \/>\n<meta property=\"og:url\" content=\"https:\/\/elcanillita.info\/press\/2020\/06\/22\/liberacion-temprana-delincuentes\/\" \/>\n<meta property=\"og:site_name\" content=\"ElCanillita.Info\" \/>\n<meta property=\"article:publisher\" content=\"https:\/\/ar-ar.facebook.com\/ElCanillitainfo-114249515285712\/\" \/>\n<meta property=\"article:published_time\" content=\"2020-06-22T16:52:53+00:00\" \/>\n<meta property=\"article:modified_time\" content=\"2020-06-27T19:49:56+00:00\" \/>\n<meta property=\"og:image\" content=\"https:\/\/elcanillita.info\/press\/images\/2020\/06\/terrorista2.jpg\" \/>\n<meta name=\"author\" content=\"SalaStampa.eu, world press service\" \/>\n<meta name=\"twitter:card\" content=\"summary_large_image\" \/>\n<meta name=\"twitter:label1\" content=\"Escrito por\" \/>\n\t<meta name=\"twitter:data1\" content=\"SalaStampa.eu, world press service\" \/>\n\t<meta name=\"twitter:label2\" content=\"Tiempo de lectura\" \/>\n\t<meta name=\"twitter:data2\" content=\"3 minutos\" \/>\n<script type=\"application\/ld+json\" class=\"yoast-schema-graph\">{\"@context\":\"https:\\\/\\\/schema.org\",\"@graph\":[{\"@type\":\"Article\",\"@id\":\"https:\\\/\\\/elcanillita.info\\\/press\\\/2020\\\/06\\\/22\\\/liberacion-temprana-delincuentes\\\/#article\",\"isPartOf\":{\"@id\":\"https:\\\/\\\/elcanillita.info\\\/press\\\/2020\\\/06\\\/22\\\/liberacion-temprana-delincuentes\\\/\"},\"author\":{\"name\":\"SalaStampa.eu, world press service\",\"@id\":\"https:\\\/\\\/elcanillita.info\\\/press\\\/#\\\/schema\\\/person\\\/7fcb79f38045700919f7da6d97e71ba0\"},\"headline\":\"Interrogantes sobre la liberaci\u00f3n temprana de los delincuentes\",\"datePublished\":\"2020-06-22T16:52:53+00:00\",\"dateModified\":\"2020-06-27T19:49:56+00:00\",\"mainEntityOfPage\":{\"@id\":\"https:\\\/\\\/elcanillita.info\\\/press\\\/2020\\\/06\\\/22\\\/liberacion-temprana-delincuentes\\\/\"},\"wordCount\":528,\"publisher\":{\"@id\":\"https:\\\/\\\/elcanillita.info\\\/press\\\/#organization\"},\"image\":{\"@id\":\"https:\\\/\\\/elcanillita.info\\\/press\\\/2020\\\/06\\\/22\\\/liberacion-temprana-delincuentes\\\/#primaryimage\"},\"thumbnailUrl\":\"https:\\\/\\\/elcanillita.info\\\/press\\\/images\\\/2020\\\/06\\\/terrorista2.jpg\",\"keywords\":[\"Reino Unido\"],\"articleSection\":[\"Actualidad\",\"Europa\",\"Justicia\",\"Sociedad\"],\"inLanguage\":\"es-AR\"},{\"@type\":\"WebPage\",\"@id\":\"https:\\\/\\\/elcanillita.info\\\/press\\\/2020\\\/06\\\/22\\\/liberacion-temprana-delincuentes\\\/\",\"url\":\"https:\\\/\\\/elcanillita.info\\\/press\\\/2020\\\/06\\\/22\\\/liberacion-temprana-delincuentes\\\/\",\"name\":\"Interrogantes sobre la liberaci\u00f3n temprana de los delincuentes - ElCanillita.Info\",\"isPartOf\":{\"@id\":\"https:\\\/\\\/elcanillita.info\\\/press\\\/#website\"},\"primaryImageOfPage\":{\"@id\":\"https:\\\/\\\/elcanillita.info\\\/press\\\/2020\\\/06\\\/22\\\/liberacion-temprana-delincuentes\\\/#primaryimage\"},\"image\":{\"@id\":\"https:\\\/\\\/elcanillita.info\\\/press\\\/2020\\\/06\\\/22\\\/liberacion-temprana-delincuentes\\\/#primaryimage\"},\"thumbnailUrl\":\"https:\\\/\\\/elcanillita.info\\\/press\\\/images\\\/2020\\\/06\\\/terrorista2.jpg\",\"datePublished\":\"2020-06-22T16:52:53+00:00\",\"dateModified\":\"2020-06-27T19:49:56+00:00\",\"inLanguage\":\"es-AR\",\"potentialAction\":[{\"@type\":\"ReadAction\",\"target\":[\"https:\\\/\\\/elcanillita.info\\\/press\\\/2020\\\/06\\\/22\\\/liberacion-temprana-delincuentes\\\/\"]}]},{\"@type\":\"ImageObject\",\"inLanguage\":\"es-AR\",\"@id\":\"https:\\\/\\\/elcanillita.info\\\/press\\\/2020\\\/06\\\/22\\\/liberacion-temprana-delincuentes\\\/#primaryimage\",\"url\":\"https:\\\/\\\/elcanillita.info\\\/press\\\/images\\\/2020\\\/06\\\/terrorista2.jpg\",\"contentUrl\":\"https:\\\/\\\/elcanillita.info\\\/press\\\/images\\\/2020\\\/06\\\/terrorista2.jpg\"},{\"@type\":\"WebSite\",\"@id\":\"https:\\\/\\\/elcanillita.info\\\/press\\\/#website\",\"url\":\"https:\\\/\\\/elcanillita.info\\\/press\\\/\",\"name\":\"ElCanillita.Info\",\"description\":\"desde los Apeninos a los Andes\",\"publisher\":{\"@id\":\"https:\\\/\\\/elcanillita.info\\\/press\\\/#organization\"},\"potentialAction\":[{\"@type\":\"SearchAction\",\"target\":{\"@type\":\"EntryPoint\",\"urlTemplate\":\"https:\\\/\\\/elcanillita.info\\\/press\\\/?s={search_term_string}\"},\"query-input\":{\"@type\":\"PropertyValueSpecification\",\"valueRequired\":true,\"valueName\":\"search_term_string\"}}],\"inLanguage\":\"es-AR\"},{\"@type\":\"Organization\",\"@id\":\"https:\\\/\\\/elcanillita.info\\\/press\\\/#organization\",\"name\":\"Guzzo Photos & Graphic Publications\",\"url\":\"https:\\\/\\\/elcanillita.info\\\/press\\\/\",\"logo\":{\"@type\":\"ImageObject\",\"inLanguage\":\"es-AR\",\"@id\":\"https:\\\/\\\/elcanillita.info\\\/press\\\/#\\\/schema\\\/logo\\\/image\\\/\",\"url\":\"https:\\\/\\\/elcanillita.info\\\/press\\\/images\\\/2020\\\/01\\\/cropped-cropped-cropped-elcanillitainfo.png\",\"contentUrl\":\"https:\\\/\\\/elcanillita.info\\\/press\\\/images\\\/2020\\\/01\\\/cropped-cropped-cropped-elcanillitainfo.png\",\"width\":460,\"height\":50,\"caption\":\"Guzzo Photos & Graphic Publications\"},\"image\":{\"@id\":\"https:\\\/\\\/elcanillita.info\\\/press\\\/#\\\/schema\\\/logo\\\/image\\\/\"},\"sameAs\":[\"https:\\\/\\\/ar-ar.facebook.com\\\/ElCanillitainfo-114249515285712\\\/\"]},{\"@type\":\"Person\",\"@id\":\"https:\\\/\\\/elcanillita.info\\\/press\\\/#\\\/schema\\\/person\\\/7fcb79f38045700919f7da6d97e71ba0\",\"name\":\"SalaStampa.eu, world press service\",\"image\":{\"@type\":\"ImageObject\",\"inLanguage\":\"es-AR\",\"@id\":\"https:\\\/\\\/secure.gravatar.com\\\/avatar\\\/c2f0e0d515a107624234994507816ca4724c7199cef73fc8bedebf6931d73888?s=96&d=mm&r=g\",\"url\":\"https:\\\/\\\/secure.gravatar.com\\\/avatar\\\/c2f0e0d515a107624234994507816ca4724c7199cef73fc8bedebf6931d73888?s=96&d=mm&r=g\",\"contentUrl\":\"https:\\\/\\\/secure.gravatar.com\\\/avatar\\\/c2f0e0d515a107624234994507816ca4724c7199cef73fc8bedebf6931d73888?s=96&d=mm&r=g\",\"caption\":\"SalaStampa.eu, world press service\"}}]}<\/script>\n<!-- \/ Yoast SEO plugin. -->","yoast_head_json":{"title":"Interrogantes sobre la liberaci\u00f3n temprana de los delincuentes - ElCanillita.Info","robots":{"index":"index","follow":"follow","max-snippet":"max-snippet:-1","max-image-preview":"max-image-preview:large","max-video-preview":"max-video-preview:-1"},"canonical":"https:\/\/elcanillita.info\/press\/2020\/06\/22\/liberacion-temprana-delincuentes\/","og_locale":"es_ES","og_type":"article","og_title":"Interrogantes sobre la liberaci\u00f3n temprana de los delincuentes - ElCanillita.Info","og_description":"Londres, 22.06.2020  El Gobierno est\u00e1 suprimiendo el derecho a la libertad anticipada para los terroristas y los delincuentes violentos, pero podr\u00eda ampliarse ahora a otros delitos.","og_url":"https:\/\/elcanillita.info\/press\/2020\/06\/22\/liberacion-temprana-delincuentes\/","og_site_name":"ElCanillita.Info","article_publisher":"https:\/\/ar-ar.facebook.com\/ElCanillitainfo-114249515285712\/","article_published_time":"2020-06-22T16:52:53+00:00","article_modified_time":"2020-06-27T19:49:56+00:00","og_image":[{"url":"https:\/\/elcanillita.info\/press\/images\/2020\/06\/terrorista2.jpg","type":"","width":"","height":""}],"author":"SalaStampa.eu, world press service","twitter_card":"summary_large_image","twitter_misc":{"Escrito por":"SalaStampa.eu, world press service","Tiempo de lectura":"3 minutos"},"schema":{"@context":"https:\/\/schema.org","@graph":[{"@type":"Article","@id":"https:\/\/elcanillita.info\/press\/2020\/06\/22\/liberacion-temprana-delincuentes\/#article","isPartOf":{"@id":"https:\/\/elcanillita.info\/press\/2020\/06\/22\/liberacion-temprana-delincuentes\/"},"author":{"name":"SalaStampa.eu, world press service","@id":"https:\/\/elcanillita.info\/press\/#\/schema\/person\/7fcb79f38045700919f7da6d97e71ba0"},"headline":"Interrogantes sobre la liberaci\u00f3n temprana de los delincuentes","datePublished":"2020-06-22T16:52:53+00:00","dateModified":"2020-06-27T19:49:56+00:00","mainEntityOfPage":{"@id":"https:\/\/elcanillita.info\/press\/2020\/06\/22\/liberacion-temprana-delincuentes\/"},"wordCount":528,"publisher":{"@id":"https:\/\/elcanillita.info\/press\/#organization"},"image":{"@id":"https:\/\/elcanillita.info\/press\/2020\/06\/22\/liberacion-temprana-delincuentes\/#primaryimage"},"thumbnailUrl":"https:\/\/elcanillita.info\/press\/images\/2020\/06\/terrorista2.jpg","keywords":["Reino Unido"],"articleSection":["Actualidad","Europa","Justicia","Sociedad"],"inLanguage":"es-AR"},{"@type":"WebPage","@id":"https:\/\/elcanillita.info\/press\/2020\/06\/22\/liberacion-temprana-delincuentes\/","url":"https:\/\/elcanillita.info\/press\/2020\/06\/22\/liberacion-temprana-delincuentes\/","name":"Interrogantes sobre la liberaci\u00f3n temprana de los delincuentes - ElCanillita.Info","isPartOf":{"@id":"https:\/\/elcanillita.info\/press\/#website"},"primaryImageOfPage":{"@id":"https:\/\/elcanillita.info\/press\/2020\/06\/22\/liberacion-temprana-delincuentes\/#primaryimage"},"image":{"@id":"https:\/\/elcanillita.info\/press\/2020\/06\/22\/liberacion-temprana-delincuentes\/#primaryimage"},"thumbnailUrl":"https:\/\/elcanillita.info\/press\/images\/2020\/06\/terrorista2.jpg","datePublished":"2020-06-22T16:52:53+00:00","dateModified":"2020-06-27T19:49:56+00:00","inLanguage":"es-AR","potentialAction":[{"@type":"ReadAction","target":["https:\/\/elcanillita.info\/press\/2020\/06\/22\/liberacion-temprana-delincuentes\/"]}]},{"@type":"ImageObject","inLanguage":"es-AR","@id":"https:\/\/elcanillita.info\/press\/2020\/06\/22\/liberacion-temprana-delincuentes\/#primaryimage","url":"https:\/\/elcanillita.info\/press\/images\/2020\/06\/terrorista2.jpg","contentUrl":"https:\/\/elcanillita.info\/press\/images\/2020\/06\/terrorista2.jpg"},{"@type":"WebSite","@id":"https:\/\/elcanillita.info\/press\/#website","url":"https:\/\/elcanillita.info\/press\/","name":"ElCanillita.Info","description":"desde los Apeninos a los Andes","publisher":{"@id":"https:\/\/elcanillita.info\/press\/#organization"},"potentialAction":[{"@type":"SearchAction","target":{"@type":"EntryPoint","urlTemplate":"https:\/\/elcanillita.info\/press\/?s={search_term_string}"},"query-input":{"@type":"PropertyValueSpecification","valueRequired":true,"valueName":"search_term_string"}}],"inLanguage":"es-AR"},{"@type":"Organization","@id":"https:\/\/elcanillita.info\/press\/#organization","name":"Guzzo Photos & Graphic Publications","url":"https:\/\/elcanillita.info\/press\/","logo":{"@type":"ImageObject","inLanguage":"es-AR","@id":"https:\/\/elcanillita.info\/press\/#\/schema\/logo\/image\/","url":"https:\/\/elcanillita.info\/press\/images\/2020\/01\/cropped-cropped-cropped-elcanillitainfo.png","contentUrl":"https:\/\/elcanillita.info\/press\/images\/2020\/01\/cropped-cropped-cropped-elcanillitainfo.png","width":460,"height":50,"caption":"Guzzo Photos & Graphic Publications"},"image":{"@id":"https:\/\/elcanillita.info\/press\/#\/schema\/logo\/image\/"},"sameAs":["https:\/\/ar-ar.facebook.com\/ElCanillitainfo-114249515285712\/"]},{"@type":"Person","@id":"https:\/\/elcanillita.info\/press\/#\/schema\/person\/7fcb79f38045700919f7da6d97e71ba0","name":"SalaStampa.eu, world press service","image":{"@type":"ImageObject","inLanguage":"es-AR","@id":"https:\/\/secure.gravatar.com\/avatar\/c2f0e0d515a107624234994507816ca4724c7199cef73fc8bedebf6931d73888?s=96&d=mm&r=g","url":"https:\/\/secure.gravatar.com\/avatar\/c2f0e0d515a107624234994507816ca4724c7199cef73fc8bedebf6931d73888?s=96&d=mm&r=g","contentUrl":"https:\/\/secure.gravatar.com\/avatar\/c2f0e0d515a107624234994507816ca4724c7199cef73fc8bedebf6931d73888?s=96&d=mm&r=g","caption":"SalaStampa.eu, world press service"}}]}},"views":675,"_links":{"self":[{"href":"https:\/\/elcanillita.info\/press\/wp-json\/wp\/v2\/posts\/789","targetHints":{"allow":["GET"]}}],"collection":[{"href":"https:\/\/elcanillita.info\/press\/wp-json\/wp\/v2\/posts"}],"about":[{"href":"https:\/\/elcanillita.info\/press\/wp-json\/wp\/v2\/types\/post"}],"author":[{"embeddable":true,"href":"https:\/\/elcanillita.info\/press\/wp-json\/wp\/v2\/users\/1"}],"replies":[{"embeddable":true,"href":"https:\/\/elcanillita.info\/press\/wp-json\/wp\/v2\/comments?post=789"}],"version-history":[{"count":0,"href":"https:\/\/elcanillita.info\/press\/wp-json\/wp\/v2\/posts\/789\/revisions"}],"wp:attachment":[{"href":"https:\/\/elcanillita.info\/press\/wp-json\/wp\/v2\/media?parent=789"}],"wp:term":[{"taxonomy":"category","embeddable":true,"href":"https:\/\/elcanillita.info\/press\/wp-json\/wp\/v2\/categories?post=789"},{"taxonomy":"post_tag","embeddable":true,"href":"https:\/\/elcanillita.info\/press\/wp-json\/wp\/v2\/tags?post=789"}],"curies":[{"name":"wp","href":"https:\/\/api.w.org\/{rel}","templated":true}]}}