{"id":781,"date":"2020-06-21T12:02:17","date_gmt":"2020-06-21T15:02:17","guid":{"rendered":"https:\/\/elcanillita.info\/press\/?p=781"},"modified":"2020-06-21T19:08:02","modified_gmt":"2020-06-21T22:08:02","slug":"horror-parque-londres","status":"publish","type":"post","link":"https:\/\/elcanillita.info\/press\/2020\/06\/21\/horror-parque-londres\/","title":{"rendered":"Horror  en un parque de Londres"},"content":{"rendered":"\n<p><img decoding=\"async\" src=\"https:\/\/elcanillita.info\/press\/images\/2020\/06\/London  20200621_3.jpg\"><br><br>Londres, 21.06.2020 &#8211; El s\u00e1bado por la noche, el horror se apoder\u00f3 de un sector de la ciudad despu\u00e9s de que tres personas fueran apu\u00f1aladas hasta la muerte y otras dos quedaran en estado cr\u00edtico tras un fren\u00e9tico ataque a plena luz del d\u00eda en un parque de la ciudad de Reading.<\/p>\n\n\n\n<p>Fuentes dijeron a la prensa que el sospechoso arrestado en la escena era libio.<\/p>\n\n\n\n<p>Boris Johnson dijo: &#8220;Mis pensamientos est\u00e1n con todos los afectados por el terrible incidente en Reading.  Mi agradecimiento a los servicios de emergencia&#8221;<\/p>\n\n\n\n<p>Seg\u00fan testigos presenciales, un hombre comenz\u00f3 a gritar,  luego sac\u00f3 un cuchillo y se embarc\u00f3 en una fren\u00e9tica juerga de apu\u00f1alamiento poco despu\u00e9s de las 7 de la tarde en los Jardines de Forbury, un parque en el centro de Reading, Berks.<\/p>\n\n\n\n<p>Los informes sugieren que mientras el sospechoso hu\u00eda, un valiente polic\u00eda y jugador de rugby derrib\u00f3 al hombre del cuchillo. <\/p>\n\n\n\n<p>Lawrence Wort, de 20 a\u00f1os, un entrenador de Chippenham, vio el horror desplegarse desde una distancia de no m\u00e1s de 10 metros.<\/p>\n\n\n\n<p>Dijo que el ataque parec\u00eda &#8220;completamente al azar&#8221; sin ninguna pista reveladora, sin tensi\u00f3n previa que pudiera sugerir lo que estaba a punto de suceder.<\/p>\n\n\n\n<p>&#8220;El parque estaba bastante lleno, mucha gente se sent\u00f3 a beber con sus amigos&#8221;, dijo el Sr. Wort.<\/p>\n\n\n\n<p>&#8220;Una persona solitaria camin\u00f3, grit\u00f3 repentinamente algunas palabras ininteligibles y rode\u00f3 a un grupo de alrededor de 10 personas, tratando de apu\u00f1alarlas.<\/p>\n\n\n\n<p>Hiri\u00f3 severamente a tres de ellos, en el cuello y bajo los brazos. Luego se dio vuelta y empez\u00f3 a correr hacia m\u00ed, y empezamos a correr.<\/p>\n\n\n\n<p>&#8220;Cuando se dio cuenta de que no pod\u00eda atraparnos, trat\u00f3 de apu\u00f1alar a otro grupo sentado en el prado, golpe\u00f3 una persona en la nuca y cuando se dio cuenta de que todos hu\u00edan , sali\u00f3 corriendo del parque.&#8221; <\/p>\n\n\n\n<p><img decoding=\"async\" src=\"https:\/\/elcanillita.info\/press\/images\/2020\/06\/London 20200621_1.jpg\"><br><small>La polic\u00eda registr\u00f3 un bloque de pisos en Basingstoke Road en Reading<\/small><\/p>\n\n\n\n<p>La Fundaci\u00f3n Trust del Servicio de Ambulancias del Centro Sur dijo que se envi\u00f3 una enorme respuesta m\u00e9dica a la escena, incluyendo cinco equipos de ambulancias, un equipo de respuesta en \u00e1reas peligrosas y de cuidados intensivo. Unidades de respuesta de ambulancias a\u00e9rea del Valle del T\u00e1mesis y equipos del servicio de ambulancias de Londres. <\/p>\n\n\n\n<p>En un comunicado, a\u00f1adi\u00f3: &#8220;Est\u00e1bamos evaluando y tratando a una serie de v\u00edctimas que hab\u00edan sufrido lesiones como resultado del incidente, ayudados por personas que se detuvieron a socorrer  a los heridos&#8221;.<\/p>\n\n\n\n<p>El ataque se produjo horas despu\u00e9s de una marcha de Black Lives Matter en el mismo parque.  <\/p>\n\n\n\n<p> La polic\u00eda dijo que no hab\u00eda ning\u00fan v\u00ednculo con la manifestaci\u00f3n. Los equipos forenses llegaron al lugar a \u00faltima hora de la noche del s\u00e1bado. Ambulancias a\u00e9reas aterrizaron en el parque para tratar a los heridos.<\/p>\n\n\n\n<p>Surgieron videos en l\u00ednea de las secuelas que muestran a oficiales de polic\u00eda, param\u00e9dicos y miembros del p\u00fablico tratando desesperadamente de salvar las vidas de aquellos que hab\u00edan sufrido graves heridas de pu\u00f1alada. <\/p>\n\n\n\n<p>La polic\u00eda de Thames Valley dijo: &#8220;Los agentes acudieron junto con el servicio de ambulancias y varias personas resultaron heridas y fueron llevadas al hospital. &#8220;Tr\u00e1gicamente, tres de estas personas murieron, y otras tres sufrieron heridas graves.<\/p>\n\n\n\n<p>&#8220;Un hombre de 25 a\u00f1os de Reading fue detenido en el lugar y ha sido arrestado como sospechoso de asesinato. Actualmente est\u00e1 bajo custodia policial&#8221;.<\/p>\n\n\n\n<p>El Detective Jefe Superintendente Ian Hunter, Jefe de la seccion Homicidios, dijo: &#8220;La Unidad de Delitos Graves de la Polic\u00eda del Valle del T\u00e1mesis ha iniciado una investigaci\u00f3n de asesinato tras este incidente.<\/p>\n\n\n\n<p>&#8220;Hemos hecho un arresto y en este momento no buscamos a ninguna otra persona en relaci\u00f3n con este incidente. No hay informaci\u00f3n que sugiera que hay alg\u00fan otro peligro para el p\u00fablico. <\/p>\n\n\n\n<p>Sin embargo, instamos a la gente a permanecer atentos e informar de cualquier cosa sospechosa llamando a la polic\u00eda.<\/p>\n\n\n\n<p>&#8220;Esto no est\u00e1 siendo tratado actualmente como un incidente de terrorismo, sin embargo los oficiales est\u00e1n investigando la motivaci\u00f3n del incidente, apoyados por colegas de La Unidad Antiterrorista del Sureste&#8221;.<\/p>\n\n\n\n<p>Los comercios y residentes locales informaron de que se orden\u00f3 el cierre de enormes franjas del centro de la ciudad, incluido un parque comercial, al tiempo que los helic\u00f3pteros de la fuerza se cern\u00edan junto a la llegada de furgonetas y coches patrulla de la polic\u00eda al lugar de la escena.<\/p>\n\n\n\n<p>Sin embargo, no estaba claro si se tem\u00eda que alg\u00fan c\u00f3mplice pudiera estar en libertad.<\/p>\n\n\n\n<p>Nieema Hassan, uno de los organizadores de la manifestaci\u00f3n pac\u00edfica, dijo a la prensa: &#8220;En cuanto a la protesta y a la gente que asisti\u00f3 de Black Lives Matter, estamos todos a salvo&#8221;.<\/p>\n\n\n\n<p>&#8220;Ninguno de nosotros est\u00e1 afectado. Todos nos hab\u00edamos ido cuando esto sucedi\u00f3.&#8221; Dos ambulancias a\u00e9reas aterrizaron en el cercano Kings Meadow para llevar a dos pacientes al Royal Berkshire Hospital. <br><br> \n<small>Fuente: BG\/ PanPressEu  \/ SalaStampaEu &#8211; ElCanillita.Info &#8211;  Informaci\u00f3n de dominio p\u00fablico<\/small><\/p>\n\n\n\n<p><\/p>\n","protected":false},"excerpt":{"rendered":"<p>Londres, 21.06.2020 &#8211; El s\u00e1bado por la noche, el horror se apoder\u00f3 de un sector de la ciudad despu\u00e9s de que tres personas fueran apu\u00f1aladas hasta la muerte y otras dos quedaran en estado cr\u00edtico tras un fren\u00e9tico ataque a plena luz del d\u00eda en un parque de la ciudad de Reading.<\/p>\n","protected":false},"author":1,"featured_media":0,"comment_status":"closed","ping_status":"closed","sticky":false,"template":"","format":"standard","meta":{"footnotes":"","_links_to":"","_links_to_target":""},"categories":[70,5,25],"tags":[58],"class_list":["post-781","post","type-post","status-publish","format-standard","hentry","category-actualidad","category-europa","category-sociedad","tag-reino-unido","entry","double"],"yoast_head":"<!-- This site is optimized with the Yoast SEO plugin v27.5 - https:\/\/yoast.com\/product\/yoast-seo-wordpress\/ -->\n<title>Horror en un parque de Londres - ElCanillita.Info<\/title>\n<meta name=\"robots\" content=\"index, follow, max-snippet:-1, max-image-preview:large, max-video-preview:-1\" \/>\n<link rel=\"canonical\" href=\"https:\/\/elcanillita.info\/press\/2020\/06\/21\/horror-parque-londres\/\" \/>\n<meta property=\"og:locale\" content=\"es_ES\" \/>\n<meta property=\"og:type\" content=\"article\" \/>\n<meta property=\"og:title\" content=\"Horror en un parque de Londres - ElCanillita.Info\" \/>\n<meta property=\"og:description\" content=\"Londres, 21.06.2020 - El s\u00e1bado por la noche, el horror se apoder\u00f3 de un sector de la ciudad despu\u00e9s de que tres personas fueran apu\u00f1aladas hasta la muerte y otras dos quedaran en estado cr\u00edtico tras un fren\u00e9tico ataque a plena luz del d\u00eda en un parque de la ciudad de Reading.\" \/>\n<meta property=\"og:url\" content=\"https:\/\/elcanillita.info\/press\/2020\/06\/21\/horror-parque-londres\/\" \/>\n<meta property=\"og:site_name\" content=\"ElCanillita.Info\" \/>\n<meta property=\"article:publisher\" content=\"https:\/\/ar-ar.facebook.com\/ElCanillitainfo-114249515285712\/\" \/>\n<meta property=\"article:published_time\" content=\"2020-06-21T15:02:17+00:00\" \/>\n<meta property=\"article:modified_time\" content=\"2020-06-21T22:08:02+00:00\" \/>\n<meta property=\"og:image\" content=\"https:\/\/elcanillita.info\/press\/images\/2020\/06\/London%20%2020200621_3.jpg\" \/>\n<meta name=\"author\" content=\"SalaStampa.eu, world press service\" \/>\n<meta name=\"twitter:card\" content=\"summary_large_image\" \/>\n<meta name=\"twitter:label1\" content=\"Escrito por\" \/>\n\t<meta name=\"twitter:data1\" content=\"SalaStampa.eu, world press service\" \/>\n\t<meta name=\"twitter:label2\" content=\"Tiempo de lectura\" \/>\n\t<meta name=\"twitter:data2\" content=\"4 minutos\" \/>\n<script type=\"application\/ld+json\" class=\"yoast-schema-graph\">{\"@context\":\"https:\\\/\\\/schema.org\",\"@graph\":[{\"@type\":\"Article\",\"@id\":\"https:\\\/\\\/elcanillita.info\\\/press\\\/2020\\\/06\\\/21\\\/horror-parque-londres\\\/#article\",\"isPartOf\":{\"@id\":\"https:\\\/\\\/elcanillita.info\\\/press\\\/2020\\\/06\\\/21\\\/horror-parque-londres\\\/\"},\"author\":{\"name\":\"SalaStampa.eu, world press service\",\"@id\":\"https:\\\/\\\/elcanillita.info\\\/press\\\/#\\\/schema\\\/person\\\/7fcb79f38045700919f7da6d97e71ba0\"},\"headline\":\"Horror en un parque de Londres\",\"datePublished\":\"2020-06-21T15:02:17+00:00\",\"dateModified\":\"2020-06-21T22:08:02+00:00\",\"mainEntityOfPage\":{\"@id\":\"https:\\\/\\\/elcanillita.info\\\/press\\\/2020\\\/06\\\/21\\\/horror-parque-londres\\\/\"},\"wordCount\":874,\"publisher\":{\"@id\":\"https:\\\/\\\/elcanillita.info\\\/press\\\/#organization\"},\"keywords\":[\"Reino Unido\"],\"articleSection\":[\"Actualidad\",\"Europa\",\"Sociedad\"],\"inLanguage\":\"es-AR\"},{\"@type\":\"WebPage\",\"@id\":\"https:\\\/\\\/elcanillita.info\\\/press\\\/2020\\\/06\\\/21\\\/horror-parque-londres\\\/\",\"url\":\"https:\\\/\\\/elcanillita.info\\\/press\\\/2020\\\/06\\\/21\\\/horror-parque-londres\\\/\",\"name\":\"Horror en un parque de Londres - ElCanillita.Info\",\"isPartOf\":{\"@id\":\"https:\\\/\\\/elcanillita.info\\\/press\\\/#website\"},\"datePublished\":\"2020-06-21T15:02:17+00:00\",\"dateModified\":\"2020-06-21T22:08:02+00:00\",\"inLanguage\":\"es-AR\",\"potentialAction\":[{\"@type\":\"ReadAction\",\"target\":[\"https:\\\/\\\/elcanillita.info\\\/press\\\/2020\\\/06\\\/21\\\/horror-parque-londres\\\/\"]}]},{\"@type\":\"WebSite\",\"@id\":\"https:\\\/\\\/elcanillita.info\\\/press\\\/#website\",\"url\":\"https:\\\/\\\/elcanillita.info\\\/press\\\/\",\"name\":\"ElCanillita.Info\",\"description\":\"desde los Apeninos a los Andes\",\"publisher\":{\"@id\":\"https:\\\/\\\/elcanillita.info\\\/press\\\/#organization\"},\"potentialAction\":[{\"@type\":\"SearchAction\",\"target\":{\"@type\":\"EntryPoint\",\"urlTemplate\":\"https:\\\/\\\/elcanillita.info\\\/press\\\/?s={search_term_string}\"},\"query-input\":{\"@type\":\"PropertyValueSpecification\",\"valueRequired\":true,\"valueName\":\"search_term_string\"}}],\"inLanguage\":\"es-AR\"},{\"@type\":\"Organization\",\"@id\":\"https:\\\/\\\/elcanillita.info\\\/press\\\/#organization\",\"name\":\"Guzzo Photos & Graphic Publications\",\"url\":\"https:\\\/\\\/elcanillita.info\\\/press\\\/\",\"logo\":{\"@type\":\"ImageObject\",\"inLanguage\":\"es-AR\",\"@id\":\"https:\\\/\\\/elcanillita.info\\\/press\\\/#\\\/schema\\\/logo\\\/image\\\/\",\"url\":\"https:\\\/\\\/elcanillita.info\\\/press\\\/images\\\/2020\\\/01\\\/cropped-cropped-cropped-elcanillitainfo.png\",\"contentUrl\":\"https:\\\/\\\/elcanillita.info\\\/press\\\/images\\\/2020\\\/01\\\/cropped-cropped-cropped-elcanillitainfo.png\",\"width\":460,\"height\":50,\"caption\":\"Guzzo Photos & Graphic Publications\"},\"image\":{\"@id\":\"https:\\\/\\\/elcanillita.info\\\/press\\\/#\\\/schema\\\/logo\\\/image\\\/\"},\"sameAs\":[\"https:\\\/\\\/ar-ar.facebook.com\\\/ElCanillitainfo-114249515285712\\\/\"]},{\"@type\":\"Person\",\"@id\":\"https:\\\/\\\/elcanillita.info\\\/press\\\/#\\\/schema\\\/person\\\/7fcb79f38045700919f7da6d97e71ba0\",\"name\":\"SalaStampa.eu, world press service\",\"image\":{\"@type\":\"ImageObject\",\"inLanguage\":\"es-AR\",\"@id\":\"https:\\\/\\\/secure.gravatar.com\\\/avatar\\\/c2f0e0d515a107624234994507816ca4724c7199cef73fc8bedebf6931d73888?s=96&d=mm&r=g\",\"url\":\"https:\\\/\\\/secure.gravatar.com\\\/avatar\\\/c2f0e0d515a107624234994507816ca4724c7199cef73fc8bedebf6931d73888?s=96&d=mm&r=g\",\"contentUrl\":\"https:\\\/\\\/secure.gravatar.com\\\/avatar\\\/c2f0e0d515a107624234994507816ca4724c7199cef73fc8bedebf6931d73888?s=96&d=mm&r=g\",\"caption\":\"SalaStampa.eu, world press service\"}}]}<\/script>\n<!-- \/ Yoast SEO plugin. -->","yoast_head_json":{"title":"Horror en un parque de Londres - ElCanillita.Info","robots":{"index":"index","follow":"follow","max-snippet":"max-snippet:-1","max-image-preview":"max-image-preview:large","max-video-preview":"max-video-preview:-1"},"canonical":"https:\/\/elcanillita.info\/press\/2020\/06\/21\/horror-parque-londres\/","og_locale":"es_ES","og_type":"article","og_title":"Horror en un parque de Londres - ElCanillita.Info","og_description":"Londres, 21.06.2020 - El s\u00e1bado por la noche, el horror se apoder\u00f3 de un sector de la ciudad despu\u00e9s de que tres personas fueran apu\u00f1aladas hasta la muerte y otras dos quedaran en estado cr\u00edtico tras un fren\u00e9tico ataque a plena luz del d\u00eda en un parque de la ciudad de Reading.","og_url":"https:\/\/elcanillita.info\/press\/2020\/06\/21\/horror-parque-londres\/","og_site_name":"ElCanillita.Info","article_publisher":"https:\/\/ar-ar.facebook.com\/ElCanillitainfo-114249515285712\/","article_published_time":"2020-06-21T15:02:17+00:00","article_modified_time":"2020-06-21T22:08:02+00:00","og_image":[{"url":"https:\/\/elcanillita.info\/press\/images\/2020\/06\/London  20200621_3.jpg","type":"","width":"","height":""}],"author":"SalaStampa.eu, world press service","twitter_card":"summary_large_image","twitter_misc":{"Escrito por":"SalaStampa.eu, world press service","Tiempo de lectura":"4 minutos"},"schema":{"@context":"https:\/\/schema.org","@graph":[{"@type":"Article","@id":"https:\/\/elcanillita.info\/press\/2020\/06\/21\/horror-parque-londres\/#article","isPartOf":{"@id":"https:\/\/elcanillita.info\/press\/2020\/06\/21\/horror-parque-londres\/"},"author":{"name":"SalaStampa.eu, world press service","@id":"https:\/\/elcanillita.info\/press\/#\/schema\/person\/7fcb79f38045700919f7da6d97e71ba0"},"headline":"Horror en un parque de Londres","datePublished":"2020-06-21T15:02:17+00:00","dateModified":"2020-06-21T22:08:02+00:00","mainEntityOfPage":{"@id":"https:\/\/elcanillita.info\/press\/2020\/06\/21\/horror-parque-londres\/"},"wordCount":874,"publisher":{"@id":"https:\/\/elcanillita.info\/press\/#organization"},"keywords":["Reino Unido"],"articleSection":["Actualidad","Europa","Sociedad"],"inLanguage":"es-AR"},{"@type":"WebPage","@id":"https:\/\/elcanillita.info\/press\/2020\/06\/21\/horror-parque-londres\/","url":"https:\/\/elcanillita.info\/press\/2020\/06\/21\/horror-parque-londres\/","name":"Horror en un parque de Londres - ElCanillita.Info","isPartOf":{"@id":"https:\/\/elcanillita.info\/press\/#website"},"datePublished":"2020-06-21T15:02:17+00:00","dateModified":"2020-06-21T22:08:02+00:00","inLanguage":"es-AR","potentialAction":[{"@type":"ReadAction","target":["https:\/\/elcanillita.info\/press\/2020\/06\/21\/horror-parque-londres\/"]}]},{"@type":"WebSite","@id":"https:\/\/elcanillita.info\/press\/#website","url":"https:\/\/elcanillita.info\/press\/","name":"ElCanillita.Info","description":"desde los Apeninos a los Andes","publisher":{"@id":"https:\/\/elcanillita.info\/press\/#organization"},"potentialAction":[{"@type":"SearchAction","target":{"@type":"EntryPoint","urlTemplate":"https:\/\/elcanillita.info\/press\/?s={search_term_string}"},"query-input":{"@type":"PropertyValueSpecification","valueRequired":true,"valueName":"search_term_string"}}],"inLanguage":"es-AR"},{"@type":"Organization","@id":"https:\/\/elcanillita.info\/press\/#organization","name":"Guzzo Photos & Graphic Publications","url":"https:\/\/elcanillita.info\/press\/","logo":{"@type":"ImageObject","inLanguage":"es-AR","@id":"https:\/\/elcanillita.info\/press\/#\/schema\/logo\/image\/","url":"https:\/\/elcanillita.info\/press\/images\/2020\/01\/cropped-cropped-cropped-elcanillitainfo.png","contentUrl":"https:\/\/elcanillita.info\/press\/images\/2020\/01\/cropped-cropped-cropped-elcanillitainfo.png","width":460,"height":50,"caption":"Guzzo Photos & Graphic Publications"},"image":{"@id":"https:\/\/elcanillita.info\/press\/#\/schema\/logo\/image\/"},"sameAs":["https:\/\/ar-ar.facebook.com\/ElCanillitainfo-114249515285712\/"]},{"@type":"Person","@id":"https:\/\/elcanillita.info\/press\/#\/schema\/person\/7fcb79f38045700919f7da6d97e71ba0","name":"SalaStampa.eu, world press service","image":{"@type":"ImageObject","inLanguage":"es-AR","@id":"https:\/\/secure.gravatar.com\/avatar\/c2f0e0d515a107624234994507816ca4724c7199cef73fc8bedebf6931d73888?s=96&d=mm&r=g","url":"https:\/\/secure.gravatar.com\/avatar\/c2f0e0d515a107624234994507816ca4724c7199cef73fc8bedebf6931d73888?s=96&d=mm&r=g","contentUrl":"https:\/\/secure.gravatar.com\/avatar\/c2f0e0d515a107624234994507816ca4724c7199cef73fc8bedebf6931d73888?s=96&d=mm&r=g","caption":"SalaStampa.eu, world press service"}}]}},"views":658,"_links":{"self":[{"href":"https:\/\/elcanillita.info\/press\/wp-json\/wp\/v2\/posts\/781","targetHints":{"allow":["GET"]}}],"collection":[{"href":"https:\/\/elcanillita.info\/press\/wp-json\/wp\/v2\/posts"}],"about":[{"href":"https:\/\/elcanillita.info\/press\/wp-json\/wp\/v2\/types\/post"}],"author":[{"embeddable":true,"href":"https:\/\/elcanillita.info\/press\/wp-json\/wp\/v2\/users\/1"}],"replies":[{"embeddable":true,"href":"https:\/\/elcanillita.info\/press\/wp-json\/wp\/v2\/comments?post=781"}],"version-history":[{"count":0,"href":"https:\/\/elcanillita.info\/press\/wp-json\/wp\/v2\/posts\/781\/revisions"}],"wp:attachment":[{"href":"https:\/\/elcanillita.info\/press\/wp-json\/wp\/v2\/media?parent=781"}],"wp:term":[{"taxonomy":"category","embeddable":true,"href":"https:\/\/elcanillita.info\/press\/wp-json\/wp\/v2\/categories?post=781"},{"taxonomy":"post_tag","embeddable":true,"href":"https:\/\/elcanillita.info\/press\/wp-json\/wp\/v2\/tags?post=781"}],"curies":[{"name":"wp","href":"https:\/\/api.w.org\/{rel}","templated":true}]}}