{"id":764,"date":"2020-06-17T14:06:32","date_gmt":"2020-06-17T17:06:32","guid":{"rendered":"https:\/\/elcanillita.info\/press\/?p=764"},"modified":"2020-06-17T16:05:22","modified_gmt":"2020-06-17T19:05:22","slug":"boris-proximo-tsunami-desempleo","status":"publish","type":"post","link":"https:\/\/elcanillita.info\/press\/2020\/06\/17\/boris-proximo-tsunami-desempleo\/","title":{"rendered":"Boris no escapar\u00e1 al pr\u00f3ximo tsunami de desempleos"},"content":{"rendered":"\n<p>Londres, 17.06.2020 &#8211; Si el Primer Ministro piensa que los pron\u00f3sticos de calamidad econ\u00f3mica son s\u00f3lo un Proyecto del Miedo, probablemente la realidad demostrar\u00e1 que est\u00e1 equivocado. <\/p>\n\n\n\n<p>En 1982, cuando lleg\u00f3 el desastre financiero, el shock fue palpable porque se hab\u00eda esperado durante meses. El 26 de enero de ese a\u00f1o, el desempleo super\u00f3 los tres millones desde la primera Gran depresi\u00f3n de los a\u00f1os 30. Uno de cada ocho trabajadores estaba sin trabajo.<\/p>\n\n\n\n<p>Los periodicos del noroeste, dada la dependencia de la regi\u00f3n de las industrias manufactureras m\u00e1s afectadas por las p\u00e9rdidas de empleo, cada d\u00eda daban noticias de una nueva calamidad. <\/p>\n\n\n\n<p>Minas de carb\u00f3n, astilleros, f\u00e1bricas de autom\u00f3viles, acer\u00edas fueron cerrando todas, empujados a la quiebra por su baja productividad, su militancia sindical y las importaciones baratas de competidores extranjeros, en un momento de ca\u00edda de la demanda, provocada por la recesi\u00f3n.<\/p>\n\n\n\n<p>Diez a\u00f1os antes, otro gobierno conservador se hab\u00eda estremecido de manera similar, cuando el total de los desempleados super\u00f3 el mill\u00f3n por primera vez desde 1936.<br> El hecho de que, dentro de una d\u00e9cada, otros dos millones de personas estaban sin trabajo, se deb\u00eda a la mala gesti\u00f3n econ\u00f3mica de los Laboristas durante los gobiernos de Wilson y Callaghan.<\/p>\n\n\n\n<p>Inmediatamente se produjo el llamado &#8220;Invierno del descontento&#8221;, un per\u00edodo entre 1978 y 1979 caracterizado por un fuerte conflicto sindical, causado por la limitaci\u00f3n de los salarios impuestos por el gobierno para contener la inflaci\u00f3n. La incapacidad del gobierno para frenar las huelgas, arroj\u00f3 el pa\u00eds al caos, condujo a una moci\u00f3n de desconfianza por Callaghan, que fue aprobada por un voto. Las elecciones que siguieron vieron una gran victoria conservadora dirigida por Margaret Thatcher.<\/p>\n\n\n\n<p>Pero cuando la desocupaci\u00f3n alcanz\u00f3 la marca de los tres millones, la Sra. Thatcher qued\u00f3 imputada en el banquillo de los acusados. De hecho, en la izquierda todav\u00eda se le culpa de esto. <\/p>\n\n\n\n<p>Si no hubiera sido por la invasi\u00f3n argentina de las Malvinas unos meses despu\u00e9s, habr\u00eda perdido la cabeza.<\/p>\n\n\n\n<p>\u00bfQui\u00e9n ser\u00e1 culpado por la pr\u00f3xima ola de desempleo masivo? Las \u00faltimas cifras del desempleo son como una playa antes de la llegada de un tsunami, aparentemente benigna pero a punto de ser abrumadora.  A pesar de las medidas tomadas para proteger los empleos, m\u00e1s de 600.000 personas perdieron los suyos el pasado abril y mayo. Las horas de trabajo han bajado y las vacantes se han hundido. El n\u00famero de solicitantes de beneficios ha crecido a  2.8 millones, no muy lejos de la cifra verificada en 1982.<\/p>\n\n\n\n<p>La gran diferencia ahora es que el n\u00famero de empleos es mucho m\u00e1s alto de los que habian entonces, con muchas m\u00e1s mujeres en la fuerza de trabajo y millones de empleados m\u00e1s. <\/p>\n\n\n\n<p>\u00bfY ahora.. no hay raz\u00f3n para ocuparse? Subvencionando empleo en lugar de desempleo, el sistema de permiso ha mantenido a millones de personas en el trabajo, si no realmente haciendo cualquier cosa. \u00bfPero por cu\u00e1nto tiempo m\u00e1s? Cuando las empresas que no pueden abrir de forma rentable probablemente despedir\u00e1n a la gente. \u2026cuando &#8220;el plan&#8221; termine \u00e9ste verano.  <\/p>\n\n\n\n<p>En una reciente presentaci\u00f3n en materia de econom\u00eda, el Canciller y el Secretario de Negocios informaron al Gabinete que tres millones y medio de empleos podr\u00edan perderse en la industria de la hospitalidad si los bares y restaurantes no abren proximamente.<\/p>\n\n\n\n<p>La revisi\u00f3n &#8220;formal&#8221; de esta restricci\u00f3n por parte de No 10 es una\u2026 afuera, &#8221; a trabajar&#8221;.  No se concluir\u00e1 hasta el 4 de julio, por lo tanto, no esta  lejos de marcar  la diferencia entre la supervivencia y la bancarrota. Las empresas hoteleras dicen que necesitan saber los planes para el pr\u00f3ximo martes, cuando vence el alquiler de los tres meses de julio. Si quedan atascados por el cierre de las actividades en el futuro inmediato, no volver\u00e1n a abrir y se perder\u00e1 el trabajo.<\/p>\n\n\n\n<p>Esto el Gobierno lo sabe, as\u00ed como sabe que muchos otros pa\u00edses aplican la regla de un metro y que el fundamento cient\u00edfico m\u00e1s all\u00e1 de dos metros es cuestionable. Entonces, \u00bfpor qu\u00e9 la prevaricaci\u00f3n? <\/p>\n\n\n\n<p>Una escuela de pensamiento sostiene que Boris y su equipo est\u00e1n paralizados por la indecisi\u00f3n, mientras la situaci\u00f3n necesita lo contrario. Se est\u00e1n escarbando en sus talones porque sospechan que la situaci\u00f3n es grave. El Sr. Johnson, su asesor principal Dominic Cummings, as\u00ed como muchos de sus ministros,  son veteranos de campa\u00f1as en las que se desplegaron falsos pron\u00f3sticos apocal\u00edpticos para socavar sus pol\u00edticas.<\/p>\n\n\n\n<p>El Sr. Cummings ayud\u00f3 a dirigir el lobby de negocios para que la Libra Esterlina no diera espacio al ingreso del Euro en los primeros a\u00f1os del gobierno de Blair, cuando los partidarios advirtieron de la calamidad econ\u00f3mica, si el Reino Unido no adheria a la uni\u00f3n monetaria. No obstante, la econom\u00eda inglesa funcion\u00f3  mejor que las de la zona Euro. Luego, durante el refer\u00e9ndum de 2016, lucharon contra el Proyecto del Miedo y su insistencia en que si el pa\u00eds votara para dejar la UE el techo se derrumbar\u00eda. Lo hizo y no lo hizo.<\/p>\n\n\n\n<p>El n\u00famero 10 no escucha a los Jeremias econ\u00f3micos, demostrando que se equivocaron en el pasado. \u00bfCu\u00e1ntas veces hemos o\u00eddo a Boris denunciar a los &#8220;pesimistas&#8221; que ha acusado  de sufrir de histeria y alarmismo? Para alguien que ha pasado a\u00f1os confundiendo a los condenados, debe ser tentador pensar que todo lo que se habla de calamidad econ\u00f3mica es exagerado. Basta observar a Estados Unidos donde el mercado laboral ha comenzado una r\u00e1pida recuperaci\u00f3n a pesar de que se habla de otra Gran Depresi\u00f3n.<\/p>\n\n\n\n<p>La econom\u00eda basada en los servicios, que ha crecido espectacularmente desde el colapso de la industria manufacturera y pesada en el decenio de 1980, depende de que la gente entre por las puertas de los bares y restaurantes, agolpe los teatros y las salas de concierto, se hospede en hoteles, asista a festivales y eventos deportivos, se corte el pelo y se haga las u\u00f1as, haga ejercicio en el gimnasio y viaje al extranjero en masa.<\/p>\n\n\n\n<p>Las empresas que sustentan esas empresas y los empleos que dependen de ellas no pueden sobrevivir sin la demanda que actualmente est\u00e1 limitada por un distanciamiento social innecesario y un miedo exagerado al contagio.<\/p>\n\n\n\n<p>Nuestros l\u00edderes est\u00e1n animados por las encuestas que muestran el continuo apoyo del p\u00fablico a su estrategia. Pero cuando la gente observe sus vidas dentro de unos meses, olvidar\u00e1n que estaban a favor de un encierro que los destruye y desorienta. Estar\u00e1n buscando a alguien a quien culpar, y s\u00e9 qui\u00e9n deber\u00e1 acomodarse en el banquillo de los acusados.<br><br><small>\u00a92020 BG &#8211; Nota especial para ElCanillita.Info &#8211; Derechos reservados<\/small><\/p>\n","protected":false},"excerpt":{"rendered":"<p>Londres, 17.06.2020 &#8211; Si el Primer Ministro piensa que los pron\u00f3sticos de calamidad econ\u00f3mica son s\u00f3lo un Proyecto del Miedo, probablemente la realidad demostrar\u00e1 que est\u00e1 espectacularmente equivocado. <\/p>\n","protected":false},"author":1,"featured_media":0,"comment_status":"closed","ping_status":"closed","sticky":false,"template":"","format":"standard","meta":{"footnotes":"","_links_to":"","_links_to_target":""},"categories":[70,5,23,25],"tags":[58],"class_list":["post-764","post","type-post","status-publish","format-standard","hentry","category-actualidad","category-europa","category-politica","category-sociedad","tag-reino-unido","entry","double"],"yoast_head":"<!-- This site is optimized with the Yoast SEO plugin v27.5 - https:\/\/yoast.com\/product\/yoast-seo-wordpress\/ -->\n<title>Boris no escapar\u00e1 al pr\u00f3ximo tsunami de desempleos - ElCanillita.Info<\/title>\n<meta name=\"robots\" content=\"index, follow, max-snippet:-1, max-image-preview:large, max-video-preview:-1\" \/>\n<link rel=\"canonical\" href=\"https:\/\/elcanillita.info\/press\/2020\/06\/17\/boris-proximo-tsunami-desempleo\/\" \/>\n<meta property=\"og:locale\" content=\"es_ES\" \/>\n<meta property=\"og:type\" content=\"article\" \/>\n<meta property=\"og:title\" content=\"Boris no escapar\u00e1 al pr\u00f3ximo tsunami de desempleos - ElCanillita.Info\" \/>\n<meta property=\"og:description\" content=\"Londres, 17.06.2020 - Si el Primer Ministro piensa que los pron\u00f3sticos de calamidad econ\u00f3mica son s\u00f3lo un Proyecto del Miedo, probablemente la realidad demostrar\u00e1 que est\u00e1 espectacularmente equivocado.\" \/>\n<meta property=\"og:url\" content=\"https:\/\/elcanillita.info\/press\/2020\/06\/17\/boris-proximo-tsunami-desempleo\/\" \/>\n<meta property=\"og:site_name\" content=\"ElCanillita.Info\" \/>\n<meta property=\"article:publisher\" content=\"https:\/\/ar-ar.facebook.com\/ElCanillitainfo-114249515285712\/\" \/>\n<meta property=\"article:published_time\" content=\"2020-06-17T17:06:32+00:00\" \/>\n<meta property=\"article:modified_time\" content=\"2020-06-17T19:05:22+00:00\" \/>\n<meta name=\"author\" content=\"SalaStampa.eu, world press service\" \/>\n<meta name=\"twitter:card\" content=\"summary_large_image\" \/>\n<meta name=\"twitter:label1\" content=\"Escrito por\" \/>\n\t<meta name=\"twitter:data1\" content=\"SalaStampa.eu, world press service\" \/>\n\t<meta name=\"twitter:label2\" content=\"Tiempo de lectura\" \/>\n\t<meta name=\"twitter:data2\" content=\"6 minutos\" \/>\n<script type=\"application\/ld+json\" class=\"yoast-schema-graph\">{\"@context\":\"https:\\\/\\\/schema.org\",\"@graph\":[{\"@type\":\"Article\",\"@id\":\"https:\\\/\\\/elcanillita.info\\\/press\\\/2020\\\/06\\\/17\\\/boris-proximo-tsunami-desempleo\\\/#article\",\"isPartOf\":{\"@id\":\"https:\\\/\\\/elcanillita.info\\\/press\\\/2020\\\/06\\\/17\\\/boris-proximo-tsunami-desempleo\\\/\"},\"author\":{\"name\":\"SalaStampa.eu, world press service\",\"@id\":\"https:\\\/\\\/elcanillita.info\\\/press\\\/#\\\/schema\\\/person\\\/7fcb79f38045700919f7da6d97e71ba0\"},\"headline\":\"Boris no escapar\u00e1 al pr\u00f3ximo tsunami de desempleos\",\"datePublished\":\"2020-06-17T17:06:32+00:00\",\"dateModified\":\"2020-06-17T19:05:22+00:00\",\"mainEntityOfPage\":{\"@id\":\"https:\\\/\\\/elcanillita.info\\\/press\\\/2020\\\/06\\\/17\\\/boris-proximo-tsunami-desempleo\\\/\"},\"wordCount\":1176,\"publisher\":{\"@id\":\"https:\\\/\\\/elcanillita.info\\\/press\\\/#organization\"},\"keywords\":[\"Reino Unido\"],\"articleSection\":[\"Actualidad\",\"Europa\",\"Politica\",\"Sociedad\"],\"inLanguage\":\"es-AR\"},{\"@type\":\"WebPage\",\"@id\":\"https:\\\/\\\/elcanillita.info\\\/press\\\/2020\\\/06\\\/17\\\/boris-proximo-tsunami-desempleo\\\/\",\"url\":\"https:\\\/\\\/elcanillita.info\\\/press\\\/2020\\\/06\\\/17\\\/boris-proximo-tsunami-desempleo\\\/\",\"name\":\"Boris no escapar\u00e1 al pr\u00f3ximo tsunami de desempleos - ElCanillita.Info\",\"isPartOf\":{\"@id\":\"https:\\\/\\\/elcanillita.info\\\/press\\\/#website\"},\"datePublished\":\"2020-06-17T17:06:32+00:00\",\"dateModified\":\"2020-06-17T19:05:22+00:00\",\"inLanguage\":\"es-AR\",\"potentialAction\":[{\"@type\":\"ReadAction\",\"target\":[\"https:\\\/\\\/elcanillita.info\\\/press\\\/2020\\\/06\\\/17\\\/boris-proximo-tsunami-desempleo\\\/\"]}]},{\"@type\":\"WebSite\",\"@id\":\"https:\\\/\\\/elcanillita.info\\\/press\\\/#website\",\"url\":\"https:\\\/\\\/elcanillita.info\\\/press\\\/\",\"name\":\"ElCanillita.Info\",\"description\":\"desde los Apeninos a los Andes\",\"publisher\":{\"@id\":\"https:\\\/\\\/elcanillita.info\\\/press\\\/#organization\"},\"potentialAction\":[{\"@type\":\"SearchAction\",\"target\":{\"@type\":\"EntryPoint\",\"urlTemplate\":\"https:\\\/\\\/elcanillita.info\\\/press\\\/?s={search_term_string}\"},\"query-input\":{\"@type\":\"PropertyValueSpecification\",\"valueRequired\":true,\"valueName\":\"search_term_string\"}}],\"inLanguage\":\"es-AR\"},{\"@type\":\"Organization\",\"@id\":\"https:\\\/\\\/elcanillita.info\\\/press\\\/#organization\",\"name\":\"Guzzo Photos & Graphic Publications\",\"url\":\"https:\\\/\\\/elcanillita.info\\\/press\\\/\",\"logo\":{\"@type\":\"ImageObject\",\"inLanguage\":\"es-AR\",\"@id\":\"https:\\\/\\\/elcanillita.info\\\/press\\\/#\\\/schema\\\/logo\\\/image\\\/\",\"url\":\"https:\\\/\\\/elcanillita.info\\\/press\\\/images\\\/2020\\\/01\\\/cropped-cropped-cropped-elcanillitainfo.png\",\"contentUrl\":\"https:\\\/\\\/elcanillita.info\\\/press\\\/images\\\/2020\\\/01\\\/cropped-cropped-cropped-elcanillitainfo.png\",\"width\":460,\"height\":50,\"caption\":\"Guzzo Photos & Graphic Publications\"},\"image\":{\"@id\":\"https:\\\/\\\/elcanillita.info\\\/press\\\/#\\\/schema\\\/logo\\\/image\\\/\"},\"sameAs\":[\"https:\\\/\\\/ar-ar.facebook.com\\\/ElCanillitainfo-114249515285712\\\/\"]},{\"@type\":\"Person\",\"@id\":\"https:\\\/\\\/elcanillita.info\\\/press\\\/#\\\/schema\\\/person\\\/7fcb79f38045700919f7da6d97e71ba0\",\"name\":\"SalaStampa.eu, world press service\",\"image\":{\"@type\":\"ImageObject\",\"inLanguage\":\"es-AR\",\"@id\":\"https:\\\/\\\/secure.gravatar.com\\\/avatar\\\/c2f0e0d515a107624234994507816ca4724c7199cef73fc8bedebf6931d73888?s=96&d=mm&r=g\",\"url\":\"https:\\\/\\\/secure.gravatar.com\\\/avatar\\\/c2f0e0d515a107624234994507816ca4724c7199cef73fc8bedebf6931d73888?s=96&d=mm&r=g\",\"contentUrl\":\"https:\\\/\\\/secure.gravatar.com\\\/avatar\\\/c2f0e0d515a107624234994507816ca4724c7199cef73fc8bedebf6931d73888?s=96&d=mm&r=g\",\"caption\":\"SalaStampa.eu, world press service\"}}]}<\/script>\n<!-- \/ Yoast SEO plugin. -->","yoast_head_json":{"title":"Boris no escapar\u00e1 al pr\u00f3ximo tsunami de desempleos - ElCanillita.Info","robots":{"index":"index","follow":"follow","max-snippet":"max-snippet:-1","max-image-preview":"max-image-preview:large","max-video-preview":"max-video-preview:-1"},"canonical":"https:\/\/elcanillita.info\/press\/2020\/06\/17\/boris-proximo-tsunami-desempleo\/","og_locale":"es_ES","og_type":"article","og_title":"Boris no escapar\u00e1 al pr\u00f3ximo tsunami de desempleos - ElCanillita.Info","og_description":"Londres, 17.06.2020 - Si el Primer Ministro piensa que los pron\u00f3sticos de calamidad econ\u00f3mica son s\u00f3lo un Proyecto del Miedo, probablemente la realidad demostrar\u00e1 que est\u00e1 espectacularmente equivocado.","og_url":"https:\/\/elcanillita.info\/press\/2020\/06\/17\/boris-proximo-tsunami-desempleo\/","og_site_name":"ElCanillita.Info","article_publisher":"https:\/\/ar-ar.facebook.com\/ElCanillitainfo-114249515285712\/","article_published_time":"2020-06-17T17:06:32+00:00","article_modified_time":"2020-06-17T19:05:22+00:00","author":"SalaStampa.eu, world press service","twitter_card":"summary_large_image","twitter_misc":{"Escrito por":"SalaStampa.eu, world press service","Tiempo de lectura":"6 minutos"},"schema":{"@context":"https:\/\/schema.org","@graph":[{"@type":"Article","@id":"https:\/\/elcanillita.info\/press\/2020\/06\/17\/boris-proximo-tsunami-desempleo\/#article","isPartOf":{"@id":"https:\/\/elcanillita.info\/press\/2020\/06\/17\/boris-proximo-tsunami-desempleo\/"},"author":{"name":"SalaStampa.eu, world press service","@id":"https:\/\/elcanillita.info\/press\/#\/schema\/person\/7fcb79f38045700919f7da6d97e71ba0"},"headline":"Boris no escapar\u00e1 al pr\u00f3ximo tsunami de desempleos","datePublished":"2020-06-17T17:06:32+00:00","dateModified":"2020-06-17T19:05:22+00:00","mainEntityOfPage":{"@id":"https:\/\/elcanillita.info\/press\/2020\/06\/17\/boris-proximo-tsunami-desempleo\/"},"wordCount":1176,"publisher":{"@id":"https:\/\/elcanillita.info\/press\/#organization"},"keywords":["Reino Unido"],"articleSection":["Actualidad","Europa","Politica","Sociedad"],"inLanguage":"es-AR"},{"@type":"WebPage","@id":"https:\/\/elcanillita.info\/press\/2020\/06\/17\/boris-proximo-tsunami-desempleo\/","url":"https:\/\/elcanillita.info\/press\/2020\/06\/17\/boris-proximo-tsunami-desempleo\/","name":"Boris no escapar\u00e1 al pr\u00f3ximo tsunami de desempleos - ElCanillita.Info","isPartOf":{"@id":"https:\/\/elcanillita.info\/press\/#website"},"datePublished":"2020-06-17T17:06:32+00:00","dateModified":"2020-06-17T19:05:22+00:00","inLanguage":"es-AR","potentialAction":[{"@type":"ReadAction","target":["https:\/\/elcanillita.info\/press\/2020\/06\/17\/boris-proximo-tsunami-desempleo\/"]}]},{"@type":"WebSite","@id":"https:\/\/elcanillita.info\/press\/#website","url":"https:\/\/elcanillita.info\/press\/","name":"ElCanillita.Info","description":"desde los Apeninos a los Andes","publisher":{"@id":"https:\/\/elcanillita.info\/press\/#organization"},"potentialAction":[{"@type":"SearchAction","target":{"@type":"EntryPoint","urlTemplate":"https:\/\/elcanillita.info\/press\/?s={search_term_string}"},"query-input":{"@type":"PropertyValueSpecification","valueRequired":true,"valueName":"search_term_string"}}],"inLanguage":"es-AR"},{"@type":"Organization","@id":"https:\/\/elcanillita.info\/press\/#organization","name":"Guzzo Photos & Graphic Publications","url":"https:\/\/elcanillita.info\/press\/","logo":{"@type":"ImageObject","inLanguage":"es-AR","@id":"https:\/\/elcanillita.info\/press\/#\/schema\/logo\/image\/","url":"https:\/\/elcanillita.info\/press\/images\/2020\/01\/cropped-cropped-cropped-elcanillitainfo.png","contentUrl":"https:\/\/elcanillita.info\/press\/images\/2020\/01\/cropped-cropped-cropped-elcanillitainfo.png","width":460,"height":50,"caption":"Guzzo Photos & Graphic Publications"},"image":{"@id":"https:\/\/elcanillita.info\/press\/#\/schema\/logo\/image\/"},"sameAs":["https:\/\/ar-ar.facebook.com\/ElCanillitainfo-114249515285712\/"]},{"@type":"Person","@id":"https:\/\/elcanillita.info\/press\/#\/schema\/person\/7fcb79f38045700919f7da6d97e71ba0","name":"SalaStampa.eu, world press service","image":{"@type":"ImageObject","inLanguage":"es-AR","@id":"https:\/\/secure.gravatar.com\/avatar\/c2f0e0d515a107624234994507816ca4724c7199cef73fc8bedebf6931d73888?s=96&d=mm&r=g","url":"https:\/\/secure.gravatar.com\/avatar\/c2f0e0d515a107624234994507816ca4724c7199cef73fc8bedebf6931d73888?s=96&d=mm&r=g","contentUrl":"https:\/\/secure.gravatar.com\/avatar\/c2f0e0d515a107624234994507816ca4724c7199cef73fc8bedebf6931d73888?s=96&d=mm&r=g","caption":"SalaStampa.eu, world press service"}}]}},"views":668,"_links":{"self":[{"href":"https:\/\/elcanillita.info\/press\/wp-json\/wp\/v2\/posts\/764","targetHints":{"allow":["GET"]}}],"collection":[{"href":"https:\/\/elcanillita.info\/press\/wp-json\/wp\/v2\/posts"}],"about":[{"href":"https:\/\/elcanillita.info\/press\/wp-json\/wp\/v2\/types\/post"}],"author":[{"embeddable":true,"href":"https:\/\/elcanillita.info\/press\/wp-json\/wp\/v2\/users\/1"}],"replies":[{"embeddable":true,"href":"https:\/\/elcanillita.info\/press\/wp-json\/wp\/v2\/comments?post=764"}],"version-history":[{"count":0,"href":"https:\/\/elcanillita.info\/press\/wp-json\/wp\/v2\/posts\/764\/revisions"}],"wp:attachment":[{"href":"https:\/\/elcanillita.info\/press\/wp-json\/wp\/v2\/media?parent=764"}],"wp:term":[{"taxonomy":"category","embeddable":true,"href":"https:\/\/elcanillita.info\/press\/wp-json\/wp\/v2\/categories?post=764"},{"taxonomy":"post_tag","embeddable":true,"href":"https:\/\/elcanillita.info\/press\/wp-json\/wp\/v2\/tags?post=764"}],"curies":[{"name":"wp","href":"https:\/\/api.w.org\/{rel}","templated":true}]}}