{"id":76,"date":"2020-01-12T18:39:38","date_gmt":"2020-01-12T21:39:38","guid":{"rendered":"https:\/\/elcanillita.info\/press\/?p=76"},"modified":"2020-01-17T07:35:30","modified_gmt":"2020-01-17T10:35:30","slug":"colombia-presidente-duque-dice-que-eln-atento-contra-base-aerea","status":"publish","type":"post","link":"https:\/\/elcanillita.info\/press\/2020\/01\/12\/colombia-presidente-duque-dice-que-eln-atento-contra-base-aerea\/","title":{"rendered":"Colombia: Presidente Duque dice que ELN atent\u00f3 contra base \u00e1erea"},"content":{"rendered":"\n<p>Bogota, 11.01.2020 &#8211; El presidente colombiano, Iv\u00e1n Duque, atribuy\u00f3 un ataque\u00a0con proyectiles artesanales contra las instalaciones de la Fuerza A\u00e9rea Colombiana en el noreste del pa\u00eds al Ej\u00e9rcito de Liberaci\u00f3n Nacional (ELN).<\/p>\n\n\n\n<p>El atentado contra una base a\u00e9rea ocurri\u00f3 el viernes, a la madrugada, en la ciudad de Yopal, capital del departamento de Casanare. Duque calific\u00f3 el acto como &#8220;cobarde y miserable&#8221;.<br>\n&#8220;Todos los indicios van orientados a que ELN est\u00e1 detr\u00e1s de este ataque. Es un ataque cobarde, es una reacci\u00f3n que ha venido ejerciendo la fuerza p\u00fablica y ellos siempre tratan, en estos momentos del a\u00f1o, afectar unidades militares&#8221;, se\u00f1al\u00f3 el presidente colombiano.<\/p>\n\n\n\n<p>Y agreg\u00f3 que la capacidad de respuesta de su gobierno y las fuerzas militares son efectivas.<br>\nLa Fuerza A\u00e9rea de Colombia, en un comunicado se\u00f1al\u00f3 que el ataque ten\u00eda como objetivo el Grupo A\u00e9reo Casanare y fue perpetrado &#8220;con artefactos explosivos improvisados de tiro parab\u00f3lico&#8221; que estallaron dentro de la base.<\/p>\n\n\n\n<p>El&nbsp;hecho dej\u00f3 una suboficial herida&nbsp;que &#8220;se encuentra estable y no presenta lesiones de gravedad&#8221;, a\u00f1adi\u00f3 la Fuerza A\u00e9rea.&nbsp;<\/p>\n\n\n\n<p>Duque finalmente reiter\u00f3 que el ELN no tiene intenci\u00f3n de paz y quiere seguir &#8220;el camino de la violencia y el del terrorismo&#8221;.<br><br><small>2020 voanoticias \u2013 salastampa.eu, afiliada a la red Broadcasting Board of Governors \u00a9 2020 BBG<\/small><\/p>\n","protected":false},"excerpt":{"rendered":"<p>Bogota, 11.01.2020 &#8211; El presidente colombiano, Iv\u00e1n Duque, atribuy\u00f3 un ataque con proyectiles artesanales contra las instalaciones de la Fuerza A\u00e9rea Colombiana en el noreste del pa\u00eds al Ej\u00e9rcito de Liberaci\u00f3n Nacional (ELN).<\/p>\n","protected":false},"author":1,"featured_media":0,"comment_status":"closed","ping_status":"closed","sticky":false,"template":"","format":"standard","meta":{"footnotes":"","_links_to":"","_links_to_target":""},"categories":[11,23],"tags":[44],"class_list":["post-76","post","type-post","status-publish","format-standard","hentry","category-america-del-sur","category-politica","tag-colombia","entry","double"],"yoast_head":"<!-- This site is optimized with the Yoast SEO plugin v27.4 - https:\/\/yoast.com\/product\/yoast-seo-wordpress\/ -->\n<title>Colombia: Presidente Duque dice que ELN atent\u00f3 contra base \u00e1erea - ElCanillita.Info<\/title>\n<meta name=\"robots\" content=\"index, follow, max-snippet:-1, max-image-preview:large, max-video-preview:-1\" \/>\n<link rel=\"canonical\" href=\"https:\/\/elcanillita.info\/press\/2020\/01\/12\/colombia-presidente-duque-dice-que-eln-atento-contra-base-aerea\/\" \/>\n<meta property=\"og:locale\" content=\"es_ES\" \/>\n<meta property=\"og:type\" content=\"article\" \/>\n<meta property=\"og:title\" content=\"Colombia: Presidente Duque dice que ELN atent\u00f3 contra base \u00e1erea - ElCanillita.Info\" \/>\n<meta property=\"og:description\" content=\"Bogota, 11.01.2020 - El presidente colombiano, Iv\u00e1n Duque, atribuy\u00f3 un ataque con proyectiles artesanales contra las instalaciones de la Fuerza A\u00e9rea Colombiana en el noreste del pa\u00eds al Ej\u00e9rcito de Liberaci\u00f3n Nacional (ELN).\" \/>\n<meta property=\"og:url\" content=\"https:\/\/elcanillita.info\/press\/2020\/01\/12\/colombia-presidente-duque-dice-que-eln-atento-contra-base-aerea\/\" \/>\n<meta property=\"og:site_name\" content=\"ElCanillita.Info\" \/>\n<meta property=\"article:publisher\" content=\"https:\/\/ar-ar.facebook.com\/ElCanillitainfo-114249515285712\/\" \/>\n<meta property=\"article:published_time\" content=\"2020-01-12T21:39:38+00:00\" \/>\n<meta property=\"article:modified_time\" content=\"2020-01-17T10:35:30+00:00\" \/>\n<meta name=\"author\" content=\"SalaStampa.eu, world press service\" \/>\n<meta name=\"twitter:card\" content=\"summary_large_image\" \/>\n<meta name=\"twitter:label1\" content=\"Escrito por\" \/>\n\t<meta name=\"twitter:data1\" content=\"SalaStampa.eu, world press service\" \/>\n\t<meta name=\"twitter:label2\" content=\"Tiempo de lectura\" \/>\n\t<meta name=\"twitter:data2\" content=\"1 minuto\" \/>\n<script type=\"application\/ld+json\" class=\"yoast-schema-graph\">{\"@context\":\"https:\\\/\\\/schema.org\",\"@graph\":[{\"@type\":\"Article\",\"@id\":\"https:\\\/\\\/elcanillita.info\\\/press\\\/2020\\\/01\\\/12\\\/colombia-presidente-duque-dice-que-eln-atento-contra-base-aerea\\\/#article\",\"isPartOf\":{\"@id\":\"https:\\\/\\\/elcanillita.info\\\/press\\\/2020\\\/01\\\/12\\\/colombia-presidente-duque-dice-que-eln-atento-contra-base-aerea\\\/\"},\"author\":{\"name\":\"SalaStampa.eu, world press service\",\"@id\":\"https:\\\/\\\/elcanillita.info\\\/press\\\/#\\\/schema\\\/person\\\/7fcb79f38045700919f7da6d97e71ba0\"},\"headline\":\"Colombia: Presidente Duque dice que ELN atent\u00f3 contra base \u00e1erea\",\"datePublished\":\"2020-01-12T21:39:38+00:00\",\"dateModified\":\"2020-01-17T10:35:30+00:00\",\"mainEntityOfPage\":{\"@id\":\"https:\\\/\\\/elcanillita.info\\\/press\\\/2020\\\/01\\\/12\\\/colombia-presidente-duque-dice-que-eln-atento-contra-base-aerea\\\/\"},\"wordCount\":243,\"publisher\":{\"@id\":\"https:\\\/\\\/elcanillita.info\\\/press\\\/#organization\"},\"keywords\":[\"Colombia\"],\"articleSection\":[\"Am\u00e9rica del Sur\",\"Politica\"],\"inLanguage\":\"es-AR\"},{\"@type\":\"WebPage\",\"@id\":\"https:\\\/\\\/elcanillita.info\\\/press\\\/2020\\\/01\\\/12\\\/colombia-presidente-duque-dice-que-eln-atento-contra-base-aerea\\\/\",\"url\":\"https:\\\/\\\/elcanillita.info\\\/press\\\/2020\\\/01\\\/12\\\/colombia-presidente-duque-dice-que-eln-atento-contra-base-aerea\\\/\",\"name\":\"Colombia: Presidente Duque dice que ELN atent\u00f3 contra base \u00e1erea - ElCanillita.Info\",\"isPartOf\":{\"@id\":\"https:\\\/\\\/elcanillita.info\\\/press\\\/#website\"},\"datePublished\":\"2020-01-12T21:39:38+00:00\",\"dateModified\":\"2020-01-17T10:35:30+00:00\",\"inLanguage\":\"es-AR\",\"potentialAction\":[{\"@type\":\"ReadAction\",\"target\":[\"https:\\\/\\\/elcanillita.info\\\/press\\\/2020\\\/01\\\/12\\\/colombia-presidente-duque-dice-que-eln-atento-contra-base-aerea\\\/\"]}]},{\"@type\":\"WebSite\",\"@id\":\"https:\\\/\\\/elcanillita.info\\\/press\\\/#website\",\"url\":\"https:\\\/\\\/elcanillita.info\\\/press\\\/\",\"name\":\"ElCanillita.Info\",\"description\":\"desde los Apeninos a los Andes\",\"publisher\":{\"@id\":\"https:\\\/\\\/elcanillita.info\\\/press\\\/#organization\"},\"potentialAction\":[{\"@type\":\"SearchAction\",\"target\":{\"@type\":\"EntryPoint\",\"urlTemplate\":\"https:\\\/\\\/elcanillita.info\\\/press\\\/?s={search_term_string}\"},\"query-input\":{\"@type\":\"PropertyValueSpecification\",\"valueRequired\":true,\"valueName\":\"search_term_string\"}}],\"inLanguage\":\"es-AR\"},{\"@type\":\"Organization\",\"@id\":\"https:\\\/\\\/elcanillita.info\\\/press\\\/#organization\",\"name\":\"Guzzo Photos & Graphic Publications\",\"url\":\"https:\\\/\\\/elcanillita.info\\\/press\\\/\",\"logo\":{\"@type\":\"ImageObject\",\"inLanguage\":\"es-AR\",\"@id\":\"https:\\\/\\\/elcanillita.info\\\/press\\\/#\\\/schema\\\/logo\\\/image\\\/\",\"url\":\"https:\\\/\\\/elcanillita.info\\\/press\\\/images\\\/2020\\\/01\\\/cropped-cropped-cropped-elcanillitainfo.png\",\"contentUrl\":\"https:\\\/\\\/elcanillita.info\\\/press\\\/images\\\/2020\\\/01\\\/cropped-cropped-cropped-elcanillitainfo.png\",\"width\":460,\"height\":50,\"caption\":\"Guzzo Photos & Graphic Publications\"},\"image\":{\"@id\":\"https:\\\/\\\/elcanillita.info\\\/press\\\/#\\\/schema\\\/logo\\\/image\\\/\"},\"sameAs\":[\"https:\\\/\\\/ar-ar.facebook.com\\\/ElCanillitainfo-114249515285712\\\/\"]},{\"@type\":\"Person\",\"@id\":\"https:\\\/\\\/elcanillita.info\\\/press\\\/#\\\/schema\\\/person\\\/7fcb79f38045700919f7da6d97e71ba0\",\"name\":\"SalaStampa.eu, world press service\",\"image\":{\"@type\":\"ImageObject\",\"inLanguage\":\"es-AR\",\"@id\":\"https:\\\/\\\/secure.gravatar.com\\\/avatar\\\/c2f0e0d515a107624234994507816ca4724c7199cef73fc8bedebf6931d73888?s=96&d=mm&r=g\",\"url\":\"https:\\\/\\\/secure.gravatar.com\\\/avatar\\\/c2f0e0d515a107624234994507816ca4724c7199cef73fc8bedebf6931d73888?s=96&d=mm&r=g\",\"contentUrl\":\"https:\\\/\\\/secure.gravatar.com\\\/avatar\\\/c2f0e0d515a107624234994507816ca4724c7199cef73fc8bedebf6931d73888?s=96&d=mm&r=g\",\"caption\":\"SalaStampa.eu, world press service\"}}]}<\/script>\n<!-- \/ Yoast SEO plugin. -->","yoast_head_json":{"title":"Colombia: Presidente Duque dice que ELN atent\u00f3 contra base \u00e1erea - ElCanillita.Info","robots":{"index":"index","follow":"follow","max-snippet":"max-snippet:-1","max-image-preview":"max-image-preview:large","max-video-preview":"max-video-preview:-1"},"canonical":"https:\/\/elcanillita.info\/press\/2020\/01\/12\/colombia-presidente-duque-dice-que-eln-atento-contra-base-aerea\/","og_locale":"es_ES","og_type":"article","og_title":"Colombia: Presidente Duque dice que ELN atent\u00f3 contra base \u00e1erea - ElCanillita.Info","og_description":"Bogota, 11.01.2020 - El presidente colombiano, Iv\u00e1n Duque, atribuy\u00f3 un ataque con proyectiles artesanales contra las instalaciones de la Fuerza A\u00e9rea Colombiana en el noreste del pa\u00eds al Ej\u00e9rcito de Liberaci\u00f3n Nacional (ELN).","og_url":"https:\/\/elcanillita.info\/press\/2020\/01\/12\/colombia-presidente-duque-dice-que-eln-atento-contra-base-aerea\/","og_site_name":"ElCanillita.Info","article_publisher":"https:\/\/ar-ar.facebook.com\/ElCanillitainfo-114249515285712\/","article_published_time":"2020-01-12T21:39:38+00:00","article_modified_time":"2020-01-17T10:35:30+00:00","author":"SalaStampa.eu, world press service","twitter_card":"summary_large_image","twitter_misc":{"Escrito por":"SalaStampa.eu, world press service","Tiempo de lectura":"1 minuto"},"schema":{"@context":"https:\/\/schema.org","@graph":[{"@type":"Article","@id":"https:\/\/elcanillita.info\/press\/2020\/01\/12\/colombia-presidente-duque-dice-que-eln-atento-contra-base-aerea\/#article","isPartOf":{"@id":"https:\/\/elcanillita.info\/press\/2020\/01\/12\/colombia-presidente-duque-dice-que-eln-atento-contra-base-aerea\/"},"author":{"name":"SalaStampa.eu, world press service","@id":"https:\/\/elcanillita.info\/press\/#\/schema\/person\/7fcb79f38045700919f7da6d97e71ba0"},"headline":"Colombia: Presidente Duque dice que ELN atent\u00f3 contra base \u00e1erea","datePublished":"2020-01-12T21:39:38+00:00","dateModified":"2020-01-17T10:35:30+00:00","mainEntityOfPage":{"@id":"https:\/\/elcanillita.info\/press\/2020\/01\/12\/colombia-presidente-duque-dice-que-eln-atento-contra-base-aerea\/"},"wordCount":243,"publisher":{"@id":"https:\/\/elcanillita.info\/press\/#organization"},"keywords":["Colombia"],"articleSection":["Am\u00e9rica del Sur","Politica"],"inLanguage":"es-AR"},{"@type":"WebPage","@id":"https:\/\/elcanillita.info\/press\/2020\/01\/12\/colombia-presidente-duque-dice-que-eln-atento-contra-base-aerea\/","url":"https:\/\/elcanillita.info\/press\/2020\/01\/12\/colombia-presidente-duque-dice-que-eln-atento-contra-base-aerea\/","name":"Colombia: Presidente Duque dice que ELN atent\u00f3 contra base \u00e1erea - ElCanillita.Info","isPartOf":{"@id":"https:\/\/elcanillita.info\/press\/#website"},"datePublished":"2020-01-12T21:39:38+00:00","dateModified":"2020-01-17T10:35:30+00:00","inLanguage":"es-AR","potentialAction":[{"@type":"ReadAction","target":["https:\/\/elcanillita.info\/press\/2020\/01\/12\/colombia-presidente-duque-dice-que-eln-atento-contra-base-aerea\/"]}]},{"@type":"WebSite","@id":"https:\/\/elcanillita.info\/press\/#website","url":"https:\/\/elcanillita.info\/press\/","name":"ElCanillita.Info","description":"desde los Apeninos a los Andes","publisher":{"@id":"https:\/\/elcanillita.info\/press\/#organization"},"potentialAction":[{"@type":"SearchAction","target":{"@type":"EntryPoint","urlTemplate":"https:\/\/elcanillita.info\/press\/?s={search_term_string}"},"query-input":{"@type":"PropertyValueSpecification","valueRequired":true,"valueName":"search_term_string"}}],"inLanguage":"es-AR"},{"@type":"Organization","@id":"https:\/\/elcanillita.info\/press\/#organization","name":"Guzzo Photos & Graphic Publications","url":"https:\/\/elcanillita.info\/press\/","logo":{"@type":"ImageObject","inLanguage":"es-AR","@id":"https:\/\/elcanillita.info\/press\/#\/schema\/logo\/image\/","url":"https:\/\/elcanillita.info\/press\/images\/2020\/01\/cropped-cropped-cropped-elcanillitainfo.png","contentUrl":"https:\/\/elcanillita.info\/press\/images\/2020\/01\/cropped-cropped-cropped-elcanillitainfo.png","width":460,"height":50,"caption":"Guzzo Photos & Graphic Publications"},"image":{"@id":"https:\/\/elcanillita.info\/press\/#\/schema\/logo\/image\/"},"sameAs":["https:\/\/ar-ar.facebook.com\/ElCanillitainfo-114249515285712\/"]},{"@type":"Person","@id":"https:\/\/elcanillita.info\/press\/#\/schema\/person\/7fcb79f38045700919f7da6d97e71ba0","name":"SalaStampa.eu, world press service","image":{"@type":"ImageObject","inLanguage":"es-AR","@id":"https:\/\/secure.gravatar.com\/avatar\/c2f0e0d515a107624234994507816ca4724c7199cef73fc8bedebf6931d73888?s=96&d=mm&r=g","url":"https:\/\/secure.gravatar.com\/avatar\/c2f0e0d515a107624234994507816ca4724c7199cef73fc8bedebf6931d73888?s=96&d=mm&r=g","contentUrl":"https:\/\/secure.gravatar.com\/avatar\/c2f0e0d515a107624234994507816ca4724c7199cef73fc8bedebf6931d73888?s=96&d=mm&r=g","caption":"SalaStampa.eu, world press service"}}]}},"views":793,"_links":{"self":[{"href":"https:\/\/elcanillita.info\/press\/wp-json\/wp\/v2\/posts\/76","targetHints":{"allow":["GET"]}}],"collection":[{"href":"https:\/\/elcanillita.info\/press\/wp-json\/wp\/v2\/posts"}],"about":[{"href":"https:\/\/elcanillita.info\/press\/wp-json\/wp\/v2\/types\/post"}],"author":[{"embeddable":true,"href":"https:\/\/elcanillita.info\/press\/wp-json\/wp\/v2\/users\/1"}],"replies":[{"embeddable":true,"href":"https:\/\/elcanillita.info\/press\/wp-json\/wp\/v2\/comments?post=76"}],"version-history":[{"count":0,"href":"https:\/\/elcanillita.info\/press\/wp-json\/wp\/v2\/posts\/76\/revisions"}],"wp:attachment":[{"href":"https:\/\/elcanillita.info\/press\/wp-json\/wp\/v2\/media?parent=76"}],"wp:term":[{"taxonomy":"category","embeddable":true,"href":"https:\/\/elcanillita.info\/press\/wp-json\/wp\/v2\/categories?post=76"},{"taxonomy":"post_tag","embeddable":true,"href":"https:\/\/elcanillita.info\/press\/wp-json\/wp\/v2\/tags?post=76"}],"curies":[{"name":"wp","href":"https:\/\/api.w.org\/{rel}","templated":true}]}}