{"id":753,"date":"2020-06-16T11:57:28","date_gmt":"2020-06-16T14:57:28","guid":{"rendered":"https:\/\/elcanillita.info\/press\/?p=753"},"modified":"2020-06-16T12:51:10","modified_gmt":"2020-06-16T15:51:10","slug":"diez-anos-carcel-profanar-monumentos","status":"publish","type":"post","link":"https:\/\/elcanillita.info\/press\/2020\/06\/16\/diez-anos-carcel-profanar-monumentos\/","title":{"rendered":"10 A\u00f1os de c\u00e1rcel por profanar monumentos"},"content":{"rendered":"\n<p> <img decoding=\"async\" src=\"https:\/\/elcanillita.info\/press\/images\/2020\/06\/pipi.jpg\"> Londres,15.06.2020 &#8211; El ministerio ingl\u00e9s tomar\u00e1 medidas en\u00e9rgicas contra quienes da\u00f1en monumentos hist\u00f3ricos durante manifestaciones de protestas.<\/p>\n\n\n\n<p>Los manifestantes que profanen los memoriales de guerra podr\u00edan enfrentar sentencias de prisi\u00f3n de hasta diez a\u00f1os, seg\u00fan los planes que los ministros est\u00e1n considerando despu\u00e9s de que el Cenotafio y una estatua de Winston Churchill fueran abordados para protegerlos del vantalismo de un grupo de manifestantes.<\/p>\n\n\n\n<p>El Secretario de Justicia, Robert Buckland, la Ministra del Interior, Priti Pate, y la Fiscal General Suella Braverman, est\u00e1n discutiendo propuestas para enjuiciar personas que da\u00f1en monumentos de personas que murieron durante las guerras. Las medidas en discusi\u00f3n tambi\u00e9n podr\u00edan cubrir algunas estatuas que actualmente son atacadas por activistas.<\/p>\n\n\n\n<p>Las conversaciones comenzaron despu\u00e9s de que 125 parlamentarios conservadores respaldaron los planes para un nuevo proyecto de ley de profanaci\u00f3n de guerra, que ser\u00e1 presentado a la C\u00e1mara de los Comunes el 23 de junio por dos diputados comunes, Jonathan Gullis, parlamentario de Stoke-on-Trent North y James Sunderland , un ex oficial del ej\u00e9rcito.<\/p>\n\n\n\n<p>Los ministros se enfrentan a una creciente revuelta parlamentaria sobre el manejo de las protestas que han visto a un Cenotafio embadurnado con graf\u00edti, mientras que los manifestantes derribaron una estatua en Bristol y apuntan a muchos otros en todo el pa\u00eds. En otro incidente la semana pasada, se descubri\u00f3 que se arroj\u00f3 pintura en dos monumentos en Lincolnshire.<\/p>\n\n\n\n<p>El s\u00e1bado, se lanzaron misiles contra la polic\u00eda antidisturbios, que intentaba alejar a los activistas de extrema derecha de Whitehall cuando su autoproclamada misi\u00f3n de proteger el cenotafio y la estatua de Churchill se convirti\u00f3 en horas de violencia.<\/p>\n\n\n\n<p>Un hombre vinculado a un grupo de extrema derecha fue visto orinando junto al monumento a PC Keith Palmer, quien muri\u00f3 protegiendo al Parlamento de un ataque terrorista en 2017.<\/p>\n\n\n\n<p>El secretario del Interior, Priti Patel, conden\u00f3 el incidente: &#8220;Hemos visto algunas escenas vergonzosas hoy, incluida la profanaci\u00f3n del memorial del PC Keith Palmer en el Parlamento, en Westminster Square, y francamente eso es vergonzoso, eso es absolutamente terrible y vergonzoso&#8221;, dijo a la prensa.<\/p>\n\n\n\n<p>La polic\u00eda metropolitana anunci\u00f3 que hab\u00edan iniciado una investigaci\u00f3n sobre el incidente.<br><br> Boris Johnson public\u00f3 en Twitter: &#8220;La violencia racista no tiene lugar en nuestras calles. Cualquiera que ataque a la polic\u00eda se encontrar\u00e1 con toda la fuerza de la ley. Estas marchas y protestas han sido subvertidas por la violencia y violan las pautas actuales.  El racismo no tiene parte en el Reino Unido y debemos trabajar juntos para que sea una realidad &#8220;.<br><br>Gullis y Sunderland se reunir\u00e1n esta semana con la Sra. Patel, la Sra. Braverman y el Sr. Buckland para discutir sus propuestas de tomar medidas en\u00e9rgicas contra quienes atacan monumentos, un problema que causa una inquietud particular entre los diputados.<br><br>&#8220;En la actualidad no existe una ley espec\u00edfica para proteger estos monumentos importantes y, a menos que se hagan da\u00f1os por valor de \u00a3 5,000, es dif\u00edcil de enjuiciar&#8221;, dijo Gullis a la prensa.<\/p>\n\n\n\n<p>Una opci\u00f3n que los ministros consideran como una forma de abordar el problema, es enmendar la Ley de Da\u00f1os Criminales para hacer que los monumentos de guerra est\u00e9n exentos a la estipulaci\u00f3n de que los da\u00f1os por menos de \u00a3 5,000 (Esterlinas) deben ser tratados como un delito menor y manejados por un tribunal de primera instancia.<\/p>\n\n\n\n<p>Tal medida pondr\u00eda a los vandalos que destrozan esos monumentos, frente a una audiencia en la Corte Suprema dela corona y una posible sentencia de prisi\u00f3n de hasta diez a\u00f1os.<\/p>\n\n\n<p><small> \u00a9 2020 PanPress.Eu \/ SalaStampa.Eu &#8211; Derechos Reservados<br><\/small><\/p>\n\n\n<p><\/p>\n","protected":false},"excerpt":{"rendered":"<p>Londres,15.06.2020 &#8211; El ministerio ingl\u00e9s tomar\u00e1 medidas en\u00e9rgicas contra quienes da\u00f1en monumentos hist\u00f3ricos durante manifestaciones de protestas.<\/p>\n","protected":false},"author":1,"featured_media":0,"comment_status":"closed","ping_status":"closed","sticky":false,"template":"","format":"standard","meta":{"footnotes":"","_links_to":"","_links_to_target":""},"categories":[70,19,5,22,25],"tags":[58],"class_list":["post-753","post","type-post","status-publish","format-standard","hentry","category-actualidad","category-cultura","category-europa","category-justicia","category-sociedad","tag-reino-unido","entry","double"],"yoast_head":"<!-- This site is optimized with the Yoast SEO plugin v27.4 - https:\/\/yoast.com\/product\/yoast-seo-wordpress\/ -->\n<title>10 A\u00f1os de c\u00e1rcel por profanar monumentos - ElCanillita.Info<\/title>\n<meta name=\"robots\" content=\"index, follow, max-snippet:-1, max-image-preview:large, max-video-preview:-1\" \/>\n<link rel=\"canonical\" href=\"https:\/\/elcanillita.info\/press\/2020\/06\/16\/diez-anos-carcel-profanar-monumentos\/\" \/>\n<meta property=\"og:locale\" content=\"es_ES\" \/>\n<meta property=\"og:type\" content=\"article\" \/>\n<meta property=\"og:title\" content=\"10 A\u00f1os de c\u00e1rcel por profanar monumentos - ElCanillita.Info\" \/>\n<meta property=\"og:description\" content=\"Londres,15.06.2020 - El ministerio ingl\u00e9s tomar\u00e1 medidas en\u00e9rgicas contra quienes da\u00f1en monumentos hist\u00f3ricos durante manifestaciones de protestas.\" \/>\n<meta property=\"og:url\" content=\"https:\/\/elcanillita.info\/press\/2020\/06\/16\/diez-anos-carcel-profanar-monumentos\/\" \/>\n<meta property=\"og:site_name\" content=\"ElCanillita.Info\" \/>\n<meta property=\"article:publisher\" content=\"https:\/\/ar-ar.facebook.com\/ElCanillitainfo-114249515285712\/\" \/>\n<meta property=\"article:published_time\" content=\"2020-06-16T14:57:28+00:00\" \/>\n<meta property=\"article:modified_time\" content=\"2020-06-16T15:51:10+00:00\" \/>\n<meta property=\"og:image\" content=\"https:\/\/elcanillita.info\/press\/images\/2020\/06\/pipi.jpg\" \/>\n<meta name=\"author\" content=\"SalaStampa.eu, world press service\" \/>\n<meta name=\"twitter:card\" content=\"summary_large_image\" \/>\n<meta name=\"twitter:label1\" content=\"Escrito por\" \/>\n\t<meta name=\"twitter:data1\" content=\"SalaStampa.eu, world press service\" \/>\n\t<meta name=\"twitter:label2\" content=\"Tiempo de lectura\" \/>\n\t<meta name=\"twitter:data2\" content=\"3 minutos\" \/>\n<script type=\"application\/ld+json\" class=\"yoast-schema-graph\">{\"@context\":\"https:\\\/\\\/schema.org\",\"@graph\":[{\"@type\":\"Article\",\"@id\":\"https:\\\/\\\/elcanillita.info\\\/press\\\/2020\\\/06\\\/16\\\/diez-anos-carcel-profanar-monumentos\\\/#article\",\"isPartOf\":{\"@id\":\"https:\\\/\\\/elcanillita.info\\\/press\\\/2020\\\/06\\\/16\\\/diez-anos-carcel-profanar-monumentos\\\/\"},\"author\":{\"name\":\"SalaStampa.eu, world press service\",\"@id\":\"https:\\\/\\\/elcanillita.info\\\/press\\\/#\\\/schema\\\/person\\\/7fcb79f38045700919f7da6d97e71ba0\"},\"headline\":\"10 A\u00f1os de c\u00e1rcel por profanar monumentos\",\"datePublished\":\"2020-06-16T14:57:28+00:00\",\"dateModified\":\"2020-06-16T15:51:10+00:00\",\"mainEntityOfPage\":{\"@id\":\"https:\\\/\\\/elcanillita.info\\\/press\\\/2020\\\/06\\\/16\\\/diez-anos-carcel-profanar-monumentos\\\/\"},\"wordCount\":624,\"publisher\":{\"@id\":\"https:\\\/\\\/elcanillita.info\\\/press\\\/#organization\"},\"image\":{\"@id\":\"https:\\\/\\\/elcanillita.info\\\/press\\\/2020\\\/06\\\/16\\\/diez-anos-carcel-profanar-monumentos\\\/#primaryimage\"},\"thumbnailUrl\":\"https:\\\/\\\/elcanillita.info\\\/press\\\/images\\\/2020\\\/06\\\/pipi.jpg\",\"keywords\":[\"Reino Unido\"],\"articleSection\":[\"Actualidad\",\"Cultura\",\"Europa\",\"Justicia\",\"Sociedad\"],\"inLanguage\":\"es-AR\"},{\"@type\":\"WebPage\",\"@id\":\"https:\\\/\\\/elcanillita.info\\\/press\\\/2020\\\/06\\\/16\\\/diez-anos-carcel-profanar-monumentos\\\/\",\"url\":\"https:\\\/\\\/elcanillita.info\\\/press\\\/2020\\\/06\\\/16\\\/diez-anos-carcel-profanar-monumentos\\\/\",\"name\":\"10 A\u00f1os de c\u00e1rcel por profanar monumentos - ElCanillita.Info\",\"isPartOf\":{\"@id\":\"https:\\\/\\\/elcanillita.info\\\/press\\\/#website\"},\"primaryImageOfPage\":{\"@id\":\"https:\\\/\\\/elcanillita.info\\\/press\\\/2020\\\/06\\\/16\\\/diez-anos-carcel-profanar-monumentos\\\/#primaryimage\"},\"image\":{\"@id\":\"https:\\\/\\\/elcanillita.info\\\/press\\\/2020\\\/06\\\/16\\\/diez-anos-carcel-profanar-monumentos\\\/#primaryimage\"},\"thumbnailUrl\":\"https:\\\/\\\/elcanillita.info\\\/press\\\/images\\\/2020\\\/06\\\/pipi.jpg\",\"datePublished\":\"2020-06-16T14:57:28+00:00\",\"dateModified\":\"2020-06-16T15:51:10+00:00\",\"inLanguage\":\"es-AR\",\"potentialAction\":[{\"@type\":\"ReadAction\",\"target\":[\"https:\\\/\\\/elcanillita.info\\\/press\\\/2020\\\/06\\\/16\\\/diez-anos-carcel-profanar-monumentos\\\/\"]}]},{\"@type\":\"ImageObject\",\"inLanguage\":\"es-AR\",\"@id\":\"https:\\\/\\\/elcanillita.info\\\/press\\\/2020\\\/06\\\/16\\\/diez-anos-carcel-profanar-monumentos\\\/#primaryimage\",\"url\":\"https:\\\/\\\/elcanillita.info\\\/press\\\/images\\\/2020\\\/06\\\/pipi.jpg\",\"contentUrl\":\"https:\\\/\\\/elcanillita.info\\\/press\\\/images\\\/2020\\\/06\\\/pipi.jpg\"},{\"@type\":\"WebSite\",\"@id\":\"https:\\\/\\\/elcanillita.info\\\/press\\\/#website\",\"url\":\"https:\\\/\\\/elcanillita.info\\\/press\\\/\",\"name\":\"ElCanillita.Info\",\"description\":\"desde los Apeninos a los Andes\",\"publisher\":{\"@id\":\"https:\\\/\\\/elcanillita.info\\\/press\\\/#organization\"},\"potentialAction\":[{\"@type\":\"SearchAction\",\"target\":{\"@type\":\"EntryPoint\",\"urlTemplate\":\"https:\\\/\\\/elcanillita.info\\\/press\\\/?s={search_term_string}\"},\"query-input\":{\"@type\":\"PropertyValueSpecification\",\"valueRequired\":true,\"valueName\":\"search_term_string\"}}],\"inLanguage\":\"es-AR\"},{\"@type\":\"Organization\",\"@id\":\"https:\\\/\\\/elcanillita.info\\\/press\\\/#organization\",\"name\":\"Guzzo Photos & Graphic Publications\",\"url\":\"https:\\\/\\\/elcanillita.info\\\/press\\\/\",\"logo\":{\"@type\":\"ImageObject\",\"inLanguage\":\"es-AR\",\"@id\":\"https:\\\/\\\/elcanillita.info\\\/press\\\/#\\\/schema\\\/logo\\\/image\\\/\",\"url\":\"https:\\\/\\\/elcanillita.info\\\/press\\\/images\\\/2020\\\/01\\\/cropped-cropped-cropped-elcanillitainfo.png\",\"contentUrl\":\"https:\\\/\\\/elcanillita.info\\\/press\\\/images\\\/2020\\\/01\\\/cropped-cropped-cropped-elcanillitainfo.png\",\"width\":460,\"height\":50,\"caption\":\"Guzzo Photos & Graphic Publications\"},\"image\":{\"@id\":\"https:\\\/\\\/elcanillita.info\\\/press\\\/#\\\/schema\\\/logo\\\/image\\\/\"},\"sameAs\":[\"https:\\\/\\\/ar-ar.facebook.com\\\/ElCanillitainfo-114249515285712\\\/\"]},{\"@type\":\"Person\",\"@id\":\"https:\\\/\\\/elcanillita.info\\\/press\\\/#\\\/schema\\\/person\\\/7fcb79f38045700919f7da6d97e71ba0\",\"name\":\"SalaStampa.eu, world press service\",\"image\":{\"@type\":\"ImageObject\",\"inLanguage\":\"es-AR\",\"@id\":\"https:\\\/\\\/secure.gravatar.com\\\/avatar\\\/c2f0e0d515a107624234994507816ca4724c7199cef73fc8bedebf6931d73888?s=96&d=mm&r=g\",\"url\":\"https:\\\/\\\/secure.gravatar.com\\\/avatar\\\/c2f0e0d515a107624234994507816ca4724c7199cef73fc8bedebf6931d73888?s=96&d=mm&r=g\",\"contentUrl\":\"https:\\\/\\\/secure.gravatar.com\\\/avatar\\\/c2f0e0d515a107624234994507816ca4724c7199cef73fc8bedebf6931d73888?s=96&d=mm&r=g\",\"caption\":\"SalaStampa.eu, world press service\"}}]}<\/script>\n<!-- \/ Yoast SEO plugin. -->","yoast_head_json":{"title":"10 A\u00f1os de c\u00e1rcel por profanar monumentos - ElCanillita.Info","robots":{"index":"index","follow":"follow","max-snippet":"max-snippet:-1","max-image-preview":"max-image-preview:large","max-video-preview":"max-video-preview:-1"},"canonical":"https:\/\/elcanillita.info\/press\/2020\/06\/16\/diez-anos-carcel-profanar-monumentos\/","og_locale":"es_ES","og_type":"article","og_title":"10 A\u00f1os de c\u00e1rcel por profanar monumentos - ElCanillita.Info","og_description":"Londres,15.06.2020 - El ministerio ingl\u00e9s tomar\u00e1 medidas en\u00e9rgicas contra quienes da\u00f1en monumentos hist\u00f3ricos durante manifestaciones de protestas.","og_url":"https:\/\/elcanillita.info\/press\/2020\/06\/16\/diez-anos-carcel-profanar-monumentos\/","og_site_name":"ElCanillita.Info","article_publisher":"https:\/\/ar-ar.facebook.com\/ElCanillitainfo-114249515285712\/","article_published_time":"2020-06-16T14:57:28+00:00","article_modified_time":"2020-06-16T15:51:10+00:00","og_image":[{"url":"https:\/\/elcanillita.info\/press\/images\/2020\/06\/pipi.jpg","type":"","width":"","height":""}],"author":"SalaStampa.eu, world press service","twitter_card":"summary_large_image","twitter_misc":{"Escrito por":"SalaStampa.eu, world press service","Tiempo de lectura":"3 minutos"},"schema":{"@context":"https:\/\/schema.org","@graph":[{"@type":"Article","@id":"https:\/\/elcanillita.info\/press\/2020\/06\/16\/diez-anos-carcel-profanar-monumentos\/#article","isPartOf":{"@id":"https:\/\/elcanillita.info\/press\/2020\/06\/16\/diez-anos-carcel-profanar-monumentos\/"},"author":{"name":"SalaStampa.eu, world press service","@id":"https:\/\/elcanillita.info\/press\/#\/schema\/person\/7fcb79f38045700919f7da6d97e71ba0"},"headline":"10 A\u00f1os de c\u00e1rcel por profanar monumentos","datePublished":"2020-06-16T14:57:28+00:00","dateModified":"2020-06-16T15:51:10+00:00","mainEntityOfPage":{"@id":"https:\/\/elcanillita.info\/press\/2020\/06\/16\/diez-anos-carcel-profanar-monumentos\/"},"wordCount":624,"publisher":{"@id":"https:\/\/elcanillita.info\/press\/#organization"},"image":{"@id":"https:\/\/elcanillita.info\/press\/2020\/06\/16\/diez-anos-carcel-profanar-monumentos\/#primaryimage"},"thumbnailUrl":"https:\/\/elcanillita.info\/press\/images\/2020\/06\/pipi.jpg","keywords":["Reino Unido"],"articleSection":["Actualidad","Cultura","Europa","Justicia","Sociedad"],"inLanguage":"es-AR"},{"@type":"WebPage","@id":"https:\/\/elcanillita.info\/press\/2020\/06\/16\/diez-anos-carcel-profanar-monumentos\/","url":"https:\/\/elcanillita.info\/press\/2020\/06\/16\/diez-anos-carcel-profanar-monumentos\/","name":"10 A\u00f1os de c\u00e1rcel por profanar monumentos - ElCanillita.Info","isPartOf":{"@id":"https:\/\/elcanillita.info\/press\/#website"},"primaryImageOfPage":{"@id":"https:\/\/elcanillita.info\/press\/2020\/06\/16\/diez-anos-carcel-profanar-monumentos\/#primaryimage"},"image":{"@id":"https:\/\/elcanillita.info\/press\/2020\/06\/16\/diez-anos-carcel-profanar-monumentos\/#primaryimage"},"thumbnailUrl":"https:\/\/elcanillita.info\/press\/images\/2020\/06\/pipi.jpg","datePublished":"2020-06-16T14:57:28+00:00","dateModified":"2020-06-16T15:51:10+00:00","inLanguage":"es-AR","potentialAction":[{"@type":"ReadAction","target":["https:\/\/elcanillita.info\/press\/2020\/06\/16\/diez-anos-carcel-profanar-monumentos\/"]}]},{"@type":"ImageObject","inLanguage":"es-AR","@id":"https:\/\/elcanillita.info\/press\/2020\/06\/16\/diez-anos-carcel-profanar-monumentos\/#primaryimage","url":"https:\/\/elcanillita.info\/press\/images\/2020\/06\/pipi.jpg","contentUrl":"https:\/\/elcanillita.info\/press\/images\/2020\/06\/pipi.jpg"},{"@type":"WebSite","@id":"https:\/\/elcanillita.info\/press\/#website","url":"https:\/\/elcanillita.info\/press\/","name":"ElCanillita.Info","description":"desde los Apeninos a los Andes","publisher":{"@id":"https:\/\/elcanillita.info\/press\/#organization"},"potentialAction":[{"@type":"SearchAction","target":{"@type":"EntryPoint","urlTemplate":"https:\/\/elcanillita.info\/press\/?s={search_term_string}"},"query-input":{"@type":"PropertyValueSpecification","valueRequired":true,"valueName":"search_term_string"}}],"inLanguage":"es-AR"},{"@type":"Organization","@id":"https:\/\/elcanillita.info\/press\/#organization","name":"Guzzo Photos & Graphic Publications","url":"https:\/\/elcanillita.info\/press\/","logo":{"@type":"ImageObject","inLanguage":"es-AR","@id":"https:\/\/elcanillita.info\/press\/#\/schema\/logo\/image\/","url":"https:\/\/elcanillita.info\/press\/images\/2020\/01\/cropped-cropped-cropped-elcanillitainfo.png","contentUrl":"https:\/\/elcanillita.info\/press\/images\/2020\/01\/cropped-cropped-cropped-elcanillitainfo.png","width":460,"height":50,"caption":"Guzzo Photos & Graphic Publications"},"image":{"@id":"https:\/\/elcanillita.info\/press\/#\/schema\/logo\/image\/"},"sameAs":["https:\/\/ar-ar.facebook.com\/ElCanillitainfo-114249515285712\/"]},{"@type":"Person","@id":"https:\/\/elcanillita.info\/press\/#\/schema\/person\/7fcb79f38045700919f7da6d97e71ba0","name":"SalaStampa.eu, world press service","image":{"@type":"ImageObject","inLanguage":"es-AR","@id":"https:\/\/secure.gravatar.com\/avatar\/c2f0e0d515a107624234994507816ca4724c7199cef73fc8bedebf6931d73888?s=96&d=mm&r=g","url":"https:\/\/secure.gravatar.com\/avatar\/c2f0e0d515a107624234994507816ca4724c7199cef73fc8bedebf6931d73888?s=96&d=mm&r=g","contentUrl":"https:\/\/secure.gravatar.com\/avatar\/c2f0e0d515a107624234994507816ca4724c7199cef73fc8bedebf6931d73888?s=96&d=mm&r=g","caption":"SalaStampa.eu, world press service"}}]}},"views":696,"_links":{"self":[{"href":"https:\/\/elcanillita.info\/press\/wp-json\/wp\/v2\/posts\/753","targetHints":{"allow":["GET"]}}],"collection":[{"href":"https:\/\/elcanillita.info\/press\/wp-json\/wp\/v2\/posts"}],"about":[{"href":"https:\/\/elcanillita.info\/press\/wp-json\/wp\/v2\/types\/post"}],"author":[{"embeddable":true,"href":"https:\/\/elcanillita.info\/press\/wp-json\/wp\/v2\/users\/1"}],"replies":[{"embeddable":true,"href":"https:\/\/elcanillita.info\/press\/wp-json\/wp\/v2\/comments?post=753"}],"version-history":[{"count":0,"href":"https:\/\/elcanillita.info\/press\/wp-json\/wp\/v2\/posts\/753\/revisions"}],"wp:attachment":[{"href":"https:\/\/elcanillita.info\/press\/wp-json\/wp\/v2\/media?parent=753"}],"wp:term":[{"taxonomy":"category","embeddable":true,"href":"https:\/\/elcanillita.info\/press\/wp-json\/wp\/v2\/categories?post=753"},{"taxonomy":"post_tag","embeddable":true,"href":"https:\/\/elcanillita.info\/press\/wp-json\/wp\/v2\/tags?post=753"}],"curies":[{"name":"wp","href":"https:\/\/api.w.org\/{rel}","templated":true}]}}