{"id":7480,"date":"2026-09-05T01:26:55","date_gmt":"2026-09-05T04:26:55","guid":{"rendered":"https:\/\/elcanillita.info\/press\/?p=7480"},"modified":"2026-09-05T01:27:02","modified_gmt":"2026-09-05T04:27:02","slug":"respaldo-electoral","status":"publish","type":"post","link":"https:\/\/elcanillita.info\/press\/2026\/09\/05\/respaldo-electoral\/","title":{"rendered":"Respaldo electoral"},"content":{"rendered":"<div class=\"wp-block-image\">\n<figure class=\"alignleft size-full is-resized\"><img loading=\"lazy\" decoding=\"async\" width=\"743\" height=\"1000\" src=\"https:\/\/elcanillita.info\/press\/images\/2026\/08\/Mza_page.jpg\" alt=\"\" class=\"wp-image-7378\" style=\"aspect-ratio:0.7430073806582407;width:342px;height:auto\" srcset=\"https:\/\/elcanillita.info\/press\/images\/2026\/08\/Mza_page.jpg 743w, https:\/\/elcanillita.info\/press\/images\/2026\/08\/Mza_page-223x300.jpg 223w\" sizes=\"auto, (max-width: 743px) 100vw, 743px\" \/><\/figure>\n<\/div>\n\n\n<p>Alfredo Cornejo sali\u00f3 a respaldar el proyecto sobre las Islas Malvinas anunciado por Javier Milei. Lo hizo con las palabras apropiadas: causa nacional, memoria de los veteranos, soberan\u00eda, diplomacia y derecho internacional. Un traje institucional impecable, planchado para la ocasi\u00f3n y con escarapela en la solapa.<\/p>\n\n\n\n<p>El gobernador mendocino celebr\u00f3 especialmente el cambio de estrategia del Gobierno: menos resoluciones diplom\u00e1ticas destinadas a dormir en los archivos y m\u00e1s represalias econ\u00f3micas capaces \u2014al menos en teor\u00eda\u2014 de producir consecuencias concretas.<\/p>\n\n\n\n<p>La idea merece ser considerada. Despu\u00e9s de d\u00e9cadas de declaraciones solemnes, comunicados y fotograf\u00edas de familia, nadie podr\u00eda escandalizarse porque la Argentina intente incorporar alg\u00fan instrumento efectivo a su reclamo. El problema comienza cuando la firmeza se anuncia antes de conocer su alcance, su costo y, sobre todo, qui\u00e9n terminar\u00e1 pagando la factura.<\/p>\n\n\n\n<p>Las represalias econ\u00f3micas suelen presentarse como ca\u00f1ones dirigidos hacia el adversario. Luego, cuando llega el momento de disparar, se descubre que algunas estaban apuntando hacia los propios bolsillos. La soberan\u00eda necesita decisi\u00f3n, pero tambi\u00e9n punter\u00eda.<\/p>\n\n\n\n<p>Cornejo a\u00f1adi\u00f3 a su respaldo la memoria sanmartiniana de Mendoza. Record\u00f3 que desde aquella provincia parti\u00f3 el Ej\u00e9rcito de los Andes y vincul\u00f3 esa gesta con los compromisos soberanos del presente. La comparaci\u00f3n es noble, aunque conviene conservar las proporciones: San Mart\u00edn cruz\u00f3 la cordillera con un ej\u00e9rcito; la pol\u00edtica argentina suele cruzar declaraciones por las redes sociales.<\/p>\n\n\n\n<p>Horas despu\u00e9s, el mismo gobernador reclam\u00f3 una reforma fiscal profunda: impuestos, gasto p\u00fablico, distribuci\u00f3n de recursos y coparticipaci\u00f3n. Es decir, abri\u00f3 el caj\u00f3n donde la Naci\u00f3n y las provincias guardan desde hace d\u00e9cadas sus cuchillos m\u00e1s afilados.<\/p>\n\n\n\n<p>All\u00ed termina r\u00e1pidamente la unanimidad patri\u00f3tica. Sobre Malvinas todos pueden estrecharse la mano; cuando comienza la discusi\u00f3n sobre qui\u00e9n recauda, qui\u00e9n distribuye y qui\u00e9n paga, cada gobernador vuelve a contar los cubiertos.<\/p>\n\n\n\n<p>Cornejo sabe que la estabilidad macroecon\u00f3mica no basta si las provincias carecen de reglas previsibles, inversiones e infraestructura. Tambi\u00e9n sabe que respaldar al Presidente en una causa nacional es una manera elegante de sentarse a la mesa antes de que comience la discusi\u00f3n por la caja.<\/p>\n\n\n\n<p>No hay nada ileg\u00edtimo en ello. Gobernar consiste, entre otras cosas, en defender los intereses provinciales. Pero el respaldo pol\u00edtico rara vez viaja sin equipaje: puede llevar soberan\u00eda, miner\u00eda, coparticipaci\u00f3n y calendario electoral dentro de la misma valija.<\/p>\n\n\n\n<p>Malvinas merece una pol\u00edtica de Estado seria, constante y ajena a los entusiasmos de temporada. La reforma fiscal tambi\u00e9n. Si ambas terminan reducidas a ceremonias de apoyo entre dirigentes que ya miran las pr\u00f3ximas urnas, no estaremos ante una estrategia nacional, sino ante la vieja pol\u00edtica argentina estrenando vocabulario.<\/p>\n\n\n\n<p>Porque en v\u00edsperas electorales hasta los respaldos m\u00e1s patri\u00f3ticos tienen doble lectura: una se publica en X; la otra se cuenta en votos.<br><\/p>\n\n\n<p><small>\ud83d\udd8b\ufe0f \u00a9  El Tasador del Respaldo \u2014 All Rights Reserved | 2026<\/small><\/p>\n<hr style=\"border: none; height: 1px; background-color: #e0e0e0; max-width: 80%; margin: 2em auto;\" \/>\n<p><small>\u00a9 2026 SalaStampa.eu, world press service &#8211; All Rights Reserved &#8211;  Guzzo Photos &#038; Graphic  Publications \u2013 Registro Editori e Stampatori n. 1441 Turin, Italy<\/small><br \/>\n<small>Fuentes consultadas: declaraciones p\u00fablicas de Alfredo Cornejo, informaci\u00f3n de MDZ y cables de prensa.<\/small><\/p>","protected":false},"excerpt":{"rendered":"<p>Alfredo Cornejo respald\u00f3 la nueva estrategia de Javier Milei sobre Malvinas y reclam\u00f3 una reforma fiscal profunda. Cuando la soberan\u00eda, los impuestos y las elecciones coinciden en un mismo discurso, hasta el patriotismo comienza a llevar calculadora.<\/p>\n","protected":false},"author":1,"featured_media":7379,"comment_status":"closed","ping_status":"closed","sticky":false,"template":"","format":"standard","meta":{"footnotes":"","_links_to":"","_links_to_target":""},"categories":[108,121,123,179,216,207,215,208],"tags":[29],"class_list":["post-7480","post","type-post","status-publish","format-standard","has-post-thumbnail","hentry","category-blogdiario","category-dc24","category-argentina","category-detras-de-los-titulares","category-diplomacia-y-conflictos-internacionales","category-economia-de-los-recursos","category-geopolitica-y-soberania","category-mendoza","tag-argentina","entry","double"],"yoast_head":"<!-- This site is optimized with the Yoast SEO plugin v27.8 - https:\/\/yoast.com\/product\/yoast-seo-wordpress\/ -->\n<title>Respaldo electoral - ElCanillita.Info<\/title>\n<meta name=\"robots\" content=\"index, follow, max-snippet:-1, max-image-preview:large, max-video-preview:-1\" \/>\n<link rel=\"canonical\" href=\"https:\/\/elcanillita.info\/press\/2026\/09\/05\/respaldo-electoral\/\" \/>\n<meta property=\"og:locale\" content=\"es_ES\" \/>\n<meta property=\"og:type\" content=\"article\" \/>\n<meta property=\"og:title\" content=\"Respaldo electoral - ElCanillita.Info\" \/>\n<meta property=\"og:description\" content=\"Alfredo Cornejo respald\u00f3 la nueva estrategia de Javier Milei sobre Malvinas y reclam\u00f3 una reforma fiscal profunda. Cuando la soberan\u00eda, los impuestos y las elecciones coinciden en un mismo discurso, hasta el patriotismo comienza a llevar calculadora.\" \/>\n<meta property=\"og:url\" content=\"https:\/\/elcanillita.info\/press\/2026\/09\/05\/respaldo-electoral\/\" \/>\n<meta property=\"og:site_name\" content=\"ElCanillita.Info\" \/>\n<meta property=\"article:publisher\" content=\"https:\/\/ar-ar.facebook.com\/ElCanillitainfo-114249515285712\/\" \/>\n<meta property=\"article:published_time\" content=\"2026-09-05T04:26:55+00:00\" \/>\n<meta property=\"article:modified_time\" content=\"2026-09-05T04:27:02+00:00\" \/>\n<meta property=\"og:image\" content=\"https:\/\/elcanillita.info\/press\/images\/2026\/08\/Mza_cv.jpg\" \/>\n\t<meta property=\"og:image:width\" content=\"600\" \/>\n\t<meta property=\"og:image:height\" content=\"282\" \/>\n\t<meta property=\"og:image:type\" content=\"image\/jpeg\" \/>\n<meta name=\"author\" content=\"SalaStampa.eu, world press service\" \/>\n<meta name=\"twitter:card\" content=\"summary_large_image\" \/>\n<meta name=\"twitter:label1\" content=\"Escrito por\" \/>\n\t<meta name=\"twitter:data1\" content=\"SalaStampa.eu, world press service\" \/>\n\t<meta name=\"twitter:label2\" content=\"Tiempo de lectura\" \/>\n\t<meta name=\"twitter:data2\" content=\"3 minutos\" \/>\n<script type=\"application\/ld+json\" class=\"yoast-schema-graph\">{\"@context\":\"https:\\\/\\\/schema.org\",\"@graph\":[{\"@type\":\"Article\",\"@id\":\"https:\\\/\\\/elcanillita.info\\\/press\\\/2026\\\/09\\\/05\\\/respaldo-electoral\\\/#article\",\"isPartOf\":{\"@id\":\"https:\\\/\\\/elcanillita.info\\\/press\\\/2026\\\/09\\\/05\\\/respaldo-electoral\\\/\"},\"author\":{\"name\":\"SalaStampa.eu, world press service\",\"@id\":\"https:\\\/\\\/elcanillita.info\\\/press\\\/#\\\/schema\\\/person\\\/7fcb79f38045700919f7da6d97e71ba0\"},\"headline\":\"Respaldo electoral\",\"datePublished\":\"2026-09-05T04:26:55+00:00\",\"dateModified\":\"2026-09-05T04:27:02+00:00\",\"mainEntityOfPage\":{\"@id\":\"https:\\\/\\\/elcanillita.info\\\/press\\\/2026\\\/09\\\/05\\\/respaldo-electoral\\\/\"},\"wordCount\":549,\"publisher\":{\"@id\":\"https:\\\/\\\/elcanillita.info\\\/press\\\/#organization\"},\"image\":{\"@id\":\"https:\\\/\\\/elcanillita.info\\\/press\\\/2026\\\/09\\\/05\\\/respaldo-electoral\\\/#primaryimage\"},\"thumbnailUrl\":\"https:\\\/\\\/elcanillita.info\\\/press\\\/images\\\/2026\\\/08\\\/Mza_cv.jpg\",\"keywords\":[\"Argentina\"],\"articleSection\":[\".\",\".\",\"Argentina\",\"Detr\u00e1s de los Titulares\",\"Diplomacia y Conflictos Internacionales\",\"Econom\u00efa de los recursos\",\"Geopol\u00edtica y Soberan\u00eda\",\"Mendoza\"],\"inLanguage\":\"es-AR\"},{\"@type\":\"WebPage\",\"@id\":\"https:\\\/\\\/elcanillita.info\\\/press\\\/2026\\\/09\\\/05\\\/respaldo-electoral\\\/\",\"url\":\"https:\\\/\\\/elcanillita.info\\\/press\\\/2026\\\/09\\\/05\\\/respaldo-electoral\\\/\",\"name\":\"Respaldo electoral - ElCanillita.Info\",\"isPartOf\":{\"@id\":\"https:\\\/\\\/elcanillita.info\\\/press\\\/#website\"},\"primaryImageOfPage\":{\"@id\":\"https:\\\/\\\/elcanillita.info\\\/press\\\/2026\\\/09\\\/05\\\/respaldo-electoral\\\/#primaryimage\"},\"image\":{\"@id\":\"https:\\\/\\\/elcanillita.info\\\/press\\\/2026\\\/09\\\/05\\\/respaldo-electoral\\\/#primaryimage\"},\"thumbnailUrl\":\"https:\\\/\\\/elcanillita.info\\\/press\\\/images\\\/2026\\\/08\\\/Mza_cv.jpg\",\"datePublished\":\"2026-09-05T04:26:55+00:00\",\"dateModified\":\"2026-09-05T04:27:02+00:00\",\"inLanguage\":\"es-AR\",\"potentialAction\":[{\"@type\":\"ReadAction\",\"target\":[\"https:\\\/\\\/elcanillita.info\\\/press\\\/2026\\\/09\\\/05\\\/respaldo-electoral\\\/\"]}]},{\"@type\":\"ImageObject\",\"inLanguage\":\"es-AR\",\"@id\":\"https:\\\/\\\/elcanillita.info\\\/press\\\/2026\\\/09\\\/05\\\/respaldo-electoral\\\/#primaryimage\",\"url\":\"https:\\\/\\\/elcanillita.info\\\/press\\\/images\\\/2026\\\/08\\\/Mza_cv.jpg\",\"contentUrl\":\"https:\\\/\\\/elcanillita.info\\\/press\\\/images\\\/2026\\\/08\\\/Mza_cv.jpg\",\"width\":600,\"height\":282},{\"@type\":\"WebSite\",\"@id\":\"https:\\\/\\\/elcanillita.info\\\/press\\\/#website\",\"url\":\"https:\\\/\\\/elcanillita.info\\\/press\\\/\",\"name\":\"ElCanillita.Info\",\"description\":\"desde los Apeninos a los Andes\",\"publisher\":{\"@id\":\"https:\\\/\\\/elcanillita.info\\\/press\\\/#organization\"},\"potentialAction\":[{\"@type\":\"SearchAction\",\"target\":{\"@type\":\"EntryPoint\",\"urlTemplate\":\"https:\\\/\\\/elcanillita.info\\\/press\\\/?s={search_term_string}\"},\"query-input\":{\"@type\":\"PropertyValueSpecification\",\"valueRequired\":true,\"valueName\":\"search_term_string\"}}],\"inLanguage\":\"es-AR\"},{\"@type\":\"Organization\",\"@id\":\"https:\\\/\\\/elcanillita.info\\\/press\\\/#organization\",\"name\":\"Guzzo Photos & Graphic Publications\",\"url\":\"https:\\\/\\\/elcanillita.info\\\/press\\\/\",\"logo\":{\"@type\":\"ImageObject\",\"inLanguage\":\"es-AR\",\"@id\":\"https:\\\/\\\/elcanillita.info\\\/press\\\/#\\\/schema\\\/logo\\\/image\\\/\",\"url\":\"https:\\\/\\\/elcanillita.info\\\/press\\\/images\\\/2020\\\/01\\\/cropped-cropped-cropped-elcanillitainfo.png\",\"contentUrl\":\"https:\\\/\\\/elcanillita.info\\\/press\\\/images\\\/2020\\\/01\\\/cropped-cropped-cropped-elcanillitainfo.png\",\"width\":460,\"height\":50,\"caption\":\"Guzzo Photos & Graphic Publications\"},\"image\":{\"@id\":\"https:\\\/\\\/elcanillita.info\\\/press\\\/#\\\/schema\\\/logo\\\/image\\\/\"},\"sameAs\":[\"https:\\\/\\\/ar-ar.facebook.com\\\/ElCanillitainfo-114249515285712\\\/\"]},{\"@type\":\"Person\",\"@id\":\"https:\\\/\\\/elcanillita.info\\\/press\\\/#\\\/schema\\\/person\\\/7fcb79f38045700919f7da6d97e71ba0\",\"name\":\"SalaStampa.eu, world press service\",\"image\":{\"@type\":\"ImageObject\",\"inLanguage\":\"es-AR\",\"@id\":\"https:\\\/\\\/secure.gravatar.com\\\/avatar\\\/c2f0e0d515a107624234994507816ca4724c7199cef73fc8bedebf6931d73888?s=96&d=mm&r=g\",\"url\":\"https:\\\/\\\/secure.gravatar.com\\\/avatar\\\/c2f0e0d515a107624234994507816ca4724c7199cef73fc8bedebf6931d73888?s=96&d=mm&r=g\",\"contentUrl\":\"https:\\\/\\\/secure.gravatar.com\\\/avatar\\\/c2f0e0d515a107624234994507816ca4724c7199cef73fc8bedebf6931d73888?s=96&d=mm&r=g\",\"caption\":\"SalaStampa.eu, world press service\"}}]}<\/script>\n<!-- \/ Yoast SEO plugin. -->","yoast_head_json":{"title":"Respaldo electoral - ElCanillita.Info","robots":{"index":"index","follow":"follow","max-snippet":"max-snippet:-1","max-image-preview":"max-image-preview:large","max-video-preview":"max-video-preview:-1"},"canonical":"https:\/\/elcanillita.info\/press\/2026\/09\/05\/respaldo-electoral\/","og_locale":"es_ES","og_type":"article","og_title":"Respaldo electoral - ElCanillita.Info","og_description":"Alfredo Cornejo respald\u00f3 la nueva estrategia de Javier Milei sobre Malvinas y reclam\u00f3 una reforma fiscal profunda. Cuando la soberan\u00eda, los impuestos y las elecciones coinciden en un mismo discurso, hasta el patriotismo comienza a llevar calculadora.","og_url":"https:\/\/elcanillita.info\/press\/2026\/09\/05\/respaldo-electoral\/","og_site_name":"ElCanillita.Info","article_publisher":"https:\/\/ar-ar.facebook.com\/ElCanillitainfo-114249515285712\/","article_published_time":"2026-09-05T04:26:55+00:00","article_modified_time":"2026-09-05T04:27:02+00:00","og_image":[{"width":600,"height":282,"url":"https:\/\/elcanillita.info\/press\/images\/2026\/08\/Mza_cv.jpg","type":"image\/jpeg"}],"author":"SalaStampa.eu, world press service","twitter_card":"summary_large_image","twitter_misc":{"Escrito por":"SalaStampa.eu, world press service","Tiempo de lectura":"3 minutos"},"schema":{"@context":"https:\/\/schema.org","@graph":[{"@type":"Article","@id":"https:\/\/elcanillita.info\/press\/2026\/09\/05\/respaldo-electoral\/#article","isPartOf":{"@id":"https:\/\/elcanillita.info\/press\/2026\/09\/05\/respaldo-electoral\/"},"author":{"name":"SalaStampa.eu, world press service","@id":"https:\/\/elcanillita.info\/press\/#\/schema\/person\/7fcb79f38045700919f7da6d97e71ba0"},"headline":"Respaldo electoral","datePublished":"2026-09-05T04:26:55+00:00","dateModified":"2026-09-05T04:27:02+00:00","mainEntityOfPage":{"@id":"https:\/\/elcanillita.info\/press\/2026\/09\/05\/respaldo-electoral\/"},"wordCount":549,"publisher":{"@id":"https:\/\/elcanillita.info\/press\/#organization"},"image":{"@id":"https:\/\/elcanillita.info\/press\/2026\/09\/05\/respaldo-electoral\/#primaryimage"},"thumbnailUrl":"https:\/\/elcanillita.info\/press\/images\/2026\/08\/Mza_cv.jpg","keywords":["Argentina"],"articleSection":[".",".","Argentina","Detr\u00e1s de los Titulares","Diplomacia y Conflictos Internacionales","Econom\u00efa de los recursos","Geopol\u00edtica y Soberan\u00eda","Mendoza"],"inLanguage":"es-AR"},{"@type":"WebPage","@id":"https:\/\/elcanillita.info\/press\/2026\/09\/05\/respaldo-electoral\/","url":"https:\/\/elcanillita.info\/press\/2026\/09\/05\/respaldo-electoral\/","name":"Respaldo electoral - ElCanillita.Info","isPartOf":{"@id":"https:\/\/elcanillita.info\/press\/#website"},"primaryImageOfPage":{"@id":"https:\/\/elcanillita.info\/press\/2026\/09\/05\/respaldo-electoral\/#primaryimage"},"image":{"@id":"https:\/\/elcanillita.info\/press\/2026\/09\/05\/respaldo-electoral\/#primaryimage"},"thumbnailUrl":"https:\/\/elcanillita.info\/press\/images\/2026\/08\/Mza_cv.jpg","datePublished":"2026-09-05T04:26:55+00:00","dateModified":"2026-09-05T04:27:02+00:00","inLanguage":"es-AR","potentialAction":[{"@type":"ReadAction","target":["https:\/\/elcanillita.info\/press\/2026\/09\/05\/respaldo-electoral\/"]}]},{"@type":"ImageObject","inLanguage":"es-AR","@id":"https:\/\/elcanillita.info\/press\/2026\/09\/05\/respaldo-electoral\/#primaryimage","url":"https:\/\/elcanillita.info\/press\/images\/2026\/08\/Mza_cv.jpg","contentUrl":"https:\/\/elcanillita.info\/press\/images\/2026\/08\/Mza_cv.jpg","width":600,"height":282},{"@type":"WebSite","@id":"https:\/\/elcanillita.info\/press\/#website","url":"https:\/\/elcanillita.info\/press\/","name":"ElCanillita.Info","description":"desde los Apeninos a los Andes","publisher":{"@id":"https:\/\/elcanillita.info\/press\/#organization"},"potentialAction":[{"@type":"SearchAction","target":{"@type":"EntryPoint","urlTemplate":"https:\/\/elcanillita.info\/press\/?s={search_term_string}"},"query-input":{"@type":"PropertyValueSpecification","valueRequired":true,"valueName":"search_term_string"}}],"inLanguage":"es-AR"},{"@type":"Organization","@id":"https:\/\/elcanillita.info\/press\/#organization","name":"Guzzo Photos & Graphic Publications","url":"https:\/\/elcanillita.info\/press\/","logo":{"@type":"ImageObject","inLanguage":"es-AR","@id":"https:\/\/elcanillita.info\/press\/#\/schema\/logo\/image\/","url":"https:\/\/elcanillita.info\/press\/images\/2020\/01\/cropped-cropped-cropped-elcanillitainfo.png","contentUrl":"https:\/\/elcanillita.info\/press\/images\/2020\/01\/cropped-cropped-cropped-elcanillitainfo.png","width":460,"height":50,"caption":"Guzzo Photos & Graphic Publications"},"image":{"@id":"https:\/\/elcanillita.info\/press\/#\/schema\/logo\/image\/"},"sameAs":["https:\/\/ar-ar.facebook.com\/ElCanillitainfo-114249515285712\/"]},{"@type":"Person","@id":"https:\/\/elcanillita.info\/press\/#\/schema\/person\/7fcb79f38045700919f7da6d97e71ba0","name":"SalaStampa.eu, world press service","image":{"@type":"ImageObject","inLanguage":"es-AR","@id":"https:\/\/secure.gravatar.com\/avatar\/c2f0e0d515a107624234994507816ca4724c7199cef73fc8bedebf6931d73888?s=96&d=mm&r=g","url":"https:\/\/secure.gravatar.com\/avatar\/c2f0e0d515a107624234994507816ca4724c7199cef73fc8bedebf6931d73888?s=96&d=mm&r=g","contentUrl":"https:\/\/secure.gravatar.com\/avatar\/c2f0e0d515a107624234994507816ca4724c7199cef73fc8bedebf6931d73888?s=96&d=mm&r=g","caption":"SalaStampa.eu, world press service"}}]}},"views":8,"_links":{"self":[{"href":"https:\/\/elcanillita.info\/press\/wp-json\/wp\/v2\/posts\/7480","targetHints":{"allow":["GET"]}}],"collection":[{"href":"https:\/\/elcanillita.info\/press\/wp-json\/wp\/v2\/posts"}],"about":[{"href":"https:\/\/elcanillita.info\/press\/wp-json\/wp\/v2\/types\/post"}],"author":[{"embeddable":true,"href":"https:\/\/elcanillita.info\/press\/wp-json\/wp\/v2\/users\/1"}],"replies":[{"embeddable":true,"href":"https:\/\/elcanillita.info\/press\/wp-json\/wp\/v2\/comments?post=7480"}],"version-history":[{"count":0,"href":"https:\/\/elcanillita.info\/press\/wp-json\/wp\/v2\/posts\/7480\/revisions"}],"wp:featuredmedia":[{"embeddable":true,"href":"https:\/\/elcanillita.info\/press\/wp-json\/wp\/v2\/media\/7379"}],"wp:attachment":[{"href":"https:\/\/elcanillita.info\/press\/wp-json\/wp\/v2\/media?parent=7480"}],"wp:term":[{"taxonomy":"category","embeddable":true,"href":"https:\/\/elcanillita.info\/press\/wp-json\/wp\/v2\/categories?post=7480"},{"taxonomy":"post_tag","embeddable":true,"href":"https:\/\/elcanillita.info\/press\/wp-json\/wp\/v2\/tags?post=7480"}],"curies":[{"name":"wp","href":"https:\/\/api.w.org\/{rel}","templated":true}]}}