{"id":7470,"date":"2026-09-02T02:05:30","date_gmt":"2026-09-02T05:05:30","guid":{"rendered":"https:\/\/elcanillita.info\/press\/?p=7470"},"modified":"2026-09-02T02:06:24","modified_gmt":"2026-09-02T05:06:24","slug":"esta-tan-bien-escrito-que-parece-cierto","status":"publish","type":"post","link":"https:\/\/elcanillita.info\/press\/2026\/09\/02\/esta-tan-bien-escrito-que-parece-cierto\/","title":{"rendered":"Est\u00e1 tan bien escrito que parece cierto"},"content":{"rendered":"<div class=\"wp-block-image\">\n<figure class=\"alignleft size-large is-resized\"><img loading=\"lazy\" decoding=\"async\" width=\"1024\" height=\"1024\" src=\"https:\/\/elcanillita.info\/press\/images\/2026\/07\/cover-Canillita-1-1024x1024.jpg\" alt=\"\" class=\"wp-image-7299\" style=\"width:340px;height:auto\" srcset=\"https:\/\/elcanillita.info\/press\/images\/2026\/07\/cover-Canillita-1-1024x1024.jpg 1024w, https:\/\/elcanillita.info\/press\/images\/2026\/07\/cover-Canillita-1-300x300.jpg 300w, https:\/\/elcanillita.info\/press\/images\/2026\/07\/cover-Canillita-1-150x150.jpg 150w, https:\/\/elcanillita.info\/press\/images\/2026\/07\/cover-Canillita-1-768x768.jpg 768w, https:\/\/elcanillita.info\/press\/images\/2026\/07\/cover-Canillita-1.jpg 1254w\" sizes=\"auto, (max-width: 1024px) 100vw, 1024px\" \/><\/figure>\n<\/div>\n\n\n<p>La prensa argentina tiene pecados suficientes como para no necesitar que nadie los invente. Pero convertir sus errores, intereses y miserias en la prueba de una conspiraci\u00f3n colectiva exige algo m\u00e1s que buena prosa. Sobre todo cuando quien denuncia a los fabricantes del relato est\u00e1 fabricando uno propio.<\/p>\n\n\n\n<p>Hay textos peligrosos porque est\u00e1n mal escritos.<\/p>\n\n\n\n<p>Y hay otros bastante m\u00e1s interesantes: aquellos que est\u00e1n tan bien escritos que uno termina aceptando la conclusi\u00f3n antes de preguntarse si fueron demostradas las premisas.<\/p>\n\n\n\n<p>\u00abEl monopolio que se resquebraja\u00bb pertenece a esa segunda familia.<\/p>\n\n\n\n<p>La tesis es atractiva y est\u00e1 expuesta con habilidad: casi toda la prensa argentina se habr\u00eda alineado contra Javier Milei porque los resultados econ\u00f3micos comenzaron a quitarle argumentos. Ante la imposibilidad de discutir los datos, los medios habr\u00edan reemplazado el an\u00e1lisis por el esc\u00e1ndalo. Y detr\u00e1s de esa ofensiva existir\u00eda una raz\u00f3n todav\u00eda m\u00e1s profunda: el periodismo estar\u00eda defendiendo el antiguo privilegio de decidir qu\u00e9 debe pensar la sociedad.<\/p>\n\n\n\n<p>Formidable.<\/p>\n\n\n\n<p>Ahora faltan las pruebas.<\/p>\n\n\n\n<p>Porque \u00abcasi toda la prensa argentina est\u00e1 contra Milei\u00bb es una frase poderosa. Lo que no sabemos es qu\u00e9 significa \u00abcasi toda\u00bb, qu\u00e9 medios fueron examinados, durante qu\u00e9 per\u00edodo, con qu\u00e9 criterio se determin\u00f3 que una cr\u00edtica constituye una operaci\u00f3n y, sobre todo, qui\u00e9n consigui\u00f3 coordinar semejante ej\u00e9rcito de diarios, radios, canales, portales, periodistas, columnistas y medios provinciales sin que apareciera siquiera el acta de la reuni\u00f3n.<\/p>\n\n\n\n<p>Puede existir coincidencia cr\u00edtica.<\/p>\n\n\n\n<p>Lo que no puede hacerse es convertir autom\u00e1ticamente la coincidencia en conspiraci\u00f3n.<\/p>\n\n\n\n<p>El texto ofrece despu\u00e9s una afirmaci\u00f3n todav\u00eda m\u00e1s seductora: \u00ablos datos ya no les dan la raz\u00f3n\u00bb.<\/p>\n\n\n\n<p>Excelente noticia.<\/p>\n\n\n\n<p>Veamos los datos.<\/p>\n\n\n\n<p>Inflaci\u00f3n, salarios, empleo, actividad industrial, pobreza, consumo, inversi\u00f3n, jubilaciones, reservas, deuda, riesgo pa\u00eds, cuentas p\u00fablicas. Habr\u00e1 n\u00fameros que favorezcan al Gobierno y otros que lo incomoden. Algunos demostrar\u00e1n avances, otros retrocesos y varios necesitar\u00e1n contexto para significar algo.<\/p>\n\n\n\n<p>Eso es precisamente lo interesante.<\/p>\n\n\n\n<p>Si los datos dan la raz\u00f3n al Gobierno, publ\u00edquense.<\/p>\n\n\n\n<p>Si se la quitan, publ\u00edquense tambi\u00e9n.<\/p>\n\n\n\n<p>Eso se llamaba periodismo antes de que descubri\u00e9ramos que un gr\u00e1fico pod\u00eda tener ideolog\u00eda.<\/p>\n\n\n\n<p>Naturalmente, tampoco corresponde presentar a la prensa argentina como una congregaci\u00f3n de v\u00edrgenes vestales sorprendida injustamente por las cr\u00edticas del poder.<\/p>\n\n\n\n<p>Ha habido operaciones period\u00edsticas.<\/p>\n\n\n\n<p>Ha habido dependencia de la pauta oficial.<\/p>\n\n\n\n<p>Ha habido empresarios de medios que confundieron informaci\u00f3n con negocios, periodistas que confundieron opini\u00f3n con militancia y gobiernos de todos los colores que descubrieron las ventajas de una portada amistosa.<\/p>\n\n\n\n<p>Ha habido silencios vergonzosos, exageraciones, errores y pron\u00f3sticos que envejecieron antes que el diario que los imprimi\u00f3.<\/p>\n\n\n\n<p>Todo eso merece cr\u00edtica.<\/p>\n\n\n\n<p>Y justamente porque merece cr\u00edtica no necesita caricatura.<\/p>\n\n\n\n<p>Decir que \u00abel periodismo\u00bb constituye una estructura parasitaria supone colocar en la misma bolsa al cronista que investiga, al empresario que negocia publicidad oficial, al fot\u00f3grafo que registra una manifestaci\u00f3n, al conductor militante, al corresponsal de provincia y al reportero que pregunta aquello que ning\u00fan gobierno desea contestar.<\/p>\n\n\n\n<p>Curiosamente, para denunciar que la prensa fabrica simplificaciones, hay que fabricar primero una llamada \u00abla prensa\u00bb.<\/p>\n\n\n\n<p>Pero el argumento m\u00e1s interesante llega despu\u00e9s.<\/p>\n\n\n\n<p>Seg\u00fan la nota, durante a\u00f1os los medios instalaron agendas, fabricaron relatos, destruyeron reputaciones y administraron la percepci\u00f3n de los argentinos.<\/p>\n\n\n\n<p>Puede ser.<\/p>\n\n\n\n<p>La pregunta inc\u00f3moda es por qu\u00e9 deber\u00edamos suponer que esa capacidad desaparece cuando cambia de manos.<\/p>\n\n\n\n<p>Porque romper la intermediaci\u00f3n de los grandes medios no elimina la propaganda.<\/p>\n\n\n\n<p>Tambi\u00e9n puede democratizarla.<\/p>\n\n\n\n<p>Hoy un presidente, un ministro, un periodista, un empresario, un militante y un ciudadano pueden hablar directamente con millones de personas. Es una transformaci\u00f3n extraordinaria. Ha terminado con privilegios que efectivamente exist\u00edan y ha abierto una conversaci\u00f3n p\u00fablica que ya no necesita pedir permiso a tres canales y cuatro diarios.<\/p>\n\n\n\n<p>Magn\u00edfico.<\/p>\n\n\n\n<p>Pero X no es el Or\u00e1culo de Delfos.<\/p>\n\n\n\n<p>Un mensaje presidencial no se convierte en verdadero porque haya prescindido de un periodista para llegar hasta nosotros. Una cuenta con cientos de miles de seguidores no obtiene un certificado epistemol\u00f3gico por enfrentarse a Clar\u00edn, La Prensa, La Naci\u00f3n o cualquier otro medio.<\/p>\n\n\n\n<p>Cambi\u00f3 el intermediario.<\/p>\n\n\n\n<p>No cambi\u00f3 la obligaci\u00f3n de demostrar.<\/p>\n\n\n\n<p>Y aqu\u00ed aparece la paradoja m\u00e1s sabrosa.<\/p>\n\n\n\n<p>El texto acusa al periodismo de haber querido decidir durante d\u00e9cadas qu\u00e9 deb\u00edan pensar los argentinos.<\/p>\n\n\n\n<p>Pero luego nos propone que aceptemos que \u00ablos datos\u00bb favorecen al Gobierno sin mostrarlos, que \u00abcasi toda la prensa\u00bb conspira sin medirla y que el antiguo monopolio informativo ha sido sustituido por \u00abla verdad\u00bb.<\/p>\n\n\n\n<p>Es decir: denuncia un relato construyendo otro.<\/p>\n\n\n\n<p>La referencia a <em>Network<\/em>, la extraordinaria pel\u00edcula de Sidney Lumet, agrega adem\u00e1s una iron\u00eda involuntaria.<\/p>\n\n\n\n<p>Howard Beale gritaba contra el sistema mientras el propio sistema descubr\u00eda que su indignaci\u00f3n daba audiencia.<\/p>\n\n\n\n<p>Cincuenta a\u00f1os despu\u00e9s podr\u00edamos preguntarnos qui\u00e9n ocupa su lugar.<\/p>\n\n\n\n<p>\u00bfEl periodista indignado?<\/p>\n\n\n\n<p>\u00bfEl pol\u00edtico que convierte cada controversia en espect\u00e1culo?<\/p>\n\n\n\n<p>\u00bfEl influencer que monetiza la furia?<\/p>\n\n\n\n<p>\u00bfEl funcionario que pelea desde las redes?<\/p>\n\n\n\n<p>Quiz\u00e1s el gran descubrimiento de nuestro tiempo sea que ya no necesitamos elegir.<\/p>\n\n\n\n<p>Todos pueden tener su c\u00e1mara.<\/p>\n\n\n\n<p>Todos pueden tener su p\u00fablico.<\/p>\n\n\n\n<p>Y todos pueden tener su relato.<\/p>\n\n\n\n<p>Por eso el periodismo merece ser vigilado. Criticado. Desmentido cuando se equivoca. Se\u00f1alado cuando opera. Y obligado a mostrar sus fuentes cuando pretende convertir una opini\u00f3n en un hecho.<\/p>\n\n\n\n<p>Exactamente lo mismo que corresponde exigirle al poder.<\/p>\n\n\n\n<p>Porque existe una diferencia esencial que ninguna red social ha conseguido borrar: el periodista puede tener un micr\u00f3fono, una c\u00e1mara o una cuenta en X.<\/p>\n\n\n\n<p>El Presidente, adem\u00e1s, tiene el Estado.<\/p>\n\n\n\n<p>El lat\u00edn del texto original proclama con elegancia:<\/p>\n\n\n\n<p><em>Monopolium fractum, veritas liberata.<\/em><\/p>\n\n\n\n<p>Roto el monopolio, liberada la verdad.<\/p>\n\n\n\n<p>Precioso.<\/p>\n\n\n\n<p>S\u00f3lo falta una peque\u00f1a precauci\u00f3n.<\/p>\n\n\n\n<p>Romper un monopolio puede liberar muchas voces. Puede liberar buenas investigaciones, propaganda, documentos, mentiras, denuncias verdaderas, rumores, ciudadanos, fan\u00e1ticos, especialistas, oportunistas y alg\u00fan que otro idiota con excelente conexi\u00f3n a internet.<\/p>\n\n\n\n<p>Lo \u00fanico que no libera autom\u00e1ticamente es la verdad.<\/p>\n\n\n\n<p>La verdad sigue teniendo esa antigua y antip\u00e1tica costumbre de exigir pruebas.<\/p>\n\n\n\n<p>Por eso \u00abEl monopolio que se resquebraja\u00bb est\u00e1 tan bien escrito que parece cierto.<\/p>\n\n\n\n<p>Y quiz\u00e1 lo sea.<\/p>\n\n\n\n<p>Pero entre parecer y ser existe todav\u00eda una peque\u00f1a distancia.<\/p>\n\n\n\n<p><strong>Se llama prueba.<\/strong><\/p>\n\n\n<p><small>\ud83d\udd8b\ufe0f \u00a9  El Notario de los Hechos \u2014 All Rights Reserved | 2026<\/small><\/p>\n<hr style=\"border: none; height: 1px; background-color: #e0e0e0; max-width: 80%; margin: 2em auto;\" \/>\n<p><small>\u00a9 2026 SalaStampa.eu, world press service &#8211; All Rights Reserved &#8211;  Guzzo Photos &#038; Graphic  Publications \u2013 Registro Editori e Stampatori n. 1441 Turin, Italy.<\/small><br>\n<small>Fuentes consultadas: texto \u00abEl monopolio que se resquebraja\u00bb; Reporteros Sin Fronteras (RSF); Reuters; prensa argentina e internacional.<\/small><\/p>\n\n\n<p><\/p>\n","protected":false},"excerpt":{"rendered":"<p>La prensa argentina tiene pecados suficientes como para no necesitar que nadie los invente. Pero convertir sus errores, intereses y miserias en la prueba de una conspiraci\u00f3n colectiva exige algo m\u00e1s que buena prosa. Sobre todo cuando quien denuncia a los fabricantes del relato est\u00e1 fabricando uno propio.<\/p>\n","protected":false},"author":1,"featured_media":7300,"comment_status":"closed","ping_status":"closed","sticky":false,"template":"","format":"standard","meta":{"footnotes":"","_links_to":"","_links_to_target":""},"categories":[108,121,70,11,168,123,179,198,180,178],"tags":[29],"class_list":["post-7470","post","type-post","status-publish","format-standard","has-post-thumbnail","hentry","category-blogdiario","category-dc24","category-actualidad","category-america-del-sur","category-analisis","category-argentina","category-detras-de-los-titulares","category-escenario-politico","category-medios-y-comunicacion","category-memoria-y-prensa","tag-argentina","entry","double"],"yoast_head":"<!-- This site is optimized with the Yoast SEO plugin v27.8 - https:\/\/yoast.com\/product\/yoast-seo-wordpress\/ -->\n<title>Est\u00e1 tan bien escrito que parece cierto - ElCanillita.Info<\/title>\n<meta name=\"robots\" content=\"index, follow, max-snippet:-1, max-image-preview:large, max-video-preview:-1\" \/>\n<link rel=\"canonical\" href=\"https:\/\/elcanillita.info\/press\/2026\/09\/02\/esta-tan-bien-escrito-que-parece-cierto\/\" \/>\n<meta property=\"og:locale\" content=\"es_ES\" \/>\n<meta property=\"og:type\" content=\"article\" \/>\n<meta property=\"og:title\" content=\"Est\u00e1 tan bien escrito que parece cierto - ElCanillita.Info\" \/>\n<meta property=\"og:description\" content=\"La prensa argentina tiene pecados suficientes como para no necesitar que nadie los invente. Pero convertir sus errores, intereses y miserias en la prueba de una conspiraci\u00f3n colectiva exige algo m\u00e1s que buena prosa. Sobre todo cuando quien denuncia a los fabricantes del relato est\u00e1 fabricando uno propio.\" \/>\n<meta property=\"og:url\" content=\"https:\/\/elcanillita.info\/press\/2026\/09\/02\/esta-tan-bien-escrito-que-parece-cierto\/\" \/>\n<meta property=\"og:site_name\" content=\"ElCanillita.Info\" \/>\n<meta property=\"article:publisher\" content=\"https:\/\/ar-ar.facebook.com\/ElCanillitainfo-114249515285712\/\" \/>\n<meta property=\"article:published_time\" content=\"2026-09-02T05:05:30+00:00\" \/>\n<meta property=\"article:modified_time\" content=\"2026-09-02T05:06:24+00:00\" \/>\n<meta property=\"og:image\" content=\"https:\/\/elcanillita.info\/press\/images\/2026\/07\/home_500-Canillita.jpg\" \/>\n\t<meta property=\"og:image:width\" content=\"500\" \/>\n\t<meta property=\"og:image:height\" content=\"500\" \/>\n\t<meta property=\"og:image:type\" content=\"image\/jpeg\" \/>\n<meta name=\"author\" content=\"SalaStampa.eu, world press service\" \/>\n<meta name=\"twitter:card\" content=\"summary_large_image\" \/>\n<meta name=\"twitter:label1\" content=\"Escrito por\" \/>\n\t<meta name=\"twitter:data1\" content=\"SalaStampa.eu, world press service\" \/>\n\t<meta name=\"twitter:label2\" content=\"Tiempo de lectura\" \/>\n\t<meta name=\"twitter:data2\" content=\"6 minutos\" \/>\n<script type=\"application\/ld+json\" class=\"yoast-schema-graph\">{\"@context\":\"https:\\\/\\\/schema.org\",\"@graph\":[{\"@type\":\"Article\",\"@id\":\"https:\\\/\\\/elcanillita.info\\\/press\\\/2026\\\/09\\\/02\\\/esta-tan-bien-escrito-que-parece-cierto\\\/#article\",\"isPartOf\":{\"@id\":\"https:\\\/\\\/elcanillita.info\\\/press\\\/2026\\\/09\\\/02\\\/esta-tan-bien-escrito-que-parece-cierto\\\/\"},\"author\":{\"name\":\"SalaStampa.eu, world press service\",\"@id\":\"https:\\\/\\\/elcanillita.info\\\/press\\\/#\\\/schema\\\/person\\\/7fcb79f38045700919f7da6d97e71ba0\"},\"headline\":\"Est\u00e1 tan bien escrito que parece cierto\",\"datePublished\":\"2026-09-02T05:05:30+00:00\",\"dateModified\":\"2026-09-02T05:06:24+00:00\",\"mainEntityOfPage\":{\"@id\":\"https:\\\/\\\/elcanillita.info\\\/press\\\/2026\\\/09\\\/02\\\/esta-tan-bien-escrito-que-parece-cierto\\\/\"},\"wordCount\":1163,\"publisher\":{\"@id\":\"https:\\\/\\\/elcanillita.info\\\/press\\\/#organization\"},\"image\":{\"@id\":\"https:\\\/\\\/elcanillita.info\\\/press\\\/2026\\\/09\\\/02\\\/esta-tan-bien-escrito-que-parece-cierto\\\/#primaryimage\"},\"thumbnailUrl\":\"https:\\\/\\\/elcanillita.info\\\/press\\\/images\\\/2026\\\/07\\\/home_500-Canillita.jpg\",\"keywords\":[\"Argentina\"],\"articleSection\":[\".\",\".\",\"Actualidad\",\"Am\u00e9rica del Sur\",\"An\u00e1lisis\",\"Argentina\",\"Detr\u00e1s de los Titulares\",\"Escenario Pol\u00edtico\",\"Medios y Comunicaci\u00f3n\",\"Memoria y Prensa\"],\"inLanguage\":\"es-AR\"},{\"@type\":\"WebPage\",\"@id\":\"https:\\\/\\\/elcanillita.info\\\/press\\\/2026\\\/09\\\/02\\\/esta-tan-bien-escrito-que-parece-cierto\\\/\",\"url\":\"https:\\\/\\\/elcanillita.info\\\/press\\\/2026\\\/09\\\/02\\\/esta-tan-bien-escrito-que-parece-cierto\\\/\",\"name\":\"Est\u00e1 tan bien escrito que parece cierto - ElCanillita.Info\",\"isPartOf\":{\"@id\":\"https:\\\/\\\/elcanillita.info\\\/press\\\/#website\"},\"primaryImageOfPage\":{\"@id\":\"https:\\\/\\\/elcanillita.info\\\/press\\\/2026\\\/09\\\/02\\\/esta-tan-bien-escrito-que-parece-cierto\\\/#primaryimage\"},\"image\":{\"@id\":\"https:\\\/\\\/elcanillita.info\\\/press\\\/2026\\\/09\\\/02\\\/esta-tan-bien-escrito-que-parece-cierto\\\/#primaryimage\"},\"thumbnailUrl\":\"https:\\\/\\\/elcanillita.info\\\/press\\\/images\\\/2026\\\/07\\\/home_500-Canillita.jpg\",\"datePublished\":\"2026-09-02T05:05:30+00:00\",\"dateModified\":\"2026-09-02T05:06:24+00:00\",\"inLanguage\":\"es-AR\",\"potentialAction\":[{\"@type\":\"ReadAction\",\"target\":[\"https:\\\/\\\/elcanillita.info\\\/press\\\/2026\\\/09\\\/02\\\/esta-tan-bien-escrito-que-parece-cierto\\\/\"]}]},{\"@type\":\"ImageObject\",\"inLanguage\":\"es-AR\",\"@id\":\"https:\\\/\\\/elcanillita.info\\\/press\\\/2026\\\/09\\\/02\\\/esta-tan-bien-escrito-que-parece-cierto\\\/#primaryimage\",\"url\":\"https:\\\/\\\/elcanillita.info\\\/press\\\/images\\\/2026\\\/07\\\/home_500-Canillita.jpg\",\"contentUrl\":\"https:\\\/\\\/elcanillita.info\\\/press\\\/images\\\/2026\\\/07\\\/home_500-Canillita.jpg\",\"width\":500,\"height\":500},{\"@type\":\"WebSite\",\"@id\":\"https:\\\/\\\/elcanillita.info\\\/press\\\/#website\",\"url\":\"https:\\\/\\\/elcanillita.info\\\/press\\\/\",\"name\":\"ElCanillita.Info\",\"description\":\"desde los Apeninos a los Andes\",\"publisher\":{\"@id\":\"https:\\\/\\\/elcanillita.info\\\/press\\\/#organization\"},\"potentialAction\":[{\"@type\":\"SearchAction\",\"target\":{\"@type\":\"EntryPoint\",\"urlTemplate\":\"https:\\\/\\\/elcanillita.info\\\/press\\\/?s={search_term_string}\"},\"query-input\":{\"@type\":\"PropertyValueSpecification\",\"valueRequired\":true,\"valueName\":\"search_term_string\"}}],\"inLanguage\":\"es-AR\"},{\"@type\":\"Organization\",\"@id\":\"https:\\\/\\\/elcanillita.info\\\/press\\\/#organization\",\"name\":\"Guzzo Photos & Graphic Publications\",\"url\":\"https:\\\/\\\/elcanillita.info\\\/press\\\/\",\"logo\":{\"@type\":\"ImageObject\",\"inLanguage\":\"es-AR\",\"@id\":\"https:\\\/\\\/elcanillita.info\\\/press\\\/#\\\/schema\\\/logo\\\/image\\\/\",\"url\":\"https:\\\/\\\/elcanillita.info\\\/press\\\/images\\\/2020\\\/01\\\/cropped-cropped-cropped-elcanillitainfo.png\",\"contentUrl\":\"https:\\\/\\\/elcanillita.info\\\/press\\\/images\\\/2020\\\/01\\\/cropped-cropped-cropped-elcanillitainfo.png\",\"width\":460,\"height\":50,\"caption\":\"Guzzo Photos & Graphic Publications\"},\"image\":{\"@id\":\"https:\\\/\\\/elcanillita.info\\\/press\\\/#\\\/schema\\\/logo\\\/image\\\/\"},\"sameAs\":[\"https:\\\/\\\/ar-ar.facebook.com\\\/ElCanillitainfo-114249515285712\\\/\"]},{\"@type\":\"Person\",\"@id\":\"https:\\\/\\\/elcanillita.info\\\/press\\\/#\\\/schema\\\/person\\\/7fcb79f38045700919f7da6d97e71ba0\",\"name\":\"SalaStampa.eu, world press service\",\"image\":{\"@type\":\"ImageObject\",\"inLanguage\":\"es-AR\",\"@id\":\"https:\\\/\\\/secure.gravatar.com\\\/avatar\\\/c2f0e0d515a107624234994507816ca4724c7199cef73fc8bedebf6931d73888?s=96&d=mm&r=g\",\"url\":\"https:\\\/\\\/secure.gravatar.com\\\/avatar\\\/c2f0e0d515a107624234994507816ca4724c7199cef73fc8bedebf6931d73888?s=96&d=mm&r=g\",\"contentUrl\":\"https:\\\/\\\/secure.gravatar.com\\\/avatar\\\/c2f0e0d515a107624234994507816ca4724c7199cef73fc8bedebf6931d73888?s=96&d=mm&r=g\",\"caption\":\"SalaStampa.eu, world press service\"}}]}<\/script>\n<!-- \/ Yoast SEO plugin. -->","yoast_head_json":{"title":"Est\u00e1 tan bien escrito que parece cierto - ElCanillita.Info","robots":{"index":"index","follow":"follow","max-snippet":"max-snippet:-1","max-image-preview":"max-image-preview:large","max-video-preview":"max-video-preview:-1"},"canonical":"https:\/\/elcanillita.info\/press\/2026\/09\/02\/esta-tan-bien-escrito-que-parece-cierto\/","og_locale":"es_ES","og_type":"article","og_title":"Est\u00e1 tan bien escrito que parece cierto - ElCanillita.Info","og_description":"La prensa argentina tiene pecados suficientes como para no necesitar que nadie los invente. Pero convertir sus errores, intereses y miserias en la prueba de una conspiraci\u00f3n colectiva exige algo m\u00e1s que buena prosa. Sobre todo cuando quien denuncia a los fabricantes del relato est\u00e1 fabricando uno propio.","og_url":"https:\/\/elcanillita.info\/press\/2026\/09\/02\/esta-tan-bien-escrito-que-parece-cierto\/","og_site_name":"ElCanillita.Info","article_publisher":"https:\/\/ar-ar.facebook.com\/ElCanillitainfo-114249515285712\/","article_published_time":"2026-09-02T05:05:30+00:00","article_modified_time":"2026-09-02T05:06:24+00:00","og_image":[{"width":500,"height":500,"url":"https:\/\/elcanillita.info\/press\/images\/2026\/07\/home_500-Canillita.jpg","type":"image\/jpeg"}],"author":"SalaStampa.eu, world press service","twitter_card":"summary_large_image","twitter_misc":{"Escrito por":"SalaStampa.eu, world press service","Tiempo de lectura":"6 minutos"},"schema":{"@context":"https:\/\/schema.org","@graph":[{"@type":"Article","@id":"https:\/\/elcanillita.info\/press\/2026\/09\/02\/esta-tan-bien-escrito-que-parece-cierto\/#article","isPartOf":{"@id":"https:\/\/elcanillita.info\/press\/2026\/09\/02\/esta-tan-bien-escrito-que-parece-cierto\/"},"author":{"name":"SalaStampa.eu, world press service","@id":"https:\/\/elcanillita.info\/press\/#\/schema\/person\/7fcb79f38045700919f7da6d97e71ba0"},"headline":"Est\u00e1 tan bien escrito que parece cierto","datePublished":"2026-09-02T05:05:30+00:00","dateModified":"2026-09-02T05:06:24+00:00","mainEntityOfPage":{"@id":"https:\/\/elcanillita.info\/press\/2026\/09\/02\/esta-tan-bien-escrito-que-parece-cierto\/"},"wordCount":1163,"publisher":{"@id":"https:\/\/elcanillita.info\/press\/#organization"},"image":{"@id":"https:\/\/elcanillita.info\/press\/2026\/09\/02\/esta-tan-bien-escrito-que-parece-cierto\/#primaryimage"},"thumbnailUrl":"https:\/\/elcanillita.info\/press\/images\/2026\/07\/home_500-Canillita.jpg","keywords":["Argentina"],"articleSection":[".",".","Actualidad","Am\u00e9rica del Sur","An\u00e1lisis","Argentina","Detr\u00e1s de los Titulares","Escenario Pol\u00edtico","Medios y Comunicaci\u00f3n","Memoria y Prensa"],"inLanguage":"es-AR"},{"@type":"WebPage","@id":"https:\/\/elcanillita.info\/press\/2026\/09\/02\/esta-tan-bien-escrito-que-parece-cierto\/","url":"https:\/\/elcanillita.info\/press\/2026\/09\/02\/esta-tan-bien-escrito-que-parece-cierto\/","name":"Est\u00e1 tan bien escrito que parece cierto - ElCanillita.Info","isPartOf":{"@id":"https:\/\/elcanillita.info\/press\/#website"},"primaryImageOfPage":{"@id":"https:\/\/elcanillita.info\/press\/2026\/09\/02\/esta-tan-bien-escrito-que-parece-cierto\/#primaryimage"},"image":{"@id":"https:\/\/elcanillita.info\/press\/2026\/09\/02\/esta-tan-bien-escrito-que-parece-cierto\/#primaryimage"},"thumbnailUrl":"https:\/\/elcanillita.info\/press\/images\/2026\/07\/home_500-Canillita.jpg","datePublished":"2026-09-02T05:05:30+00:00","dateModified":"2026-09-02T05:06:24+00:00","inLanguage":"es-AR","potentialAction":[{"@type":"ReadAction","target":["https:\/\/elcanillita.info\/press\/2026\/09\/02\/esta-tan-bien-escrito-que-parece-cierto\/"]}]},{"@type":"ImageObject","inLanguage":"es-AR","@id":"https:\/\/elcanillita.info\/press\/2026\/09\/02\/esta-tan-bien-escrito-que-parece-cierto\/#primaryimage","url":"https:\/\/elcanillita.info\/press\/images\/2026\/07\/home_500-Canillita.jpg","contentUrl":"https:\/\/elcanillita.info\/press\/images\/2026\/07\/home_500-Canillita.jpg","width":500,"height":500},{"@type":"WebSite","@id":"https:\/\/elcanillita.info\/press\/#website","url":"https:\/\/elcanillita.info\/press\/","name":"ElCanillita.Info","description":"desde los Apeninos a los Andes","publisher":{"@id":"https:\/\/elcanillita.info\/press\/#organization"},"potentialAction":[{"@type":"SearchAction","target":{"@type":"EntryPoint","urlTemplate":"https:\/\/elcanillita.info\/press\/?s={search_term_string}"},"query-input":{"@type":"PropertyValueSpecification","valueRequired":true,"valueName":"search_term_string"}}],"inLanguage":"es-AR"},{"@type":"Organization","@id":"https:\/\/elcanillita.info\/press\/#organization","name":"Guzzo Photos & Graphic Publications","url":"https:\/\/elcanillita.info\/press\/","logo":{"@type":"ImageObject","inLanguage":"es-AR","@id":"https:\/\/elcanillita.info\/press\/#\/schema\/logo\/image\/","url":"https:\/\/elcanillita.info\/press\/images\/2020\/01\/cropped-cropped-cropped-elcanillitainfo.png","contentUrl":"https:\/\/elcanillita.info\/press\/images\/2020\/01\/cropped-cropped-cropped-elcanillitainfo.png","width":460,"height":50,"caption":"Guzzo Photos & Graphic Publications"},"image":{"@id":"https:\/\/elcanillita.info\/press\/#\/schema\/logo\/image\/"},"sameAs":["https:\/\/ar-ar.facebook.com\/ElCanillitainfo-114249515285712\/"]},{"@type":"Person","@id":"https:\/\/elcanillita.info\/press\/#\/schema\/person\/7fcb79f38045700919f7da6d97e71ba0","name":"SalaStampa.eu, world press service","image":{"@type":"ImageObject","inLanguage":"es-AR","@id":"https:\/\/secure.gravatar.com\/avatar\/c2f0e0d515a107624234994507816ca4724c7199cef73fc8bedebf6931d73888?s=96&d=mm&r=g","url":"https:\/\/secure.gravatar.com\/avatar\/c2f0e0d515a107624234994507816ca4724c7199cef73fc8bedebf6931d73888?s=96&d=mm&r=g","contentUrl":"https:\/\/secure.gravatar.com\/avatar\/c2f0e0d515a107624234994507816ca4724c7199cef73fc8bedebf6931d73888?s=96&d=mm&r=g","caption":"SalaStampa.eu, world press service"}}]}},"views":21,"_links":{"self":[{"href":"https:\/\/elcanillita.info\/press\/wp-json\/wp\/v2\/posts\/7470","targetHints":{"allow":["GET"]}}],"collection":[{"href":"https:\/\/elcanillita.info\/press\/wp-json\/wp\/v2\/posts"}],"about":[{"href":"https:\/\/elcanillita.info\/press\/wp-json\/wp\/v2\/types\/post"}],"author":[{"embeddable":true,"href":"https:\/\/elcanillita.info\/press\/wp-json\/wp\/v2\/users\/1"}],"replies":[{"embeddable":true,"href":"https:\/\/elcanillita.info\/press\/wp-json\/wp\/v2\/comments?post=7470"}],"version-history":[{"count":0,"href":"https:\/\/elcanillita.info\/press\/wp-json\/wp\/v2\/posts\/7470\/revisions"}],"wp:featuredmedia":[{"embeddable":true,"href":"https:\/\/elcanillita.info\/press\/wp-json\/wp\/v2\/media\/7300"}],"wp:attachment":[{"href":"https:\/\/elcanillita.info\/press\/wp-json\/wp\/v2\/media?parent=7470"}],"wp:term":[{"taxonomy":"category","embeddable":true,"href":"https:\/\/elcanillita.info\/press\/wp-json\/wp\/v2\/categories?post=7470"},{"taxonomy":"post_tag","embeddable":true,"href":"https:\/\/elcanillita.info\/press\/wp-json\/wp\/v2\/tags?post=7470"}],"curies":[{"name":"wp","href":"https:\/\/api.w.org\/{rel}","templated":true}]}}