{"id":7467,"date":"2026-09-01T06:34:30","date_gmt":"2026-09-01T09:34:30","guid":{"rendered":"https:\/\/elcanillita.info\/press\/?p=7467"},"modified":"2026-09-01T06:34:31","modified_gmt":"2026-09-01T09:34:31","slug":"abuela-pecas-tenia-razon-tambien-hay-buenas-noticias","status":"publish","type":"post","link":"https:\/\/elcanillita.info\/press\/2026\/09\/01\/abuela-pecas-tenia-razon-tambien-hay-buenas-noticias\/","title":{"rendered":"Abuela Pecas ten\u00eda raz\u00f3n: tambi\u00e9n hay buenas noticias"},"content":{"rendered":"\n<figure class=\"wp-block-image size-full\"><img loading=\"lazy\" decoding=\"async\" width=\"600\" height=\"400\" src=\"https:\/\/elcanillita.info\/press\/images\/2026\/05\/nonna_pecas.jpg\" alt=\"\" class=\"wp-image-6836\" srcset=\"https:\/\/elcanillita.info\/press\/images\/2026\/05\/nonna_pecas.jpg 600w, https:\/\/elcanillita.info\/press\/images\/2026\/05\/nonna_pecas-300x200.jpg 300w\" sizes=\"auto, (max-width: 600px) 100vw, 600px\" \/><\/figure>\n\n\n\n<p>Abuela Pecas est\u00e1 enojada con nosotros.<\/p>\n\n\n\n<p>Dice que este diario escucha una sola campana. Que contamos la f\u00e1brica que cierra, el bolsillo que no alcanza, el empleo que desaparece y el jubilado que hace cuentas, pero no hablamos suficientemente de las buenas noticias.<\/p>\n\n\n\n<p>Y tiene derecho a protestar.<\/p>\n\n\n\n<p>Nos recuerda, por ejemplo, la media sanci\u00f3n en Diputados de una reforma de la Carta Org\u00e1nica del Banco Central destinada a limitar la emisi\u00f3n monetaria para financiar al Tesoro. Tambi\u00e9n menciona propuestas para que presidente, legisladores y asesores sufran en sus propios bolsillos las consecuencias del d\u00e9ficit. Nos habla de inflaci\u00f3n, de empresas que llegan o regresan y, sobre todo, pide tiempo.<\/p>\n\n\n\n<p>Hasta aqu\u00ed, Abuela Pecas, concedido.<\/p>\n\n\n\n<p>Por eso hoy vamos a mirar el vaso desde el otro lado.<\/p>\n\n\n\n<p>Porque ser\u00eda injusto afirmar que durante la presidencia de Javier Milei no se han creado puestos de trabajo. Se han creado, y algunos son de notable importancia institucional.<\/p>\n\n\n\n<p>Hay secretarios, subsecretarios, asesores, funcionarios, responsables de \u00e1reas estrat\u00e9gicas y hombres y mujeres que encontraron ocupaci\u00f3n en la nueva arquitectura del poder. Cambiaron ministerios, desaparecieron organismos, se fusionaron dependencias y se redujeron planteles; pero el Estado, esa criatura a la que todos los gobiernos prometen adelgazar, conserva una curiosa habilidad para encontrar una silla cuando la pol\u00edtica considera imprescindible sentar a alguien.<\/p>\n\n\n\n<p>Y llegamos as\u00ed a uno de los empleos m\u00e1s importantes creados por la nueva administraci\u00f3n: el de secretaria general de la Presidencia.<\/p>\n\n\n\n<p>La titular es Karina Milei.<\/p>\n\n\n\n<p>No es un cargo ornamental. La hermana del Presidente ocupa uno de los centros neur\u00e1lgicos de la Casa Rosada y se convirti\u00f3, adem\u00e1s, en una figura decisiva en la construcci\u00f3n pol\u00edtica de La Libertad Avanza.<\/p>\n\n\n\n<p>La noticia de estas horas agrega un detalle interesante.<\/p>\n\n\n\n<p>Seg\u00fan las declaraciones juradas presentadas ante la Oficina Anticorrupci\u00f3n y los c\u00e1lculos publicados a partir de ellas, el patrimonio neto declarado de Karina Milei pas\u00f3 de $622.246,60 al asumir a $34.343.313,57 al cierre de 2025. Medido en t\u00e9rminos reales, el incremento informado es del 1.827,1%.<\/p>\n\n\n\n<p>Antes de que alguien saque el trabuco, corresponde aclarar algo importante.<\/p>\n\n\n\n<p>Ese porcentaje no demuestra por s\u00ed mismo que Karina Milei haya ganado ese dinero gracias a su cargo ni acredita irregularidad alguna. Una parte decisiva de la variaci\u00f3n proviene de la valuaci\u00f3n declarada de un departamento heredado en Vicente L\u00f3pez: el inmueble pas\u00f3 de $1.415.525,36 en diciembre de 2023 a $28.162.492,74 en 2025.<\/p>\n\n\n\n<p>Puede existir, como se\u00f1ala la propia informaci\u00f3n publicada, una explicaci\u00f3n vinculada con cambios en la valuaci\u00f3n fiscal.<\/p>\n\n\n\n<p>Precisamente por eso las declaraciones juradas son p\u00fablicas: no para condenar anticipadamente a nadie, sino para permitir que los ciudadanos pregunten.<\/p>\n\n\n\n<p>Y la pregunta es bastante sencilla: \u00bfqu\u00e9 metodolog\u00eda explica semejante modificaci\u00f3n en el valor declarado del inmueble?<\/p>\n\n\n\n<p>Tambi\u00e9n Javier Milei declar\u00f3 un aumento patrimonial. Cerr\u00f3 2025 con bienes, dep\u00f3sitos y dinero por $295.182.652, unos $89 millones m\u00e1s que el a\u00f1o anterior. All\u00ed aparecen dep\u00f3sitos, efectivo y la actualizaci\u00f3n fiscal de una propiedad, adem\u00e1s de dos veh\u00edculos ya declarados.<\/p>\n\n\n\n<p>Nada de esto constituye, por s\u00ed solo, un delito.<\/p>\n\n\n\n<p>Pero tampoco constituye una impertinencia period\u00edstica preguntar.<\/p>\n\n\n\n<p>De manera que Abuela Pecas ten\u00eda raz\u00f3n en una cosa fundamental: hay que escuchar todas las campanas.<\/p>\n\n\n\n<p>Cuando baja la inflaci\u00f3n, se cuenta.<\/p>\n\n\n\n<p>Cuando llega una inversi\u00f3n, se cuenta.<\/p>\n\n\n\n<p>Cuando abre una f\u00e1brica, se cuenta.<\/p>\n\n\n\n<p>Cuando se destruyen empleos, tambi\u00e9n.<\/p>\n\n\n\n<p>Y cuando quienes administran un pa\u00eds exhiben modificaciones patrimoniales que llaman la atenci\u00f3n, se pregunta c\u00f3mo ocurrieron.<\/p>\n\n\n\n<p>Porque el periodismo que solamente busca desgracias termina convertido en militancia del pesimismo.<\/p>\n\n\n\n<p>Pero el que s\u00f3lo publica buenas noticias termina convertido en folleto oficial.<\/p>\n\n\n\n<p>As\u00ed que aceptamos el tir\u00f3n de orejas de Abuela Pecas y prometemos mirar con mayor atenci\u00f3n los puestos de trabajo creados por el Gobierno.<\/p>\n\n\n\n<p>Sobre todo los que quedan m\u00e1s cerca del despacho presidencial.<\/p>\n\n\n<p><small><strong>\ud83d\udd8b\ufe0f \u00a9  El Contador de las Buenas Noticias \u2014 Derechos reservados | 2026<\/strong><\/small><\/p>\n<hr style=\"border: none; height: 1px; background-color: #e0e0e0; max-width: 80%; margin: 2em auto;\" \/>\n<p><small>\u00a9 2026 SalaStampa.eu, world press service &#8211; All Rights Reserved &#8211;  Guzzo Photos &#038; Graphic  Publications \u2013 Registro Editori e Stampatori n. 1441 Turin, Italy<\/small><\/p>","protected":false},"excerpt":{"rendered":"<p>Nos reprochan que miramos siempre el vaso medio vac\u00edo. Corregimos inmediatamente el rumbo: el Gobierno tambi\u00e9n ha demostrado una extraordinaria capacidad para crear puestos de trabajo. Algunos, incluso, vienen con despacho, asesores y cercan\u00eda presidencial.<\/p>\n","protected":false},"author":1,"featured_media":6590,"comment_status":"closed","ping_status":"closed","sticky":false,"template":"","format":"standard","meta":{"footnotes":"","_links_to":"","_links_to_target":""},"categories":[108,70,11,168,123,207,195,192,137],"tags":[],"class_list":["post-7467","post","type-post","status-publish","format-standard","has-post-thumbnail","hentry","category-blogdiario","category-actualidad","category-america-del-sur","category-analisis","category-argentina","category-economia-de-los-recursos","category-gobierno-nacional","category-politica-argentina","category-sociedad-y-valores","entry","double"],"yoast_head":"<!-- This site is optimized with the Yoast SEO plugin v27.8 - https:\/\/yoast.com\/product\/yoast-seo-wordpress\/ -->\n<title>Abuela Pecas ten\u00eda raz\u00f3n: tambi\u00e9n hay buenas noticias - ElCanillita.Info<\/title>\n<meta name=\"robots\" content=\"index, follow, max-snippet:-1, max-image-preview:large, max-video-preview:-1\" \/>\n<link rel=\"canonical\" href=\"https:\/\/elcanillita.info\/press\/2026\/09\/01\/abuela-pecas-tenia-razon-tambien-hay-buenas-noticias\/\" \/>\n<meta property=\"og:locale\" content=\"es_ES\" \/>\n<meta property=\"og:type\" content=\"article\" \/>\n<meta property=\"og:title\" content=\"Abuela Pecas ten\u00eda raz\u00f3n: tambi\u00e9n hay buenas noticias - ElCanillita.Info\" \/>\n<meta property=\"og:description\" content=\"Nos reprochan que miramos siempre el vaso medio vac\u00edo. Corregimos inmediatamente el rumbo: el Gobierno tambi\u00e9n ha demostrado una extraordinaria capacidad para crear puestos de trabajo. Algunos, incluso, vienen con despacho, asesores y cercan\u00eda presidencial.\" \/>\n<meta property=\"og:url\" content=\"https:\/\/elcanillita.info\/press\/2026\/09\/01\/abuela-pecas-tenia-razon-tambien-hay-buenas-noticias\/\" \/>\n<meta property=\"og:site_name\" content=\"ElCanillita.Info\" \/>\n<meta property=\"article:publisher\" content=\"https:\/\/ar-ar.facebook.com\/ElCanillitainfo-114249515285712\/\" \/>\n<meta property=\"article:published_time\" content=\"2026-09-01T09:34:30+00:00\" \/>\n<meta property=\"article:modified_time\" content=\"2026-09-01T09:34:31+00:00\" \/>\n<meta property=\"og:image\" content=\"https:\/\/elcanillita.info\/press\/images\/2026\/04\/nonna_pecas.jpg\" \/>\n\t<meta property=\"og:image:width\" content=\"600\" \/>\n\t<meta property=\"og:image:height\" content=\"400\" \/>\n\t<meta property=\"og:image:type\" content=\"image\/jpeg\" \/>\n<meta name=\"author\" content=\"SalaStampa.eu, world press service\" \/>\n<meta name=\"twitter:card\" content=\"summary_large_image\" \/>\n<meta name=\"twitter:label1\" content=\"Escrito por\" \/>\n\t<meta name=\"twitter:data1\" content=\"SalaStampa.eu, world press service\" \/>\n\t<meta name=\"twitter:label2\" content=\"Tiempo de lectura\" \/>\n\t<meta name=\"twitter:data2\" content=\"4 minutos\" \/>\n<script type=\"application\/ld+json\" class=\"yoast-schema-graph\">{\"@context\":\"https:\\\/\\\/schema.org\",\"@graph\":[{\"@type\":\"Article\",\"@id\":\"https:\\\/\\\/elcanillita.info\\\/press\\\/2026\\\/09\\\/01\\\/abuela-pecas-tenia-razon-tambien-hay-buenas-noticias\\\/#article\",\"isPartOf\":{\"@id\":\"https:\\\/\\\/elcanillita.info\\\/press\\\/2026\\\/09\\\/01\\\/abuela-pecas-tenia-razon-tambien-hay-buenas-noticias\\\/\"},\"author\":{\"name\":\"SalaStampa.eu, world press service\",\"@id\":\"https:\\\/\\\/elcanillita.info\\\/press\\\/#\\\/schema\\\/person\\\/7fcb79f38045700919f7da6d97e71ba0\"},\"headline\":\"Abuela Pecas ten\u00eda raz\u00f3n: tambi\u00e9n hay buenas noticias\",\"datePublished\":\"2026-09-01T09:34:30+00:00\",\"dateModified\":\"2026-09-01T09:34:31+00:00\",\"mainEntityOfPage\":{\"@id\":\"https:\\\/\\\/elcanillita.info\\\/press\\\/2026\\\/09\\\/01\\\/abuela-pecas-tenia-razon-tambien-hay-buenas-noticias\\\/\"},\"wordCount\":707,\"publisher\":{\"@id\":\"https:\\\/\\\/elcanillita.info\\\/press\\\/#organization\"},\"image\":{\"@id\":\"https:\\\/\\\/elcanillita.info\\\/press\\\/2026\\\/09\\\/01\\\/abuela-pecas-tenia-razon-tambien-hay-buenas-noticias\\\/#primaryimage\"},\"thumbnailUrl\":\"https:\\\/\\\/elcanillita.info\\\/press\\\/images\\\/2026\\\/04\\\/nonna_pecas.jpg\",\"articleSection\":[\".\",\"Actualidad\",\"Am\u00e9rica del Sur\",\"An\u00e1lisis\",\"Argentina\",\"Econom\u00efa de los recursos\",\"Gobierno Nacional\",\"Pol\u00edtica Argentina\",\"Sociedad y valores\"],\"inLanguage\":\"es-AR\"},{\"@type\":\"WebPage\",\"@id\":\"https:\\\/\\\/elcanillita.info\\\/press\\\/2026\\\/09\\\/01\\\/abuela-pecas-tenia-razon-tambien-hay-buenas-noticias\\\/\",\"url\":\"https:\\\/\\\/elcanillita.info\\\/press\\\/2026\\\/09\\\/01\\\/abuela-pecas-tenia-razon-tambien-hay-buenas-noticias\\\/\",\"name\":\"Abuela Pecas ten\u00eda raz\u00f3n: tambi\u00e9n hay buenas noticias - ElCanillita.Info\",\"isPartOf\":{\"@id\":\"https:\\\/\\\/elcanillita.info\\\/press\\\/#website\"},\"primaryImageOfPage\":{\"@id\":\"https:\\\/\\\/elcanillita.info\\\/press\\\/2026\\\/09\\\/01\\\/abuela-pecas-tenia-razon-tambien-hay-buenas-noticias\\\/#primaryimage\"},\"image\":{\"@id\":\"https:\\\/\\\/elcanillita.info\\\/press\\\/2026\\\/09\\\/01\\\/abuela-pecas-tenia-razon-tambien-hay-buenas-noticias\\\/#primaryimage\"},\"thumbnailUrl\":\"https:\\\/\\\/elcanillita.info\\\/press\\\/images\\\/2026\\\/04\\\/nonna_pecas.jpg\",\"datePublished\":\"2026-09-01T09:34:30+00:00\",\"dateModified\":\"2026-09-01T09:34:31+00:00\",\"inLanguage\":\"es-AR\",\"potentialAction\":[{\"@type\":\"ReadAction\",\"target\":[\"https:\\\/\\\/elcanillita.info\\\/press\\\/2026\\\/09\\\/01\\\/abuela-pecas-tenia-razon-tambien-hay-buenas-noticias\\\/\"]}]},{\"@type\":\"ImageObject\",\"inLanguage\":\"es-AR\",\"@id\":\"https:\\\/\\\/elcanillita.info\\\/press\\\/2026\\\/09\\\/01\\\/abuela-pecas-tenia-razon-tambien-hay-buenas-noticias\\\/#primaryimage\",\"url\":\"https:\\\/\\\/elcanillita.info\\\/press\\\/images\\\/2026\\\/04\\\/nonna_pecas.jpg\",\"contentUrl\":\"https:\\\/\\\/elcanillita.info\\\/press\\\/images\\\/2026\\\/04\\\/nonna_pecas.jpg\",\"width\":600,\"height\":400},{\"@type\":\"WebSite\",\"@id\":\"https:\\\/\\\/elcanillita.info\\\/press\\\/#website\",\"url\":\"https:\\\/\\\/elcanillita.info\\\/press\\\/\",\"name\":\"ElCanillita.Info\",\"description\":\"desde los Apeninos a los Andes\",\"publisher\":{\"@id\":\"https:\\\/\\\/elcanillita.info\\\/press\\\/#organization\"},\"potentialAction\":[{\"@type\":\"SearchAction\",\"target\":{\"@type\":\"EntryPoint\",\"urlTemplate\":\"https:\\\/\\\/elcanillita.info\\\/press\\\/?s={search_term_string}\"},\"query-input\":{\"@type\":\"PropertyValueSpecification\",\"valueRequired\":true,\"valueName\":\"search_term_string\"}}],\"inLanguage\":\"es-AR\"},{\"@type\":\"Organization\",\"@id\":\"https:\\\/\\\/elcanillita.info\\\/press\\\/#organization\",\"name\":\"Guzzo Photos & Graphic Publications\",\"url\":\"https:\\\/\\\/elcanillita.info\\\/press\\\/\",\"logo\":{\"@type\":\"ImageObject\",\"inLanguage\":\"es-AR\",\"@id\":\"https:\\\/\\\/elcanillita.info\\\/press\\\/#\\\/schema\\\/logo\\\/image\\\/\",\"url\":\"https:\\\/\\\/elcanillita.info\\\/press\\\/images\\\/2020\\\/01\\\/cropped-cropped-cropped-elcanillitainfo.png\",\"contentUrl\":\"https:\\\/\\\/elcanillita.info\\\/press\\\/images\\\/2020\\\/01\\\/cropped-cropped-cropped-elcanillitainfo.png\",\"width\":460,\"height\":50,\"caption\":\"Guzzo Photos & Graphic Publications\"},\"image\":{\"@id\":\"https:\\\/\\\/elcanillita.info\\\/press\\\/#\\\/schema\\\/logo\\\/image\\\/\"},\"sameAs\":[\"https:\\\/\\\/ar-ar.facebook.com\\\/ElCanillitainfo-114249515285712\\\/\"]},{\"@type\":\"Person\",\"@id\":\"https:\\\/\\\/elcanillita.info\\\/press\\\/#\\\/schema\\\/person\\\/7fcb79f38045700919f7da6d97e71ba0\",\"name\":\"SalaStampa.eu, world press service\",\"image\":{\"@type\":\"ImageObject\",\"inLanguage\":\"es-AR\",\"@id\":\"https:\\\/\\\/secure.gravatar.com\\\/avatar\\\/c2f0e0d515a107624234994507816ca4724c7199cef73fc8bedebf6931d73888?s=96&d=mm&r=g\",\"url\":\"https:\\\/\\\/secure.gravatar.com\\\/avatar\\\/c2f0e0d515a107624234994507816ca4724c7199cef73fc8bedebf6931d73888?s=96&d=mm&r=g\",\"contentUrl\":\"https:\\\/\\\/secure.gravatar.com\\\/avatar\\\/c2f0e0d515a107624234994507816ca4724c7199cef73fc8bedebf6931d73888?s=96&d=mm&r=g\",\"caption\":\"SalaStampa.eu, world press service\"}}]}<\/script>\n<!-- \/ Yoast SEO plugin. -->","yoast_head_json":{"title":"Abuela Pecas ten\u00eda raz\u00f3n: tambi\u00e9n hay buenas noticias - ElCanillita.Info","robots":{"index":"index","follow":"follow","max-snippet":"max-snippet:-1","max-image-preview":"max-image-preview:large","max-video-preview":"max-video-preview:-1"},"canonical":"https:\/\/elcanillita.info\/press\/2026\/09\/01\/abuela-pecas-tenia-razon-tambien-hay-buenas-noticias\/","og_locale":"es_ES","og_type":"article","og_title":"Abuela Pecas ten\u00eda raz\u00f3n: tambi\u00e9n hay buenas noticias - ElCanillita.Info","og_description":"Nos reprochan que miramos siempre el vaso medio vac\u00edo. Corregimos inmediatamente el rumbo: el Gobierno tambi\u00e9n ha demostrado una extraordinaria capacidad para crear puestos de trabajo. Algunos, incluso, vienen con despacho, asesores y cercan\u00eda presidencial.","og_url":"https:\/\/elcanillita.info\/press\/2026\/09\/01\/abuela-pecas-tenia-razon-tambien-hay-buenas-noticias\/","og_site_name":"ElCanillita.Info","article_publisher":"https:\/\/ar-ar.facebook.com\/ElCanillitainfo-114249515285712\/","article_published_time":"2026-09-01T09:34:30+00:00","article_modified_time":"2026-09-01T09:34:31+00:00","og_image":[{"width":600,"height":400,"url":"https:\/\/elcanillita.info\/press\/images\/2026\/04\/nonna_pecas.jpg","type":"image\/jpeg"}],"author":"SalaStampa.eu, world press service","twitter_card":"summary_large_image","twitter_misc":{"Escrito por":"SalaStampa.eu, world press service","Tiempo de lectura":"4 minutos"},"schema":{"@context":"https:\/\/schema.org","@graph":[{"@type":"Article","@id":"https:\/\/elcanillita.info\/press\/2026\/09\/01\/abuela-pecas-tenia-razon-tambien-hay-buenas-noticias\/#article","isPartOf":{"@id":"https:\/\/elcanillita.info\/press\/2026\/09\/01\/abuela-pecas-tenia-razon-tambien-hay-buenas-noticias\/"},"author":{"name":"SalaStampa.eu, world press service","@id":"https:\/\/elcanillita.info\/press\/#\/schema\/person\/7fcb79f38045700919f7da6d97e71ba0"},"headline":"Abuela Pecas ten\u00eda raz\u00f3n: tambi\u00e9n hay buenas noticias","datePublished":"2026-09-01T09:34:30+00:00","dateModified":"2026-09-01T09:34:31+00:00","mainEntityOfPage":{"@id":"https:\/\/elcanillita.info\/press\/2026\/09\/01\/abuela-pecas-tenia-razon-tambien-hay-buenas-noticias\/"},"wordCount":707,"publisher":{"@id":"https:\/\/elcanillita.info\/press\/#organization"},"image":{"@id":"https:\/\/elcanillita.info\/press\/2026\/09\/01\/abuela-pecas-tenia-razon-tambien-hay-buenas-noticias\/#primaryimage"},"thumbnailUrl":"https:\/\/elcanillita.info\/press\/images\/2026\/04\/nonna_pecas.jpg","articleSection":[".","Actualidad","Am\u00e9rica del Sur","An\u00e1lisis","Argentina","Econom\u00efa de los recursos","Gobierno Nacional","Pol\u00edtica Argentina","Sociedad y valores"],"inLanguage":"es-AR"},{"@type":"WebPage","@id":"https:\/\/elcanillita.info\/press\/2026\/09\/01\/abuela-pecas-tenia-razon-tambien-hay-buenas-noticias\/","url":"https:\/\/elcanillita.info\/press\/2026\/09\/01\/abuela-pecas-tenia-razon-tambien-hay-buenas-noticias\/","name":"Abuela Pecas ten\u00eda raz\u00f3n: tambi\u00e9n hay buenas noticias - ElCanillita.Info","isPartOf":{"@id":"https:\/\/elcanillita.info\/press\/#website"},"primaryImageOfPage":{"@id":"https:\/\/elcanillita.info\/press\/2026\/09\/01\/abuela-pecas-tenia-razon-tambien-hay-buenas-noticias\/#primaryimage"},"image":{"@id":"https:\/\/elcanillita.info\/press\/2026\/09\/01\/abuela-pecas-tenia-razon-tambien-hay-buenas-noticias\/#primaryimage"},"thumbnailUrl":"https:\/\/elcanillita.info\/press\/images\/2026\/04\/nonna_pecas.jpg","datePublished":"2026-09-01T09:34:30+00:00","dateModified":"2026-09-01T09:34:31+00:00","inLanguage":"es-AR","potentialAction":[{"@type":"ReadAction","target":["https:\/\/elcanillita.info\/press\/2026\/09\/01\/abuela-pecas-tenia-razon-tambien-hay-buenas-noticias\/"]}]},{"@type":"ImageObject","inLanguage":"es-AR","@id":"https:\/\/elcanillita.info\/press\/2026\/09\/01\/abuela-pecas-tenia-razon-tambien-hay-buenas-noticias\/#primaryimage","url":"https:\/\/elcanillita.info\/press\/images\/2026\/04\/nonna_pecas.jpg","contentUrl":"https:\/\/elcanillita.info\/press\/images\/2026\/04\/nonna_pecas.jpg","width":600,"height":400},{"@type":"WebSite","@id":"https:\/\/elcanillita.info\/press\/#website","url":"https:\/\/elcanillita.info\/press\/","name":"ElCanillita.Info","description":"desde los Apeninos a los Andes","publisher":{"@id":"https:\/\/elcanillita.info\/press\/#organization"},"potentialAction":[{"@type":"SearchAction","target":{"@type":"EntryPoint","urlTemplate":"https:\/\/elcanillita.info\/press\/?s={search_term_string}"},"query-input":{"@type":"PropertyValueSpecification","valueRequired":true,"valueName":"search_term_string"}}],"inLanguage":"es-AR"},{"@type":"Organization","@id":"https:\/\/elcanillita.info\/press\/#organization","name":"Guzzo Photos & Graphic Publications","url":"https:\/\/elcanillita.info\/press\/","logo":{"@type":"ImageObject","inLanguage":"es-AR","@id":"https:\/\/elcanillita.info\/press\/#\/schema\/logo\/image\/","url":"https:\/\/elcanillita.info\/press\/images\/2020\/01\/cropped-cropped-cropped-elcanillitainfo.png","contentUrl":"https:\/\/elcanillita.info\/press\/images\/2020\/01\/cropped-cropped-cropped-elcanillitainfo.png","width":460,"height":50,"caption":"Guzzo Photos & Graphic Publications"},"image":{"@id":"https:\/\/elcanillita.info\/press\/#\/schema\/logo\/image\/"},"sameAs":["https:\/\/ar-ar.facebook.com\/ElCanillitainfo-114249515285712\/"]},{"@type":"Person","@id":"https:\/\/elcanillita.info\/press\/#\/schema\/person\/7fcb79f38045700919f7da6d97e71ba0","name":"SalaStampa.eu, world press service","image":{"@type":"ImageObject","inLanguage":"es-AR","@id":"https:\/\/secure.gravatar.com\/avatar\/c2f0e0d515a107624234994507816ca4724c7199cef73fc8bedebf6931d73888?s=96&d=mm&r=g","url":"https:\/\/secure.gravatar.com\/avatar\/c2f0e0d515a107624234994507816ca4724c7199cef73fc8bedebf6931d73888?s=96&d=mm&r=g","contentUrl":"https:\/\/secure.gravatar.com\/avatar\/c2f0e0d515a107624234994507816ca4724c7199cef73fc8bedebf6931d73888?s=96&d=mm&r=g","caption":"SalaStampa.eu, world press service"}}]}},"views":19,"_links":{"self":[{"href":"https:\/\/elcanillita.info\/press\/wp-json\/wp\/v2\/posts\/7467","targetHints":{"allow":["GET"]}}],"collection":[{"href":"https:\/\/elcanillita.info\/press\/wp-json\/wp\/v2\/posts"}],"about":[{"href":"https:\/\/elcanillita.info\/press\/wp-json\/wp\/v2\/types\/post"}],"author":[{"embeddable":true,"href":"https:\/\/elcanillita.info\/press\/wp-json\/wp\/v2\/users\/1"}],"replies":[{"embeddable":true,"href":"https:\/\/elcanillita.info\/press\/wp-json\/wp\/v2\/comments?post=7467"}],"version-history":[{"count":0,"href":"https:\/\/elcanillita.info\/press\/wp-json\/wp\/v2\/posts\/7467\/revisions"}],"wp:featuredmedia":[{"embeddable":true,"href":"https:\/\/elcanillita.info\/press\/wp-json\/wp\/v2\/media\/6590"}],"wp:attachment":[{"href":"https:\/\/elcanillita.info\/press\/wp-json\/wp\/v2\/media?parent=7467"}],"wp:term":[{"taxonomy":"category","embeddable":true,"href":"https:\/\/elcanillita.info\/press\/wp-json\/wp\/v2\/categories?post=7467"},{"taxonomy":"post_tag","embeddable":true,"href":"https:\/\/elcanillita.info\/press\/wp-json\/wp\/v2\/tags?post=7467"}],"curies":[{"name":"wp","href":"https:\/\/api.w.org\/{rel}","templated":true}]}}