{"id":7465,"date":"2026-08-31T13:55:44","date_gmt":"2026-08-31T16:55:44","guid":{"rendered":"https:\/\/elcanillita.info\/press\/?p=7465"},"modified":"2026-08-31T13:55:50","modified_gmt":"2026-08-31T16:55:50","slug":"la-calculadora-y-la-puerta-de-la-fabrica","status":"publish","type":"post","link":"https:\/\/elcanillita.info\/press\/2026\/08\/31\/la-calculadora-y-la-puerta-de-la-fabrica\/","title":{"rendered":"La calculadora y la puerta de la f\u00e1brica"},"content":{"rendered":"<div class=\"wp-block-image\">\n<figure class=\"alignleft size-full is-resized\"><img loading=\"lazy\" decoding=\"async\" width=\"741\" height=\"1000\" src=\"https:\/\/elcanillita.info\/press\/images\/2026\/08\/labor_V_e-ind.jpg\" alt=\"\" class=\"wp-image-7356\" style=\"aspect-ratio:0.7410004896618174;width:370px;height:auto\" srcset=\"https:\/\/elcanillita.info\/press\/images\/2026\/08\/labor_V_e-ind.jpg 741w, https:\/\/elcanillita.info\/press\/images\/2026\/08\/labor_V_e-ind-222x300.jpg 222w\" sizes=\"auto, (max-width: 741px) 100vw, 741px\" \/><\/figure>\n<\/div>\n\n\n<p>El domingo 30 de agosto, Federico Sturzenegger escribi\u00f3 en <em>La Naci\u00f3n<\/em> que el crecimiento argentino es \u201cmucho m\u00e1s parejo de lo que parece\u201d. Defendi\u00f3 los n\u00fameros de actividad y empleo y record\u00f3 que, pese a la reducci\u00f3n de empleadores registrados, la econom\u00eda hab\u00eda incorporado puestos de trabajo.<\/p>\n\n\n\n<p>Veinticuatro horas despu\u00e9s, la Agencia Noticias Argentinas inform\u00f3 que Granja Tres Arroyos suspendi\u00f3 \u201chasta nuevo aviso\u201d la actividad de su planta de Capit\u00e1n Sarmiento.<\/p>\n\n\n\n<p>No corresponde hacer demagogia con la coincidencia.<\/p>\n\n\n\n<p>Granja Tres Arroyos arrastra una crisis financiera considerable, con un pasivo informado de 350,9 millones de d\u00f3lares, antecedentes de suspensiones, cierres y despidos y un proceso preventivo de crisis iniciado a fines de 2024. Ser\u00eda intelectualmente deshonesto cargar toda esa historia sobre la pol\u00edtica econ\u00f3mica de los \u00faltimos meses.<\/p>\n\n\n\n<p>Pero ser\u00eda igualmente equivocado mirar \u00fanicamente el tablero macroecon\u00f3mico y olvidar lo que ocurre detr\u00e1s de la puerta de una f\u00e1brica.<\/p>\n\n\n\n<p>Sturzenegger sostiene que entre diciembre de 2023 y mayo de 2026 desaparecieron casi 32.000 empleadores registrados, aunque relativiza el dato se\u00f1alando que alrededor de 22.000 ten\u00edan apenas uno o dos trabajadores. Puede existir una explicaci\u00f3n estad\u00edstica perfectamente atendible.<\/p>\n\n\n\n<p>Para quien pierde el empleo, sin embargo, el establecimiento que cierra siempre tiene exactamente el mismo tama\u00f1o:<\/p>\n\n\n\n<p><strong>uno. El suyo.<\/strong><\/p>\n\n\n\n<p>Los buenos n\u00fameros deben publicarse. Los malos, tambi\u00e9n. El crecimiento debe reconocerse cuando existe y las crisis empresariales deben analizarse sin convertir cada persiana baja en una cat\u00e1strofe nacional.<\/p>\n\n\n\n<p>Eso significa mirar m\u00e1s all\u00e1 del ruido.<\/p>\n\n\n\n<p>Pero hacia los dos lados.<\/p>\n\n\n\n<p>Porque la econom\u00eda necesita estad\u00edsticas para ser comprendida.<\/p>\n\n\n\n<p><strong>Y puertas abiertas para ser vivida.<\/strong><br><br><\/p>\n\n\n<p><small> \ud83d\udd8b\ufe0f\u00a9  El Agrimensor de la Rep\u00fablica | 2026  \u2013 All Rights Reserved<\/small><\/p>\n<hr style=\"border: none; height: 1px; background-color: #e0e0e0; max-width: 80%; margin: 2em auto;\" \/>\n<p><small>\u00a9 2026 SalaStampa.eu, world press service &#8211; All Rights Reserved &#8211;  Guzzo Photos &#038; Graphic  Publications \u2013 Registro Editori e Stampatori n. 1441 Turin, Italy<\/small><\/p>","protected":false},"excerpt":{"rendered":"<p>Sturzenegger pide mirar los datos m\u00e1s all\u00e1 del ruido. Un d\u00eda despu\u00e9s, la principal av\u00edcola del pa\u00eds suspende una planta y sus trabajadores temen el cierre. Una noticia no invalida una estad\u00edstica. Pero una estad\u00edstica tampoco puede borrar una noticia.<\/p>\n","protected":false},"author":1,"featured_media":7203,"comment_status":"closed","ping_status":"closed","sticky":false,"template":"","format":"standard","meta":{"footnotes":"","_links_to":"","_links_to_target":""},"categories":[108,121,70,11,123,179,195,189,192],"tags":[],"class_list":["post-7465","post","type-post","status-publish","format-standard","has-post-thumbnail","hentry","category-blogdiario","category-dc24","category-actualidad","category-america-del-sur","category-argentina","category-detras-de-los-titulares","category-gobierno-nacional","category-la-fabrica-y-la-calle","category-politica-argentina","entry","double"],"yoast_head":"<!-- This site is optimized with the Yoast SEO plugin v27.8 - https:\/\/yoast.com\/product\/yoast-seo-wordpress\/ -->\n<title>La calculadora y la puerta de la f\u00e1brica - ElCanillita.Info<\/title>\n<meta name=\"robots\" content=\"index, follow, max-snippet:-1, max-image-preview:large, max-video-preview:-1\" \/>\n<link rel=\"canonical\" href=\"https:\/\/elcanillita.info\/press\/2026\/08\/31\/la-calculadora-y-la-puerta-de-la-fabrica\/\" \/>\n<meta property=\"og:locale\" content=\"es_ES\" \/>\n<meta property=\"og:type\" content=\"article\" \/>\n<meta property=\"og:title\" content=\"La calculadora y la puerta de la f\u00e1brica - ElCanillita.Info\" \/>\n<meta property=\"og:description\" content=\"Sturzenegger pide mirar los datos m\u00e1s all\u00e1 del ruido. Un d\u00eda despu\u00e9s, la principal av\u00edcola del pa\u00eds suspende una planta y sus trabajadores temen el cierre. Una noticia no invalida una estad\u00edstica. Pero una estad\u00edstica tampoco puede borrar una noticia.\" \/>\n<meta property=\"og:url\" content=\"https:\/\/elcanillita.info\/press\/2026\/08\/31\/la-calculadora-y-la-puerta-de-la-fabrica\/\" \/>\n<meta property=\"og:site_name\" content=\"ElCanillita.Info\" \/>\n<meta property=\"article:publisher\" content=\"https:\/\/ar-ar.facebook.com\/ElCanillitainfo-114249515285712\/\" \/>\n<meta property=\"article:published_time\" content=\"2026-08-31T16:55:44+00:00\" \/>\n<meta property=\"article:modified_time\" content=\"2026-08-31T16:55:50+00:00\" \/>\n<meta property=\"og:image\" content=\"https:\/\/elcanillita.info\/press\/images\/2026\/07\/Labor-e-ind_550.jpg\" \/>\n\t<meta property=\"og:image:width\" content=\"534\" \/>\n\t<meta property=\"og:image:height\" content=\"400\" \/>\n\t<meta property=\"og:image:type\" content=\"image\/jpeg\" \/>\n<meta name=\"author\" content=\"SalaStampa.eu, world press service\" \/>\n<meta name=\"twitter:card\" content=\"summary_large_image\" \/>\n<meta name=\"twitter:label1\" content=\"Escrito por\" \/>\n\t<meta name=\"twitter:data1\" content=\"SalaStampa.eu, world press service\" \/>\n\t<meta name=\"twitter:label2\" content=\"Tiempo de lectura\" \/>\n\t<meta name=\"twitter:data2\" content=\"2 minutos\" \/>\n<script type=\"application\/ld+json\" class=\"yoast-schema-graph\">{\"@context\":\"https:\\\/\\\/schema.org\",\"@graph\":[{\"@type\":\"Article\",\"@id\":\"https:\\\/\\\/elcanillita.info\\\/press\\\/2026\\\/08\\\/31\\\/la-calculadora-y-la-puerta-de-la-fabrica\\\/#article\",\"isPartOf\":{\"@id\":\"https:\\\/\\\/elcanillita.info\\\/press\\\/2026\\\/08\\\/31\\\/la-calculadora-y-la-puerta-de-la-fabrica\\\/\"},\"author\":{\"name\":\"SalaStampa.eu, world press service\",\"@id\":\"https:\\\/\\\/elcanillita.info\\\/press\\\/#\\\/schema\\\/person\\\/7fcb79f38045700919f7da6d97e71ba0\"},\"headline\":\"La calculadora y la puerta de la f\u00e1brica\",\"datePublished\":\"2026-08-31T16:55:44+00:00\",\"dateModified\":\"2026-08-31T16:55:50+00:00\",\"mainEntityOfPage\":{\"@id\":\"https:\\\/\\\/elcanillita.info\\\/press\\\/2026\\\/08\\\/31\\\/la-calculadora-y-la-puerta-de-la-fabrica\\\/\"},\"wordCount\":320,\"publisher\":{\"@id\":\"https:\\\/\\\/elcanillita.info\\\/press\\\/#organization\"},\"image\":{\"@id\":\"https:\\\/\\\/elcanillita.info\\\/press\\\/2026\\\/08\\\/31\\\/la-calculadora-y-la-puerta-de-la-fabrica\\\/#primaryimage\"},\"thumbnailUrl\":\"https:\\\/\\\/elcanillita.info\\\/press\\\/images\\\/2026\\\/07\\\/Labor-e-ind_550.jpg\",\"articleSection\":[\".\",\".\",\"Actualidad\",\"Am\u00e9rica del Sur\",\"Argentina\",\"Detr\u00e1s de los Titulares\",\"Gobierno Nacional\",\"La F\u00e1brica y la Calle\",\"Pol\u00edtica Argentina\"],\"inLanguage\":\"es-AR\"},{\"@type\":\"WebPage\",\"@id\":\"https:\\\/\\\/elcanillita.info\\\/press\\\/2026\\\/08\\\/31\\\/la-calculadora-y-la-puerta-de-la-fabrica\\\/\",\"url\":\"https:\\\/\\\/elcanillita.info\\\/press\\\/2026\\\/08\\\/31\\\/la-calculadora-y-la-puerta-de-la-fabrica\\\/\",\"name\":\"La calculadora y la puerta de la f\u00e1brica - ElCanillita.Info\",\"isPartOf\":{\"@id\":\"https:\\\/\\\/elcanillita.info\\\/press\\\/#website\"},\"primaryImageOfPage\":{\"@id\":\"https:\\\/\\\/elcanillita.info\\\/press\\\/2026\\\/08\\\/31\\\/la-calculadora-y-la-puerta-de-la-fabrica\\\/#primaryimage\"},\"image\":{\"@id\":\"https:\\\/\\\/elcanillita.info\\\/press\\\/2026\\\/08\\\/31\\\/la-calculadora-y-la-puerta-de-la-fabrica\\\/#primaryimage\"},\"thumbnailUrl\":\"https:\\\/\\\/elcanillita.info\\\/press\\\/images\\\/2026\\\/07\\\/Labor-e-ind_550.jpg\",\"datePublished\":\"2026-08-31T16:55:44+00:00\",\"dateModified\":\"2026-08-31T16:55:50+00:00\",\"inLanguage\":\"es-AR\",\"potentialAction\":[{\"@type\":\"ReadAction\",\"target\":[\"https:\\\/\\\/elcanillita.info\\\/press\\\/2026\\\/08\\\/31\\\/la-calculadora-y-la-puerta-de-la-fabrica\\\/\"]}]},{\"@type\":\"ImageObject\",\"inLanguage\":\"es-AR\",\"@id\":\"https:\\\/\\\/elcanillita.info\\\/press\\\/2026\\\/08\\\/31\\\/la-calculadora-y-la-puerta-de-la-fabrica\\\/#primaryimage\",\"url\":\"https:\\\/\\\/elcanillita.info\\\/press\\\/images\\\/2026\\\/07\\\/Labor-e-ind_550.jpg\",\"contentUrl\":\"https:\\\/\\\/elcanillita.info\\\/press\\\/images\\\/2026\\\/07\\\/Labor-e-ind_550.jpg\",\"width\":534,\"height\":400},{\"@type\":\"WebSite\",\"@id\":\"https:\\\/\\\/elcanillita.info\\\/press\\\/#website\",\"url\":\"https:\\\/\\\/elcanillita.info\\\/press\\\/\",\"name\":\"ElCanillita.Info\",\"description\":\"desde los Apeninos a los Andes\",\"publisher\":{\"@id\":\"https:\\\/\\\/elcanillita.info\\\/press\\\/#organization\"},\"potentialAction\":[{\"@type\":\"SearchAction\",\"target\":{\"@type\":\"EntryPoint\",\"urlTemplate\":\"https:\\\/\\\/elcanillita.info\\\/press\\\/?s={search_term_string}\"},\"query-input\":{\"@type\":\"PropertyValueSpecification\",\"valueRequired\":true,\"valueName\":\"search_term_string\"}}],\"inLanguage\":\"es-AR\"},{\"@type\":\"Organization\",\"@id\":\"https:\\\/\\\/elcanillita.info\\\/press\\\/#organization\",\"name\":\"Guzzo Photos & Graphic Publications\",\"url\":\"https:\\\/\\\/elcanillita.info\\\/press\\\/\",\"logo\":{\"@type\":\"ImageObject\",\"inLanguage\":\"es-AR\",\"@id\":\"https:\\\/\\\/elcanillita.info\\\/press\\\/#\\\/schema\\\/logo\\\/image\\\/\",\"url\":\"https:\\\/\\\/elcanillita.info\\\/press\\\/images\\\/2020\\\/01\\\/cropped-cropped-cropped-elcanillitainfo.png\",\"contentUrl\":\"https:\\\/\\\/elcanillita.info\\\/press\\\/images\\\/2020\\\/01\\\/cropped-cropped-cropped-elcanillitainfo.png\",\"width\":460,\"height\":50,\"caption\":\"Guzzo Photos & Graphic Publications\"},\"image\":{\"@id\":\"https:\\\/\\\/elcanillita.info\\\/press\\\/#\\\/schema\\\/logo\\\/image\\\/\"},\"sameAs\":[\"https:\\\/\\\/ar-ar.facebook.com\\\/ElCanillitainfo-114249515285712\\\/\"]},{\"@type\":\"Person\",\"@id\":\"https:\\\/\\\/elcanillita.info\\\/press\\\/#\\\/schema\\\/person\\\/7fcb79f38045700919f7da6d97e71ba0\",\"name\":\"SalaStampa.eu, world press service\",\"image\":{\"@type\":\"ImageObject\",\"inLanguage\":\"es-AR\",\"@id\":\"https:\\\/\\\/secure.gravatar.com\\\/avatar\\\/c2f0e0d515a107624234994507816ca4724c7199cef73fc8bedebf6931d73888?s=96&d=mm&r=g\",\"url\":\"https:\\\/\\\/secure.gravatar.com\\\/avatar\\\/c2f0e0d515a107624234994507816ca4724c7199cef73fc8bedebf6931d73888?s=96&d=mm&r=g\",\"contentUrl\":\"https:\\\/\\\/secure.gravatar.com\\\/avatar\\\/c2f0e0d515a107624234994507816ca4724c7199cef73fc8bedebf6931d73888?s=96&d=mm&r=g\",\"caption\":\"SalaStampa.eu, world press service\"}}]}<\/script>\n<!-- \/ Yoast SEO plugin. -->","yoast_head_json":{"title":"La calculadora y la puerta de la f\u00e1brica - ElCanillita.Info","robots":{"index":"index","follow":"follow","max-snippet":"max-snippet:-1","max-image-preview":"max-image-preview:large","max-video-preview":"max-video-preview:-1"},"canonical":"https:\/\/elcanillita.info\/press\/2026\/08\/31\/la-calculadora-y-la-puerta-de-la-fabrica\/","og_locale":"es_ES","og_type":"article","og_title":"La calculadora y la puerta de la f\u00e1brica - ElCanillita.Info","og_description":"Sturzenegger pide mirar los datos m\u00e1s all\u00e1 del ruido. Un d\u00eda despu\u00e9s, la principal av\u00edcola del pa\u00eds suspende una planta y sus trabajadores temen el cierre. Una noticia no invalida una estad\u00edstica. Pero una estad\u00edstica tampoco puede borrar una noticia.","og_url":"https:\/\/elcanillita.info\/press\/2026\/08\/31\/la-calculadora-y-la-puerta-de-la-fabrica\/","og_site_name":"ElCanillita.Info","article_publisher":"https:\/\/ar-ar.facebook.com\/ElCanillitainfo-114249515285712\/","article_published_time":"2026-08-31T16:55:44+00:00","article_modified_time":"2026-08-31T16:55:50+00:00","og_image":[{"width":534,"height":400,"url":"https:\/\/elcanillita.info\/press\/images\/2026\/07\/Labor-e-ind_550.jpg","type":"image\/jpeg"}],"author":"SalaStampa.eu, world press service","twitter_card":"summary_large_image","twitter_misc":{"Escrito por":"SalaStampa.eu, world press service","Tiempo de lectura":"2 minutos"},"schema":{"@context":"https:\/\/schema.org","@graph":[{"@type":"Article","@id":"https:\/\/elcanillita.info\/press\/2026\/08\/31\/la-calculadora-y-la-puerta-de-la-fabrica\/#article","isPartOf":{"@id":"https:\/\/elcanillita.info\/press\/2026\/08\/31\/la-calculadora-y-la-puerta-de-la-fabrica\/"},"author":{"name":"SalaStampa.eu, world press service","@id":"https:\/\/elcanillita.info\/press\/#\/schema\/person\/7fcb79f38045700919f7da6d97e71ba0"},"headline":"La calculadora y la puerta de la f\u00e1brica","datePublished":"2026-08-31T16:55:44+00:00","dateModified":"2026-08-31T16:55:50+00:00","mainEntityOfPage":{"@id":"https:\/\/elcanillita.info\/press\/2026\/08\/31\/la-calculadora-y-la-puerta-de-la-fabrica\/"},"wordCount":320,"publisher":{"@id":"https:\/\/elcanillita.info\/press\/#organization"},"image":{"@id":"https:\/\/elcanillita.info\/press\/2026\/08\/31\/la-calculadora-y-la-puerta-de-la-fabrica\/#primaryimage"},"thumbnailUrl":"https:\/\/elcanillita.info\/press\/images\/2026\/07\/Labor-e-ind_550.jpg","articleSection":[".",".","Actualidad","Am\u00e9rica del Sur","Argentina","Detr\u00e1s de los Titulares","Gobierno Nacional","La F\u00e1brica y la Calle","Pol\u00edtica Argentina"],"inLanguage":"es-AR"},{"@type":"WebPage","@id":"https:\/\/elcanillita.info\/press\/2026\/08\/31\/la-calculadora-y-la-puerta-de-la-fabrica\/","url":"https:\/\/elcanillita.info\/press\/2026\/08\/31\/la-calculadora-y-la-puerta-de-la-fabrica\/","name":"La calculadora y la puerta de la f\u00e1brica - ElCanillita.Info","isPartOf":{"@id":"https:\/\/elcanillita.info\/press\/#website"},"primaryImageOfPage":{"@id":"https:\/\/elcanillita.info\/press\/2026\/08\/31\/la-calculadora-y-la-puerta-de-la-fabrica\/#primaryimage"},"image":{"@id":"https:\/\/elcanillita.info\/press\/2026\/08\/31\/la-calculadora-y-la-puerta-de-la-fabrica\/#primaryimage"},"thumbnailUrl":"https:\/\/elcanillita.info\/press\/images\/2026\/07\/Labor-e-ind_550.jpg","datePublished":"2026-08-31T16:55:44+00:00","dateModified":"2026-08-31T16:55:50+00:00","inLanguage":"es-AR","potentialAction":[{"@type":"ReadAction","target":["https:\/\/elcanillita.info\/press\/2026\/08\/31\/la-calculadora-y-la-puerta-de-la-fabrica\/"]}]},{"@type":"ImageObject","inLanguage":"es-AR","@id":"https:\/\/elcanillita.info\/press\/2026\/08\/31\/la-calculadora-y-la-puerta-de-la-fabrica\/#primaryimage","url":"https:\/\/elcanillita.info\/press\/images\/2026\/07\/Labor-e-ind_550.jpg","contentUrl":"https:\/\/elcanillita.info\/press\/images\/2026\/07\/Labor-e-ind_550.jpg","width":534,"height":400},{"@type":"WebSite","@id":"https:\/\/elcanillita.info\/press\/#website","url":"https:\/\/elcanillita.info\/press\/","name":"ElCanillita.Info","description":"desde los Apeninos a los Andes","publisher":{"@id":"https:\/\/elcanillita.info\/press\/#organization"},"potentialAction":[{"@type":"SearchAction","target":{"@type":"EntryPoint","urlTemplate":"https:\/\/elcanillita.info\/press\/?s={search_term_string}"},"query-input":{"@type":"PropertyValueSpecification","valueRequired":true,"valueName":"search_term_string"}}],"inLanguage":"es-AR"},{"@type":"Organization","@id":"https:\/\/elcanillita.info\/press\/#organization","name":"Guzzo Photos & Graphic Publications","url":"https:\/\/elcanillita.info\/press\/","logo":{"@type":"ImageObject","inLanguage":"es-AR","@id":"https:\/\/elcanillita.info\/press\/#\/schema\/logo\/image\/","url":"https:\/\/elcanillita.info\/press\/images\/2020\/01\/cropped-cropped-cropped-elcanillitainfo.png","contentUrl":"https:\/\/elcanillita.info\/press\/images\/2020\/01\/cropped-cropped-cropped-elcanillitainfo.png","width":460,"height":50,"caption":"Guzzo Photos & Graphic Publications"},"image":{"@id":"https:\/\/elcanillita.info\/press\/#\/schema\/logo\/image\/"},"sameAs":["https:\/\/ar-ar.facebook.com\/ElCanillitainfo-114249515285712\/"]},{"@type":"Person","@id":"https:\/\/elcanillita.info\/press\/#\/schema\/person\/7fcb79f38045700919f7da6d97e71ba0","name":"SalaStampa.eu, world press service","image":{"@type":"ImageObject","inLanguage":"es-AR","@id":"https:\/\/secure.gravatar.com\/avatar\/c2f0e0d515a107624234994507816ca4724c7199cef73fc8bedebf6931d73888?s=96&d=mm&r=g","url":"https:\/\/secure.gravatar.com\/avatar\/c2f0e0d515a107624234994507816ca4724c7199cef73fc8bedebf6931d73888?s=96&d=mm&r=g","contentUrl":"https:\/\/secure.gravatar.com\/avatar\/c2f0e0d515a107624234994507816ca4724c7199cef73fc8bedebf6931d73888?s=96&d=mm&r=g","caption":"SalaStampa.eu, world press service"}}]}},"views":17,"_links":{"self":[{"href":"https:\/\/elcanillita.info\/press\/wp-json\/wp\/v2\/posts\/7465","targetHints":{"allow":["GET"]}}],"collection":[{"href":"https:\/\/elcanillita.info\/press\/wp-json\/wp\/v2\/posts"}],"about":[{"href":"https:\/\/elcanillita.info\/press\/wp-json\/wp\/v2\/types\/post"}],"author":[{"embeddable":true,"href":"https:\/\/elcanillita.info\/press\/wp-json\/wp\/v2\/users\/1"}],"replies":[{"embeddable":true,"href":"https:\/\/elcanillita.info\/press\/wp-json\/wp\/v2\/comments?post=7465"}],"version-history":[{"count":0,"href":"https:\/\/elcanillita.info\/press\/wp-json\/wp\/v2\/posts\/7465\/revisions"}],"wp:featuredmedia":[{"embeddable":true,"href":"https:\/\/elcanillita.info\/press\/wp-json\/wp\/v2\/media\/7203"}],"wp:attachment":[{"href":"https:\/\/elcanillita.info\/press\/wp-json\/wp\/v2\/media?parent=7465"}],"wp:term":[{"taxonomy":"category","embeddable":true,"href":"https:\/\/elcanillita.info\/press\/wp-json\/wp\/v2\/categories?post=7465"},{"taxonomy":"post_tag","embeddable":true,"href":"https:\/\/elcanillita.info\/press\/wp-json\/wp\/v2\/tags?post=7465"}],"curies":[{"name":"wp","href":"https:\/\/api.w.org\/{rel}","templated":true}]}}