{"id":7456,"date":"2026-08-31T04:25:48","date_gmt":"2026-08-31T07:25:48","guid":{"rendered":"https:\/\/elcanillita.info\/press\/?p=7456"},"modified":"2026-08-31T04:25:49","modified_gmt":"2026-08-31T07:25:49","slug":"el-papa-no-viene-con-aforo","status":"publish","type":"post","link":"https:\/\/elcanillita.info\/press\/2026\/08\/31\/el-papa-no-viene-con-aforo\/","title":{"rendered":"EL PAPA NO VIENE CON AFORO"},"content":{"rendered":"<div class=\"wp-block-image\">\n<figure class=\"alignleft size-large is-resized\"><img loading=\"lazy\" decoding=\"async\" width=\"1024\" height=\"1024\" src=\"https:\/\/elcanillita.info\/press\/images\/2026\/07\/cover-Canillita-1-1024x1024.jpg\" alt=\"\" class=\"wp-image-7299\" style=\"width:344px;height:auto\" srcset=\"https:\/\/elcanillita.info\/press\/images\/2026\/07\/cover-Canillita-1-1024x1024.jpg 1024w, https:\/\/elcanillita.info\/press\/images\/2026\/07\/cover-Canillita-1-300x300.jpg 300w, https:\/\/elcanillita.info\/press\/images\/2026\/07\/cover-Canillita-1-150x150.jpg 150w, https:\/\/elcanillita.info\/press\/images\/2026\/07\/cover-Canillita-1-768x768.jpg 768w, https:\/\/elcanillita.info\/press\/images\/2026\/07\/cover-Canillita-1.jpg 1254w\" sizes=\"auto, (max-width: 1024px) 100vw, 1024px\" \/><\/figure>\n<\/div>\n\n\n<p>Hay visitas de Estado que se resuelven con alfombra roja, fotograf\u00eda oficial, dos himnos, apretones de manos y comunicado conjunto.<\/p>\n\n\n\n<p>Y despu\u00e9s est\u00e1n las visitas de un Papa.<\/p>\n\n\n\n<p>Le\u00f3n XIV llegar\u00e1 a la Argentina el 8 de noviembre y permanecer\u00e1 apenas tres d\u00edas. Parece poco. Para la Casa Rosada, quiz\u00e1 resulte una eternidad.<\/p>\n\n\n\n<p>No porque el pont\u00edfice venga dispuesto a encabezar una manifestaci\u00f3n, fundar un partido pol\u00edtico o presentar una lista para las pr\u00f3ximas elecciones. Viene como Papa y, seg\u00fan insiste la Iglesia, en viaje pastoral.<\/p>\n\n\n\n<p>Precisamente ah\u00ed comienza el problema.<\/p>\n\n\n\n<p>Porque la pastoral cat\u00f3lica tiene desde hace bastante tiempo una inc\u00f3moda costumbre: hablar de pobres, trabajadores, ancianos, enfermos, presos, migrantes, personas con discapacidad, dignidad humana y justicia social.<\/p>\n\n\n\n<p>Todo un temario de alto riesgo para estos tiempos.<\/p>\n\n\n\n<p>El Gobierno parece preocupado por el contenido de los mensajes pontificios, pero quiz\u00e1 deber\u00eda inquietarlo todav\u00eda m\u00e1s el escenario. La Iglesia quiere al Papa en contacto con la gente, en actos abiertos y multitudinarios. La administraci\u00f3n Milei preferir\u00eda acontecimientos m\u00e1s contenidos, con recintos, estadios, per\u00edmetros y aforos manejables.<\/p>\n\n\n\n<p>En t\u00e9rminos t\u00e9cnicos: seguridad y organizaci\u00f3n.<\/p>\n\n\n\n<p>En t\u00e9rminos pol\u00edticos: cuanto menos imprevisible sea la fotograf\u00eda, mejor.<\/p>\n\n\n\n<p>Pero organizar la visita de un Papa como si fuera una convenci\u00f3n empresarial presenta ciertas dificultades. Si millones de personas quieren salir a verlo, habr\u00e1 que explicarles que la libertad avanza, aunque preferentemente detr\u00e1s de una valla y hasta completar capacidad.<\/p>\n\n\n\n<p>La discusi\u00f3n no es menor.<\/p>\n\n\n\n<p>Una multitud no necesariamente protesta. Tampoco necesariamente apoya al Gobierno. Simplemente existe. Y cuando existe delante de un dirigente religioso que habla de cuestiones sociales, adquiere inevitablemente una dimensi\u00f3n p\u00fablica que ning\u00fan departamento de comunicaci\u00f3n puede editar antes de transmitirla.<\/p>\n\n\n\n<p>Ah\u00ed reside probablemente la mayor incomodidad.<\/p>\n\n\n\n<p>Le\u00f3n XIV no necesita pronunciar el nombre de Javier Milei para producir una lectura pol\u00edtica. Ni siquiera necesita formular una cr\u00edtica.<\/p>\n\n\n\n<p>Le bastar\u00eda visitar una instituci\u00f3n que atiende personas con discapacidad.<\/p>\n\n\n\n<p>De hecho, entre los lugares que se estudian aparece el Cotolengo Don Orione de Claypole, donde viven cientos de personas con discapacidad. Si la visita finalmente se concreta, el Papa podr\u00eda recorrer sus instalaciones, abrazar a algunos residentes, escuchar a las familias y marcharse sin decir una sola palabra sobre el Gobierno.<\/p>\n\n\n\n<p>La fotograf\u00eda har\u00eda el resto.<\/p>\n\n\n\n<p>Ese es uno de los misterios de la comunicaci\u00f3n pol\u00edtica que todav\u00eda ninguna motosierra consigui\u00f3 simplificar: hay im\u00e1genes que redactan su propio editorial.<\/p>\n\n\n\n<p>Tambi\u00e9n se analiza una visita a la c\u00e1rcel de Devoto. Tampoco ser\u00eda extra\u00f1o. Francisco visitaba c\u00e1rceles y Le\u00f3n XIV mantiene una sensibilidad pastoral semejante hacia quienes viven en los m\u00e1rgenes.<\/p>\n\n\n\n<p>Otra fotograf\u00eda inc\u00f3moda.<\/p>\n\n\n\n<p>Y podr\u00eda haber Luj\u00e1n, Palermo, C\u00f3rdoba, eventualmente la avenida 9 de Julio, un homenaje a Francisco en la Catedral y encuentros con diplom\u00e1ticos, empresarios, cient\u00edficos, sindicalistas y movimientos populares.<\/p>\n\n\n\n<p>Demasiadas personas conversando entre s\u00ed para una Argentina acostumbrada \u00faltimamente a conversar a los gritos.<\/p>\n\n\n\n<p>Pero hay un detalle todav\u00eda m\u00e1s interesante.<\/p>\n\n\n\n<p>La visita papal ya habr\u00eda conseguido un peque\u00f1o prodigio antes de comenzar: sentar alrededor de una misma mesa a representantes del Gobierno nacional, de la provincia de Buenos Aires, de otras jurisdicciones y de la Iglesia.<\/p>\n\n\n\n<p>No hubo conversi\u00f3n colectiva ni aparici\u00f3n celestial.<\/p>\n\n\n\n<p>Hubo necesidad.<\/p>\n\n\n\n<p>A veces la institucionalidad comienza exactamente as\u00ed: cuando quienes no se soportan descubren que, pese a todo, deben trabajar juntos.<\/p>\n\n\n\n<p>Tambi\u00e9n aparece la cuesti\u00f3n del dinero. Seguridad, traslados, escenarios, sonido, log\u00edstica, papam\u00f3vil, desplazamientos y una comitiva considerable. Naci\u00f3n afrontar\u00e1 determinados gastos propios de una visita de Estado; la Iglesia deber\u00e1 hacerse cargo de buena parte de la infraestructura de los actos.<\/p>\n\n\n\n<p>Y all\u00ed vuelve a escucharse, naturalmente, la melod\u00eda oficial:<\/p>\n\n\n\n<p>\u201cNo hay m\u00e1s plata\u201d.<\/p>\n\n\n\n<p>Es razonable discutir cada euro, d\u00f3lar o peso que se gaste. La austeridad p\u00fablica no deber\u00eda suspenderse porque llegue un pont\u00edfice. Tampoco deber\u00eda convertirse la calculadora en instrumento lit\u00fargico.<\/p>\n\n\n\n<p>El verdadero asunto, sin embargo, no figura en ninguna factura.<\/p>\n\n\n\n<p>Lo que inquieta pol\u00edticamente de Le\u00f3n XIV es aquello que no puede presupuestarse: <strong>qu\u00e9 dir\u00e1, d\u00f3nde lo dir\u00e1 y qui\u00e9nes estar\u00e1n all\u00ed para escucharlo<\/strong>.<\/p>\n\n\n\n<p>Si habla de justicia social, habr\u00e1 interpretaci\u00f3n.<\/p>\n\n\n\n<p>Si habla de pobreza, habr\u00e1 interpretaci\u00f3n.<\/p>\n\n\n\n<p>Si habla de discapacidad, habr\u00e1 interpretaci\u00f3n.<\/p>\n\n\n\n<p>Si habla de dignidad del trabajo, habr\u00e1 interpretaci\u00f3n.<\/p>\n\n\n\n<p>Y si cinco millones de personas salen a las calles, ni siquiera har\u00e1 falta interpretar demasiado.<\/p>\n\n\n\n<p>El error ser\u00eda creer que eso transforma al Papa en opositor.<\/p>\n\n\n\n<p>La doctrina social de la Iglesia no naci\u00f3 con Milei, ni con Cristina Kirchner, ni con Per\u00f3n, ni con Francisco. Tiene m\u00e1s a\u00f1os que todos ellos y ha incomodado, seg\u00fan la \u00e9poca, a gobiernos de muy diferentes colores.<\/p>\n\n\n\n<p>El Papa tampoco deber\u00eda convertirse en utiler\u00eda de la oposici\u00f3n. Quien pretenda utilizar una sotana para conseguir lo que no consigue en las urnas cometer\u00e1 una manipulaci\u00f3n tan evidente como quien intente esconderla detr\u00e1s de un escenario cerrado.<\/p>\n\n\n\n<p>Le\u00f3n XIV viene como jefe de la Iglesia cat\u00f3lica y jefe de Estado.<\/p>\n\n\n\n<p>Milei es presidente de la Rep\u00fablica Argentina.<\/p>\n\n\n\n<p>Cada uno ocupa su lugar.<\/p>\n\n\n\n<p>La dificultad comienza cuando alguien pretende decidir tambi\u00e9n cu\u00e1l debe ocupar el otro.<\/p>\n\n\n\n<p>Por eso quiz\u00e1 convenga simplificar desde ahora la organizaci\u00f3n.<\/p>\n\n\n\n<p>Preparar la seguridad.<\/p>\n\n\n\n<p>Ordenar los traslados.<\/p>\n\n\n\n<p>Coordinar las provincias.<\/p>\n\n\n\n<p>Revisar las cuentas.<\/p>\n\n\n\n<p>Construir el papam\u00f3vil.<\/p>\n\n\n\n<p>Y despu\u00e9s abrir las puertas.<\/p>\n\n\n\n<p>Porque si verdaderamente se trata de una visita pastoral, habr\u00e1 que aceptar una consecuencia bastante elemental:<\/p>\n\n\n\n<p><strong>el pastor viene a encontrarse con su reba\u00f1o.<\/strong><\/p>\n\n\n\n<p>Y cinco millones de ovejas, por m\u00e1s voluntad administrativa que exista, dif\u00edcilmente entren en un acto con aforo.<\/p>\n\n\n<p><small> \ud83d\udd8b\ufe0f\u00a9  El Traductor del Poder | 2026  \u2013 Derechos reservados <\/small><\/p>\n<hr style=\"border: none; height: 1px; background-color: #e0e0e0; max-width: 80%; margin: 2em auto;\" \/>\n<p><small>\u00a9 2026 SalaStampa.eu, world press service &#8211; All Rights Reserved &#8211;  Guzzo Photos &#038; Graphic  Publications \u2013 Registro Editori e Stampatori n. 1441 Turin, Italy<\/small><\/p>","protected":false},"excerpt":{"rendered":"<p>Le\u00f3n XIV llegar\u00e1 a la Argentina en noviembre para una visita pastoral. El Gobierno quisiera que todo resulte ordenado, previsible y, si fuera posible, administrable. El inconveniente es que los pont\u00edfices suelen hablar, la gente suele escucharlos y las multitudes tienen la mala costumbre de no entrar en un libreto.<\/p>\n","protected":false},"author":1,"featured_media":7300,"comment_status":"closed","ping_status":"closed","sticky":false,"template":"","format":"standard","meta":{"footnotes":"","_links_to":"","_links_to_target":""},"categories":[108,121,70,11,123,179,211,195,137],"tags":[29,50],"class_list":["post-7456","post","type-post","status-publish","format-standard","has-post-thumbnail","hentry","category-blogdiario","category-dc24","category-actualidad","category-america-del-sur","category-argentina","category-detras-de-los-titulares","category-entre-bastidores","category-gobierno-nacional","category-sociedad-y-valores","tag-argentina","tag-ciudad-vaticano","entry","double"],"yoast_head":"<!-- This site is optimized with the Yoast SEO plugin v27.8 - https:\/\/yoast.com\/product\/yoast-seo-wordpress\/ -->\n<title>EL PAPA NO VIENE CON AFORO - ElCanillita.Info<\/title>\n<meta name=\"robots\" content=\"index, follow, max-snippet:-1, max-image-preview:large, max-video-preview:-1\" \/>\n<link rel=\"canonical\" href=\"https:\/\/elcanillita.info\/press\/2026\/08\/31\/el-papa-no-viene-con-aforo\/\" \/>\n<meta property=\"og:locale\" content=\"es_ES\" \/>\n<meta property=\"og:type\" content=\"article\" \/>\n<meta property=\"og:title\" content=\"EL PAPA NO VIENE CON AFORO - ElCanillita.Info\" \/>\n<meta property=\"og:description\" content=\"Le\u00f3n XIV llegar\u00e1 a la Argentina en noviembre para una visita pastoral. El Gobierno quisiera que todo resulte ordenado, previsible y, si fuera posible, administrable. El inconveniente es que los pont\u00edfices suelen hablar, la gente suele escucharlos y las multitudes tienen la mala costumbre de no entrar en un libreto.\" \/>\n<meta property=\"og:url\" content=\"https:\/\/elcanillita.info\/press\/2026\/08\/31\/el-papa-no-viene-con-aforo\/\" \/>\n<meta property=\"og:site_name\" content=\"ElCanillita.Info\" \/>\n<meta property=\"article:publisher\" content=\"https:\/\/ar-ar.facebook.com\/ElCanillitainfo-114249515285712\/\" \/>\n<meta property=\"article:published_time\" content=\"2026-08-31T07:25:48+00:00\" \/>\n<meta property=\"article:modified_time\" content=\"2026-08-31T07:25:49+00:00\" \/>\n<meta property=\"og:image\" content=\"https:\/\/elcanillita.info\/press\/images\/2026\/07\/home_500-Canillita.jpg\" \/>\n\t<meta property=\"og:image:width\" content=\"500\" \/>\n\t<meta property=\"og:image:height\" content=\"500\" \/>\n\t<meta property=\"og:image:type\" content=\"image\/jpeg\" \/>\n<meta name=\"author\" content=\"SalaStampa.eu, world press service\" \/>\n<meta name=\"twitter:card\" content=\"summary_large_image\" \/>\n<meta name=\"twitter:label1\" content=\"Escrito por\" \/>\n\t<meta name=\"twitter:data1\" content=\"SalaStampa.eu, world press service\" \/>\n\t<meta name=\"twitter:label2\" content=\"Tiempo de lectura\" \/>\n\t<meta name=\"twitter:data2\" content=\"5 minutos\" \/>\n<script type=\"application\/ld+json\" class=\"yoast-schema-graph\">{\"@context\":\"https:\\\/\\\/schema.org\",\"@graph\":[{\"@type\":\"Article\",\"@id\":\"https:\\\/\\\/elcanillita.info\\\/press\\\/2026\\\/08\\\/31\\\/el-papa-no-viene-con-aforo\\\/#article\",\"isPartOf\":{\"@id\":\"https:\\\/\\\/elcanillita.info\\\/press\\\/2026\\\/08\\\/31\\\/el-papa-no-viene-con-aforo\\\/\"},\"author\":{\"name\":\"SalaStampa.eu, world press service\",\"@id\":\"https:\\\/\\\/elcanillita.info\\\/press\\\/#\\\/schema\\\/person\\\/7fcb79f38045700919f7da6d97e71ba0\"},\"headline\":\"EL PAPA NO VIENE CON AFORO\",\"datePublished\":\"2026-08-31T07:25:48+00:00\",\"dateModified\":\"2026-08-31T07:25:49+00:00\",\"mainEntityOfPage\":{\"@id\":\"https:\\\/\\\/elcanillita.info\\\/press\\\/2026\\\/08\\\/31\\\/el-papa-no-viene-con-aforo\\\/\"},\"wordCount\":1038,\"publisher\":{\"@id\":\"https:\\\/\\\/elcanillita.info\\\/press\\\/#organization\"},\"image\":{\"@id\":\"https:\\\/\\\/elcanillita.info\\\/press\\\/2026\\\/08\\\/31\\\/el-papa-no-viene-con-aforo\\\/#primaryimage\"},\"thumbnailUrl\":\"https:\\\/\\\/elcanillita.info\\\/press\\\/images\\\/2026\\\/07\\\/home_500-Canillita.jpg\",\"keywords\":[\"Argentina\",\"Ciudad del Vaticano\"],\"articleSection\":[\".\",\".\",\"Actualidad\",\"Am\u00e9rica del Sur\",\"Argentina\",\"Detr\u00e1s de los Titulares\",\"Entre Bastidores\",\"Gobierno Nacional\",\"Sociedad y valores\"],\"inLanguage\":\"es-AR\"},{\"@type\":\"WebPage\",\"@id\":\"https:\\\/\\\/elcanillita.info\\\/press\\\/2026\\\/08\\\/31\\\/el-papa-no-viene-con-aforo\\\/\",\"url\":\"https:\\\/\\\/elcanillita.info\\\/press\\\/2026\\\/08\\\/31\\\/el-papa-no-viene-con-aforo\\\/\",\"name\":\"EL PAPA NO VIENE CON AFORO - ElCanillita.Info\",\"isPartOf\":{\"@id\":\"https:\\\/\\\/elcanillita.info\\\/press\\\/#website\"},\"primaryImageOfPage\":{\"@id\":\"https:\\\/\\\/elcanillita.info\\\/press\\\/2026\\\/08\\\/31\\\/el-papa-no-viene-con-aforo\\\/#primaryimage\"},\"image\":{\"@id\":\"https:\\\/\\\/elcanillita.info\\\/press\\\/2026\\\/08\\\/31\\\/el-papa-no-viene-con-aforo\\\/#primaryimage\"},\"thumbnailUrl\":\"https:\\\/\\\/elcanillita.info\\\/press\\\/images\\\/2026\\\/07\\\/home_500-Canillita.jpg\",\"datePublished\":\"2026-08-31T07:25:48+00:00\",\"dateModified\":\"2026-08-31T07:25:49+00:00\",\"inLanguage\":\"es-AR\",\"potentialAction\":[{\"@type\":\"ReadAction\",\"target\":[\"https:\\\/\\\/elcanillita.info\\\/press\\\/2026\\\/08\\\/31\\\/el-papa-no-viene-con-aforo\\\/\"]}]},{\"@type\":\"ImageObject\",\"inLanguage\":\"es-AR\",\"@id\":\"https:\\\/\\\/elcanillita.info\\\/press\\\/2026\\\/08\\\/31\\\/el-papa-no-viene-con-aforo\\\/#primaryimage\",\"url\":\"https:\\\/\\\/elcanillita.info\\\/press\\\/images\\\/2026\\\/07\\\/home_500-Canillita.jpg\",\"contentUrl\":\"https:\\\/\\\/elcanillita.info\\\/press\\\/images\\\/2026\\\/07\\\/home_500-Canillita.jpg\",\"width\":500,\"height\":500},{\"@type\":\"WebSite\",\"@id\":\"https:\\\/\\\/elcanillita.info\\\/press\\\/#website\",\"url\":\"https:\\\/\\\/elcanillita.info\\\/press\\\/\",\"name\":\"ElCanillita.Info\",\"description\":\"desde los Apeninos a los Andes\",\"publisher\":{\"@id\":\"https:\\\/\\\/elcanillita.info\\\/press\\\/#organization\"},\"potentialAction\":[{\"@type\":\"SearchAction\",\"target\":{\"@type\":\"EntryPoint\",\"urlTemplate\":\"https:\\\/\\\/elcanillita.info\\\/press\\\/?s={search_term_string}\"},\"query-input\":{\"@type\":\"PropertyValueSpecification\",\"valueRequired\":true,\"valueName\":\"search_term_string\"}}],\"inLanguage\":\"es-AR\"},{\"@type\":\"Organization\",\"@id\":\"https:\\\/\\\/elcanillita.info\\\/press\\\/#organization\",\"name\":\"Guzzo Photos & Graphic Publications\",\"url\":\"https:\\\/\\\/elcanillita.info\\\/press\\\/\",\"logo\":{\"@type\":\"ImageObject\",\"inLanguage\":\"es-AR\",\"@id\":\"https:\\\/\\\/elcanillita.info\\\/press\\\/#\\\/schema\\\/logo\\\/image\\\/\",\"url\":\"https:\\\/\\\/elcanillita.info\\\/press\\\/images\\\/2020\\\/01\\\/cropped-cropped-cropped-elcanillitainfo.png\",\"contentUrl\":\"https:\\\/\\\/elcanillita.info\\\/press\\\/images\\\/2020\\\/01\\\/cropped-cropped-cropped-elcanillitainfo.png\",\"width\":460,\"height\":50,\"caption\":\"Guzzo Photos & Graphic Publications\"},\"image\":{\"@id\":\"https:\\\/\\\/elcanillita.info\\\/press\\\/#\\\/schema\\\/logo\\\/image\\\/\"},\"sameAs\":[\"https:\\\/\\\/ar-ar.facebook.com\\\/ElCanillitainfo-114249515285712\\\/\"]},{\"@type\":\"Person\",\"@id\":\"https:\\\/\\\/elcanillita.info\\\/press\\\/#\\\/schema\\\/person\\\/7fcb79f38045700919f7da6d97e71ba0\",\"name\":\"SalaStampa.eu, world press service\",\"image\":{\"@type\":\"ImageObject\",\"inLanguage\":\"es-AR\",\"@id\":\"https:\\\/\\\/secure.gravatar.com\\\/avatar\\\/c2f0e0d515a107624234994507816ca4724c7199cef73fc8bedebf6931d73888?s=96&d=mm&r=g\",\"url\":\"https:\\\/\\\/secure.gravatar.com\\\/avatar\\\/c2f0e0d515a107624234994507816ca4724c7199cef73fc8bedebf6931d73888?s=96&d=mm&r=g\",\"contentUrl\":\"https:\\\/\\\/secure.gravatar.com\\\/avatar\\\/c2f0e0d515a107624234994507816ca4724c7199cef73fc8bedebf6931d73888?s=96&d=mm&r=g\",\"caption\":\"SalaStampa.eu, world press service\"}}]}<\/script>\n<!-- \/ Yoast SEO plugin. -->","yoast_head_json":{"title":"EL PAPA NO VIENE CON AFORO - ElCanillita.Info","robots":{"index":"index","follow":"follow","max-snippet":"max-snippet:-1","max-image-preview":"max-image-preview:large","max-video-preview":"max-video-preview:-1"},"canonical":"https:\/\/elcanillita.info\/press\/2026\/08\/31\/el-papa-no-viene-con-aforo\/","og_locale":"es_ES","og_type":"article","og_title":"EL PAPA NO VIENE CON AFORO - ElCanillita.Info","og_description":"Le\u00f3n XIV llegar\u00e1 a la Argentina en noviembre para una visita pastoral. El Gobierno quisiera que todo resulte ordenado, previsible y, si fuera posible, administrable. El inconveniente es que los pont\u00edfices suelen hablar, la gente suele escucharlos y las multitudes tienen la mala costumbre de no entrar en un libreto.","og_url":"https:\/\/elcanillita.info\/press\/2026\/08\/31\/el-papa-no-viene-con-aforo\/","og_site_name":"ElCanillita.Info","article_publisher":"https:\/\/ar-ar.facebook.com\/ElCanillitainfo-114249515285712\/","article_published_time":"2026-08-31T07:25:48+00:00","article_modified_time":"2026-08-31T07:25:49+00:00","og_image":[{"width":500,"height":500,"url":"https:\/\/elcanillita.info\/press\/images\/2026\/07\/home_500-Canillita.jpg","type":"image\/jpeg"}],"author":"SalaStampa.eu, world press service","twitter_card":"summary_large_image","twitter_misc":{"Escrito por":"SalaStampa.eu, world press service","Tiempo de lectura":"5 minutos"},"schema":{"@context":"https:\/\/schema.org","@graph":[{"@type":"Article","@id":"https:\/\/elcanillita.info\/press\/2026\/08\/31\/el-papa-no-viene-con-aforo\/#article","isPartOf":{"@id":"https:\/\/elcanillita.info\/press\/2026\/08\/31\/el-papa-no-viene-con-aforo\/"},"author":{"name":"SalaStampa.eu, world press service","@id":"https:\/\/elcanillita.info\/press\/#\/schema\/person\/7fcb79f38045700919f7da6d97e71ba0"},"headline":"EL PAPA NO VIENE CON AFORO","datePublished":"2026-08-31T07:25:48+00:00","dateModified":"2026-08-31T07:25:49+00:00","mainEntityOfPage":{"@id":"https:\/\/elcanillita.info\/press\/2026\/08\/31\/el-papa-no-viene-con-aforo\/"},"wordCount":1038,"publisher":{"@id":"https:\/\/elcanillita.info\/press\/#organization"},"image":{"@id":"https:\/\/elcanillita.info\/press\/2026\/08\/31\/el-papa-no-viene-con-aforo\/#primaryimage"},"thumbnailUrl":"https:\/\/elcanillita.info\/press\/images\/2026\/07\/home_500-Canillita.jpg","keywords":["Argentina","Ciudad del Vaticano"],"articleSection":[".",".","Actualidad","Am\u00e9rica del Sur","Argentina","Detr\u00e1s de los Titulares","Entre Bastidores","Gobierno Nacional","Sociedad y valores"],"inLanguage":"es-AR"},{"@type":"WebPage","@id":"https:\/\/elcanillita.info\/press\/2026\/08\/31\/el-papa-no-viene-con-aforo\/","url":"https:\/\/elcanillita.info\/press\/2026\/08\/31\/el-papa-no-viene-con-aforo\/","name":"EL PAPA NO VIENE CON AFORO - ElCanillita.Info","isPartOf":{"@id":"https:\/\/elcanillita.info\/press\/#website"},"primaryImageOfPage":{"@id":"https:\/\/elcanillita.info\/press\/2026\/08\/31\/el-papa-no-viene-con-aforo\/#primaryimage"},"image":{"@id":"https:\/\/elcanillita.info\/press\/2026\/08\/31\/el-papa-no-viene-con-aforo\/#primaryimage"},"thumbnailUrl":"https:\/\/elcanillita.info\/press\/images\/2026\/07\/home_500-Canillita.jpg","datePublished":"2026-08-31T07:25:48+00:00","dateModified":"2026-08-31T07:25:49+00:00","inLanguage":"es-AR","potentialAction":[{"@type":"ReadAction","target":["https:\/\/elcanillita.info\/press\/2026\/08\/31\/el-papa-no-viene-con-aforo\/"]}]},{"@type":"ImageObject","inLanguage":"es-AR","@id":"https:\/\/elcanillita.info\/press\/2026\/08\/31\/el-papa-no-viene-con-aforo\/#primaryimage","url":"https:\/\/elcanillita.info\/press\/images\/2026\/07\/home_500-Canillita.jpg","contentUrl":"https:\/\/elcanillita.info\/press\/images\/2026\/07\/home_500-Canillita.jpg","width":500,"height":500},{"@type":"WebSite","@id":"https:\/\/elcanillita.info\/press\/#website","url":"https:\/\/elcanillita.info\/press\/","name":"ElCanillita.Info","description":"desde los Apeninos a los Andes","publisher":{"@id":"https:\/\/elcanillita.info\/press\/#organization"},"potentialAction":[{"@type":"SearchAction","target":{"@type":"EntryPoint","urlTemplate":"https:\/\/elcanillita.info\/press\/?s={search_term_string}"},"query-input":{"@type":"PropertyValueSpecification","valueRequired":true,"valueName":"search_term_string"}}],"inLanguage":"es-AR"},{"@type":"Organization","@id":"https:\/\/elcanillita.info\/press\/#organization","name":"Guzzo Photos & Graphic Publications","url":"https:\/\/elcanillita.info\/press\/","logo":{"@type":"ImageObject","inLanguage":"es-AR","@id":"https:\/\/elcanillita.info\/press\/#\/schema\/logo\/image\/","url":"https:\/\/elcanillita.info\/press\/images\/2020\/01\/cropped-cropped-cropped-elcanillitainfo.png","contentUrl":"https:\/\/elcanillita.info\/press\/images\/2020\/01\/cropped-cropped-cropped-elcanillitainfo.png","width":460,"height":50,"caption":"Guzzo Photos & Graphic Publications"},"image":{"@id":"https:\/\/elcanillita.info\/press\/#\/schema\/logo\/image\/"},"sameAs":["https:\/\/ar-ar.facebook.com\/ElCanillitainfo-114249515285712\/"]},{"@type":"Person","@id":"https:\/\/elcanillita.info\/press\/#\/schema\/person\/7fcb79f38045700919f7da6d97e71ba0","name":"SalaStampa.eu, world press service","image":{"@type":"ImageObject","inLanguage":"es-AR","@id":"https:\/\/secure.gravatar.com\/avatar\/c2f0e0d515a107624234994507816ca4724c7199cef73fc8bedebf6931d73888?s=96&d=mm&r=g","url":"https:\/\/secure.gravatar.com\/avatar\/c2f0e0d515a107624234994507816ca4724c7199cef73fc8bedebf6931d73888?s=96&d=mm&r=g","contentUrl":"https:\/\/secure.gravatar.com\/avatar\/c2f0e0d515a107624234994507816ca4724c7199cef73fc8bedebf6931d73888?s=96&d=mm&r=g","caption":"SalaStampa.eu, world press service"}}]}},"views":4,"_links":{"self":[{"href":"https:\/\/elcanillita.info\/press\/wp-json\/wp\/v2\/posts\/7456","targetHints":{"allow":["GET"]}}],"collection":[{"href":"https:\/\/elcanillita.info\/press\/wp-json\/wp\/v2\/posts"}],"about":[{"href":"https:\/\/elcanillita.info\/press\/wp-json\/wp\/v2\/types\/post"}],"author":[{"embeddable":true,"href":"https:\/\/elcanillita.info\/press\/wp-json\/wp\/v2\/users\/1"}],"replies":[{"embeddable":true,"href":"https:\/\/elcanillita.info\/press\/wp-json\/wp\/v2\/comments?post=7456"}],"version-history":[{"count":0,"href":"https:\/\/elcanillita.info\/press\/wp-json\/wp\/v2\/posts\/7456\/revisions"}],"wp:featuredmedia":[{"embeddable":true,"href":"https:\/\/elcanillita.info\/press\/wp-json\/wp\/v2\/media\/7300"}],"wp:attachment":[{"href":"https:\/\/elcanillita.info\/press\/wp-json\/wp\/v2\/media?parent=7456"}],"wp:term":[{"taxonomy":"category","embeddable":true,"href":"https:\/\/elcanillita.info\/press\/wp-json\/wp\/v2\/categories?post=7456"},{"taxonomy":"post_tag","embeddable":true,"href":"https:\/\/elcanillita.info\/press\/wp-json\/wp\/v2\/tags?post=7456"}],"curies":[{"name":"wp","href":"https:\/\/api.w.org\/{rel}","templated":true}]}}