{"id":732,"date":"2020-06-05T07:54:09","date_gmt":"2020-06-05T10:54:09","guid":{"rendered":"https:\/\/elcanillita.info\/press\/?p=732"},"modified":"2020-06-15T22:23:47","modified_gmt":"2020-06-16T01:23:47","slug":"el-jefe-de-policia-de-minneapolis-se-arrodilla-ante-el-ataud-de-george-floyd-en-un-emotivo-memorial","status":"publish","type":"post","link":"https:\/\/elcanillita.info\/press\/2020\/06\/05\/el-jefe-de-policia-de-minneapolis-se-arrodilla-ante-el-ataud-de-george-floyd-en-un-emotivo-memorial\/","title":{"rendered":"El jefe de polic\u00eda de Minneapolis se arrodilla al paso del ata\u00fad  de George Floyd en un emotivo memorial"},"content":{"rendered":"\n<p>Minneapolis 4.06.2020 &#8211; George Floyd volvi\u00f3 a ser el centro de atenci\u00f3n hoy, desde el d\u00eda que cuerpo fue visto en las calles de Minneapolis por primera vez, cuando un ex oficial de polic\u00eda, Derek Chauvin, lo inmoviliz\u00f3 en el suelo mientras jadeaba para respirar.<\/p>\n\n\n\n<p>La imagen del ata\u00fad cubierto del Sr. Floyd trasladado en un coche f\u00fanebre fue transmitida en todo el pa\u00eds mientras cientos de personas se reun\u00edan para recordar a este hombre de 46 a\u00f1os en un servicio conmemorativo.<\/p>\n\n\n\n<p>Multitudes de personas se agolparon en las calles alrededor de la Universidad Central del Norte, donde se celebr\u00f3 el servicio, cantando: &#8220;George Floyd&#8221;.<\/p>\n\n\n\n<p>Despu\u00e9s de d\u00edas de disturbios, fue un mensaje de esperanza de paz y justicia que llen\u00f3 la ciudad el jueves. Los participantes reunidos fuera del Centro de Culto de la Universidad tocaronsonaron m\u00fasica, agitaron ramos de flores, y repartieron viandas.\n\n<small>2020 ElCanillita.Info &#8211; Informaci\u00f3n de dominio p\u00fablico<\/small><\/p>\n","protected":false},"excerpt":{"rendered":"<p>Minneapolis 4.06.2020 &#8211; George Floyd volvi\u00f3 a ser el centro de atenci\u00f3n hoy, desde el d\u00eda que cuerpo fue visto en las calles de Minneapolis por primera vez, cuando un ex oficial de polic\u00eda, Derek Chauvin, lo inmoviliz\u00f3 en el suelo mientras jadeaba para respirar.<\/p>\n","protected":false},"author":1,"featured_media":0,"comment_status":"closed","ping_status":"closed","sticky":false,"template":"","format":"standard","meta":{"footnotes":"","_links_to":"","_links_to_target":""},"categories":[70,9,22,25],"tags":[34],"class_list":["post-732","post","type-post","status-publish","format-standard","hentry","category-actualidad","category-america-del-norte","category-justicia","category-sociedad","tag-estados-unidos","entry","double"],"yoast_head":"<!-- This site is optimized with the Yoast SEO plugin v27.4 - https:\/\/yoast.com\/product\/yoast-seo-wordpress\/ -->\n<title>El jefe de polic\u00eda de Minneapolis se arrodilla al paso del ata\u00fad de George Floyd en un emotivo memorial - ElCanillita.Info<\/title>\n<meta name=\"robots\" content=\"index, follow, max-snippet:-1, max-image-preview:large, max-video-preview:-1\" \/>\n<link rel=\"canonical\" href=\"https:\/\/elcanillita.info\/press\/2020\/06\/05\/el-jefe-de-policia-de-minneapolis-se-arrodilla-ante-el-ataud-de-george-floyd-en-un-emotivo-memorial\/\" \/>\n<meta property=\"og:locale\" content=\"es_ES\" \/>\n<meta property=\"og:type\" content=\"article\" \/>\n<meta property=\"og:title\" content=\"El jefe de polic\u00eda de Minneapolis se arrodilla al paso del ata\u00fad de George Floyd en un emotivo memorial - ElCanillita.Info\" \/>\n<meta property=\"og:description\" content=\"Minneapolis 4.06.2020 - George Floyd volvi\u00f3 a ser el centro de atenci\u00f3n hoy, desde el d\u00eda que cuerpo fue visto en las calles de Minneapolis por primera vez, cuando un ex oficial de polic\u00eda, Derek Chauvin, lo inmoviliz\u00f3 en el suelo mientras jadeaba para respirar.\" \/>\n<meta property=\"og:url\" content=\"https:\/\/elcanillita.info\/press\/2020\/06\/05\/el-jefe-de-policia-de-minneapolis-se-arrodilla-ante-el-ataud-de-george-floyd-en-un-emotivo-memorial\/\" \/>\n<meta property=\"og:site_name\" content=\"ElCanillita.Info\" \/>\n<meta property=\"article:publisher\" content=\"https:\/\/ar-ar.facebook.com\/ElCanillitainfo-114249515285712\/\" \/>\n<meta property=\"article:published_time\" content=\"2020-06-05T10:54:09+00:00\" \/>\n<meta property=\"article:modified_time\" content=\"2020-06-16T01:23:47+00:00\" \/>\n<meta name=\"author\" content=\"SalaStampa.eu, world press service\" \/>\n<meta name=\"twitter:card\" content=\"summary_large_image\" \/>\n<meta name=\"twitter:label1\" content=\"Escrito por\" \/>\n\t<meta name=\"twitter:data1\" content=\"SalaStampa.eu, world press service\" \/>\n\t<meta name=\"twitter:label2\" content=\"Tiempo de lectura\" \/>\n\t<meta name=\"twitter:data2\" content=\"1 minuto\" \/>\n<script type=\"application\/ld+json\" class=\"yoast-schema-graph\">{\"@context\":\"https:\\\/\\\/schema.org\",\"@graph\":[{\"@type\":\"Article\",\"@id\":\"https:\\\/\\\/elcanillita.info\\\/press\\\/2020\\\/06\\\/05\\\/el-jefe-de-policia-de-minneapolis-se-arrodilla-ante-el-ataud-de-george-floyd-en-un-emotivo-memorial\\\/#article\",\"isPartOf\":{\"@id\":\"https:\\\/\\\/elcanillita.info\\\/press\\\/2020\\\/06\\\/05\\\/el-jefe-de-policia-de-minneapolis-se-arrodilla-ante-el-ataud-de-george-floyd-en-un-emotivo-memorial\\\/\"},\"author\":{\"name\":\"SalaStampa.eu, world press service\",\"@id\":\"https:\\\/\\\/elcanillita.info\\\/press\\\/#\\\/schema\\\/person\\\/7fcb79f38045700919f7da6d97e71ba0\"},\"headline\":\"El jefe de polic\u00eda de Minneapolis se arrodilla al paso del ata\u00fad de George Floyd en un emotivo memorial\",\"datePublished\":\"2020-06-05T10:54:09+00:00\",\"dateModified\":\"2020-06-16T01:23:47+00:00\",\"mainEntityOfPage\":{\"@id\":\"https:\\\/\\\/elcanillita.info\\\/press\\\/2020\\\/06\\\/05\\\/el-jefe-de-policia-de-minneapolis-se-arrodilla-ante-el-ataud-de-george-floyd-en-un-emotivo-memorial\\\/\"},\"wordCount\":184,\"publisher\":{\"@id\":\"https:\\\/\\\/elcanillita.info\\\/press\\\/#organization\"},\"keywords\":[\"Estados Unidos\"],\"articleSection\":[\"Actualidad\",\"Am\u00e9rica del Norte\",\"Justicia\",\"Sociedad\"],\"inLanguage\":\"es-AR\"},{\"@type\":\"WebPage\",\"@id\":\"https:\\\/\\\/elcanillita.info\\\/press\\\/2020\\\/06\\\/05\\\/el-jefe-de-policia-de-minneapolis-se-arrodilla-ante-el-ataud-de-george-floyd-en-un-emotivo-memorial\\\/\",\"url\":\"https:\\\/\\\/elcanillita.info\\\/press\\\/2020\\\/06\\\/05\\\/el-jefe-de-policia-de-minneapolis-se-arrodilla-ante-el-ataud-de-george-floyd-en-un-emotivo-memorial\\\/\",\"name\":\"El jefe de polic\u00eda de Minneapolis se arrodilla al paso del ata\u00fad de George Floyd en un emotivo memorial - ElCanillita.Info\",\"isPartOf\":{\"@id\":\"https:\\\/\\\/elcanillita.info\\\/press\\\/#website\"},\"datePublished\":\"2020-06-05T10:54:09+00:00\",\"dateModified\":\"2020-06-16T01:23:47+00:00\",\"inLanguage\":\"es-AR\",\"potentialAction\":[{\"@type\":\"ReadAction\",\"target\":[\"https:\\\/\\\/elcanillita.info\\\/press\\\/2020\\\/06\\\/05\\\/el-jefe-de-policia-de-minneapolis-se-arrodilla-ante-el-ataud-de-george-floyd-en-un-emotivo-memorial\\\/\"]}]},{\"@type\":\"WebSite\",\"@id\":\"https:\\\/\\\/elcanillita.info\\\/press\\\/#website\",\"url\":\"https:\\\/\\\/elcanillita.info\\\/press\\\/\",\"name\":\"ElCanillita.Info\",\"description\":\"desde los Apeninos a los Andes\",\"publisher\":{\"@id\":\"https:\\\/\\\/elcanillita.info\\\/press\\\/#organization\"},\"potentialAction\":[{\"@type\":\"SearchAction\",\"target\":{\"@type\":\"EntryPoint\",\"urlTemplate\":\"https:\\\/\\\/elcanillita.info\\\/press\\\/?s={search_term_string}\"},\"query-input\":{\"@type\":\"PropertyValueSpecification\",\"valueRequired\":true,\"valueName\":\"search_term_string\"}}],\"inLanguage\":\"es-AR\"},{\"@type\":\"Organization\",\"@id\":\"https:\\\/\\\/elcanillita.info\\\/press\\\/#organization\",\"name\":\"Guzzo Photos & Graphic Publications\",\"url\":\"https:\\\/\\\/elcanillita.info\\\/press\\\/\",\"logo\":{\"@type\":\"ImageObject\",\"inLanguage\":\"es-AR\",\"@id\":\"https:\\\/\\\/elcanillita.info\\\/press\\\/#\\\/schema\\\/logo\\\/image\\\/\",\"url\":\"https:\\\/\\\/elcanillita.info\\\/press\\\/images\\\/2020\\\/01\\\/cropped-cropped-cropped-elcanillitainfo.png\",\"contentUrl\":\"https:\\\/\\\/elcanillita.info\\\/press\\\/images\\\/2020\\\/01\\\/cropped-cropped-cropped-elcanillitainfo.png\",\"width\":460,\"height\":50,\"caption\":\"Guzzo Photos & Graphic Publications\"},\"image\":{\"@id\":\"https:\\\/\\\/elcanillita.info\\\/press\\\/#\\\/schema\\\/logo\\\/image\\\/\"},\"sameAs\":[\"https:\\\/\\\/ar-ar.facebook.com\\\/ElCanillitainfo-114249515285712\\\/\"]},{\"@type\":\"Person\",\"@id\":\"https:\\\/\\\/elcanillita.info\\\/press\\\/#\\\/schema\\\/person\\\/7fcb79f38045700919f7da6d97e71ba0\",\"name\":\"SalaStampa.eu, world press service\",\"image\":{\"@type\":\"ImageObject\",\"inLanguage\":\"es-AR\",\"@id\":\"https:\\\/\\\/secure.gravatar.com\\\/avatar\\\/c2f0e0d515a107624234994507816ca4724c7199cef73fc8bedebf6931d73888?s=96&d=mm&r=g\",\"url\":\"https:\\\/\\\/secure.gravatar.com\\\/avatar\\\/c2f0e0d515a107624234994507816ca4724c7199cef73fc8bedebf6931d73888?s=96&d=mm&r=g\",\"contentUrl\":\"https:\\\/\\\/secure.gravatar.com\\\/avatar\\\/c2f0e0d515a107624234994507816ca4724c7199cef73fc8bedebf6931d73888?s=96&d=mm&r=g\",\"caption\":\"SalaStampa.eu, world press service\"}}]}<\/script>\n<!-- \/ Yoast SEO plugin. -->","yoast_head_json":{"title":"El jefe de polic\u00eda de Minneapolis se arrodilla al paso del ata\u00fad de George Floyd en un emotivo memorial - ElCanillita.Info","robots":{"index":"index","follow":"follow","max-snippet":"max-snippet:-1","max-image-preview":"max-image-preview:large","max-video-preview":"max-video-preview:-1"},"canonical":"https:\/\/elcanillita.info\/press\/2020\/06\/05\/el-jefe-de-policia-de-minneapolis-se-arrodilla-ante-el-ataud-de-george-floyd-en-un-emotivo-memorial\/","og_locale":"es_ES","og_type":"article","og_title":"El jefe de polic\u00eda de Minneapolis se arrodilla al paso del ata\u00fad de George Floyd en un emotivo memorial - ElCanillita.Info","og_description":"Minneapolis 4.06.2020 - George Floyd volvi\u00f3 a ser el centro de atenci\u00f3n hoy, desde el d\u00eda que cuerpo fue visto en las calles de Minneapolis por primera vez, cuando un ex oficial de polic\u00eda, Derek Chauvin, lo inmoviliz\u00f3 en el suelo mientras jadeaba para respirar.","og_url":"https:\/\/elcanillita.info\/press\/2020\/06\/05\/el-jefe-de-policia-de-minneapolis-se-arrodilla-ante-el-ataud-de-george-floyd-en-un-emotivo-memorial\/","og_site_name":"ElCanillita.Info","article_publisher":"https:\/\/ar-ar.facebook.com\/ElCanillitainfo-114249515285712\/","article_published_time":"2020-06-05T10:54:09+00:00","article_modified_time":"2020-06-16T01:23:47+00:00","author":"SalaStampa.eu, world press service","twitter_card":"summary_large_image","twitter_misc":{"Escrito por":"SalaStampa.eu, world press service","Tiempo de lectura":"1 minuto"},"schema":{"@context":"https:\/\/schema.org","@graph":[{"@type":"Article","@id":"https:\/\/elcanillita.info\/press\/2020\/06\/05\/el-jefe-de-policia-de-minneapolis-se-arrodilla-ante-el-ataud-de-george-floyd-en-un-emotivo-memorial\/#article","isPartOf":{"@id":"https:\/\/elcanillita.info\/press\/2020\/06\/05\/el-jefe-de-policia-de-minneapolis-se-arrodilla-ante-el-ataud-de-george-floyd-en-un-emotivo-memorial\/"},"author":{"name":"SalaStampa.eu, world press service","@id":"https:\/\/elcanillita.info\/press\/#\/schema\/person\/7fcb79f38045700919f7da6d97e71ba0"},"headline":"El jefe de polic\u00eda de Minneapolis se arrodilla al paso del ata\u00fad de George Floyd en un emotivo memorial","datePublished":"2020-06-05T10:54:09+00:00","dateModified":"2020-06-16T01:23:47+00:00","mainEntityOfPage":{"@id":"https:\/\/elcanillita.info\/press\/2020\/06\/05\/el-jefe-de-policia-de-minneapolis-se-arrodilla-ante-el-ataud-de-george-floyd-en-un-emotivo-memorial\/"},"wordCount":184,"publisher":{"@id":"https:\/\/elcanillita.info\/press\/#organization"},"keywords":["Estados Unidos"],"articleSection":["Actualidad","Am\u00e9rica del Norte","Justicia","Sociedad"],"inLanguage":"es-AR"},{"@type":"WebPage","@id":"https:\/\/elcanillita.info\/press\/2020\/06\/05\/el-jefe-de-policia-de-minneapolis-se-arrodilla-ante-el-ataud-de-george-floyd-en-un-emotivo-memorial\/","url":"https:\/\/elcanillita.info\/press\/2020\/06\/05\/el-jefe-de-policia-de-minneapolis-se-arrodilla-ante-el-ataud-de-george-floyd-en-un-emotivo-memorial\/","name":"El jefe de polic\u00eda de Minneapolis se arrodilla al paso del ata\u00fad de George Floyd en un emotivo memorial - ElCanillita.Info","isPartOf":{"@id":"https:\/\/elcanillita.info\/press\/#website"},"datePublished":"2020-06-05T10:54:09+00:00","dateModified":"2020-06-16T01:23:47+00:00","inLanguage":"es-AR","potentialAction":[{"@type":"ReadAction","target":["https:\/\/elcanillita.info\/press\/2020\/06\/05\/el-jefe-de-policia-de-minneapolis-se-arrodilla-ante-el-ataud-de-george-floyd-en-un-emotivo-memorial\/"]}]},{"@type":"WebSite","@id":"https:\/\/elcanillita.info\/press\/#website","url":"https:\/\/elcanillita.info\/press\/","name":"ElCanillita.Info","description":"desde los Apeninos a los Andes","publisher":{"@id":"https:\/\/elcanillita.info\/press\/#organization"},"potentialAction":[{"@type":"SearchAction","target":{"@type":"EntryPoint","urlTemplate":"https:\/\/elcanillita.info\/press\/?s={search_term_string}"},"query-input":{"@type":"PropertyValueSpecification","valueRequired":true,"valueName":"search_term_string"}}],"inLanguage":"es-AR"},{"@type":"Organization","@id":"https:\/\/elcanillita.info\/press\/#organization","name":"Guzzo Photos & Graphic Publications","url":"https:\/\/elcanillita.info\/press\/","logo":{"@type":"ImageObject","inLanguage":"es-AR","@id":"https:\/\/elcanillita.info\/press\/#\/schema\/logo\/image\/","url":"https:\/\/elcanillita.info\/press\/images\/2020\/01\/cropped-cropped-cropped-elcanillitainfo.png","contentUrl":"https:\/\/elcanillita.info\/press\/images\/2020\/01\/cropped-cropped-cropped-elcanillitainfo.png","width":460,"height":50,"caption":"Guzzo Photos & Graphic Publications"},"image":{"@id":"https:\/\/elcanillita.info\/press\/#\/schema\/logo\/image\/"},"sameAs":["https:\/\/ar-ar.facebook.com\/ElCanillitainfo-114249515285712\/"]},{"@type":"Person","@id":"https:\/\/elcanillita.info\/press\/#\/schema\/person\/7fcb79f38045700919f7da6d97e71ba0","name":"SalaStampa.eu, world press service","image":{"@type":"ImageObject","inLanguage":"es-AR","@id":"https:\/\/secure.gravatar.com\/avatar\/c2f0e0d515a107624234994507816ca4724c7199cef73fc8bedebf6931d73888?s=96&d=mm&r=g","url":"https:\/\/secure.gravatar.com\/avatar\/c2f0e0d515a107624234994507816ca4724c7199cef73fc8bedebf6931d73888?s=96&d=mm&r=g","contentUrl":"https:\/\/secure.gravatar.com\/avatar\/c2f0e0d515a107624234994507816ca4724c7199cef73fc8bedebf6931d73888?s=96&d=mm&r=g","caption":"SalaStampa.eu, world press service"}}]}},"views":703,"_links":{"self":[{"href":"https:\/\/elcanillita.info\/press\/wp-json\/wp\/v2\/posts\/732","targetHints":{"allow":["GET"]}}],"collection":[{"href":"https:\/\/elcanillita.info\/press\/wp-json\/wp\/v2\/posts"}],"about":[{"href":"https:\/\/elcanillita.info\/press\/wp-json\/wp\/v2\/types\/post"}],"author":[{"embeddable":true,"href":"https:\/\/elcanillita.info\/press\/wp-json\/wp\/v2\/users\/1"}],"replies":[{"embeddable":true,"href":"https:\/\/elcanillita.info\/press\/wp-json\/wp\/v2\/comments?post=732"}],"version-history":[{"count":0,"href":"https:\/\/elcanillita.info\/press\/wp-json\/wp\/v2\/posts\/732\/revisions"}],"wp:attachment":[{"href":"https:\/\/elcanillita.info\/press\/wp-json\/wp\/v2\/media?parent=732"}],"wp:term":[{"taxonomy":"category","embeddable":true,"href":"https:\/\/elcanillita.info\/press\/wp-json\/wp\/v2\/categories?post=732"},{"taxonomy":"post_tag","embeddable":true,"href":"https:\/\/elcanillita.info\/press\/wp-json\/wp\/v2\/tags?post=732"}],"curies":[{"name":"wp","href":"https:\/\/api.w.org\/{rel}","templated":true}]}}