{"id":73,"date":"2020-01-12T17:55:54","date_gmt":"2020-01-12T20:55:54","guid":{"rendered":"https:\/\/elcanillita.info\/press\/?p=73"},"modified":"2020-01-17T07:32:01","modified_gmt":"2020-01-17T10:32:01","slug":"venezuela-perdio-derecho-a-voto-en-la-onu-por-deudas-del-gobierno-de-maduro","status":"publish","type":"post","link":"https:\/\/elcanillita.info\/press\/2020\/01\/12\/venezuela-perdio-derecho-a-voto-en-la-onu-por-deudas-del-gobierno-de-maduro\/","title":{"rendered":"Venezuela perdi\u00f3 derecho a voto en la ONU por  deudas del gobierno de Maduro"},"content":{"rendered":"\n<p>Caracas 11.01.2020 &#8211; Venezuela es uno de los 10 pa\u00edses que han perdido su derecho a voto en la Asamblea General ONU o \u201cquedaron bajo amenaza de perderlo, debido a las deudas acumuladas en sus contribuciones obligatorias\u201d.<\/p>\n\n\n\n<p>As\u00ed lo inform\u00f3&nbsp;Stephane Dujarric, vocero del Secretario General de las Naciones Unidas, Antonio Guterres, en una rueda de prensa.<\/p>\n\n\n\n<p>Dujarric dijo que \u201cacumularon moras y caen bajo las previsiones del art\u00edculo 19&#8243; de la Carta de la ONU, que establece una suspensi\u00f3n del voto en la Asamblea General&nbsp;a los pa\u00edses cuya mora sea &#8220;igual o superior al total de las cuotas adeudadas por los dos a\u00f1os anteriores\u201d.<br><br> Los pa\u00edses afectados son \u201cRep\u00fablica Centroafricana, Comoras, Gambia, L\u00edbano, Lesotho, Santo Tom\u00e9 y Pr\u00edncipe, Somalia, Tonga, Venezuela y Yemen\u201d, indic\u00f3 Dujarric.<\/p>\n\n\n\n<p>El art\u00edculo, sin embargo, indica que autoriza a los estados a mantener el derecho al voto \u201csi llegara a la conclusi\u00f3n de que la mora se debe a circunstancias ajenas\u201d a su voluntad.<\/p>\n\n\n\n<p>El presupuesto de funcionamiento de la ONU alcanza a unos 3.000 millones de d\u00f3lares.&nbsp;<br><br><small>2020 voanoticias \u2013 salastampa.eu, afiliada a la red Broadcasting Board of Governors \u00a9 2020 BBG <\/small><\/p>\n","protected":false},"excerpt":{"rendered":"<p>Caracas 11.01.2020 &#8211; Venezuela es uno de los 10 pa\u00edses que han perdido su derecho a voto en la Asamblea General ONU o \u201cquedaron bajo amenaza de perderlo, debido a las deudas acumuladas en sus contribuciones obligatorias\u201d.<\/p>\n","protected":false},"author":1,"featured_media":0,"comment_status":"closed","ping_status":"closed","sticky":false,"template":"","format":"standard","meta":{"footnotes":"","_links_to":"","_links_to_target":""},"categories":[11,20,25],"tags":[37],"class_list":["post-73","post","type-post","status-publish","format-standard","hentry","category-america-del-sur","category-economia","category-sociedad","tag-venezuela","entry","double"],"yoast_head":"<!-- This site is optimized with the Yoast SEO plugin v27.4 - https:\/\/yoast.com\/product\/yoast-seo-wordpress\/ -->\n<title>Venezuela perdi\u00f3 derecho a voto en la ONU por deudas del gobierno de Maduro - ElCanillita.Info<\/title>\n<meta name=\"robots\" content=\"index, follow, max-snippet:-1, max-image-preview:large, max-video-preview:-1\" \/>\n<link rel=\"canonical\" href=\"https:\/\/elcanillita.info\/press\/2020\/01\/12\/venezuela-perdio-derecho-a-voto-en-la-onu-por-deudas-del-gobierno-de-maduro\/\" \/>\n<meta property=\"og:locale\" content=\"es_ES\" \/>\n<meta property=\"og:type\" content=\"article\" \/>\n<meta property=\"og:title\" content=\"Venezuela perdi\u00f3 derecho a voto en la ONU por deudas del gobierno de Maduro - ElCanillita.Info\" \/>\n<meta property=\"og:description\" content=\"Caracas 11.01.2020 - Venezuela es uno de los 10 pa\u00edses que han perdido su derecho a voto en la Asamblea General ONU o \u201cquedaron bajo amenaza de perderlo, debido a las deudas acumuladas en sus contribuciones obligatorias\u201d.\" \/>\n<meta property=\"og:url\" content=\"https:\/\/elcanillita.info\/press\/2020\/01\/12\/venezuela-perdio-derecho-a-voto-en-la-onu-por-deudas-del-gobierno-de-maduro\/\" \/>\n<meta property=\"og:site_name\" content=\"ElCanillita.Info\" \/>\n<meta property=\"article:publisher\" content=\"https:\/\/ar-ar.facebook.com\/ElCanillitainfo-114249515285712\/\" \/>\n<meta property=\"article:published_time\" content=\"2020-01-12T20:55:54+00:00\" \/>\n<meta property=\"article:modified_time\" content=\"2020-01-17T10:32:01+00:00\" \/>\n<meta name=\"author\" content=\"SalaStampa.eu, world press service\" \/>\n<meta name=\"twitter:card\" content=\"summary_large_image\" \/>\n<meta name=\"twitter:label1\" content=\"Escrito por\" \/>\n\t<meta name=\"twitter:data1\" content=\"SalaStampa.eu, world press service\" \/>\n\t<meta name=\"twitter:label2\" content=\"Tiempo de lectura\" \/>\n\t<meta name=\"twitter:data2\" content=\"1 minuto\" \/>\n<script type=\"application\/ld+json\" class=\"yoast-schema-graph\">{\"@context\":\"https:\\\/\\\/schema.org\",\"@graph\":[{\"@type\":\"Article\",\"@id\":\"https:\\\/\\\/elcanillita.info\\\/press\\\/2020\\\/01\\\/12\\\/venezuela-perdio-derecho-a-voto-en-la-onu-por-deudas-del-gobierno-de-maduro\\\/#article\",\"isPartOf\":{\"@id\":\"https:\\\/\\\/elcanillita.info\\\/press\\\/2020\\\/01\\\/12\\\/venezuela-perdio-derecho-a-voto-en-la-onu-por-deudas-del-gobierno-de-maduro\\\/\"},\"author\":{\"name\":\"SalaStampa.eu, world press service\",\"@id\":\"https:\\\/\\\/elcanillita.info\\\/press\\\/#\\\/schema\\\/person\\\/7fcb79f38045700919f7da6d97e71ba0\"},\"headline\":\"Venezuela perdi\u00f3 derecho a voto en la ONU por deudas del gobierno de Maduro\",\"datePublished\":\"2020-01-12T20:55:54+00:00\",\"dateModified\":\"2020-01-17T10:32:01+00:00\",\"mainEntityOfPage\":{\"@id\":\"https:\\\/\\\/elcanillita.info\\\/press\\\/2020\\\/01\\\/12\\\/venezuela-perdio-derecho-a-voto-en-la-onu-por-deudas-del-gobierno-de-maduro\\\/\"},\"wordCount\":211,\"publisher\":{\"@id\":\"https:\\\/\\\/elcanillita.info\\\/press\\\/#organization\"},\"keywords\":[\"Venezuela\"],\"articleSection\":[\"Am\u00e9rica del Sur\",\"Economia\",\"Sociedad\"],\"inLanguage\":\"es-AR\"},{\"@type\":\"WebPage\",\"@id\":\"https:\\\/\\\/elcanillita.info\\\/press\\\/2020\\\/01\\\/12\\\/venezuela-perdio-derecho-a-voto-en-la-onu-por-deudas-del-gobierno-de-maduro\\\/\",\"url\":\"https:\\\/\\\/elcanillita.info\\\/press\\\/2020\\\/01\\\/12\\\/venezuela-perdio-derecho-a-voto-en-la-onu-por-deudas-del-gobierno-de-maduro\\\/\",\"name\":\"Venezuela perdi\u00f3 derecho a voto en la ONU por deudas del gobierno de Maduro - ElCanillita.Info\",\"isPartOf\":{\"@id\":\"https:\\\/\\\/elcanillita.info\\\/press\\\/#website\"},\"datePublished\":\"2020-01-12T20:55:54+00:00\",\"dateModified\":\"2020-01-17T10:32:01+00:00\",\"inLanguage\":\"es-AR\",\"potentialAction\":[{\"@type\":\"ReadAction\",\"target\":[\"https:\\\/\\\/elcanillita.info\\\/press\\\/2020\\\/01\\\/12\\\/venezuela-perdio-derecho-a-voto-en-la-onu-por-deudas-del-gobierno-de-maduro\\\/\"]}]},{\"@type\":\"WebSite\",\"@id\":\"https:\\\/\\\/elcanillita.info\\\/press\\\/#website\",\"url\":\"https:\\\/\\\/elcanillita.info\\\/press\\\/\",\"name\":\"ElCanillita.Info\",\"description\":\"desde los Apeninos a los Andes\",\"publisher\":{\"@id\":\"https:\\\/\\\/elcanillita.info\\\/press\\\/#organization\"},\"potentialAction\":[{\"@type\":\"SearchAction\",\"target\":{\"@type\":\"EntryPoint\",\"urlTemplate\":\"https:\\\/\\\/elcanillita.info\\\/press\\\/?s={search_term_string}\"},\"query-input\":{\"@type\":\"PropertyValueSpecification\",\"valueRequired\":true,\"valueName\":\"search_term_string\"}}],\"inLanguage\":\"es-AR\"},{\"@type\":\"Organization\",\"@id\":\"https:\\\/\\\/elcanillita.info\\\/press\\\/#organization\",\"name\":\"Guzzo Photos & Graphic Publications\",\"url\":\"https:\\\/\\\/elcanillita.info\\\/press\\\/\",\"logo\":{\"@type\":\"ImageObject\",\"inLanguage\":\"es-AR\",\"@id\":\"https:\\\/\\\/elcanillita.info\\\/press\\\/#\\\/schema\\\/logo\\\/image\\\/\",\"url\":\"https:\\\/\\\/elcanillita.info\\\/press\\\/images\\\/2020\\\/01\\\/cropped-cropped-cropped-elcanillitainfo.png\",\"contentUrl\":\"https:\\\/\\\/elcanillita.info\\\/press\\\/images\\\/2020\\\/01\\\/cropped-cropped-cropped-elcanillitainfo.png\",\"width\":460,\"height\":50,\"caption\":\"Guzzo Photos & Graphic Publications\"},\"image\":{\"@id\":\"https:\\\/\\\/elcanillita.info\\\/press\\\/#\\\/schema\\\/logo\\\/image\\\/\"},\"sameAs\":[\"https:\\\/\\\/ar-ar.facebook.com\\\/ElCanillitainfo-114249515285712\\\/\"]},{\"@type\":\"Person\",\"@id\":\"https:\\\/\\\/elcanillita.info\\\/press\\\/#\\\/schema\\\/person\\\/7fcb79f38045700919f7da6d97e71ba0\",\"name\":\"SalaStampa.eu, world press service\",\"image\":{\"@type\":\"ImageObject\",\"inLanguage\":\"es-AR\",\"@id\":\"https:\\\/\\\/secure.gravatar.com\\\/avatar\\\/c2f0e0d515a107624234994507816ca4724c7199cef73fc8bedebf6931d73888?s=96&d=mm&r=g\",\"url\":\"https:\\\/\\\/secure.gravatar.com\\\/avatar\\\/c2f0e0d515a107624234994507816ca4724c7199cef73fc8bedebf6931d73888?s=96&d=mm&r=g\",\"contentUrl\":\"https:\\\/\\\/secure.gravatar.com\\\/avatar\\\/c2f0e0d515a107624234994507816ca4724c7199cef73fc8bedebf6931d73888?s=96&d=mm&r=g\",\"caption\":\"SalaStampa.eu, world press service\"}}]}<\/script>\n<!-- \/ Yoast SEO plugin. -->","yoast_head_json":{"title":"Venezuela perdi\u00f3 derecho a voto en la ONU por deudas del gobierno de Maduro - ElCanillita.Info","robots":{"index":"index","follow":"follow","max-snippet":"max-snippet:-1","max-image-preview":"max-image-preview:large","max-video-preview":"max-video-preview:-1"},"canonical":"https:\/\/elcanillita.info\/press\/2020\/01\/12\/venezuela-perdio-derecho-a-voto-en-la-onu-por-deudas-del-gobierno-de-maduro\/","og_locale":"es_ES","og_type":"article","og_title":"Venezuela perdi\u00f3 derecho a voto en la ONU por deudas del gobierno de Maduro - ElCanillita.Info","og_description":"Caracas 11.01.2020 - Venezuela es uno de los 10 pa\u00edses que han perdido su derecho a voto en la Asamblea General ONU o \u201cquedaron bajo amenaza de perderlo, debido a las deudas acumuladas en sus contribuciones obligatorias\u201d.","og_url":"https:\/\/elcanillita.info\/press\/2020\/01\/12\/venezuela-perdio-derecho-a-voto-en-la-onu-por-deudas-del-gobierno-de-maduro\/","og_site_name":"ElCanillita.Info","article_publisher":"https:\/\/ar-ar.facebook.com\/ElCanillitainfo-114249515285712\/","article_published_time":"2020-01-12T20:55:54+00:00","article_modified_time":"2020-01-17T10:32:01+00:00","author":"SalaStampa.eu, world press service","twitter_card":"summary_large_image","twitter_misc":{"Escrito por":"SalaStampa.eu, world press service","Tiempo de lectura":"1 minuto"},"schema":{"@context":"https:\/\/schema.org","@graph":[{"@type":"Article","@id":"https:\/\/elcanillita.info\/press\/2020\/01\/12\/venezuela-perdio-derecho-a-voto-en-la-onu-por-deudas-del-gobierno-de-maduro\/#article","isPartOf":{"@id":"https:\/\/elcanillita.info\/press\/2020\/01\/12\/venezuela-perdio-derecho-a-voto-en-la-onu-por-deudas-del-gobierno-de-maduro\/"},"author":{"name":"SalaStampa.eu, world press service","@id":"https:\/\/elcanillita.info\/press\/#\/schema\/person\/7fcb79f38045700919f7da6d97e71ba0"},"headline":"Venezuela perdi\u00f3 derecho a voto en la ONU por deudas del gobierno de Maduro","datePublished":"2020-01-12T20:55:54+00:00","dateModified":"2020-01-17T10:32:01+00:00","mainEntityOfPage":{"@id":"https:\/\/elcanillita.info\/press\/2020\/01\/12\/venezuela-perdio-derecho-a-voto-en-la-onu-por-deudas-del-gobierno-de-maduro\/"},"wordCount":211,"publisher":{"@id":"https:\/\/elcanillita.info\/press\/#organization"},"keywords":["Venezuela"],"articleSection":["Am\u00e9rica del Sur","Economia","Sociedad"],"inLanguage":"es-AR"},{"@type":"WebPage","@id":"https:\/\/elcanillita.info\/press\/2020\/01\/12\/venezuela-perdio-derecho-a-voto-en-la-onu-por-deudas-del-gobierno-de-maduro\/","url":"https:\/\/elcanillita.info\/press\/2020\/01\/12\/venezuela-perdio-derecho-a-voto-en-la-onu-por-deudas-del-gobierno-de-maduro\/","name":"Venezuela perdi\u00f3 derecho a voto en la ONU por deudas del gobierno de Maduro - ElCanillita.Info","isPartOf":{"@id":"https:\/\/elcanillita.info\/press\/#website"},"datePublished":"2020-01-12T20:55:54+00:00","dateModified":"2020-01-17T10:32:01+00:00","inLanguage":"es-AR","potentialAction":[{"@type":"ReadAction","target":["https:\/\/elcanillita.info\/press\/2020\/01\/12\/venezuela-perdio-derecho-a-voto-en-la-onu-por-deudas-del-gobierno-de-maduro\/"]}]},{"@type":"WebSite","@id":"https:\/\/elcanillita.info\/press\/#website","url":"https:\/\/elcanillita.info\/press\/","name":"ElCanillita.Info","description":"desde los Apeninos a los Andes","publisher":{"@id":"https:\/\/elcanillita.info\/press\/#organization"},"potentialAction":[{"@type":"SearchAction","target":{"@type":"EntryPoint","urlTemplate":"https:\/\/elcanillita.info\/press\/?s={search_term_string}"},"query-input":{"@type":"PropertyValueSpecification","valueRequired":true,"valueName":"search_term_string"}}],"inLanguage":"es-AR"},{"@type":"Organization","@id":"https:\/\/elcanillita.info\/press\/#organization","name":"Guzzo Photos & Graphic Publications","url":"https:\/\/elcanillita.info\/press\/","logo":{"@type":"ImageObject","inLanguage":"es-AR","@id":"https:\/\/elcanillita.info\/press\/#\/schema\/logo\/image\/","url":"https:\/\/elcanillita.info\/press\/images\/2020\/01\/cropped-cropped-cropped-elcanillitainfo.png","contentUrl":"https:\/\/elcanillita.info\/press\/images\/2020\/01\/cropped-cropped-cropped-elcanillitainfo.png","width":460,"height":50,"caption":"Guzzo Photos & Graphic Publications"},"image":{"@id":"https:\/\/elcanillita.info\/press\/#\/schema\/logo\/image\/"},"sameAs":["https:\/\/ar-ar.facebook.com\/ElCanillitainfo-114249515285712\/"]},{"@type":"Person","@id":"https:\/\/elcanillita.info\/press\/#\/schema\/person\/7fcb79f38045700919f7da6d97e71ba0","name":"SalaStampa.eu, world press service","image":{"@type":"ImageObject","inLanguage":"es-AR","@id":"https:\/\/secure.gravatar.com\/avatar\/c2f0e0d515a107624234994507816ca4724c7199cef73fc8bedebf6931d73888?s=96&d=mm&r=g","url":"https:\/\/secure.gravatar.com\/avatar\/c2f0e0d515a107624234994507816ca4724c7199cef73fc8bedebf6931d73888?s=96&d=mm&r=g","contentUrl":"https:\/\/secure.gravatar.com\/avatar\/c2f0e0d515a107624234994507816ca4724c7199cef73fc8bedebf6931d73888?s=96&d=mm&r=g","caption":"SalaStampa.eu, world press service"}}]}},"views":772,"_links":{"self":[{"href":"https:\/\/elcanillita.info\/press\/wp-json\/wp\/v2\/posts\/73","targetHints":{"allow":["GET"]}}],"collection":[{"href":"https:\/\/elcanillita.info\/press\/wp-json\/wp\/v2\/posts"}],"about":[{"href":"https:\/\/elcanillita.info\/press\/wp-json\/wp\/v2\/types\/post"}],"author":[{"embeddable":true,"href":"https:\/\/elcanillita.info\/press\/wp-json\/wp\/v2\/users\/1"}],"replies":[{"embeddable":true,"href":"https:\/\/elcanillita.info\/press\/wp-json\/wp\/v2\/comments?post=73"}],"version-history":[{"count":0,"href":"https:\/\/elcanillita.info\/press\/wp-json\/wp\/v2\/posts\/73\/revisions"}],"wp:attachment":[{"href":"https:\/\/elcanillita.info\/press\/wp-json\/wp\/v2\/media?parent=73"}],"wp:term":[{"taxonomy":"category","embeddable":true,"href":"https:\/\/elcanillita.info\/press\/wp-json\/wp\/v2\/categories?post=73"},{"taxonomy":"post_tag","embeddable":true,"href":"https:\/\/elcanillita.info\/press\/wp-json\/wp\/v2\/tags?post=73"}],"curies":[{"name":"wp","href":"https:\/\/api.w.org\/{rel}","templated":true}]}}