{"id":7040,"date":"2026-09-04T17:19:04","date_gmt":"2026-09-04T20:19:04","guid":{"rendered":"https:\/\/elcanillita.info\/press\/?p=7040"},"modified":"2026-09-05T01:14:25","modified_gmt":"2026-09-05T04:14:25","slug":"malvinas-el-petroleo-no-escucha-cadenas-nacionales","status":"publish","type":"post","link":"https:\/\/elcanillita.info\/press\/2026\/09\/04\/malvinas-el-petroleo-no-escucha-cadenas-nacionales\/","title":{"rendered":"Malvinas: el petr\u00f3leo no escucha cadenas nacionales"},"content":{"rendered":"<div class=\"wp-block-image\">\n<figure class=\"aligncenter size-full is-resized\"><img loading=\"lazy\" decoding=\"async\" width=\"600\" height=\"600\" src=\"https:\/\/elcanillita.info\/press\/images\/2026\/09\/\u00a9-2026-guzzophotos_20260824_HistNav_800.jpg\" alt=\"\" class=\"wp-image-7475\" style=\"width:482px;height:auto\" srcset=\"https:\/\/elcanillita.info\/press\/images\/2026\/09\/\u00a9-2026-guzzophotos_20260824_HistNav_800.jpg 600w, https:\/\/elcanillita.info\/press\/images\/2026\/09\/\u00a9-2026-guzzophotos_20260824_HistNav_800-300x300.jpg 300w, https:\/\/elcanillita.info\/press\/images\/2026\/09\/\u00a9-2026-guzzophotos_20260824_HistNav_800-150x150.jpg 150w\" sizes=\"auto, (max-width: 600px) 100vw, 600px\" \/><figcaption class=\"wp-element-caption\"><small><strong>Original Illustration \u00a9 2026 Guzzo Photos &amp; Graphic Publications <br \/>All rights reserved<\/strong><\/small><\/figcaption><\/figure>\n<\/div>\n\n\n<p>Mientras Milei descubre la causa nacional ante las c\u00e1maras, Londres responde con poder militar y las petroleras contin\u00faan perforando el calendario. La soberan\u00eda no se defiende con una noche de solemnidad, sino con una pol\u00edtica de Estado capaz de producir consecuencias al amanecer.<\/p>\n\n\n\n<p>La respuesta brit\u00e1nica lleg\u00f3 sin diplomacia de porcelana. El secretario de Defensa, Wes Streeting, afirm\u00f3 que el Reino Unido puede defender las Malvinas y que la Argentina no est\u00e1 en condiciones de recuperarlas. Incluso se permiti\u00f3 reducir el discurso presidencial a una maniobra electoral destinada al consumo dom\u00e9stico.<\/p>\n\n\n\n<p>Londres no solamente rechaz\u00f3 la reclamaci\u00f3n argentina. Hizo algo m\u00e1s grave: record\u00f3 p\u00fablicamente la desigualdad de fuerzas, como si el derecho internacional pudiera medirse por el calibre de los ca\u00f1ones. Es la vieja pedagog\u00eda imperial: cuando faltan argumentos para explicar una ocupaci\u00f3n, se exhibe el arsenal.<\/p>\n\n\n\n<p>La frase merece una respuesta firme. No porque la Argentina deba entregarse a otra aventura militar \u2014la sangre de 1982 deber\u00eda haber clausurado para siempre ese camino\u2014, sino porque una controversia de soberan\u00eda reconocida por las Naciones Unidas no desaparece por decisi\u00f3n del pa\u00eds que administra el territorio y explota sus recursos.<\/p>\n\n\n\n<p>El Reino Unido insiste en invocar la voluntad de los isle\u00f1os. Pero Malvinas no es una encuesta organizada por la potencia que ocupa las islas, administra su poblaci\u00f3n y redacta la pregunta. La Resoluci\u00f3n 2065 de las Naciones Unidas reconoce una disputa de soberan\u00eda entre la Argentina y el Reino Unido y llama a ambos gobiernos a negociar. Londres prefiere recordar el refer\u00e9ndum de 2013 y olvidar la mesa de negociaci\u00f3n desde hace m\u00e1s de medio siglo.<\/p>\n\n\n\n<p>Milei, entretanto, decidi\u00f3 transformarse en malvinero despu\u00e9s de haber elogiado durante a\u00f1os a Margaret Thatcher. Puede cambiar de opini\u00f3n; hasta los presidentes tienen derecho a encontrarse con la historia. Lo que no pueden hacer es confundir una cadena nacional con una estrategia.<\/p>\n\n\n\n<p>Anunciar sanciones, endurecer leyes y ampliar la presencia naval argentina en Tierra del Fuego puede constituir un primer movimiento. Pero el verdadero examen comienza al d\u00eda siguiente: cu\u00e1ntas empresas ser\u00e1n efectivamente alcanzadas, qu\u00e9 proveedores internacionales aceptar\u00e1n el riesgo, qu\u00e9 alianzas diplom\u00e1ticas acompa\u00f1ar\u00e1n a la Argentina y qu\u00e9 costo concreto tendr\u00e1 ignorar sus disposiciones.<\/p>\n\n\n\n<p>Las petroleras Rockhopper y Navitas ya contestaron. No necesitaron una cadena nacional, una bandera detr\u00e1s ni todo un gabinete sentado en fila. Dijeron que las medidas argentinas no tendr\u00e1n un efecto material sobre Sea Lion ni modificar\u00e1n su cronograma. Traducido del idioma corporativo: escuchamos al presidente y continuamos trabajando.<\/p>\n\n\n\n<p>Ese es el dato que atraviesa toda la escenograf\u00eda. Sea Lion ya tom\u00f3 su decisi\u00f3n final de inversi\u00f3n, prev\u00e9 comenzar a producir petr\u00f3leo en 2028 y cuenta con respaldo brit\u00e1nico. Mientras Buenos Aires pronuncia la palabra soberan\u00eda, en Londres, Tel Aviv y Stanley se firman contratos, se re\u00fane financiaci\u00f3n y se prepara la extracci\u00f3n de recursos en aguas cuya situaci\u00f3n jur\u00eddica contin\u00faa controvertida.<\/p>\n\n\n\n<p>La Argentina tiene razones para denunciar esas actividades. La Resoluci\u00f3n 31\/49 de la Asamblea General de la ONU pide a las partes abstenerse de introducir modificaciones unilaterales mientras contin\u00fae la disputa. Convertir un yacimiento de esta magnitud en una explotaci\u00f3n comercial dif\u00edcilmente pueda presentarse como un inocente movimiento administrativo.<\/p>\n\n\n\n<p>Pero las razones jur\u00eddicas, abandonadas durante a\u00f1os en alg\u00fan caj\u00f3n ceremonial de la Canciller\u00eda, no recuperan fuerza por elevar el volumen del televisor. Una pol\u00edtica seria sobre Malvinas exige continuidad diplom\u00e1tica, presencia real en el Atl\u00e1ntico Sur, inversi\u00f3n cient\u00edfica, defensa, puertos, log\u00edstica, acuerdos regionales y una estrategia sostenida m\u00e1s all\u00e1 del presidente de turno.<\/p>\n\n\n\n<p>Tambi\u00e9n exige coherencia. No se puede admirar a Thatcher el lunes, confiar la pol\u00edtica exterior a Trump el martes y vestirse de celeste y blanco el jueves porque Washington insinu\u00f3 que quiz\u00e1 revise algo. La soberan\u00eda argentina no puede depender del humor del ocupante de la Casa Blanca ni de sus facturas pendientes con Londres por la guerra de Ir\u00e1n.<\/p>\n\n\n\n<p>Trump no se ha convertido en abogado de la Argentina. Est\u00e1 presionando al Reino Unido. Si ma\u00f1ana recibe de Londres aquello que busca, los \u201cvientos de cambio\u201d pueden girar antes de que Milei termine de guardar los atriles. Confundir una extorsi\u00f3n entre aliados con un respaldo a la causa Malvinas ser\u00eda una ingenuidad impropia de un gobierno, aunque resulte muy \u00fatil para una transmisi\u00f3n televisiva.<\/p>\n\n\n\n<p>La oposici\u00f3n brit\u00e1nica tambi\u00e9n aprovecha la ocasi\u00f3n. Kemi Badenoch culpa al Gobierno por haber mostrado debilidad en el caso de las islas Chagos y pide m\u00e1s gasto militar. De este modo, Malvinas vuelve a funcionar como siempre en Londres: una bandera conveniente para disputar elecciones, justificar presupuesto de defensa y alimentar nostalgias imperiales.<\/p>\n\n\n\n<p>A ambos lados del Atl\u00e1ntico sobran galer\u00edas y candidatos dispuestos a hablarles. Lo que falta es una negociaci\u00f3n.<\/p>\n\n\n\n<p>La Argentina debe responder a la arrogancia brit\u00e1nica, perseguir jur\u00eddicamente la explotaci\u00f3n unilateral de sus recursos y construir capacidad nacional. Pero deber\u00e1 hacerlo con algo m\u00e1s resistente que una cadena nacional. Porque Londres habla desde una base militar, las petroleras hablan desde un proyecto en marcha y Milei, por ahora, habla desde un estudio de televisi\u00f3n.<\/p>\n\n\n\n<p>Malvinas merece mucho m\u00e1s que un presidente que levanta la voz despu\u00e9s de haber mirado hacia otro lado. Merece una pol\u00edtica de Estado que obligue al Reino Unido a sentarse a negociar y a las empresas a preguntarse, antes de perforar, cu\u00e1nto puede costarles ignorar a la Argentina.<\/p>\n\n\n\n<p>Hasta entonces, los discursos podr\u00e1n sonar patri\u00f3ticos. Pero el petr\u00f3leo seguir\u00e1 sin escucharlos.<\/p>\n\n\n<p><small>\ud83d\udd8b\ufe0f \u00a9  El Vig\u00eda del Atl\u00e1ntico Sur \u2014 All Rights Reserved | 2026<\/small><\/p>\n<hr style=\"border: none; height: 1px; background-color: #e0e0e0; max-width: 80%; margin: 2em auto;\" \/>\n<small>\u00a9 2026 SalaStampa.eu, world press service &#8211; All Rights Reserved &#8211;  Guzzo Photos &#038; Graphic  Publications \u2013 Registro Editori e Stampatori n. 1441 Turin, Italy<br \/> \n Fuentes consultadas: Reuters, Agencia Noticias Argentinas, documentaci\u00f3n de la Canciller\u00eda argentina y comunicaciones corporativas del proyecto Sea Lion.<\/small><\/p>","protected":false},"excerpt":{"rendered":"<p>Mientras Milei descubre la causa nacional ante las c\u00e1maras, Londres responde con poder militar y las petroleras contin\u00faan perforando el calendario. La soberan\u00eda no se defiende con una noche de solemnidad, sino con una pol\u00edtica de Estado capaz de producir consecuencias al amanecer.<\/p>\n","protected":false},"author":1,"featured_media":7477,"comment_status":"closed","ping_status":"closed","sticky":false,"template":"","format":"standard","meta":{"footnotes":"","_links_to":"","_links_to_target":""},"categories":[70,11,123,216,215,116],"tags":[29,58],"class_list":["post-7040","post","type-post","status-publish","format-standard","has-post-thumbnail","hentry","category-actualidad","category-america-del-sur","category-argentina","category-diplomacia-y-conflictos-internacionales","category-geopolitica-y-soberania","category-united-kingdom","tag-argentina","tag-reino-unido","entry","double"],"yoast_head":"<!-- This site is optimized with the Yoast SEO plugin v27.8 - https:\/\/yoast.com\/product\/yoast-seo-wordpress\/ -->\n<title>Malvinas: el petr\u00f3leo no escucha cadenas nacionales - ElCanillita.Info<\/title>\n<meta name=\"robots\" content=\"index, follow, max-snippet:-1, max-image-preview:large, max-video-preview:-1\" \/>\n<link rel=\"canonical\" href=\"https:\/\/elcanillita.info\/press\/2026\/09\/04\/malvinas-el-petroleo-no-escucha-cadenas-nacionales\/\" \/>\n<meta property=\"og:locale\" content=\"es_ES\" \/>\n<meta property=\"og:type\" content=\"article\" \/>\n<meta property=\"og:title\" content=\"Malvinas: el petr\u00f3leo no escucha cadenas nacionales - ElCanillita.Info\" \/>\n<meta property=\"og:description\" content=\"Mientras Milei descubre la causa nacional ante las c\u00e1maras, Londres responde con poder militar y las petroleras contin\u00faan perforando el calendario. La soberan\u00eda no se defiende con una noche de solemnidad, sino con una pol\u00edtica de Estado capaz de producir consecuencias al amanecer.\" \/>\n<meta property=\"og:url\" content=\"https:\/\/elcanillita.info\/press\/2026\/09\/04\/malvinas-el-petroleo-no-escucha-cadenas-nacionales\/\" \/>\n<meta property=\"og:site_name\" content=\"ElCanillita.Info\" \/>\n<meta property=\"article:publisher\" content=\"https:\/\/ar-ar.facebook.com\/ElCanillitainfo-114249515285712\/\" \/>\n<meta property=\"article:published_time\" content=\"2026-09-04T20:19:04+00:00\" \/>\n<meta property=\"article:modified_time\" content=\"2026-09-05T04:14:25+00:00\" \/>\n<meta property=\"og:image\" content=\"https:\/\/elcanillita.info\/press\/images\/2026\/09\/Cov_hist_arg.jpg\" \/>\n\t<meta property=\"og:image:width\" content=\"600\" \/>\n\t<meta property=\"og:image:height\" content=\"282\" \/>\n\t<meta property=\"og:image:type\" content=\"image\/jpeg\" \/>\n<meta name=\"author\" content=\"SalaStampa.eu, world press service\" \/>\n<meta name=\"twitter:card\" content=\"summary_large_image\" \/>\n<meta name=\"twitter:label1\" content=\"Escrito por\" \/>\n\t<meta name=\"twitter:data1\" content=\"SalaStampa.eu, world press service\" \/>\n\t<meta name=\"twitter:label2\" content=\"Tiempo de lectura\" \/>\n\t<meta name=\"twitter:data2\" content=\"5 minutos\" \/>\n<script type=\"application\/ld+json\" class=\"yoast-schema-graph\">{\"@context\":\"https:\\\/\\\/schema.org\",\"@graph\":[{\"@type\":\"Article\",\"@id\":\"https:\\\/\\\/elcanillita.info\\\/press\\\/2026\\\/09\\\/04\\\/malvinas-el-petroleo-no-escucha-cadenas-nacionales\\\/#article\",\"isPartOf\":{\"@id\":\"https:\\\/\\\/elcanillita.info\\\/press\\\/2026\\\/09\\\/04\\\/malvinas-el-petroleo-no-escucha-cadenas-nacionales\\\/\"},\"author\":{\"name\":\"SalaStampa.eu, world press service\",\"@id\":\"https:\\\/\\\/elcanillita.info\\\/press\\\/#\\\/schema\\\/person\\\/7fcb79f38045700919f7da6d97e71ba0\"},\"headline\":\"Malvinas: el petr\u00f3leo no escucha cadenas nacionales\",\"datePublished\":\"2026-09-04T20:19:04+00:00\",\"dateModified\":\"2026-09-05T04:14:25+00:00\",\"mainEntityOfPage\":{\"@id\":\"https:\\\/\\\/elcanillita.info\\\/press\\\/2026\\\/09\\\/04\\\/malvinas-el-petroleo-no-escucha-cadenas-nacionales\\\/\"},\"wordCount\":1045,\"publisher\":{\"@id\":\"https:\\\/\\\/elcanillita.info\\\/press\\\/#organization\"},\"image\":{\"@id\":\"https:\\\/\\\/elcanillita.info\\\/press\\\/2026\\\/09\\\/04\\\/malvinas-el-petroleo-no-escucha-cadenas-nacionales\\\/#primaryimage\"},\"thumbnailUrl\":\"https:\\\/\\\/elcanillita.info\\\/press\\\/images\\\/2026\\\/09\\\/Cov_hist_arg.jpg\",\"keywords\":[\"Argentina\",\"Reino Unido\"],\"articleSection\":[\"Actualidad\",\"Am\u00e9rica del Sur\",\"Argentina\",\"Diplomacia y Conflictos Internacionales\",\"Geopol\u00edtica y Soberan\u00eda\",\"Reino Unido\"],\"inLanguage\":\"es-AR\"},{\"@type\":\"WebPage\",\"@id\":\"https:\\\/\\\/elcanillita.info\\\/press\\\/2026\\\/09\\\/04\\\/malvinas-el-petroleo-no-escucha-cadenas-nacionales\\\/\",\"url\":\"https:\\\/\\\/elcanillita.info\\\/press\\\/2026\\\/09\\\/04\\\/malvinas-el-petroleo-no-escucha-cadenas-nacionales\\\/\",\"name\":\"Malvinas: el petr\u00f3leo no escucha cadenas nacionales - ElCanillita.Info\",\"isPartOf\":{\"@id\":\"https:\\\/\\\/elcanillita.info\\\/press\\\/#website\"},\"primaryImageOfPage\":{\"@id\":\"https:\\\/\\\/elcanillita.info\\\/press\\\/2026\\\/09\\\/04\\\/malvinas-el-petroleo-no-escucha-cadenas-nacionales\\\/#primaryimage\"},\"image\":{\"@id\":\"https:\\\/\\\/elcanillita.info\\\/press\\\/2026\\\/09\\\/04\\\/malvinas-el-petroleo-no-escucha-cadenas-nacionales\\\/#primaryimage\"},\"thumbnailUrl\":\"https:\\\/\\\/elcanillita.info\\\/press\\\/images\\\/2026\\\/09\\\/Cov_hist_arg.jpg\",\"datePublished\":\"2026-09-04T20:19:04+00:00\",\"dateModified\":\"2026-09-05T04:14:25+00:00\",\"inLanguage\":\"es-AR\",\"potentialAction\":[{\"@type\":\"ReadAction\",\"target\":[\"https:\\\/\\\/elcanillita.info\\\/press\\\/2026\\\/09\\\/04\\\/malvinas-el-petroleo-no-escucha-cadenas-nacionales\\\/\"]}]},{\"@type\":\"ImageObject\",\"inLanguage\":\"es-AR\",\"@id\":\"https:\\\/\\\/elcanillita.info\\\/press\\\/2026\\\/09\\\/04\\\/malvinas-el-petroleo-no-escucha-cadenas-nacionales\\\/#primaryimage\",\"url\":\"https:\\\/\\\/elcanillita.info\\\/press\\\/images\\\/2026\\\/09\\\/Cov_hist_arg.jpg\",\"contentUrl\":\"https:\\\/\\\/elcanillita.info\\\/press\\\/images\\\/2026\\\/09\\\/Cov_hist_arg.jpg\",\"width\":600,\"height\":282},{\"@type\":\"WebSite\",\"@id\":\"https:\\\/\\\/elcanillita.info\\\/press\\\/#website\",\"url\":\"https:\\\/\\\/elcanillita.info\\\/press\\\/\",\"name\":\"ElCanillita.Info\",\"description\":\"desde los Apeninos a los Andes\",\"publisher\":{\"@id\":\"https:\\\/\\\/elcanillita.info\\\/press\\\/#organization\"},\"potentialAction\":[{\"@type\":\"SearchAction\",\"target\":{\"@type\":\"EntryPoint\",\"urlTemplate\":\"https:\\\/\\\/elcanillita.info\\\/press\\\/?s={search_term_string}\"},\"query-input\":{\"@type\":\"PropertyValueSpecification\",\"valueRequired\":true,\"valueName\":\"search_term_string\"}}],\"inLanguage\":\"es-AR\"},{\"@type\":\"Organization\",\"@id\":\"https:\\\/\\\/elcanillita.info\\\/press\\\/#organization\",\"name\":\"Guzzo Photos & Graphic Publications\",\"url\":\"https:\\\/\\\/elcanillita.info\\\/press\\\/\",\"logo\":{\"@type\":\"ImageObject\",\"inLanguage\":\"es-AR\",\"@id\":\"https:\\\/\\\/elcanillita.info\\\/press\\\/#\\\/schema\\\/logo\\\/image\\\/\",\"url\":\"https:\\\/\\\/elcanillita.info\\\/press\\\/images\\\/2020\\\/01\\\/cropped-cropped-cropped-elcanillitainfo.png\",\"contentUrl\":\"https:\\\/\\\/elcanillita.info\\\/press\\\/images\\\/2020\\\/01\\\/cropped-cropped-cropped-elcanillitainfo.png\",\"width\":460,\"height\":50,\"caption\":\"Guzzo Photos & Graphic Publications\"},\"image\":{\"@id\":\"https:\\\/\\\/elcanillita.info\\\/press\\\/#\\\/schema\\\/logo\\\/image\\\/\"},\"sameAs\":[\"https:\\\/\\\/ar-ar.facebook.com\\\/ElCanillitainfo-114249515285712\\\/\"]},{\"@type\":\"Person\",\"@id\":\"https:\\\/\\\/elcanillita.info\\\/press\\\/#\\\/schema\\\/person\\\/7fcb79f38045700919f7da6d97e71ba0\",\"name\":\"SalaStampa.eu, world press service\",\"image\":{\"@type\":\"ImageObject\",\"inLanguage\":\"es-AR\",\"@id\":\"https:\\\/\\\/secure.gravatar.com\\\/avatar\\\/c2f0e0d515a107624234994507816ca4724c7199cef73fc8bedebf6931d73888?s=96&d=mm&r=g\",\"url\":\"https:\\\/\\\/secure.gravatar.com\\\/avatar\\\/c2f0e0d515a107624234994507816ca4724c7199cef73fc8bedebf6931d73888?s=96&d=mm&r=g\",\"contentUrl\":\"https:\\\/\\\/secure.gravatar.com\\\/avatar\\\/c2f0e0d515a107624234994507816ca4724c7199cef73fc8bedebf6931d73888?s=96&d=mm&r=g\",\"caption\":\"SalaStampa.eu, world press service\"}}]}<\/script>\n<!-- \/ Yoast SEO plugin. -->","yoast_head_json":{"title":"Malvinas: el petr\u00f3leo no escucha cadenas nacionales - ElCanillita.Info","robots":{"index":"index","follow":"follow","max-snippet":"max-snippet:-1","max-image-preview":"max-image-preview:large","max-video-preview":"max-video-preview:-1"},"canonical":"https:\/\/elcanillita.info\/press\/2026\/09\/04\/malvinas-el-petroleo-no-escucha-cadenas-nacionales\/","og_locale":"es_ES","og_type":"article","og_title":"Malvinas: el petr\u00f3leo no escucha cadenas nacionales - ElCanillita.Info","og_description":"Mientras Milei descubre la causa nacional ante las c\u00e1maras, Londres responde con poder militar y las petroleras contin\u00faan perforando el calendario. La soberan\u00eda no se defiende con una noche de solemnidad, sino con una pol\u00edtica de Estado capaz de producir consecuencias al amanecer.","og_url":"https:\/\/elcanillita.info\/press\/2026\/09\/04\/malvinas-el-petroleo-no-escucha-cadenas-nacionales\/","og_site_name":"ElCanillita.Info","article_publisher":"https:\/\/ar-ar.facebook.com\/ElCanillitainfo-114249515285712\/","article_published_time":"2026-09-04T20:19:04+00:00","article_modified_time":"2026-09-05T04:14:25+00:00","og_image":[{"width":600,"height":282,"url":"https:\/\/elcanillita.info\/press\/images\/2026\/09\/Cov_hist_arg.jpg","type":"image\/jpeg"}],"author":"SalaStampa.eu, world press service","twitter_card":"summary_large_image","twitter_misc":{"Escrito por":"SalaStampa.eu, world press service","Tiempo de lectura":"5 minutos"},"schema":{"@context":"https:\/\/schema.org","@graph":[{"@type":"Article","@id":"https:\/\/elcanillita.info\/press\/2026\/09\/04\/malvinas-el-petroleo-no-escucha-cadenas-nacionales\/#article","isPartOf":{"@id":"https:\/\/elcanillita.info\/press\/2026\/09\/04\/malvinas-el-petroleo-no-escucha-cadenas-nacionales\/"},"author":{"name":"SalaStampa.eu, world press service","@id":"https:\/\/elcanillita.info\/press\/#\/schema\/person\/7fcb79f38045700919f7da6d97e71ba0"},"headline":"Malvinas: el petr\u00f3leo no escucha cadenas nacionales","datePublished":"2026-09-04T20:19:04+00:00","dateModified":"2026-09-05T04:14:25+00:00","mainEntityOfPage":{"@id":"https:\/\/elcanillita.info\/press\/2026\/09\/04\/malvinas-el-petroleo-no-escucha-cadenas-nacionales\/"},"wordCount":1045,"publisher":{"@id":"https:\/\/elcanillita.info\/press\/#organization"},"image":{"@id":"https:\/\/elcanillita.info\/press\/2026\/09\/04\/malvinas-el-petroleo-no-escucha-cadenas-nacionales\/#primaryimage"},"thumbnailUrl":"https:\/\/elcanillita.info\/press\/images\/2026\/09\/Cov_hist_arg.jpg","keywords":["Argentina","Reino Unido"],"articleSection":["Actualidad","Am\u00e9rica del Sur","Argentina","Diplomacia y Conflictos Internacionales","Geopol\u00edtica y Soberan\u00eda","Reino Unido"],"inLanguage":"es-AR"},{"@type":"WebPage","@id":"https:\/\/elcanillita.info\/press\/2026\/09\/04\/malvinas-el-petroleo-no-escucha-cadenas-nacionales\/","url":"https:\/\/elcanillita.info\/press\/2026\/09\/04\/malvinas-el-petroleo-no-escucha-cadenas-nacionales\/","name":"Malvinas: el petr\u00f3leo no escucha cadenas nacionales - ElCanillita.Info","isPartOf":{"@id":"https:\/\/elcanillita.info\/press\/#website"},"primaryImageOfPage":{"@id":"https:\/\/elcanillita.info\/press\/2026\/09\/04\/malvinas-el-petroleo-no-escucha-cadenas-nacionales\/#primaryimage"},"image":{"@id":"https:\/\/elcanillita.info\/press\/2026\/09\/04\/malvinas-el-petroleo-no-escucha-cadenas-nacionales\/#primaryimage"},"thumbnailUrl":"https:\/\/elcanillita.info\/press\/images\/2026\/09\/Cov_hist_arg.jpg","datePublished":"2026-09-04T20:19:04+00:00","dateModified":"2026-09-05T04:14:25+00:00","inLanguage":"es-AR","potentialAction":[{"@type":"ReadAction","target":["https:\/\/elcanillita.info\/press\/2026\/09\/04\/malvinas-el-petroleo-no-escucha-cadenas-nacionales\/"]}]},{"@type":"ImageObject","inLanguage":"es-AR","@id":"https:\/\/elcanillita.info\/press\/2026\/09\/04\/malvinas-el-petroleo-no-escucha-cadenas-nacionales\/#primaryimage","url":"https:\/\/elcanillita.info\/press\/images\/2026\/09\/Cov_hist_arg.jpg","contentUrl":"https:\/\/elcanillita.info\/press\/images\/2026\/09\/Cov_hist_arg.jpg","width":600,"height":282},{"@type":"WebSite","@id":"https:\/\/elcanillita.info\/press\/#website","url":"https:\/\/elcanillita.info\/press\/","name":"ElCanillita.Info","description":"desde los Apeninos a los Andes","publisher":{"@id":"https:\/\/elcanillita.info\/press\/#organization"},"potentialAction":[{"@type":"SearchAction","target":{"@type":"EntryPoint","urlTemplate":"https:\/\/elcanillita.info\/press\/?s={search_term_string}"},"query-input":{"@type":"PropertyValueSpecification","valueRequired":true,"valueName":"search_term_string"}}],"inLanguage":"es-AR"},{"@type":"Organization","@id":"https:\/\/elcanillita.info\/press\/#organization","name":"Guzzo Photos & Graphic Publications","url":"https:\/\/elcanillita.info\/press\/","logo":{"@type":"ImageObject","inLanguage":"es-AR","@id":"https:\/\/elcanillita.info\/press\/#\/schema\/logo\/image\/","url":"https:\/\/elcanillita.info\/press\/images\/2020\/01\/cropped-cropped-cropped-elcanillitainfo.png","contentUrl":"https:\/\/elcanillita.info\/press\/images\/2020\/01\/cropped-cropped-cropped-elcanillitainfo.png","width":460,"height":50,"caption":"Guzzo Photos & Graphic Publications"},"image":{"@id":"https:\/\/elcanillita.info\/press\/#\/schema\/logo\/image\/"},"sameAs":["https:\/\/ar-ar.facebook.com\/ElCanillitainfo-114249515285712\/"]},{"@type":"Person","@id":"https:\/\/elcanillita.info\/press\/#\/schema\/person\/7fcb79f38045700919f7da6d97e71ba0","name":"SalaStampa.eu, world press service","image":{"@type":"ImageObject","inLanguage":"es-AR","@id":"https:\/\/secure.gravatar.com\/avatar\/c2f0e0d515a107624234994507816ca4724c7199cef73fc8bedebf6931d73888?s=96&d=mm&r=g","url":"https:\/\/secure.gravatar.com\/avatar\/c2f0e0d515a107624234994507816ca4724c7199cef73fc8bedebf6931d73888?s=96&d=mm&r=g","contentUrl":"https:\/\/secure.gravatar.com\/avatar\/c2f0e0d515a107624234994507816ca4724c7199cef73fc8bedebf6931d73888?s=96&d=mm&r=g","caption":"SalaStampa.eu, world press service"}}]}},"views":25,"_links":{"self":[{"href":"https:\/\/elcanillita.info\/press\/wp-json\/wp\/v2\/posts\/7040","targetHints":{"allow":["GET"]}}],"collection":[{"href":"https:\/\/elcanillita.info\/press\/wp-json\/wp\/v2\/posts"}],"about":[{"href":"https:\/\/elcanillita.info\/press\/wp-json\/wp\/v2\/types\/post"}],"author":[{"embeddable":true,"href":"https:\/\/elcanillita.info\/press\/wp-json\/wp\/v2\/users\/1"}],"replies":[{"embeddable":true,"href":"https:\/\/elcanillita.info\/press\/wp-json\/wp\/v2\/comments?post=7040"}],"version-history":[{"count":0,"href":"https:\/\/elcanillita.info\/press\/wp-json\/wp\/v2\/posts\/7040\/revisions"}],"wp:featuredmedia":[{"embeddable":true,"href":"https:\/\/elcanillita.info\/press\/wp-json\/wp\/v2\/media\/7477"}],"wp:attachment":[{"href":"https:\/\/elcanillita.info\/press\/wp-json\/wp\/v2\/media?parent=7040"}],"wp:term":[{"taxonomy":"category","embeddable":true,"href":"https:\/\/elcanillita.info\/press\/wp-json\/wp\/v2\/categories?post=7040"},{"taxonomy":"post_tag","embeddable":true,"href":"https:\/\/elcanillita.info\/press\/wp-json\/wp\/v2\/tags?post=7040"}],"curies":[{"name":"wp","href":"https:\/\/api.w.org\/{rel}","templated":true}]}}