{"id":694,"date":"2020-04-18T07:31:25","date_gmt":"2020-04-18T10:31:25","guid":{"rendered":"https:\/\/elcanillita.info\/press\/?p=694"},"modified":"2020-04-18T07:31:28","modified_gmt":"2020-04-18T10:31:28","slug":"duque-instituye-diez-pasos-confinamiento-enfrentar-covid-19","status":"publish","type":"post","link":"https:\/\/elcanillita.info\/press\/2020\/04\/18\/duque-instituye-diez-pasos-confinamiento-enfrentar-covid-19\/","title":{"rendered":"Duque instituye diez pasos de confinamiento para enfrentar la COVID-19"},"content":{"rendered":"\n<p>Bogota. 18.04.2020 &#8211; El presidente de Colombia, Iv\u00e1n Duque, dict\u00f3 este viernes diez medidas con el fin de frenar la pandemia por coronavirus que afecta a su pa\u00eds.<\/p>\n\n\n\n<p>En una intervenci\u00f3n en la emisora radial La Voz de Bogot\u00e1, Duque emiti\u00f3 el dec\u00e1logo para el \u201cAislamiento Preventivo Obligatorio Colaborativo e Inteligente\u201d.<\/p>\n\n\n\n<p>\u201cNosotros no podemos dejar que el virus nos arrebate todo lo que hemos construido a lo largo de la vida, y por eso nosotros tenemos que conciliar entre la protecci\u00f3n de la vida, la protecci\u00f3n del sistema de salud\u201d, explic\u00f3 el mandatario.<br>\nLas medidas comienzan con la suspensi\u00f3n \u201ccomo m\u00ednimo, hasta el 30 de mayo\u201d de las actividades escolares desde el nivel primario hasta la universidad.<\/p>\n\n\n\n<p>Duque pidi\u00f3 tambi\u00e9n que los adultos mayores de 70 a\u00f1os, \u201cse mantengan en casa hasta finales de mayo\u201d.<\/p>\n\n\n\n<p>El mandatario indic\u00f3 el confinamiento para \u201clas personas con preexistencia\u201d de la enfermedad\u201d, seg\u00fan confirma el texto divulgado por la Presidencia de la rep\u00fablica.<\/p>\n\n\n\n<p>Con los puntos cuarto y quinto, el presidente Duque orden\u00f3 que se mantenga el cierre de las fronteras a\u00e9reas \u201chasta que se haga una evaluaci\u00f3n cuando termine la emergencia\u201d.<\/p>\n\n\n\n<p>En el sexto aspecto, el mandatario reiter\u00f3 la prohibici\u00f3n de reabrir los eventos p\u00fablicos, discotecas y bares.<br>\nA tono con la opci\u00f3n internacional del teletrabajo el presidente colombiano sugiri\u00f3 mantener la modalidad por parte de todas las empresas que puedan asumirla.<\/p>\n\n\n\n<p>Como octavo paso Duque recalc\u00f3 la necesidad del distanciamiento social y los protocolos en materia de seguridad (uso de tapabocas) en el sector econ\u00f3mico.<\/p>\n\n\n\n<p>El ministro de salud de Colombia avisa que la cuarentena se extender\u00e1<\/p>\n\n\n\n<p>Para el sector del transporte p\u00fablico, el presidente insisti\u00f3 en trabajar de la mano con las autoridades locales debido a que: \u201cah\u00ed podemos tener muchos focos de aglomeraci\u00f3n, y no queremos que esas aglomeraciones nos hagan retroceder en lo que hemos ganado frente al virus\u201d.<\/p>\n\n\n\n<p>Como punto final, Duque hizo hincapi\u00e9 en el distanciamiento social. \u201cAqu\u00ed tenemos que recuperar vida productiva, mas no la vida social\u201d, en referencia a las bodas y las misas, seg\u00fan explic\u00f3.&nbsp;&nbsp;<\/p>\n\n\n\n<p>El ministerio de Salud confirm\u00f3 el viernes 9 muertes m\u00e1s en Colombia por el nuevo coronavirus, para un total de 153 fallecimientos y 3.439 casos confirmados en 23 departamentos del pa\u00eds.<br><br><small>2020 voanoticias \u2013 salastampa.eu, afiliada a la red Broadcasting Board of Governors \u00a9 2020 BBG<\/small><\/p>\n","protected":false},"excerpt":{"rendered":"<p>Bogota. 18.04.2020 &#8211; El presidente de Colombia, Iv\u00e1n Duque, dict\u00f3 este viernes diez medidas con el fin de frenar la pandemia por coronavirus que afecta a su pa\u00eds.<\/p>\n","protected":false},"author":1,"featured_media":0,"comment_status":"closed","ping_status":"closed","sticky":false,"template":"","format":"standard","meta":{"footnotes":"","_links_to":"","_links_to_target":""},"categories":[70,11,23,78,25],"tags":[44],"class_list":["post-694","post","type-post","status-publish","format-standard","hentry","category-actualidad","category-america-del-sur","category-politica","category-sanidad","category-sociedad","tag-colombia","entry","double"],"yoast_head":"<!-- This site is optimized with the Yoast SEO plugin v27.5 - https:\/\/yoast.com\/product\/yoast-seo-wordpress\/ -->\n<title>Duque instituye diez pasos de confinamiento para enfrentar la COVID-19 - ElCanillita.Info<\/title>\n<meta name=\"robots\" content=\"index, follow, max-snippet:-1, max-image-preview:large, max-video-preview:-1\" \/>\n<link rel=\"canonical\" href=\"https:\/\/elcanillita.info\/press\/2020\/04\/18\/duque-instituye-diez-pasos-confinamiento-enfrentar-covid-19\/\" \/>\n<meta property=\"og:locale\" content=\"es_ES\" \/>\n<meta property=\"og:type\" content=\"article\" \/>\n<meta property=\"og:title\" content=\"Duque instituye diez pasos de confinamiento para enfrentar la COVID-19 - ElCanillita.Info\" \/>\n<meta property=\"og:description\" content=\"Bogota. 18.04.2020 - El presidente de Colombia, Iv\u00e1n Duque, dict\u00f3 este viernes diez medidas con el fin de frenar la pandemia por coronavirus que afecta a su pa\u00eds.\" \/>\n<meta property=\"og:url\" content=\"https:\/\/elcanillita.info\/press\/2020\/04\/18\/duque-instituye-diez-pasos-confinamiento-enfrentar-covid-19\/\" \/>\n<meta property=\"og:site_name\" content=\"ElCanillita.Info\" \/>\n<meta property=\"article:publisher\" content=\"https:\/\/ar-ar.facebook.com\/ElCanillitainfo-114249515285712\/\" \/>\n<meta property=\"article:published_time\" content=\"2020-04-18T10:31:25+00:00\" \/>\n<meta property=\"article:modified_time\" content=\"2020-04-18T10:31:28+00:00\" \/>\n<meta name=\"author\" content=\"SalaStampa.eu, world press service\" \/>\n<meta name=\"twitter:card\" content=\"summary_large_image\" \/>\n<meta name=\"twitter:label1\" content=\"Escrito por\" \/>\n\t<meta name=\"twitter:data1\" content=\"SalaStampa.eu, world press service\" \/>\n\t<meta name=\"twitter:label2\" content=\"Tiempo de lectura\" \/>\n\t<meta name=\"twitter:data2\" content=\"2 minutos\" \/>\n<script type=\"application\/ld+json\" class=\"yoast-schema-graph\">{\"@context\":\"https:\\\/\\\/schema.org\",\"@graph\":[{\"@type\":\"Article\",\"@id\":\"https:\\\/\\\/elcanillita.info\\\/press\\\/2020\\\/04\\\/18\\\/duque-instituye-diez-pasos-confinamiento-enfrentar-covid-19\\\/#article\",\"isPartOf\":{\"@id\":\"https:\\\/\\\/elcanillita.info\\\/press\\\/2020\\\/04\\\/18\\\/duque-instituye-diez-pasos-confinamiento-enfrentar-covid-19\\\/\"},\"author\":{\"name\":\"SalaStampa.eu, world press service\",\"@id\":\"https:\\\/\\\/elcanillita.info\\\/press\\\/#\\\/schema\\\/person\\\/7fcb79f38045700919f7da6d97e71ba0\"},\"headline\":\"Duque instituye diez pasos de confinamiento para enfrentar la COVID-19\",\"datePublished\":\"2020-04-18T10:31:25+00:00\",\"dateModified\":\"2020-04-18T10:31:28+00:00\",\"mainEntityOfPage\":{\"@id\":\"https:\\\/\\\/elcanillita.info\\\/press\\\/2020\\\/04\\\/18\\\/duque-instituye-diez-pasos-confinamiento-enfrentar-covid-19\\\/\"},\"wordCount\":412,\"publisher\":{\"@id\":\"https:\\\/\\\/elcanillita.info\\\/press\\\/#organization\"},\"keywords\":[\"Colombia\"],\"articleSection\":[\"Actualidad\",\"Am\u00e9rica del Sur\",\"Politica\",\"Sanidad\",\"Sociedad\"],\"inLanguage\":\"es-AR\"},{\"@type\":\"WebPage\",\"@id\":\"https:\\\/\\\/elcanillita.info\\\/press\\\/2020\\\/04\\\/18\\\/duque-instituye-diez-pasos-confinamiento-enfrentar-covid-19\\\/\",\"url\":\"https:\\\/\\\/elcanillita.info\\\/press\\\/2020\\\/04\\\/18\\\/duque-instituye-diez-pasos-confinamiento-enfrentar-covid-19\\\/\",\"name\":\"Duque instituye diez pasos de confinamiento para enfrentar la COVID-19 - ElCanillita.Info\",\"isPartOf\":{\"@id\":\"https:\\\/\\\/elcanillita.info\\\/press\\\/#website\"},\"datePublished\":\"2020-04-18T10:31:25+00:00\",\"dateModified\":\"2020-04-18T10:31:28+00:00\",\"inLanguage\":\"es-AR\",\"potentialAction\":[{\"@type\":\"ReadAction\",\"target\":[\"https:\\\/\\\/elcanillita.info\\\/press\\\/2020\\\/04\\\/18\\\/duque-instituye-diez-pasos-confinamiento-enfrentar-covid-19\\\/\"]}]},{\"@type\":\"WebSite\",\"@id\":\"https:\\\/\\\/elcanillita.info\\\/press\\\/#website\",\"url\":\"https:\\\/\\\/elcanillita.info\\\/press\\\/\",\"name\":\"ElCanillita.Info\",\"description\":\"desde los Apeninos a los Andes\",\"publisher\":{\"@id\":\"https:\\\/\\\/elcanillita.info\\\/press\\\/#organization\"},\"potentialAction\":[{\"@type\":\"SearchAction\",\"target\":{\"@type\":\"EntryPoint\",\"urlTemplate\":\"https:\\\/\\\/elcanillita.info\\\/press\\\/?s={search_term_string}\"},\"query-input\":{\"@type\":\"PropertyValueSpecification\",\"valueRequired\":true,\"valueName\":\"search_term_string\"}}],\"inLanguage\":\"es-AR\"},{\"@type\":\"Organization\",\"@id\":\"https:\\\/\\\/elcanillita.info\\\/press\\\/#organization\",\"name\":\"Guzzo Photos & Graphic Publications\",\"url\":\"https:\\\/\\\/elcanillita.info\\\/press\\\/\",\"logo\":{\"@type\":\"ImageObject\",\"inLanguage\":\"es-AR\",\"@id\":\"https:\\\/\\\/elcanillita.info\\\/press\\\/#\\\/schema\\\/logo\\\/image\\\/\",\"url\":\"https:\\\/\\\/elcanillita.info\\\/press\\\/images\\\/2020\\\/01\\\/cropped-cropped-cropped-elcanillitainfo.png\",\"contentUrl\":\"https:\\\/\\\/elcanillita.info\\\/press\\\/images\\\/2020\\\/01\\\/cropped-cropped-cropped-elcanillitainfo.png\",\"width\":460,\"height\":50,\"caption\":\"Guzzo Photos & Graphic Publications\"},\"image\":{\"@id\":\"https:\\\/\\\/elcanillita.info\\\/press\\\/#\\\/schema\\\/logo\\\/image\\\/\"},\"sameAs\":[\"https:\\\/\\\/ar-ar.facebook.com\\\/ElCanillitainfo-114249515285712\\\/\"]},{\"@type\":\"Person\",\"@id\":\"https:\\\/\\\/elcanillita.info\\\/press\\\/#\\\/schema\\\/person\\\/7fcb79f38045700919f7da6d97e71ba0\",\"name\":\"SalaStampa.eu, world press service\",\"image\":{\"@type\":\"ImageObject\",\"inLanguage\":\"es-AR\",\"@id\":\"https:\\\/\\\/secure.gravatar.com\\\/avatar\\\/c2f0e0d515a107624234994507816ca4724c7199cef73fc8bedebf6931d73888?s=96&d=mm&r=g\",\"url\":\"https:\\\/\\\/secure.gravatar.com\\\/avatar\\\/c2f0e0d515a107624234994507816ca4724c7199cef73fc8bedebf6931d73888?s=96&d=mm&r=g\",\"contentUrl\":\"https:\\\/\\\/secure.gravatar.com\\\/avatar\\\/c2f0e0d515a107624234994507816ca4724c7199cef73fc8bedebf6931d73888?s=96&d=mm&r=g\",\"caption\":\"SalaStampa.eu, world press service\"}}]}<\/script>\n<!-- \/ Yoast SEO plugin. -->","yoast_head_json":{"title":"Duque instituye diez pasos de confinamiento para enfrentar la COVID-19 - ElCanillita.Info","robots":{"index":"index","follow":"follow","max-snippet":"max-snippet:-1","max-image-preview":"max-image-preview:large","max-video-preview":"max-video-preview:-1"},"canonical":"https:\/\/elcanillita.info\/press\/2020\/04\/18\/duque-instituye-diez-pasos-confinamiento-enfrentar-covid-19\/","og_locale":"es_ES","og_type":"article","og_title":"Duque instituye diez pasos de confinamiento para enfrentar la COVID-19 - ElCanillita.Info","og_description":"Bogota. 18.04.2020 - El presidente de Colombia, Iv\u00e1n Duque, dict\u00f3 este viernes diez medidas con el fin de frenar la pandemia por coronavirus que afecta a su pa\u00eds.","og_url":"https:\/\/elcanillita.info\/press\/2020\/04\/18\/duque-instituye-diez-pasos-confinamiento-enfrentar-covid-19\/","og_site_name":"ElCanillita.Info","article_publisher":"https:\/\/ar-ar.facebook.com\/ElCanillitainfo-114249515285712\/","article_published_time":"2020-04-18T10:31:25+00:00","article_modified_time":"2020-04-18T10:31:28+00:00","author":"SalaStampa.eu, world press service","twitter_card":"summary_large_image","twitter_misc":{"Escrito por":"SalaStampa.eu, world press service","Tiempo de lectura":"2 minutos"},"schema":{"@context":"https:\/\/schema.org","@graph":[{"@type":"Article","@id":"https:\/\/elcanillita.info\/press\/2020\/04\/18\/duque-instituye-diez-pasos-confinamiento-enfrentar-covid-19\/#article","isPartOf":{"@id":"https:\/\/elcanillita.info\/press\/2020\/04\/18\/duque-instituye-diez-pasos-confinamiento-enfrentar-covid-19\/"},"author":{"name":"SalaStampa.eu, world press service","@id":"https:\/\/elcanillita.info\/press\/#\/schema\/person\/7fcb79f38045700919f7da6d97e71ba0"},"headline":"Duque instituye diez pasos de confinamiento para enfrentar la COVID-19","datePublished":"2020-04-18T10:31:25+00:00","dateModified":"2020-04-18T10:31:28+00:00","mainEntityOfPage":{"@id":"https:\/\/elcanillita.info\/press\/2020\/04\/18\/duque-instituye-diez-pasos-confinamiento-enfrentar-covid-19\/"},"wordCount":412,"publisher":{"@id":"https:\/\/elcanillita.info\/press\/#organization"},"keywords":["Colombia"],"articleSection":["Actualidad","Am\u00e9rica del Sur","Politica","Sanidad","Sociedad"],"inLanguage":"es-AR"},{"@type":"WebPage","@id":"https:\/\/elcanillita.info\/press\/2020\/04\/18\/duque-instituye-diez-pasos-confinamiento-enfrentar-covid-19\/","url":"https:\/\/elcanillita.info\/press\/2020\/04\/18\/duque-instituye-diez-pasos-confinamiento-enfrentar-covid-19\/","name":"Duque instituye diez pasos de confinamiento para enfrentar la COVID-19 - ElCanillita.Info","isPartOf":{"@id":"https:\/\/elcanillita.info\/press\/#website"},"datePublished":"2020-04-18T10:31:25+00:00","dateModified":"2020-04-18T10:31:28+00:00","inLanguage":"es-AR","potentialAction":[{"@type":"ReadAction","target":["https:\/\/elcanillita.info\/press\/2020\/04\/18\/duque-instituye-diez-pasos-confinamiento-enfrentar-covid-19\/"]}]},{"@type":"WebSite","@id":"https:\/\/elcanillita.info\/press\/#website","url":"https:\/\/elcanillita.info\/press\/","name":"ElCanillita.Info","description":"desde los Apeninos a los Andes","publisher":{"@id":"https:\/\/elcanillita.info\/press\/#organization"},"potentialAction":[{"@type":"SearchAction","target":{"@type":"EntryPoint","urlTemplate":"https:\/\/elcanillita.info\/press\/?s={search_term_string}"},"query-input":{"@type":"PropertyValueSpecification","valueRequired":true,"valueName":"search_term_string"}}],"inLanguage":"es-AR"},{"@type":"Organization","@id":"https:\/\/elcanillita.info\/press\/#organization","name":"Guzzo Photos & Graphic Publications","url":"https:\/\/elcanillita.info\/press\/","logo":{"@type":"ImageObject","inLanguage":"es-AR","@id":"https:\/\/elcanillita.info\/press\/#\/schema\/logo\/image\/","url":"https:\/\/elcanillita.info\/press\/images\/2020\/01\/cropped-cropped-cropped-elcanillitainfo.png","contentUrl":"https:\/\/elcanillita.info\/press\/images\/2020\/01\/cropped-cropped-cropped-elcanillitainfo.png","width":460,"height":50,"caption":"Guzzo Photos & Graphic Publications"},"image":{"@id":"https:\/\/elcanillita.info\/press\/#\/schema\/logo\/image\/"},"sameAs":["https:\/\/ar-ar.facebook.com\/ElCanillitainfo-114249515285712\/"]},{"@type":"Person","@id":"https:\/\/elcanillita.info\/press\/#\/schema\/person\/7fcb79f38045700919f7da6d97e71ba0","name":"SalaStampa.eu, world press service","image":{"@type":"ImageObject","inLanguage":"es-AR","@id":"https:\/\/secure.gravatar.com\/avatar\/c2f0e0d515a107624234994507816ca4724c7199cef73fc8bedebf6931d73888?s=96&d=mm&r=g","url":"https:\/\/secure.gravatar.com\/avatar\/c2f0e0d515a107624234994507816ca4724c7199cef73fc8bedebf6931d73888?s=96&d=mm&r=g","contentUrl":"https:\/\/secure.gravatar.com\/avatar\/c2f0e0d515a107624234994507816ca4724c7199cef73fc8bedebf6931d73888?s=96&d=mm&r=g","caption":"SalaStampa.eu, world press service"}}]}},"views":781,"_links":{"self":[{"href":"https:\/\/elcanillita.info\/press\/wp-json\/wp\/v2\/posts\/694","targetHints":{"allow":["GET"]}}],"collection":[{"href":"https:\/\/elcanillita.info\/press\/wp-json\/wp\/v2\/posts"}],"about":[{"href":"https:\/\/elcanillita.info\/press\/wp-json\/wp\/v2\/types\/post"}],"author":[{"embeddable":true,"href":"https:\/\/elcanillita.info\/press\/wp-json\/wp\/v2\/users\/1"}],"replies":[{"embeddable":true,"href":"https:\/\/elcanillita.info\/press\/wp-json\/wp\/v2\/comments?post=694"}],"version-history":[{"count":0,"href":"https:\/\/elcanillita.info\/press\/wp-json\/wp\/v2\/posts\/694\/revisions"}],"wp:attachment":[{"href":"https:\/\/elcanillita.info\/press\/wp-json\/wp\/v2\/media?parent=694"}],"wp:term":[{"taxonomy":"category","embeddable":true,"href":"https:\/\/elcanillita.info\/press\/wp-json\/wp\/v2\/categories?post=694"},{"taxonomy":"post_tag","embeddable":true,"href":"https:\/\/elcanillita.info\/press\/wp-json\/wp\/v2\/tags?post=694"}],"curies":[{"name":"wp","href":"https:\/\/api.w.org\/{rel}","templated":true}]}}