{"id":688,"date":"2020-04-18T07:12:43","date_gmt":"2020-04-18T10:12:43","guid":{"rendered":"https:\/\/elcanillita.info\/press\/?p=688"},"modified":"2020-04-18T07:12:46","modified_gmt":"2020-04-18T10:12:46","slug":"rolling-stones-participaran-evento-internacional-trabajadores-salud-mundo","status":"publish","type":"post","link":"https:\/\/elcanillita.info\/press\/2020\/04\/18\/rolling-stones-participaran-evento-internacional-trabajadores-salud-mundo\/","title":{"rendered":"Los Rolling Stones participar\u00e1n en evento internacional en honor a trabajadores de la salud del mundo"},"content":{"rendered":"\n<p>Mundo, 18.04.2020 &#8211; Si a usted lo tiene frustrado el confinamiento, los toques de queda, las mascarillas, el distanciamiento social y siente que no puede obtener satisfacci\u00f3n, podr\u00eda alegrarle saber que los Rolling Stones, autores de la famosa canci\u00f3n &#8216;Satisfaction&#8217; confirmaron su participaci\u00f3n en un concierto internacional el s\u00e1bado en apoyo a los trabajadores de la salud del mundo.<\/p>\n\n\n\n<p>Los Rolling Stones, la veterana banda de rock brit\u00e1nica, participar\u00e1 en el evento de dos horas &#8216;Un Mundo, Juntos en Casa&#8217;, una combinaci\u00f3n de m\u00fasica, comedia, testimonios de doctores, enfermeras y trabajadores de supermercados. El evento ser\u00e1 transmitido simult\u00e1neamente por varias cadenas estadounidenses e internacionales.<\/p>\n\n\n\n<p>\u201cNos sentimos honrados de ser invitados para ser parte de &#8216;Un Mundo: Juntos en Casa&#8217; desde el confinamiento en nuestras casas\u201d, dijo el grupo a trav\u00e9s de un comunicado publicado por Global Citizen, el grupo sin fines de lucro que organiz\u00f3 el evento en colaboraci\u00f3n con la Organizaci\u00f3n Mundial de la Salud (OMS).<\/p>\n\n\n\n<p>Los artistas participar\u00e1n en el evento de forma remota, para cumplir con el distanciamiento social. Adem\u00e1s de cantantes participar\u00e1n personalidades del deportes como el campe\u00f3n brit\u00e1nico de F\u00f3rmula Uno, Lewis Hamilton, la capitana del equipo campe\u00f3n mundial de f\u00fatbol femenino, la estadounidense Megan Rapinoe, entre otros.<\/p>\n\n\n\n<p>Aunque durante el evento no se har\u00e1 recaudaci\u00f3n de fondos, los organizadores y artistas participantes desean que el evento sirva para promover las donaciones de fil\u00e1ntropos y compa\u00f1\u00edas al Fondo de Solidaridad Contra el Coronavirus de la OMS. Seg\u00fan la cantante Lady Gaga ya se habr\u00eda recaudado unos 35 millones de d\u00f3lares para dicho fondo.<br><br><small>2020 voanoticias \u2013 salastampa.eu, afiliada a la red Broadcasting Board of Governors \u00a9 2020 BBG<\/small><\/p>\n","protected":false},"excerpt":{"rendered":"<p>Mundo, 18.04.2020 &#8211; Si a usted lo tiene frustrado el confinamiento, los toques de queda, las mascarillas, el distanciamiento social y siente que no puede obtener satisfacci\u00f3n, podr\u00eda alegrarle saber que los Rolling Stones, autores de la famosa canci\u00f3n &#8216;Satisfaction&#8217; confirmaron su participaci\u00f3n en un concierto internacional el s\u00e1bado en apoyo a los trabajadores de la salud del mundo.<\/p>\n","protected":false},"author":1,"featured_media":0,"comment_status":"closed","ping_status":"closed","sticky":false,"template":"","format":"standard","meta":{"footnotes":"","_links_to":"","_links_to_target":""},"categories":[70,18,19,78,25],"tags":[35],"class_list":["post-688","post","type-post","status-publish","format-standard","hentry","category-actualidad","category-cosmo","category-cultura","category-sanidad","category-sociedad","tag-mundo","entry","double"],"yoast_head":"<!-- This site is optimized with the Yoast SEO plugin v27.5 - https:\/\/yoast.com\/product\/yoast-seo-wordpress\/ -->\n<title>Los Rolling Stones participar\u00e1n en evento internacional en honor a trabajadores de la salud del mundo - ElCanillita.Info<\/title>\n<meta name=\"robots\" content=\"index, follow, max-snippet:-1, max-image-preview:large, max-video-preview:-1\" \/>\n<link rel=\"canonical\" href=\"https:\/\/elcanillita.info\/press\/2020\/04\/18\/rolling-stones-participaran-evento-internacional-trabajadores-salud-mundo\/\" \/>\n<meta property=\"og:locale\" content=\"es_ES\" \/>\n<meta property=\"og:type\" content=\"article\" \/>\n<meta property=\"og:title\" content=\"Los Rolling Stones participar\u00e1n en evento internacional en honor a trabajadores de la salud del mundo - ElCanillita.Info\" \/>\n<meta property=\"og:description\" content=\"Mundo, 18.04.2020 - Si a usted lo tiene frustrado el confinamiento, los toques de queda, las mascarillas, el distanciamiento social y siente que no puede obtener satisfacci\u00f3n, podr\u00eda alegrarle saber que los Rolling Stones, autores de la famosa canci\u00f3n &#039;Satisfaction&#039; confirmaron su participaci\u00f3n en un concierto internacional el s\u00e1bado en apoyo a los trabajadores de la salud del mundo.\" \/>\n<meta property=\"og:url\" content=\"https:\/\/elcanillita.info\/press\/2020\/04\/18\/rolling-stones-participaran-evento-internacional-trabajadores-salud-mundo\/\" \/>\n<meta property=\"og:site_name\" content=\"ElCanillita.Info\" \/>\n<meta property=\"article:publisher\" content=\"https:\/\/ar-ar.facebook.com\/ElCanillitainfo-114249515285712\/\" \/>\n<meta property=\"article:published_time\" content=\"2020-04-18T10:12:43+00:00\" \/>\n<meta property=\"article:modified_time\" content=\"2020-04-18T10:12:46+00:00\" \/>\n<meta name=\"author\" content=\"SalaStampa.eu, world press service\" \/>\n<meta name=\"twitter:card\" content=\"summary_large_image\" \/>\n<meta name=\"twitter:label1\" content=\"Escrito por\" \/>\n\t<meta name=\"twitter:data1\" content=\"SalaStampa.eu, world press service\" \/>\n\t<meta name=\"twitter:label2\" content=\"Tiempo de lectura\" \/>\n\t<meta name=\"twitter:data2\" content=\"1 minuto\" \/>\n<script type=\"application\/ld+json\" class=\"yoast-schema-graph\">{\"@context\":\"https:\\\/\\\/schema.org\",\"@graph\":[{\"@type\":\"Article\",\"@id\":\"https:\\\/\\\/elcanillita.info\\\/press\\\/2020\\\/04\\\/18\\\/rolling-stones-participaran-evento-internacional-trabajadores-salud-mundo\\\/#article\",\"isPartOf\":{\"@id\":\"https:\\\/\\\/elcanillita.info\\\/press\\\/2020\\\/04\\\/18\\\/rolling-stones-participaran-evento-internacional-trabajadores-salud-mundo\\\/\"},\"author\":{\"name\":\"SalaStampa.eu, world press service\",\"@id\":\"https:\\\/\\\/elcanillita.info\\\/press\\\/#\\\/schema\\\/person\\\/7fcb79f38045700919f7da6d97e71ba0\"},\"headline\":\"Los Rolling Stones participar\u00e1n en evento internacional en honor a trabajadores de la salud del mundo\",\"datePublished\":\"2020-04-18T10:12:43+00:00\",\"dateModified\":\"2020-04-18T10:12:46+00:00\",\"mainEntityOfPage\":{\"@id\":\"https:\\\/\\\/elcanillita.info\\\/press\\\/2020\\\/04\\\/18\\\/rolling-stones-participaran-evento-internacional-trabajadores-salud-mundo\\\/\"},\"wordCount\":311,\"publisher\":{\"@id\":\"https:\\\/\\\/elcanillita.info\\\/press\\\/#organization\"},\"keywords\":[\"MUNDO\"],\"articleSection\":[\"Actualidad\",\"Cosmo\",\"Cultura\",\"Sanidad\",\"Sociedad\"],\"inLanguage\":\"es-AR\"},{\"@type\":\"WebPage\",\"@id\":\"https:\\\/\\\/elcanillita.info\\\/press\\\/2020\\\/04\\\/18\\\/rolling-stones-participaran-evento-internacional-trabajadores-salud-mundo\\\/\",\"url\":\"https:\\\/\\\/elcanillita.info\\\/press\\\/2020\\\/04\\\/18\\\/rolling-stones-participaran-evento-internacional-trabajadores-salud-mundo\\\/\",\"name\":\"Los Rolling Stones participar\u00e1n en evento internacional en honor a trabajadores de la salud del mundo - ElCanillita.Info\",\"isPartOf\":{\"@id\":\"https:\\\/\\\/elcanillita.info\\\/press\\\/#website\"},\"datePublished\":\"2020-04-18T10:12:43+00:00\",\"dateModified\":\"2020-04-18T10:12:46+00:00\",\"inLanguage\":\"es-AR\",\"potentialAction\":[{\"@type\":\"ReadAction\",\"target\":[\"https:\\\/\\\/elcanillita.info\\\/press\\\/2020\\\/04\\\/18\\\/rolling-stones-participaran-evento-internacional-trabajadores-salud-mundo\\\/\"]}]},{\"@type\":\"WebSite\",\"@id\":\"https:\\\/\\\/elcanillita.info\\\/press\\\/#website\",\"url\":\"https:\\\/\\\/elcanillita.info\\\/press\\\/\",\"name\":\"ElCanillita.Info\",\"description\":\"desde los Apeninos a los Andes\",\"publisher\":{\"@id\":\"https:\\\/\\\/elcanillita.info\\\/press\\\/#organization\"},\"potentialAction\":[{\"@type\":\"SearchAction\",\"target\":{\"@type\":\"EntryPoint\",\"urlTemplate\":\"https:\\\/\\\/elcanillita.info\\\/press\\\/?s={search_term_string}\"},\"query-input\":{\"@type\":\"PropertyValueSpecification\",\"valueRequired\":true,\"valueName\":\"search_term_string\"}}],\"inLanguage\":\"es-AR\"},{\"@type\":\"Organization\",\"@id\":\"https:\\\/\\\/elcanillita.info\\\/press\\\/#organization\",\"name\":\"Guzzo Photos & Graphic Publications\",\"url\":\"https:\\\/\\\/elcanillita.info\\\/press\\\/\",\"logo\":{\"@type\":\"ImageObject\",\"inLanguage\":\"es-AR\",\"@id\":\"https:\\\/\\\/elcanillita.info\\\/press\\\/#\\\/schema\\\/logo\\\/image\\\/\",\"url\":\"https:\\\/\\\/elcanillita.info\\\/press\\\/images\\\/2020\\\/01\\\/cropped-cropped-cropped-elcanillitainfo.png\",\"contentUrl\":\"https:\\\/\\\/elcanillita.info\\\/press\\\/images\\\/2020\\\/01\\\/cropped-cropped-cropped-elcanillitainfo.png\",\"width\":460,\"height\":50,\"caption\":\"Guzzo Photos & Graphic Publications\"},\"image\":{\"@id\":\"https:\\\/\\\/elcanillita.info\\\/press\\\/#\\\/schema\\\/logo\\\/image\\\/\"},\"sameAs\":[\"https:\\\/\\\/ar-ar.facebook.com\\\/ElCanillitainfo-114249515285712\\\/\"]},{\"@type\":\"Person\",\"@id\":\"https:\\\/\\\/elcanillita.info\\\/press\\\/#\\\/schema\\\/person\\\/7fcb79f38045700919f7da6d97e71ba0\",\"name\":\"SalaStampa.eu, world press service\",\"image\":{\"@type\":\"ImageObject\",\"inLanguage\":\"es-AR\",\"@id\":\"https:\\\/\\\/secure.gravatar.com\\\/avatar\\\/c2f0e0d515a107624234994507816ca4724c7199cef73fc8bedebf6931d73888?s=96&d=mm&r=g\",\"url\":\"https:\\\/\\\/secure.gravatar.com\\\/avatar\\\/c2f0e0d515a107624234994507816ca4724c7199cef73fc8bedebf6931d73888?s=96&d=mm&r=g\",\"contentUrl\":\"https:\\\/\\\/secure.gravatar.com\\\/avatar\\\/c2f0e0d515a107624234994507816ca4724c7199cef73fc8bedebf6931d73888?s=96&d=mm&r=g\",\"caption\":\"SalaStampa.eu, world press service\"}}]}<\/script>\n<!-- \/ Yoast SEO plugin. -->","yoast_head_json":{"title":"Los Rolling Stones participar\u00e1n en evento internacional en honor a trabajadores de la salud del mundo - ElCanillita.Info","robots":{"index":"index","follow":"follow","max-snippet":"max-snippet:-1","max-image-preview":"max-image-preview:large","max-video-preview":"max-video-preview:-1"},"canonical":"https:\/\/elcanillita.info\/press\/2020\/04\/18\/rolling-stones-participaran-evento-internacional-trabajadores-salud-mundo\/","og_locale":"es_ES","og_type":"article","og_title":"Los Rolling Stones participar\u00e1n en evento internacional en honor a trabajadores de la salud del mundo - ElCanillita.Info","og_description":"Mundo, 18.04.2020 - Si a usted lo tiene frustrado el confinamiento, los toques de queda, las mascarillas, el distanciamiento social y siente que no puede obtener satisfacci\u00f3n, podr\u00eda alegrarle saber que los Rolling Stones, autores de la famosa canci\u00f3n 'Satisfaction' confirmaron su participaci\u00f3n en un concierto internacional el s\u00e1bado en apoyo a los trabajadores de la salud del mundo.","og_url":"https:\/\/elcanillita.info\/press\/2020\/04\/18\/rolling-stones-participaran-evento-internacional-trabajadores-salud-mundo\/","og_site_name":"ElCanillita.Info","article_publisher":"https:\/\/ar-ar.facebook.com\/ElCanillitainfo-114249515285712\/","article_published_time":"2020-04-18T10:12:43+00:00","article_modified_time":"2020-04-18T10:12:46+00:00","author":"SalaStampa.eu, world press service","twitter_card":"summary_large_image","twitter_misc":{"Escrito por":"SalaStampa.eu, world press service","Tiempo de lectura":"1 minuto"},"schema":{"@context":"https:\/\/schema.org","@graph":[{"@type":"Article","@id":"https:\/\/elcanillita.info\/press\/2020\/04\/18\/rolling-stones-participaran-evento-internacional-trabajadores-salud-mundo\/#article","isPartOf":{"@id":"https:\/\/elcanillita.info\/press\/2020\/04\/18\/rolling-stones-participaran-evento-internacional-trabajadores-salud-mundo\/"},"author":{"name":"SalaStampa.eu, world press service","@id":"https:\/\/elcanillita.info\/press\/#\/schema\/person\/7fcb79f38045700919f7da6d97e71ba0"},"headline":"Los Rolling Stones participar\u00e1n en evento internacional en honor a trabajadores de la salud del mundo","datePublished":"2020-04-18T10:12:43+00:00","dateModified":"2020-04-18T10:12:46+00:00","mainEntityOfPage":{"@id":"https:\/\/elcanillita.info\/press\/2020\/04\/18\/rolling-stones-participaran-evento-internacional-trabajadores-salud-mundo\/"},"wordCount":311,"publisher":{"@id":"https:\/\/elcanillita.info\/press\/#organization"},"keywords":["MUNDO"],"articleSection":["Actualidad","Cosmo","Cultura","Sanidad","Sociedad"],"inLanguage":"es-AR"},{"@type":"WebPage","@id":"https:\/\/elcanillita.info\/press\/2020\/04\/18\/rolling-stones-participaran-evento-internacional-trabajadores-salud-mundo\/","url":"https:\/\/elcanillita.info\/press\/2020\/04\/18\/rolling-stones-participaran-evento-internacional-trabajadores-salud-mundo\/","name":"Los Rolling Stones participar\u00e1n en evento internacional en honor a trabajadores de la salud del mundo - ElCanillita.Info","isPartOf":{"@id":"https:\/\/elcanillita.info\/press\/#website"},"datePublished":"2020-04-18T10:12:43+00:00","dateModified":"2020-04-18T10:12:46+00:00","inLanguage":"es-AR","potentialAction":[{"@type":"ReadAction","target":["https:\/\/elcanillita.info\/press\/2020\/04\/18\/rolling-stones-participaran-evento-internacional-trabajadores-salud-mundo\/"]}]},{"@type":"WebSite","@id":"https:\/\/elcanillita.info\/press\/#website","url":"https:\/\/elcanillita.info\/press\/","name":"ElCanillita.Info","description":"desde los Apeninos a los Andes","publisher":{"@id":"https:\/\/elcanillita.info\/press\/#organization"},"potentialAction":[{"@type":"SearchAction","target":{"@type":"EntryPoint","urlTemplate":"https:\/\/elcanillita.info\/press\/?s={search_term_string}"},"query-input":{"@type":"PropertyValueSpecification","valueRequired":true,"valueName":"search_term_string"}}],"inLanguage":"es-AR"},{"@type":"Organization","@id":"https:\/\/elcanillita.info\/press\/#organization","name":"Guzzo Photos & Graphic Publications","url":"https:\/\/elcanillita.info\/press\/","logo":{"@type":"ImageObject","inLanguage":"es-AR","@id":"https:\/\/elcanillita.info\/press\/#\/schema\/logo\/image\/","url":"https:\/\/elcanillita.info\/press\/images\/2020\/01\/cropped-cropped-cropped-elcanillitainfo.png","contentUrl":"https:\/\/elcanillita.info\/press\/images\/2020\/01\/cropped-cropped-cropped-elcanillitainfo.png","width":460,"height":50,"caption":"Guzzo Photos & Graphic Publications"},"image":{"@id":"https:\/\/elcanillita.info\/press\/#\/schema\/logo\/image\/"},"sameAs":["https:\/\/ar-ar.facebook.com\/ElCanillitainfo-114249515285712\/"]},{"@type":"Person","@id":"https:\/\/elcanillita.info\/press\/#\/schema\/person\/7fcb79f38045700919f7da6d97e71ba0","name":"SalaStampa.eu, world press service","image":{"@type":"ImageObject","inLanguage":"es-AR","@id":"https:\/\/secure.gravatar.com\/avatar\/c2f0e0d515a107624234994507816ca4724c7199cef73fc8bedebf6931d73888?s=96&d=mm&r=g","url":"https:\/\/secure.gravatar.com\/avatar\/c2f0e0d515a107624234994507816ca4724c7199cef73fc8bedebf6931d73888?s=96&d=mm&r=g","contentUrl":"https:\/\/secure.gravatar.com\/avatar\/c2f0e0d515a107624234994507816ca4724c7199cef73fc8bedebf6931d73888?s=96&d=mm&r=g","caption":"SalaStampa.eu, world press service"}}]}},"views":825,"_links":{"self":[{"href":"https:\/\/elcanillita.info\/press\/wp-json\/wp\/v2\/posts\/688","targetHints":{"allow":["GET"]}}],"collection":[{"href":"https:\/\/elcanillita.info\/press\/wp-json\/wp\/v2\/posts"}],"about":[{"href":"https:\/\/elcanillita.info\/press\/wp-json\/wp\/v2\/types\/post"}],"author":[{"embeddable":true,"href":"https:\/\/elcanillita.info\/press\/wp-json\/wp\/v2\/users\/1"}],"replies":[{"embeddable":true,"href":"https:\/\/elcanillita.info\/press\/wp-json\/wp\/v2\/comments?post=688"}],"version-history":[{"count":0,"href":"https:\/\/elcanillita.info\/press\/wp-json\/wp\/v2\/posts\/688\/revisions"}],"wp:attachment":[{"href":"https:\/\/elcanillita.info\/press\/wp-json\/wp\/v2\/media?parent=688"}],"wp:term":[{"taxonomy":"category","embeddable":true,"href":"https:\/\/elcanillita.info\/press\/wp-json\/wp\/v2\/categories?post=688"},{"taxonomy":"post_tag","embeddable":true,"href":"https:\/\/elcanillita.info\/press\/wp-json\/wp\/v2\/tags?post=688"}],"curies":[{"name":"wp","href":"https:\/\/api.w.org\/{rel}","templated":true}]}}