{"id":683,"date":"2020-04-13T18:28:24","date_gmt":"2020-04-13T21:28:24","guid":{"rendered":"https:\/\/elcanillita.info\/press\/?p=683"},"modified":"2020-04-18T07:22:23","modified_gmt":"2020-04-18T10:22:23","slug":"usa-anuncia-paquete-asistencia-italia-coronavirus","status":"publish","type":"post","link":"https:\/\/elcanillita.info\/press\/2020\/04\/13\/usa-anuncia-paquete-asistencia-italia-coronavirus\/","title":{"rendered":"EE.UU. anuncia paquete de asistencia para Italia por coronavirus"},"content":{"rendered":"\n<p>Washington, 13.04.2020 &#8211; Estados Unidos anunci\u00f3 este fin de semana un paquete de asistencia para apoyar a Italia, uno de los pa\u00edses m\u00e1s afectados por la pandemia de la COVID-19, en su lucha contra el virus.&nbsp;<\/p>\n\n\n\n<p>A trav\u00e9s de un comunicado, el secretario de Estado de EE.UU., Mike Pompeo, calific\u00f3 al pa\u00eds europeo como \u201cuno de los aliados y amigos m\u00e1s cercanos\u201d de EE.UU. e inform\u00f3 que el presidente Donald Trump autoriz\u00f3 un \u201cs\u00f3lido\u201d paquete de asistencia.&nbsp;<\/p>\n\n\n\n<p>Seg\u00fan el texto, la ayuda incluir\u00e1 el apoyo a organizaciones internacionales y ONG. Adem\u00e1s, tambi\u00e9n brindar\u00e1 asistencia t\u00e9cnica a la respuesta al coronavirus en Italia, bas\u00e1ndose en asociaciones existentes entre el Departamento de Salud y Servicios Humanos de EE.UU. y el sector de la salud italiano.<\/p>\n\n\n\n<p>El sector militar tambi\u00e9n participar\u00e1 en este paquete. En el comunicado, Pompeo explica que se identificar\u00e1 el exceso de suministros militares y alentar\u00e1n las donaciones del sector privado.<\/p>\n\n\n\n<p>El personal militar estadounidense tambi\u00e9n en servicios como el de la telemedicina, el montaje de hospitales y equipos de campa\u00f1a, apoyar en el transporte de suministros, combustible y alimentos, entre otros.<\/p>\n\n\n\n<p>\u201cSaludamos la transparencia de Italia y los esfuerzos heroicos sostenidos para contener el virus y ayudar a los afectados a recuperarse\u201d, indic\u00f3 el secretario de Estado en el texto.<\/p>\n\n\n\n<p>Para el domingo en la tarde, Italia ten\u00eda 156.363 casos confirmados y m\u00e1s 19.899 fallecidos por el virus.<\/p>\n\n\n\n<p>\u201cLos efectos de la pandemia en Italia han sido particularmente devastadores y extendemos nuestras m\u00e1s profundas condolencias a las familias y amigos que han perdido seres queridos\u201d, se lee en el comunicado del Departamento de Estado.&nbsp;<\/p>\n\n\n\n<p>El secretario de Defensa estadounidense, Mark Esper,&nbsp; indic\u00f3 en su cuenta de Twitter que el Departamento de Defensa \u201cse complace en ser parte del paquete de EE.UU. que respalda a Italia y su personal en primera l\u00ednea combatiendo la COVID-19\u201d.<\/p>\n\n\n\n<p>El ministro de relaciones exteriores italiano Luigi Di Maio agradeci\u00f3 el apoyo de los pa\u00edses aliados indicando que \u201cla solidaridad internacional de nuestros amigos y socios en todo el mundo fue clave para resistir la parte m\u00e1s dif\u00edcil de la crisis\u201d.<\/p>\n\n\n\n<p>Di Maio afirm\u00f3 que \u201cla generosidad del pueblo estadounidense y del gobierno estadounidense fue notable, como lo demuestran las numerosas donaciones que hemos recibido, incluido el hospital de campa\u00f1a en Cremona&#8221;.<br><br>\n<small>2020 voanoticias \u2013 salastampa.eu, afiliada a la red Broadcasting Board of Governors \u00a9 2020 BBG<\/small>\n<\/p>\n","protected":false},"excerpt":{"rendered":"<p>Washington, 13.04.2020 &#8211; Estados Unidos anunci\u00f3 este fin de semana un paquete de asistencia para apoyar a Italia, uno de los pa\u00edses m\u00e1s afectados por la pandemia de la COVID-19, en su lucha contra el virus. <\/p>\n","protected":false},"author":1,"featured_media":0,"comment_status":"closed","ping_status":"closed","sticky":false,"template":"","format":"standard","meta":{"footnotes":"","_links_to":"","_links_to_target":""},"categories":[70,5,23,78,25],"tags":[34],"class_list":["post-683","post","type-post","status-publish","format-standard","hentry","category-actualidad","category-europa","category-politica","category-sanidad","category-sociedad","tag-estados-unidos","entry","double"],"yoast_head":"<!-- This site is optimized with the Yoast SEO plugin v27.5 - https:\/\/yoast.com\/product\/yoast-seo-wordpress\/ -->\n<title>EE.UU. anuncia paquete de asistencia para Italia por coronavirus - ElCanillita.Info<\/title>\n<meta name=\"robots\" content=\"index, follow, max-snippet:-1, max-image-preview:large, max-video-preview:-1\" \/>\n<link rel=\"canonical\" href=\"https:\/\/elcanillita.info\/press\/2020\/04\/13\/usa-anuncia-paquete-asistencia-italia-coronavirus\/\" \/>\n<meta property=\"og:locale\" content=\"es_ES\" \/>\n<meta property=\"og:type\" content=\"article\" \/>\n<meta property=\"og:title\" content=\"EE.UU. anuncia paquete de asistencia para Italia por coronavirus - ElCanillita.Info\" \/>\n<meta property=\"og:description\" content=\"Washington, 13.04.2020 - Estados Unidos anunci\u00f3 este fin de semana un paquete de asistencia para apoyar a Italia, uno de los pa\u00edses m\u00e1s afectados por la pandemia de la COVID-19, en su lucha contra el virus.\" \/>\n<meta property=\"og:url\" content=\"https:\/\/elcanillita.info\/press\/2020\/04\/13\/usa-anuncia-paquete-asistencia-italia-coronavirus\/\" \/>\n<meta property=\"og:site_name\" content=\"ElCanillita.Info\" \/>\n<meta property=\"article:publisher\" content=\"https:\/\/ar-ar.facebook.com\/ElCanillitainfo-114249515285712\/\" \/>\n<meta property=\"article:published_time\" content=\"2020-04-13T21:28:24+00:00\" \/>\n<meta property=\"article:modified_time\" content=\"2020-04-18T10:22:23+00:00\" \/>\n<meta name=\"author\" content=\"SalaStampa.eu, world press service\" \/>\n<meta name=\"twitter:card\" content=\"summary_large_image\" \/>\n<meta name=\"twitter:label1\" content=\"Escrito por\" \/>\n\t<meta name=\"twitter:data1\" content=\"SalaStampa.eu, world press service\" \/>\n\t<meta name=\"twitter:label2\" content=\"Tiempo de lectura\" \/>\n\t<meta name=\"twitter:data2\" content=\"2 minutos\" \/>\n<script type=\"application\/ld+json\" class=\"yoast-schema-graph\">{\"@context\":\"https:\\\/\\\/schema.org\",\"@graph\":[{\"@type\":\"Article\",\"@id\":\"https:\\\/\\\/elcanillita.info\\\/press\\\/2020\\\/04\\\/13\\\/usa-anuncia-paquete-asistencia-italia-coronavirus\\\/#article\",\"isPartOf\":{\"@id\":\"https:\\\/\\\/elcanillita.info\\\/press\\\/2020\\\/04\\\/13\\\/usa-anuncia-paquete-asistencia-italia-coronavirus\\\/\"},\"author\":{\"name\":\"SalaStampa.eu, world press service\",\"@id\":\"https:\\\/\\\/elcanillita.info\\\/press\\\/#\\\/schema\\\/person\\\/7fcb79f38045700919f7da6d97e71ba0\"},\"headline\":\"EE.UU. anuncia paquete de asistencia para Italia por coronavirus\",\"datePublished\":\"2020-04-13T21:28:24+00:00\",\"dateModified\":\"2020-04-18T10:22:23+00:00\",\"mainEntityOfPage\":{\"@id\":\"https:\\\/\\\/elcanillita.info\\\/press\\\/2020\\\/04\\\/13\\\/usa-anuncia-paquete-asistencia-italia-coronavirus\\\/\"},\"wordCount\":427,\"publisher\":{\"@id\":\"https:\\\/\\\/elcanillita.info\\\/press\\\/#organization\"},\"keywords\":[\"Estados Unidos\"],\"articleSection\":[\"Actualidad\",\"Europa\",\"Politica\",\"Sanidad\",\"Sociedad\"],\"inLanguage\":\"es-AR\"},{\"@type\":\"WebPage\",\"@id\":\"https:\\\/\\\/elcanillita.info\\\/press\\\/2020\\\/04\\\/13\\\/usa-anuncia-paquete-asistencia-italia-coronavirus\\\/\",\"url\":\"https:\\\/\\\/elcanillita.info\\\/press\\\/2020\\\/04\\\/13\\\/usa-anuncia-paquete-asistencia-italia-coronavirus\\\/\",\"name\":\"EE.UU. anuncia paquete de asistencia para Italia por coronavirus - ElCanillita.Info\",\"isPartOf\":{\"@id\":\"https:\\\/\\\/elcanillita.info\\\/press\\\/#website\"},\"datePublished\":\"2020-04-13T21:28:24+00:00\",\"dateModified\":\"2020-04-18T10:22:23+00:00\",\"inLanguage\":\"es-AR\",\"potentialAction\":[{\"@type\":\"ReadAction\",\"target\":[\"https:\\\/\\\/elcanillita.info\\\/press\\\/2020\\\/04\\\/13\\\/usa-anuncia-paquete-asistencia-italia-coronavirus\\\/\"]}]},{\"@type\":\"WebSite\",\"@id\":\"https:\\\/\\\/elcanillita.info\\\/press\\\/#website\",\"url\":\"https:\\\/\\\/elcanillita.info\\\/press\\\/\",\"name\":\"ElCanillita.Info\",\"description\":\"desde los Apeninos a los Andes\",\"publisher\":{\"@id\":\"https:\\\/\\\/elcanillita.info\\\/press\\\/#organization\"},\"potentialAction\":[{\"@type\":\"SearchAction\",\"target\":{\"@type\":\"EntryPoint\",\"urlTemplate\":\"https:\\\/\\\/elcanillita.info\\\/press\\\/?s={search_term_string}\"},\"query-input\":{\"@type\":\"PropertyValueSpecification\",\"valueRequired\":true,\"valueName\":\"search_term_string\"}}],\"inLanguage\":\"es-AR\"},{\"@type\":\"Organization\",\"@id\":\"https:\\\/\\\/elcanillita.info\\\/press\\\/#organization\",\"name\":\"Guzzo Photos & Graphic Publications\",\"url\":\"https:\\\/\\\/elcanillita.info\\\/press\\\/\",\"logo\":{\"@type\":\"ImageObject\",\"inLanguage\":\"es-AR\",\"@id\":\"https:\\\/\\\/elcanillita.info\\\/press\\\/#\\\/schema\\\/logo\\\/image\\\/\",\"url\":\"https:\\\/\\\/elcanillita.info\\\/press\\\/images\\\/2020\\\/01\\\/cropped-cropped-cropped-elcanillitainfo.png\",\"contentUrl\":\"https:\\\/\\\/elcanillita.info\\\/press\\\/images\\\/2020\\\/01\\\/cropped-cropped-cropped-elcanillitainfo.png\",\"width\":460,\"height\":50,\"caption\":\"Guzzo Photos & Graphic Publications\"},\"image\":{\"@id\":\"https:\\\/\\\/elcanillita.info\\\/press\\\/#\\\/schema\\\/logo\\\/image\\\/\"},\"sameAs\":[\"https:\\\/\\\/ar-ar.facebook.com\\\/ElCanillitainfo-114249515285712\\\/\"]},{\"@type\":\"Person\",\"@id\":\"https:\\\/\\\/elcanillita.info\\\/press\\\/#\\\/schema\\\/person\\\/7fcb79f38045700919f7da6d97e71ba0\",\"name\":\"SalaStampa.eu, world press service\",\"image\":{\"@type\":\"ImageObject\",\"inLanguage\":\"es-AR\",\"@id\":\"https:\\\/\\\/secure.gravatar.com\\\/avatar\\\/c2f0e0d515a107624234994507816ca4724c7199cef73fc8bedebf6931d73888?s=96&d=mm&r=g\",\"url\":\"https:\\\/\\\/secure.gravatar.com\\\/avatar\\\/c2f0e0d515a107624234994507816ca4724c7199cef73fc8bedebf6931d73888?s=96&d=mm&r=g\",\"contentUrl\":\"https:\\\/\\\/secure.gravatar.com\\\/avatar\\\/c2f0e0d515a107624234994507816ca4724c7199cef73fc8bedebf6931d73888?s=96&d=mm&r=g\",\"caption\":\"SalaStampa.eu, world press service\"}}]}<\/script>\n<!-- \/ Yoast SEO plugin. -->","yoast_head_json":{"title":"EE.UU. anuncia paquete de asistencia para Italia por coronavirus - ElCanillita.Info","robots":{"index":"index","follow":"follow","max-snippet":"max-snippet:-1","max-image-preview":"max-image-preview:large","max-video-preview":"max-video-preview:-1"},"canonical":"https:\/\/elcanillita.info\/press\/2020\/04\/13\/usa-anuncia-paquete-asistencia-italia-coronavirus\/","og_locale":"es_ES","og_type":"article","og_title":"EE.UU. anuncia paquete de asistencia para Italia por coronavirus - ElCanillita.Info","og_description":"Washington, 13.04.2020 - Estados Unidos anunci\u00f3 este fin de semana un paquete de asistencia para apoyar a Italia, uno de los pa\u00edses m\u00e1s afectados por la pandemia de la COVID-19, en su lucha contra el virus.","og_url":"https:\/\/elcanillita.info\/press\/2020\/04\/13\/usa-anuncia-paquete-asistencia-italia-coronavirus\/","og_site_name":"ElCanillita.Info","article_publisher":"https:\/\/ar-ar.facebook.com\/ElCanillitainfo-114249515285712\/","article_published_time":"2020-04-13T21:28:24+00:00","article_modified_time":"2020-04-18T10:22:23+00:00","author":"SalaStampa.eu, world press service","twitter_card":"summary_large_image","twitter_misc":{"Escrito por":"SalaStampa.eu, world press service","Tiempo de lectura":"2 minutos"},"schema":{"@context":"https:\/\/schema.org","@graph":[{"@type":"Article","@id":"https:\/\/elcanillita.info\/press\/2020\/04\/13\/usa-anuncia-paquete-asistencia-italia-coronavirus\/#article","isPartOf":{"@id":"https:\/\/elcanillita.info\/press\/2020\/04\/13\/usa-anuncia-paquete-asistencia-italia-coronavirus\/"},"author":{"name":"SalaStampa.eu, world press service","@id":"https:\/\/elcanillita.info\/press\/#\/schema\/person\/7fcb79f38045700919f7da6d97e71ba0"},"headline":"EE.UU. anuncia paquete de asistencia para Italia por coronavirus","datePublished":"2020-04-13T21:28:24+00:00","dateModified":"2020-04-18T10:22:23+00:00","mainEntityOfPage":{"@id":"https:\/\/elcanillita.info\/press\/2020\/04\/13\/usa-anuncia-paquete-asistencia-italia-coronavirus\/"},"wordCount":427,"publisher":{"@id":"https:\/\/elcanillita.info\/press\/#organization"},"keywords":["Estados Unidos"],"articleSection":["Actualidad","Europa","Politica","Sanidad","Sociedad"],"inLanguage":"es-AR"},{"@type":"WebPage","@id":"https:\/\/elcanillita.info\/press\/2020\/04\/13\/usa-anuncia-paquete-asistencia-italia-coronavirus\/","url":"https:\/\/elcanillita.info\/press\/2020\/04\/13\/usa-anuncia-paquete-asistencia-italia-coronavirus\/","name":"EE.UU. anuncia paquete de asistencia para Italia por coronavirus - ElCanillita.Info","isPartOf":{"@id":"https:\/\/elcanillita.info\/press\/#website"},"datePublished":"2020-04-13T21:28:24+00:00","dateModified":"2020-04-18T10:22:23+00:00","inLanguage":"es-AR","potentialAction":[{"@type":"ReadAction","target":["https:\/\/elcanillita.info\/press\/2020\/04\/13\/usa-anuncia-paquete-asistencia-italia-coronavirus\/"]}]},{"@type":"WebSite","@id":"https:\/\/elcanillita.info\/press\/#website","url":"https:\/\/elcanillita.info\/press\/","name":"ElCanillita.Info","description":"desde los Apeninos a los Andes","publisher":{"@id":"https:\/\/elcanillita.info\/press\/#organization"},"potentialAction":[{"@type":"SearchAction","target":{"@type":"EntryPoint","urlTemplate":"https:\/\/elcanillita.info\/press\/?s={search_term_string}"},"query-input":{"@type":"PropertyValueSpecification","valueRequired":true,"valueName":"search_term_string"}}],"inLanguage":"es-AR"},{"@type":"Organization","@id":"https:\/\/elcanillita.info\/press\/#organization","name":"Guzzo Photos & Graphic Publications","url":"https:\/\/elcanillita.info\/press\/","logo":{"@type":"ImageObject","inLanguage":"es-AR","@id":"https:\/\/elcanillita.info\/press\/#\/schema\/logo\/image\/","url":"https:\/\/elcanillita.info\/press\/images\/2020\/01\/cropped-cropped-cropped-elcanillitainfo.png","contentUrl":"https:\/\/elcanillita.info\/press\/images\/2020\/01\/cropped-cropped-cropped-elcanillitainfo.png","width":460,"height":50,"caption":"Guzzo Photos & Graphic Publications"},"image":{"@id":"https:\/\/elcanillita.info\/press\/#\/schema\/logo\/image\/"},"sameAs":["https:\/\/ar-ar.facebook.com\/ElCanillitainfo-114249515285712\/"]},{"@type":"Person","@id":"https:\/\/elcanillita.info\/press\/#\/schema\/person\/7fcb79f38045700919f7da6d97e71ba0","name":"SalaStampa.eu, world press service","image":{"@type":"ImageObject","inLanguage":"es-AR","@id":"https:\/\/secure.gravatar.com\/avatar\/c2f0e0d515a107624234994507816ca4724c7199cef73fc8bedebf6931d73888?s=96&d=mm&r=g","url":"https:\/\/secure.gravatar.com\/avatar\/c2f0e0d515a107624234994507816ca4724c7199cef73fc8bedebf6931d73888?s=96&d=mm&r=g","contentUrl":"https:\/\/secure.gravatar.com\/avatar\/c2f0e0d515a107624234994507816ca4724c7199cef73fc8bedebf6931d73888?s=96&d=mm&r=g","caption":"SalaStampa.eu, world press service"}}]}},"views":657,"_links":{"self":[{"href":"https:\/\/elcanillita.info\/press\/wp-json\/wp\/v2\/posts\/683","targetHints":{"allow":["GET"]}}],"collection":[{"href":"https:\/\/elcanillita.info\/press\/wp-json\/wp\/v2\/posts"}],"about":[{"href":"https:\/\/elcanillita.info\/press\/wp-json\/wp\/v2\/types\/post"}],"author":[{"embeddable":true,"href":"https:\/\/elcanillita.info\/press\/wp-json\/wp\/v2\/users\/1"}],"replies":[{"embeddable":true,"href":"https:\/\/elcanillita.info\/press\/wp-json\/wp\/v2\/comments?post=683"}],"version-history":[{"count":0,"href":"https:\/\/elcanillita.info\/press\/wp-json\/wp\/v2\/posts\/683\/revisions"}],"wp:attachment":[{"href":"https:\/\/elcanillita.info\/press\/wp-json\/wp\/v2\/media?parent=683"}],"wp:term":[{"taxonomy":"category","embeddable":true,"href":"https:\/\/elcanillita.info\/press\/wp-json\/wp\/v2\/categories?post=683"},{"taxonomy":"post_tag","embeddable":true,"href":"https:\/\/elcanillita.info\/press\/wp-json\/wp\/v2\/tags?post=683"}],"curies":[{"name":"wp","href":"https:\/\/api.w.org\/{rel}","templated":true}]}}