{"id":681,"date":"2020-04-13T18:24:12","date_gmt":"2020-04-13T21:24:12","guid":{"rendered":"https:\/\/elcanillita.info\/press\/?p=681"},"modified":"2020-04-13T18:24:49","modified_gmt":"2020-04-13T21:24:49","slug":"181-casos-coronavirus-venezuela","status":"publish","type":"post","link":"https:\/\/elcanillita.info\/press\/2020\/04\/13\/181-casos-coronavirus-venezuela\/","title":{"rendered":"Ya son 181 los casos confirmados de coronavirus en Venezuela"},"content":{"rendered":"\n<p>Caracas, 13.04.2020 &#8211; El gobierno en disputa de Venezuela anunci\u00f3 este domingo que las \u00faltimas 24 horas detectaron seis nuevos positivos de coronavirus, para un total de 181 casos.<\/p>\n\n\n\n<p>La informaci\u00f3n la dio a conocer el presidente en disputa del pa\u00eds, Nicol\u00e1s Maduro, desde el palacio de gobierno, a trav\u00e9s del canal de estado. Detall\u00f3 que entre los nuevos casos estar\u00eda una enfermera cubana y que del total de las personas infectadas, 93 ya estar\u00edan recuperados.<\/p>\n\n\n\n<p>Estas nuevas cifras se dan despu\u00e9s de que el s\u00e1bado no se reportaran nuevos casos.<\/p>\n\n\n\n<p>Extienden por 30 d\u00edas \u2018estado de alarma\u2019 en Venezuela por coronavirus<\/p>\n\n\n\n<p>A pesar de la orden de que todos los casos confirmados est\u00e9n hospitalizados en centros de salud p\u00fablico o privado, nueve personas todav\u00eda estar\u00edan en aislamiento desde su casa, por lo que reiter\u00f3: &#8220;todo el mundo hospitalizado\u201d.<\/p>\n\n\n\n<p>Durante esta transici\u00f3n televisada, Maduro firm\u00f3 la extensi\u00f3n por otros 30 d\u00edas el \u2018Estado de Alarma Constitucional\u2019 y la cuarentena.<\/p>\n\n\n\n<p>Este estado de alarma fue decretado por el gobierno en disputa de la naci\u00f3n suramericana el pasado 13 de marzo,&nbsp;cuando se reportaron los dos primeros casos positivos en el pa\u00eds.<\/p>\n\n\n\n<p>\u201cHemos logrado contenerla. S\u00ed, es verdad. Pero no hemos logrado romper las cadenas, todav\u00eda, de transmisi\u00f3n. Y tenemos grande amenazas que vienen de Colombia y Brasil. Esto no ha pasado todav\u00eda\u201d, indic\u00f3 Maduro este domingo.<\/p>\n\n\n\n<p>Maduro tambi\u00e9n advirti\u00f3 que: \u201ccuando volvamos a la normalidad, volveremos con protocolos estrictos de seguridad\u201d.<br><br>\n<small>2020 voanoticias \u2013 salastampa.eu, afiliada a la red Broadcasting Board of Governors \u00a9 2020 BBG<\/small>\n<\/p>\n","protected":false},"excerpt":{"rendered":"<p>Caracas, 13.04.2020 &#8211; El gobierno en disputa de Venezuela anunci\u00f3 este domingo que las \u00faltimas 24 horas detectaron seis nuevos positivos de coronavirus, para un total de 181 casos.<\/p>\n","protected":false},"author":1,"featured_media":0,"comment_status":"closed","ping_status":"closed","sticky":false,"template":"","format":"standard","meta":{"footnotes":"","_links_to":"","_links_to_target":""},"categories":[70,11,20,23,78,25],"tags":[37],"class_list":["post-681","post","type-post","status-publish","format-standard","hentry","category-actualidad","category-america-del-sur","category-economia","category-politica","category-sanidad","category-sociedad","tag-venezuela","entry","double"],"yoast_head":"<!-- This site is optimized with the Yoast SEO plugin v27.5 - https:\/\/yoast.com\/product\/yoast-seo-wordpress\/ -->\n<title>Ya son 181 los casos confirmados de coronavirus en Venezuela - ElCanillita.Info<\/title>\n<meta name=\"robots\" content=\"index, follow, max-snippet:-1, max-image-preview:large, max-video-preview:-1\" \/>\n<link rel=\"canonical\" href=\"https:\/\/elcanillita.info\/press\/2020\/04\/13\/181-casos-coronavirus-venezuela\/\" \/>\n<meta property=\"og:locale\" content=\"es_ES\" \/>\n<meta property=\"og:type\" content=\"article\" \/>\n<meta property=\"og:title\" content=\"Ya son 181 los casos confirmados de coronavirus en Venezuela - ElCanillita.Info\" \/>\n<meta property=\"og:description\" content=\"Caracas, 13.04.2020 - El gobierno en disputa de Venezuela anunci\u00f3 este domingo que las \u00faltimas 24 horas detectaron seis nuevos positivos de coronavirus, para un total de 181 casos.\" \/>\n<meta property=\"og:url\" content=\"https:\/\/elcanillita.info\/press\/2020\/04\/13\/181-casos-coronavirus-venezuela\/\" \/>\n<meta property=\"og:site_name\" content=\"ElCanillita.Info\" \/>\n<meta property=\"article:publisher\" content=\"https:\/\/ar-ar.facebook.com\/ElCanillitainfo-114249515285712\/\" \/>\n<meta property=\"article:published_time\" content=\"2020-04-13T21:24:12+00:00\" \/>\n<meta property=\"article:modified_time\" content=\"2020-04-13T21:24:49+00:00\" \/>\n<meta name=\"author\" content=\"SalaStampa.eu, world press service\" \/>\n<meta name=\"twitter:card\" content=\"summary_large_image\" \/>\n<meta name=\"twitter:label1\" content=\"Escrito por\" \/>\n\t<meta name=\"twitter:data1\" content=\"SalaStampa.eu, world press service\" \/>\n\t<meta name=\"twitter:label2\" content=\"Tiempo de lectura\" \/>\n\t<meta name=\"twitter:data2\" content=\"1 minuto\" \/>\n<script type=\"application\/ld+json\" class=\"yoast-schema-graph\">{\"@context\":\"https:\\\/\\\/schema.org\",\"@graph\":[{\"@type\":\"Article\",\"@id\":\"https:\\\/\\\/elcanillita.info\\\/press\\\/2020\\\/04\\\/13\\\/181-casos-coronavirus-venezuela\\\/#article\",\"isPartOf\":{\"@id\":\"https:\\\/\\\/elcanillita.info\\\/press\\\/2020\\\/04\\\/13\\\/181-casos-coronavirus-venezuela\\\/\"},\"author\":{\"name\":\"SalaStampa.eu, world press service\",\"@id\":\"https:\\\/\\\/elcanillita.info\\\/press\\\/#\\\/schema\\\/person\\\/7fcb79f38045700919f7da6d97e71ba0\"},\"headline\":\"Ya son 181 los casos confirmados de coronavirus en Venezuela\",\"datePublished\":\"2020-04-13T21:24:12+00:00\",\"dateModified\":\"2020-04-13T21:24:49+00:00\",\"mainEntityOfPage\":{\"@id\":\"https:\\\/\\\/elcanillita.info\\\/press\\\/2020\\\/04\\\/13\\\/181-casos-coronavirus-venezuela\\\/\"},\"wordCount\":277,\"publisher\":{\"@id\":\"https:\\\/\\\/elcanillita.info\\\/press\\\/#organization\"},\"keywords\":[\"Venezuela\"],\"articleSection\":[\"Actualidad\",\"Am\u00e9rica del Sur\",\"Economia\",\"Politica\",\"Sanidad\",\"Sociedad\"],\"inLanguage\":\"es-AR\"},{\"@type\":\"WebPage\",\"@id\":\"https:\\\/\\\/elcanillita.info\\\/press\\\/2020\\\/04\\\/13\\\/181-casos-coronavirus-venezuela\\\/\",\"url\":\"https:\\\/\\\/elcanillita.info\\\/press\\\/2020\\\/04\\\/13\\\/181-casos-coronavirus-venezuela\\\/\",\"name\":\"Ya son 181 los casos confirmados de coronavirus en Venezuela - ElCanillita.Info\",\"isPartOf\":{\"@id\":\"https:\\\/\\\/elcanillita.info\\\/press\\\/#website\"},\"datePublished\":\"2020-04-13T21:24:12+00:00\",\"dateModified\":\"2020-04-13T21:24:49+00:00\",\"inLanguage\":\"es-AR\",\"potentialAction\":[{\"@type\":\"ReadAction\",\"target\":[\"https:\\\/\\\/elcanillita.info\\\/press\\\/2020\\\/04\\\/13\\\/181-casos-coronavirus-venezuela\\\/\"]}]},{\"@type\":\"WebSite\",\"@id\":\"https:\\\/\\\/elcanillita.info\\\/press\\\/#website\",\"url\":\"https:\\\/\\\/elcanillita.info\\\/press\\\/\",\"name\":\"ElCanillita.Info\",\"description\":\"desde los Apeninos a los Andes\",\"publisher\":{\"@id\":\"https:\\\/\\\/elcanillita.info\\\/press\\\/#organization\"},\"potentialAction\":[{\"@type\":\"SearchAction\",\"target\":{\"@type\":\"EntryPoint\",\"urlTemplate\":\"https:\\\/\\\/elcanillita.info\\\/press\\\/?s={search_term_string}\"},\"query-input\":{\"@type\":\"PropertyValueSpecification\",\"valueRequired\":true,\"valueName\":\"search_term_string\"}}],\"inLanguage\":\"es-AR\"},{\"@type\":\"Organization\",\"@id\":\"https:\\\/\\\/elcanillita.info\\\/press\\\/#organization\",\"name\":\"Guzzo Photos & Graphic Publications\",\"url\":\"https:\\\/\\\/elcanillita.info\\\/press\\\/\",\"logo\":{\"@type\":\"ImageObject\",\"inLanguage\":\"es-AR\",\"@id\":\"https:\\\/\\\/elcanillita.info\\\/press\\\/#\\\/schema\\\/logo\\\/image\\\/\",\"url\":\"https:\\\/\\\/elcanillita.info\\\/press\\\/images\\\/2020\\\/01\\\/cropped-cropped-cropped-elcanillitainfo.png\",\"contentUrl\":\"https:\\\/\\\/elcanillita.info\\\/press\\\/images\\\/2020\\\/01\\\/cropped-cropped-cropped-elcanillitainfo.png\",\"width\":460,\"height\":50,\"caption\":\"Guzzo Photos & Graphic Publications\"},\"image\":{\"@id\":\"https:\\\/\\\/elcanillita.info\\\/press\\\/#\\\/schema\\\/logo\\\/image\\\/\"},\"sameAs\":[\"https:\\\/\\\/ar-ar.facebook.com\\\/ElCanillitainfo-114249515285712\\\/\"]},{\"@type\":\"Person\",\"@id\":\"https:\\\/\\\/elcanillita.info\\\/press\\\/#\\\/schema\\\/person\\\/7fcb79f38045700919f7da6d97e71ba0\",\"name\":\"SalaStampa.eu, world press service\",\"image\":{\"@type\":\"ImageObject\",\"inLanguage\":\"es-AR\",\"@id\":\"https:\\\/\\\/secure.gravatar.com\\\/avatar\\\/c2f0e0d515a107624234994507816ca4724c7199cef73fc8bedebf6931d73888?s=96&d=mm&r=g\",\"url\":\"https:\\\/\\\/secure.gravatar.com\\\/avatar\\\/c2f0e0d515a107624234994507816ca4724c7199cef73fc8bedebf6931d73888?s=96&d=mm&r=g\",\"contentUrl\":\"https:\\\/\\\/secure.gravatar.com\\\/avatar\\\/c2f0e0d515a107624234994507816ca4724c7199cef73fc8bedebf6931d73888?s=96&d=mm&r=g\",\"caption\":\"SalaStampa.eu, world press service\"}}]}<\/script>\n<!-- \/ Yoast SEO plugin. -->","yoast_head_json":{"title":"Ya son 181 los casos confirmados de coronavirus en Venezuela - ElCanillita.Info","robots":{"index":"index","follow":"follow","max-snippet":"max-snippet:-1","max-image-preview":"max-image-preview:large","max-video-preview":"max-video-preview:-1"},"canonical":"https:\/\/elcanillita.info\/press\/2020\/04\/13\/181-casos-coronavirus-venezuela\/","og_locale":"es_ES","og_type":"article","og_title":"Ya son 181 los casos confirmados de coronavirus en Venezuela - ElCanillita.Info","og_description":"Caracas, 13.04.2020 - El gobierno en disputa de Venezuela anunci\u00f3 este domingo que las \u00faltimas 24 horas detectaron seis nuevos positivos de coronavirus, para un total de 181 casos.","og_url":"https:\/\/elcanillita.info\/press\/2020\/04\/13\/181-casos-coronavirus-venezuela\/","og_site_name":"ElCanillita.Info","article_publisher":"https:\/\/ar-ar.facebook.com\/ElCanillitainfo-114249515285712\/","article_published_time":"2020-04-13T21:24:12+00:00","article_modified_time":"2020-04-13T21:24:49+00:00","author":"SalaStampa.eu, world press service","twitter_card":"summary_large_image","twitter_misc":{"Escrito por":"SalaStampa.eu, world press service","Tiempo de lectura":"1 minuto"},"schema":{"@context":"https:\/\/schema.org","@graph":[{"@type":"Article","@id":"https:\/\/elcanillita.info\/press\/2020\/04\/13\/181-casos-coronavirus-venezuela\/#article","isPartOf":{"@id":"https:\/\/elcanillita.info\/press\/2020\/04\/13\/181-casos-coronavirus-venezuela\/"},"author":{"name":"SalaStampa.eu, world press service","@id":"https:\/\/elcanillita.info\/press\/#\/schema\/person\/7fcb79f38045700919f7da6d97e71ba0"},"headline":"Ya son 181 los casos confirmados de coronavirus en Venezuela","datePublished":"2020-04-13T21:24:12+00:00","dateModified":"2020-04-13T21:24:49+00:00","mainEntityOfPage":{"@id":"https:\/\/elcanillita.info\/press\/2020\/04\/13\/181-casos-coronavirus-venezuela\/"},"wordCount":277,"publisher":{"@id":"https:\/\/elcanillita.info\/press\/#organization"},"keywords":["Venezuela"],"articleSection":["Actualidad","Am\u00e9rica del Sur","Economia","Politica","Sanidad","Sociedad"],"inLanguage":"es-AR"},{"@type":"WebPage","@id":"https:\/\/elcanillita.info\/press\/2020\/04\/13\/181-casos-coronavirus-venezuela\/","url":"https:\/\/elcanillita.info\/press\/2020\/04\/13\/181-casos-coronavirus-venezuela\/","name":"Ya son 181 los casos confirmados de coronavirus en Venezuela - ElCanillita.Info","isPartOf":{"@id":"https:\/\/elcanillita.info\/press\/#website"},"datePublished":"2020-04-13T21:24:12+00:00","dateModified":"2020-04-13T21:24:49+00:00","inLanguage":"es-AR","potentialAction":[{"@type":"ReadAction","target":["https:\/\/elcanillita.info\/press\/2020\/04\/13\/181-casos-coronavirus-venezuela\/"]}]},{"@type":"WebSite","@id":"https:\/\/elcanillita.info\/press\/#website","url":"https:\/\/elcanillita.info\/press\/","name":"ElCanillita.Info","description":"desde los Apeninos a los Andes","publisher":{"@id":"https:\/\/elcanillita.info\/press\/#organization"},"potentialAction":[{"@type":"SearchAction","target":{"@type":"EntryPoint","urlTemplate":"https:\/\/elcanillita.info\/press\/?s={search_term_string}"},"query-input":{"@type":"PropertyValueSpecification","valueRequired":true,"valueName":"search_term_string"}}],"inLanguage":"es-AR"},{"@type":"Organization","@id":"https:\/\/elcanillita.info\/press\/#organization","name":"Guzzo Photos & Graphic Publications","url":"https:\/\/elcanillita.info\/press\/","logo":{"@type":"ImageObject","inLanguage":"es-AR","@id":"https:\/\/elcanillita.info\/press\/#\/schema\/logo\/image\/","url":"https:\/\/elcanillita.info\/press\/images\/2020\/01\/cropped-cropped-cropped-elcanillitainfo.png","contentUrl":"https:\/\/elcanillita.info\/press\/images\/2020\/01\/cropped-cropped-cropped-elcanillitainfo.png","width":460,"height":50,"caption":"Guzzo Photos & Graphic Publications"},"image":{"@id":"https:\/\/elcanillita.info\/press\/#\/schema\/logo\/image\/"},"sameAs":["https:\/\/ar-ar.facebook.com\/ElCanillitainfo-114249515285712\/"]},{"@type":"Person","@id":"https:\/\/elcanillita.info\/press\/#\/schema\/person\/7fcb79f38045700919f7da6d97e71ba0","name":"SalaStampa.eu, world press service","image":{"@type":"ImageObject","inLanguage":"es-AR","@id":"https:\/\/secure.gravatar.com\/avatar\/c2f0e0d515a107624234994507816ca4724c7199cef73fc8bedebf6931d73888?s=96&d=mm&r=g","url":"https:\/\/secure.gravatar.com\/avatar\/c2f0e0d515a107624234994507816ca4724c7199cef73fc8bedebf6931d73888?s=96&d=mm&r=g","contentUrl":"https:\/\/secure.gravatar.com\/avatar\/c2f0e0d515a107624234994507816ca4724c7199cef73fc8bedebf6931d73888?s=96&d=mm&r=g","caption":"SalaStampa.eu, world press service"}}]}},"views":814,"_links":{"self":[{"href":"https:\/\/elcanillita.info\/press\/wp-json\/wp\/v2\/posts\/681","targetHints":{"allow":["GET"]}}],"collection":[{"href":"https:\/\/elcanillita.info\/press\/wp-json\/wp\/v2\/posts"}],"about":[{"href":"https:\/\/elcanillita.info\/press\/wp-json\/wp\/v2\/types\/post"}],"author":[{"embeddable":true,"href":"https:\/\/elcanillita.info\/press\/wp-json\/wp\/v2\/users\/1"}],"replies":[{"embeddable":true,"href":"https:\/\/elcanillita.info\/press\/wp-json\/wp\/v2\/comments?post=681"}],"version-history":[{"count":0,"href":"https:\/\/elcanillita.info\/press\/wp-json\/wp\/v2\/posts\/681\/revisions"}],"wp:attachment":[{"href":"https:\/\/elcanillita.info\/press\/wp-json\/wp\/v2\/media?parent=681"}],"wp:term":[{"taxonomy":"category","embeddable":true,"href":"https:\/\/elcanillita.info\/press\/wp-json\/wp\/v2\/categories?post=681"},{"taxonomy":"post_tag","embeddable":true,"href":"https:\/\/elcanillita.info\/press\/wp-json\/wp\/v2\/tags?post=681"}],"curies":[{"name":"wp","href":"https:\/\/api.w.org\/{rel}","templated":true}]}}