{"id":677,"date":"2020-04-13T18:16:52","date_gmt":"2020-04-13T21:16:52","guid":{"rendered":"https:\/\/elcanillita.info\/press\/?p=677"},"modified":"2020-04-13T18:16:54","modified_gmt":"2020-04-13T21:16:54","slug":"nicaragua-incertidumbre-exportadores-covid-19","status":"publish","type":"post","link":"https:\/\/elcanillita.info\/press\/2020\/04\/13\/nicaragua-incertidumbre-exportadores-covid-19\/","title":{"rendered":"Nicaragua: Incertidumbre entre exportadores por efectos del COVID-19"},"content":{"rendered":"\n<p>Managua, 13.04.2020 &#8211; El sector de exportadores de Nicaragua teme que el endurecimiento del confinamiento en los principales socios comerciales, que ya ha cerrado bares, restaurantes y cafeter\u00edas, da\u00f1e los precios de los productos nicarag\u00fcenses en los mercados internacionales.<\/p>\n\n\n\n<p>Seg\u00fan el presidente de la Asociaci\u00f3n de Productores y Exportadores de Nicaragua, Guillermo Jacoby, \u201ccuando eso sucede hay una reducci\u00f3n en t\u00e9rminos de los pedidos en generales. Y no solamente de los pedidos, sino que por la misma falta de consumo bajan los precios a nivel mundial\u201d.<\/p>\n\n\n\n<p>Guillermo Jacoby, presidente de la Asociaci\u00f3n de Productores y Exportadores de Nicaragua.<\/p>\n\n\n\n<p>Las exportaciones, el turismo, las remesas y la inversi\u00f3n extranjera ser\u00edan los sectores m\u00e1s afectados, que llevar\u00edan al Producto Interno Bruto a una ca\u00edda de hasta un 3,9% en 2020, alerta la Fundaci\u00f3n Nicarag\u00fcense para el Desarrollo Econ\u00f3mico y Social, a trav\u00e9s de \u00c1lvaro L\u00f3pez, uno de sus economistas.<\/p>\n\n\n\n<p>\u201cNosotros hab\u00edamos proyectado una contracci\u00f3n para este a\u00f1o del 1,1. Ahorita nuestras proyecciones m\u00e1s negativas andan del 3,9 para este a\u00f1o\u201d, dijo L\u00f3pez a la Voz de Am\u00e9rica.<\/p>\n\n\n\n<p>De momento no puede definirse cu\u00e1l ser\u00e1 el nivel de da\u00f1o en cada una de esas actividades, ya que este depender\u00e1 de las consecuencias que la pandemia provoque a la econom\u00eda global, algo que quedar\u00e1 definido por el giro que esta tome en las pr\u00f3ximas semanas.<\/p>\n\n\n\n<p>L\u00f3pez considera que est\u00e1s proyecciones podr\u00edan empeorar.<\/p>\n\n\n\n<p>Nicaragua, Alvaro Lopez Economista FUNIDES.<\/p>\n\n\n\n<p>\u201cS\u00ed, probablemente aumenten. Dadas las proyecciones de firmas internacionales, han dado nuevos escenarios de c\u00f3mo se va a comportar la pandemia y la econom\u00eda mundial. Las proyecciones se han estado revisando y tienden a ir a la baja. Todav\u00eda el impacto va a ser mayor\u201d, advirti\u00f3.<\/p>\n\n\n\n<p>Igualmente habr\u00eda efectos en las remesas familiares, lo que da\u00f1ar\u00eda la balanza de pagos, que financia parte del d\u00e9ficit de la cuenta comercial de Nicaragua.<\/p>\n\n\n\n<p>Del total de remesas del exterior, que ascendi\u00f3 a 1.501 millones de d\u00f3lares en 2018, el 60 por ciento provino de Estados Unidos, uno de los pa\u00edses fuertemente afectados por el coronavirus.<\/p>\n\n\n\n<p>En 2019, Nicaragua export\u00f3 un equivalente de m\u00e1s de 2 millones 777 d\u00f3lares en productos, 161 millones de d\u00f3lares m\u00e1s que en 2018, pero este a\u00f1o las perspectivas son muy desalentadoras para los exportadores nicarag\u00fcenses, pese a que a\u00fan las fronteras para el tr\u00e1nsito de mercanc\u00edas en el mundo no han sido cerradas.<\/p>\n\n\n\n<p>Los exportadores temen que lo vivido en la recesi\u00f3n de 2009 se repita con la actual crisis mundial.<\/p>\n\n\n\n<p>En ese a\u00f1o, los precios internacionales bajaron fuertemente. Seg\u00fan estad\u00edsticas del Centro de Tr\u00e1mites de Exportaciones, los precios de todos los productos cayeron un 9,9 por ciento comparado con 2008, cuando estall\u00f3 la crisis financiera mundial.<\/p>\n\n\n\n<p>Esto ocurre en momentos en que la econom\u00eda local atraviesa su tercer a\u00f1o de recesi\u00f3n, tras ca\u00eddas de 3,8 y 5,4 por ciento en los dos \u00faltimos a\u00f1os.<\/p>\n\n\n\n<p>Y tambi\u00e9n anticipa, seg\u00fan los expertos, que se incrementar\u00e1 a\u00fan m\u00e1s el desempleo y la pobreza en el pa\u00eds.<\/p>\n\n\n\n<p>Nicaragua desaf\u00eda advertencias sobre coronavirus, contradice a sus aliados de Cuba<br><br>\n<small>2020 voanoticias \u2013 salastampa.eu, afiliada a la red Broadcasting Board of Governors \u00a9 2020 BBG<\/small>\n<\/p>\n","protected":false},"excerpt":{"rendered":"<p>Managua, 13.04.2020 &#8211; El sector de exportadores de Nicaragua teme que el endurecimiento del confinamiento en los principales socios comerciales, que ya ha cerrado bares, restaurantes y cafeter\u00edas, da\u00f1e los precios de los productos nicarag\u00fcenses en los mercados internacionales.<\/p>\n","protected":false},"author":1,"featured_media":0,"comment_status":"closed","ping_status":"closed","sticky":false,"template":"","format":"standard","meta":{"footnotes":"","_links_to":"","_links_to_target":""},"categories":[70,10,20,23,78,25],"tags":[32],"class_list":["post-677","post","type-post","status-publish","format-standard","hentry","category-actualidad","category-america-central","category-economia","category-politica","category-sanidad","category-sociedad","tag-nicaragua","entry","double"],"yoast_head":"<!-- This site is optimized with the Yoast SEO plugin v27.5 - https:\/\/yoast.com\/product\/yoast-seo-wordpress\/ -->\n<title>Nicaragua: Incertidumbre entre exportadores por efectos del COVID-19 - ElCanillita.Info<\/title>\n<meta name=\"robots\" content=\"index, follow, max-snippet:-1, max-image-preview:large, max-video-preview:-1\" \/>\n<link rel=\"canonical\" href=\"https:\/\/elcanillita.info\/press\/2020\/04\/13\/nicaragua-incertidumbre-exportadores-covid-19\/\" \/>\n<meta property=\"og:locale\" content=\"es_ES\" \/>\n<meta property=\"og:type\" content=\"article\" \/>\n<meta property=\"og:title\" content=\"Nicaragua: Incertidumbre entre exportadores por efectos del COVID-19 - ElCanillita.Info\" \/>\n<meta property=\"og:description\" content=\"Managua, 13.04.2020 - El sector de exportadores de Nicaragua teme que el endurecimiento del confinamiento en los principales socios comerciales, que ya ha cerrado bares, restaurantes y cafeter\u00edas, da\u00f1e los precios de los productos nicarag\u00fcenses en los mercados internacionales.\" \/>\n<meta property=\"og:url\" content=\"https:\/\/elcanillita.info\/press\/2020\/04\/13\/nicaragua-incertidumbre-exportadores-covid-19\/\" \/>\n<meta property=\"og:site_name\" content=\"ElCanillita.Info\" \/>\n<meta property=\"article:publisher\" content=\"https:\/\/ar-ar.facebook.com\/ElCanillitainfo-114249515285712\/\" \/>\n<meta property=\"article:published_time\" content=\"2020-04-13T21:16:52+00:00\" \/>\n<meta property=\"article:modified_time\" content=\"2020-04-13T21:16:54+00:00\" \/>\n<meta name=\"author\" content=\"SalaStampa.eu, world press service\" \/>\n<meta name=\"twitter:card\" content=\"summary_large_image\" \/>\n<meta name=\"twitter:label1\" content=\"Escrito por\" \/>\n\t<meta name=\"twitter:data1\" content=\"SalaStampa.eu, world press service\" \/>\n\t<meta name=\"twitter:label2\" content=\"Tiempo de lectura\" \/>\n\t<meta name=\"twitter:data2\" content=\"3 minutos\" \/>\n<script type=\"application\/ld+json\" class=\"yoast-schema-graph\">{\"@context\":\"https:\\\/\\\/schema.org\",\"@graph\":[{\"@type\":\"Article\",\"@id\":\"https:\\\/\\\/elcanillita.info\\\/press\\\/2020\\\/04\\\/13\\\/nicaragua-incertidumbre-exportadores-covid-19\\\/#article\",\"isPartOf\":{\"@id\":\"https:\\\/\\\/elcanillita.info\\\/press\\\/2020\\\/04\\\/13\\\/nicaragua-incertidumbre-exportadores-covid-19\\\/\"},\"author\":{\"name\":\"SalaStampa.eu, world press service\",\"@id\":\"https:\\\/\\\/elcanillita.info\\\/press\\\/#\\\/schema\\\/person\\\/7fcb79f38045700919f7da6d97e71ba0\"},\"headline\":\"Nicaragua: Incertidumbre entre exportadores por efectos del COVID-19\",\"datePublished\":\"2020-04-13T21:16:52+00:00\",\"dateModified\":\"2020-04-13T21:16:54+00:00\",\"mainEntityOfPage\":{\"@id\":\"https:\\\/\\\/elcanillita.info\\\/press\\\/2020\\\/04\\\/13\\\/nicaragua-incertidumbre-exportadores-covid-19\\\/\"},\"wordCount\":569,\"publisher\":{\"@id\":\"https:\\\/\\\/elcanillita.info\\\/press\\\/#organization\"},\"keywords\":[\"Nicaragua\"],\"articleSection\":[\"Actualidad\",\"Am\u00e9rica Central\",\"Economia\",\"Politica\",\"Sanidad\",\"Sociedad\"],\"inLanguage\":\"es-AR\"},{\"@type\":\"WebPage\",\"@id\":\"https:\\\/\\\/elcanillita.info\\\/press\\\/2020\\\/04\\\/13\\\/nicaragua-incertidumbre-exportadores-covid-19\\\/\",\"url\":\"https:\\\/\\\/elcanillita.info\\\/press\\\/2020\\\/04\\\/13\\\/nicaragua-incertidumbre-exportadores-covid-19\\\/\",\"name\":\"Nicaragua: Incertidumbre entre exportadores por efectos del COVID-19 - ElCanillita.Info\",\"isPartOf\":{\"@id\":\"https:\\\/\\\/elcanillita.info\\\/press\\\/#website\"},\"datePublished\":\"2020-04-13T21:16:52+00:00\",\"dateModified\":\"2020-04-13T21:16:54+00:00\",\"inLanguage\":\"es-AR\",\"potentialAction\":[{\"@type\":\"ReadAction\",\"target\":[\"https:\\\/\\\/elcanillita.info\\\/press\\\/2020\\\/04\\\/13\\\/nicaragua-incertidumbre-exportadores-covid-19\\\/\"]}]},{\"@type\":\"WebSite\",\"@id\":\"https:\\\/\\\/elcanillita.info\\\/press\\\/#website\",\"url\":\"https:\\\/\\\/elcanillita.info\\\/press\\\/\",\"name\":\"ElCanillita.Info\",\"description\":\"desde los Apeninos a los Andes\",\"publisher\":{\"@id\":\"https:\\\/\\\/elcanillita.info\\\/press\\\/#organization\"},\"potentialAction\":[{\"@type\":\"SearchAction\",\"target\":{\"@type\":\"EntryPoint\",\"urlTemplate\":\"https:\\\/\\\/elcanillita.info\\\/press\\\/?s={search_term_string}\"},\"query-input\":{\"@type\":\"PropertyValueSpecification\",\"valueRequired\":true,\"valueName\":\"search_term_string\"}}],\"inLanguage\":\"es-AR\"},{\"@type\":\"Organization\",\"@id\":\"https:\\\/\\\/elcanillita.info\\\/press\\\/#organization\",\"name\":\"Guzzo Photos & Graphic Publications\",\"url\":\"https:\\\/\\\/elcanillita.info\\\/press\\\/\",\"logo\":{\"@type\":\"ImageObject\",\"inLanguage\":\"es-AR\",\"@id\":\"https:\\\/\\\/elcanillita.info\\\/press\\\/#\\\/schema\\\/logo\\\/image\\\/\",\"url\":\"https:\\\/\\\/elcanillita.info\\\/press\\\/images\\\/2020\\\/01\\\/cropped-cropped-cropped-elcanillitainfo.png\",\"contentUrl\":\"https:\\\/\\\/elcanillita.info\\\/press\\\/images\\\/2020\\\/01\\\/cropped-cropped-cropped-elcanillitainfo.png\",\"width\":460,\"height\":50,\"caption\":\"Guzzo Photos & Graphic Publications\"},\"image\":{\"@id\":\"https:\\\/\\\/elcanillita.info\\\/press\\\/#\\\/schema\\\/logo\\\/image\\\/\"},\"sameAs\":[\"https:\\\/\\\/ar-ar.facebook.com\\\/ElCanillitainfo-114249515285712\\\/\"]},{\"@type\":\"Person\",\"@id\":\"https:\\\/\\\/elcanillita.info\\\/press\\\/#\\\/schema\\\/person\\\/7fcb79f38045700919f7da6d97e71ba0\",\"name\":\"SalaStampa.eu, world press service\",\"image\":{\"@type\":\"ImageObject\",\"inLanguage\":\"es-AR\",\"@id\":\"https:\\\/\\\/secure.gravatar.com\\\/avatar\\\/c2f0e0d515a107624234994507816ca4724c7199cef73fc8bedebf6931d73888?s=96&d=mm&r=g\",\"url\":\"https:\\\/\\\/secure.gravatar.com\\\/avatar\\\/c2f0e0d515a107624234994507816ca4724c7199cef73fc8bedebf6931d73888?s=96&d=mm&r=g\",\"contentUrl\":\"https:\\\/\\\/secure.gravatar.com\\\/avatar\\\/c2f0e0d515a107624234994507816ca4724c7199cef73fc8bedebf6931d73888?s=96&d=mm&r=g\",\"caption\":\"SalaStampa.eu, world press service\"}}]}<\/script>\n<!-- \/ Yoast SEO plugin. -->","yoast_head_json":{"title":"Nicaragua: Incertidumbre entre exportadores por efectos del COVID-19 - ElCanillita.Info","robots":{"index":"index","follow":"follow","max-snippet":"max-snippet:-1","max-image-preview":"max-image-preview:large","max-video-preview":"max-video-preview:-1"},"canonical":"https:\/\/elcanillita.info\/press\/2020\/04\/13\/nicaragua-incertidumbre-exportadores-covid-19\/","og_locale":"es_ES","og_type":"article","og_title":"Nicaragua: Incertidumbre entre exportadores por efectos del COVID-19 - ElCanillita.Info","og_description":"Managua, 13.04.2020 - El sector de exportadores de Nicaragua teme que el endurecimiento del confinamiento en los principales socios comerciales, que ya ha cerrado bares, restaurantes y cafeter\u00edas, da\u00f1e los precios de los productos nicarag\u00fcenses en los mercados internacionales.","og_url":"https:\/\/elcanillita.info\/press\/2020\/04\/13\/nicaragua-incertidumbre-exportadores-covid-19\/","og_site_name":"ElCanillita.Info","article_publisher":"https:\/\/ar-ar.facebook.com\/ElCanillitainfo-114249515285712\/","article_published_time":"2020-04-13T21:16:52+00:00","article_modified_time":"2020-04-13T21:16:54+00:00","author":"SalaStampa.eu, world press service","twitter_card":"summary_large_image","twitter_misc":{"Escrito por":"SalaStampa.eu, world press service","Tiempo de lectura":"3 minutos"},"schema":{"@context":"https:\/\/schema.org","@graph":[{"@type":"Article","@id":"https:\/\/elcanillita.info\/press\/2020\/04\/13\/nicaragua-incertidumbre-exportadores-covid-19\/#article","isPartOf":{"@id":"https:\/\/elcanillita.info\/press\/2020\/04\/13\/nicaragua-incertidumbre-exportadores-covid-19\/"},"author":{"name":"SalaStampa.eu, world press service","@id":"https:\/\/elcanillita.info\/press\/#\/schema\/person\/7fcb79f38045700919f7da6d97e71ba0"},"headline":"Nicaragua: Incertidumbre entre exportadores por efectos del COVID-19","datePublished":"2020-04-13T21:16:52+00:00","dateModified":"2020-04-13T21:16:54+00:00","mainEntityOfPage":{"@id":"https:\/\/elcanillita.info\/press\/2020\/04\/13\/nicaragua-incertidumbre-exportadores-covid-19\/"},"wordCount":569,"publisher":{"@id":"https:\/\/elcanillita.info\/press\/#organization"},"keywords":["Nicaragua"],"articleSection":["Actualidad","Am\u00e9rica Central","Economia","Politica","Sanidad","Sociedad"],"inLanguage":"es-AR"},{"@type":"WebPage","@id":"https:\/\/elcanillita.info\/press\/2020\/04\/13\/nicaragua-incertidumbre-exportadores-covid-19\/","url":"https:\/\/elcanillita.info\/press\/2020\/04\/13\/nicaragua-incertidumbre-exportadores-covid-19\/","name":"Nicaragua: Incertidumbre entre exportadores por efectos del COVID-19 - ElCanillita.Info","isPartOf":{"@id":"https:\/\/elcanillita.info\/press\/#website"},"datePublished":"2020-04-13T21:16:52+00:00","dateModified":"2020-04-13T21:16:54+00:00","inLanguage":"es-AR","potentialAction":[{"@type":"ReadAction","target":["https:\/\/elcanillita.info\/press\/2020\/04\/13\/nicaragua-incertidumbre-exportadores-covid-19\/"]}]},{"@type":"WebSite","@id":"https:\/\/elcanillita.info\/press\/#website","url":"https:\/\/elcanillita.info\/press\/","name":"ElCanillita.Info","description":"desde los Apeninos a los Andes","publisher":{"@id":"https:\/\/elcanillita.info\/press\/#organization"},"potentialAction":[{"@type":"SearchAction","target":{"@type":"EntryPoint","urlTemplate":"https:\/\/elcanillita.info\/press\/?s={search_term_string}"},"query-input":{"@type":"PropertyValueSpecification","valueRequired":true,"valueName":"search_term_string"}}],"inLanguage":"es-AR"},{"@type":"Organization","@id":"https:\/\/elcanillita.info\/press\/#organization","name":"Guzzo Photos & Graphic Publications","url":"https:\/\/elcanillita.info\/press\/","logo":{"@type":"ImageObject","inLanguage":"es-AR","@id":"https:\/\/elcanillita.info\/press\/#\/schema\/logo\/image\/","url":"https:\/\/elcanillita.info\/press\/images\/2020\/01\/cropped-cropped-cropped-elcanillitainfo.png","contentUrl":"https:\/\/elcanillita.info\/press\/images\/2020\/01\/cropped-cropped-cropped-elcanillitainfo.png","width":460,"height":50,"caption":"Guzzo Photos & Graphic Publications"},"image":{"@id":"https:\/\/elcanillita.info\/press\/#\/schema\/logo\/image\/"},"sameAs":["https:\/\/ar-ar.facebook.com\/ElCanillitainfo-114249515285712\/"]},{"@type":"Person","@id":"https:\/\/elcanillita.info\/press\/#\/schema\/person\/7fcb79f38045700919f7da6d97e71ba0","name":"SalaStampa.eu, world press service","image":{"@type":"ImageObject","inLanguage":"es-AR","@id":"https:\/\/secure.gravatar.com\/avatar\/c2f0e0d515a107624234994507816ca4724c7199cef73fc8bedebf6931d73888?s=96&d=mm&r=g","url":"https:\/\/secure.gravatar.com\/avatar\/c2f0e0d515a107624234994507816ca4724c7199cef73fc8bedebf6931d73888?s=96&d=mm&r=g","contentUrl":"https:\/\/secure.gravatar.com\/avatar\/c2f0e0d515a107624234994507816ca4724c7199cef73fc8bedebf6931d73888?s=96&d=mm&r=g","caption":"SalaStampa.eu, world press service"}}]}},"views":777,"_links":{"self":[{"href":"https:\/\/elcanillita.info\/press\/wp-json\/wp\/v2\/posts\/677","targetHints":{"allow":["GET"]}}],"collection":[{"href":"https:\/\/elcanillita.info\/press\/wp-json\/wp\/v2\/posts"}],"about":[{"href":"https:\/\/elcanillita.info\/press\/wp-json\/wp\/v2\/types\/post"}],"author":[{"embeddable":true,"href":"https:\/\/elcanillita.info\/press\/wp-json\/wp\/v2\/users\/1"}],"replies":[{"embeddable":true,"href":"https:\/\/elcanillita.info\/press\/wp-json\/wp\/v2\/comments?post=677"}],"version-history":[{"count":0,"href":"https:\/\/elcanillita.info\/press\/wp-json\/wp\/v2\/posts\/677\/revisions"}],"wp:attachment":[{"href":"https:\/\/elcanillita.info\/press\/wp-json\/wp\/v2\/media?parent=677"}],"wp:term":[{"taxonomy":"category","embeddable":true,"href":"https:\/\/elcanillita.info\/press\/wp-json\/wp\/v2\/categories?post=677"},{"taxonomy":"post_tag","embeddable":true,"href":"https:\/\/elcanillita.info\/press\/wp-json\/wp\/v2\/tags?post=677"}],"curies":[{"name":"wp","href":"https:\/\/api.w.org\/{rel}","templated":true}]}}