{"id":675,"date":"2020-04-13T18:11:51","date_gmt":"2020-04-13T21:11:51","guid":{"rendered":"https:\/\/elcanillita.info\/press\/?p=675"},"modified":"2020-04-13T18:11:53","modified_gmt":"2020-04-13T21:11:53","slug":"ecuador-moreno-ordena-reduccion-salario","status":"publish","type":"post","link":"https:\/\/elcanillita.info\/press\/2020\/04\/13\/ecuador-moreno-ordena-reduccion-salario\/","title":{"rendered":"Ecuador: Moreno ordena reducci\u00f3n de su salario y de colaboradores mientras lucha contra el coronavirus"},"content":{"rendered":"\n<p>Quito, 13.04.2020 &#8211; La crisis sanitaria, econ\u00f3mica y social que vive Ecuador debido al COVID-19 ha llevado al presidente Len\u00edn Moreno a realizar ajustes en materia econ\u00f3mica que fueron anunciados en una cadena nacional.<\/p>\n\n\n\n<p>La pandemia no vino sola, se une a la baja del precio del petr\u00f3leo, ca\u00edda de exportaciones, menos recaudaci\u00f3n de tributos y ruptura de dos oleoductos que transportan petr\u00f3leo.<\/p>\n\n\n\n<p>El presidente anunci\u00f3 la creaci\u00f3n de una \u201cCuenta de Asistencia Humanitaria\u201d para reforzar la atenci\u00f3n de \u00e1reas estrat\u00e9gicas como salud, alimentos y empleo. Esta no ser\u00e1 manejada por el Estado, sino por representantes de la sociedad civil, que controlar\u00e1 los ingresos y vigilar\u00e1 los gastos.<\/p>\n\n\n\n<p>Las empresas que ganaron m\u00e1s de 1 mill\u00f3n de d\u00f3lares deber\u00e1n contribuir con el 5% de sus utilidades, los trabajadores que reciben m\u00e1s de 500 d\u00f3lares al mes deber\u00e1n contribuir por los siguientes nueve meses con 2 d\u00f3lares mensuales. Se publicar\u00e1 una tabla con incrementos progresivos de acuerdo al salario, por ejemplo quienes ganen $50.000 mensuales pagar\u00e1n $4.400.<\/p>\n\n\n\n<p>Tambi\u00e9n a trav\u00e9s de su cuenta de Twitter, Moreno se\u00f1al\u00f3 que ha dispuesto la reducci\u00f3n del 50% en los ingresos mensuales de los principales cargos de gobierno y de la Asamblea Nacional.<br> La medida sorprendi\u00f3 a la ciudadan\u00eda. El anuncio de la reducci\u00f3n de salarios lleg\u00f3 despu\u00e9s de que circulara en redes una campa\u00f1a impulsada por la sociedad civil para que se reduzca el sueldo y el n\u00famero de asamble\u00edstas en el pa\u00eds.<br>  <br> El vicepresidente Otto Sonnenholzner junto a otros secretarios de estado visitaron varias provincias afectadas por el COVID-19, especialmente la del Guayas. En el sitio, el secretario de la Presidencia, Juan Sebasti\u00e1n Rold\u00e1n, dio cuenta de la implementaci\u00f3n del n\u00famero de pruebas diarias que alcanzar\u00e1n las 4.000 a partir de los pr\u00f3ximos d\u00edas, que ser\u00e1 posible gracias a la llegada de un equipo de laboratorio de alta tecnolog\u00eda.<\/p>\n\n\n\n<p>Rold\u00e1n dijo que esta cifra que esperan alcanzar de pruebas para detectar casos de coronavirus permitir\u00e1 al pa\u00eds cumplir lo recomendado por los organismos internacionales: &#8220;Ser\u00edamos el segundo pa\u00eds de Sudam\u00e9rica que m\u00e1s muestras haga al d\u00eda&#8221;.<\/p>\n\n\n\n<p>A partir de este lunes se implementan el proceso de semaforizaci\u00f3n rojo, naranja y verde para todas las provincias que presenten m\u00e1s casos positivos. De esta manera se podr\u00e1 ir retornando de a poco las actividades de acuerdo al color que tengan cada semana.<\/p>\n\n\n\n<p><strong>\u00bfC\u00f3mo est\u00e1n afrontando los gobiernos de la regi\u00f3n la crisis del coronavirus?<\/strong><\/p>\n\n\n\n<p>La pasada semana en&nbsp;Guayaquil se registraron problemas para el levantamiento de cad\u00e1veres en hogares, una saturaci\u00f3n en las morgues de los hospitales p\u00fablicos y el colapso de los servicios exequiales por la demanda y las duras restricciones de movilidad en el pa\u00eds.<\/p>\n\n\n\n<p>El gobierno coloc\u00f3 contenedores refrigerados en varios hospitales, que funcionaron como morgues temporales para depositar a muertos que puedan ser enterrados. En Guayaquil tambi\u00e9n se han registrado denuncias de aumento de precios de ata\u00fades y de servicios funerarios en la ciudad.<br><br>\n<small>2020 voanoticias \u2013 salastampa.eu, afiliada a la red Broadcasting Board of Governors \u00a9 2020 BBG<\/small>\n<\/p>\n","protected":false},"excerpt":{"rendered":"<p>Quito, 13.04.2020 &#8211; La crisis sanitaria, econ\u00f3mica y social que vive Ecuador debido al COVID-19 ha llevado al presidente Len\u00edn Moreno a realizar ajustes en materia econ\u00f3mica que fueron anunciados en una cadena nacional.<\/p>\n","protected":false},"author":1,"featured_media":0,"comment_status":"closed","ping_status":"closed","sticky":false,"template":"","format":"standard","meta":{"footnotes":"","_links_to":"","_links_to_target":""},"categories":[70,11,20,23],"tags":[53],"class_list":["post-675","post","type-post","status-publish","format-standard","hentry","category-actualidad","category-america-del-sur","category-economia","category-politica","tag-ecuador","entry","double"],"yoast_head":"<!-- This site is optimized with the Yoast SEO plugin v27.4 - https:\/\/yoast.com\/product\/yoast-seo-wordpress\/ -->\n<title>Ecuador: Moreno ordena reducci\u00f3n de su salario y de colaboradores mientras lucha contra el coronavirus - ElCanillita.Info<\/title>\n<meta name=\"robots\" content=\"index, follow, max-snippet:-1, max-image-preview:large, max-video-preview:-1\" \/>\n<link rel=\"canonical\" href=\"https:\/\/elcanillita.info\/press\/2020\/04\/13\/ecuador-moreno-ordena-reduccion-salario\/\" \/>\n<meta property=\"og:locale\" content=\"es_ES\" \/>\n<meta property=\"og:type\" content=\"article\" \/>\n<meta property=\"og:title\" content=\"Ecuador: Moreno ordena reducci\u00f3n de su salario y de colaboradores mientras lucha contra el coronavirus - ElCanillita.Info\" \/>\n<meta property=\"og:description\" content=\"Quito, 13.04.2020 - La crisis sanitaria, econ\u00f3mica y social que vive Ecuador debido al COVID-19 ha llevado al presidente Len\u00edn Moreno a realizar ajustes en materia econ\u00f3mica que fueron anunciados en una cadena nacional.\" \/>\n<meta property=\"og:url\" content=\"https:\/\/elcanillita.info\/press\/2020\/04\/13\/ecuador-moreno-ordena-reduccion-salario\/\" \/>\n<meta property=\"og:site_name\" content=\"ElCanillita.Info\" \/>\n<meta property=\"article:publisher\" content=\"https:\/\/ar-ar.facebook.com\/ElCanillitainfo-114249515285712\/\" \/>\n<meta property=\"article:published_time\" content=\"2020-04-13T21:11:51+00:00\" \/>\n<meta property=\"article:modified_time\" content=\"2020-04-13T21:11:53+00:00\" \/>\n<meta name=\"author\" content=\"SalaStampa.eu, world press service\" \/>\n<meta name=\"twitter:card\" content=\"summary_large_image\" \/>\n<meta name=\"twitter:label1\" content=\"Escrito por\" \/>\n\t<meta name=\"twitter:data1\" content=\"SalaStampa.eu, world press service\" \/>\n\t<meta name=\"twitter:label2\" content=\"Tiempo de lectura\" \/>\n\t<meta name=\"twitter:data2\" content=\"3 minutos\" \/>\n<script type=\"application\/ld+json\" class=\"yoast-schema-graph\">{\"@context\":\"https:\\\/\\\/schema.org\",\"@graph\":[{\"@type\":\"Article\",\"@id\":\"https:\\\/\\\/elcanillita.info\\\/press\\\/2020\\\/04\\\/13\\\/ecuador-moreno-ordena-reduccion-salario\\\/#article\",\"isPartOf\":{\"@id\":\"https:\\\/\\\/elcanillita.info\\\/press\\\/2020\\\/04\\\/13\\\/ecuador-moreno-ordena-reduccion-salario\\\/\"},\"author\":{\"name\":\"SalaStampa.eu, world press service\",\"@id\":\"https:\\\/\\\/elcanillita.info\\\/press\\\/#\\\/schema\\\/person\\\/7fcb79f38045700919f7da6d97e71ba0\"},\"headline\":\"Ecuador: Moreno ordena reducci\u00f3n de su salario y de colaboradores mientras lucha contra el coronavirus\",\"datePublished\":\"2020-04-13T21:11:51+00:00\",\"dateModified\":\"2020-04-13T21:11:53+00:00\",\"mainEntityOfPage\":{\"@id\":\"https:\\\/\\\/elcanillita.info\\\/press\\\/2020\\\/04\\\/13\\\/ecuador-moreno-ordena-reduccion-salario\\\/\"},\"wordCount\":559,\"publisher\":{\"@id\":\"https:\\\/\\\/elcanillita.info\\\/press\\\/#organization\"},\"keywords\":[\"Ecuador\"],\"articleSection\":[\"Actualidad\",\"Am\u00e9rica del Sur\",\"Economia\",\"Politica\"],\"inLanguage\":\"es-AR\"},{\"@type\":\"WebPage\",\"@id\":\"https:\\\/\\\/elcanillita.info\\\/press\\\/2020\\\/04\\\/13\\\/ecuador-moreno-ordena-reduccion-salario\\\/\",\"url\":\"https:\\\/\\\/elcanillita.info\\\/press\\\/2020\\\/04\\\/13\\\/ecuador-moreno-ordena-reduccion-salario\\\/\",\"name\":\"Ecuador: Moreno ordena reducci\u00f3n de su salario y de colaboradores mientras lucha contra el coronavirus - ElCanillita.Info\",\"isPartOf\":{\"@id\":\"https:\\\/\\\/elcanillita.info\\\/press\\\/#website\"},\"datePublished\":\"2020-04-13T21:11:51+00:00\",\"dateModified\":\"2020-04-13T21:11:53+00:00\",\"inLanguage\":\"es-AR\",\"potentialAction\":[{\"@type\":\"ReadAction\",\"target\":[\"https:\\\/\\\/elcanillita.info\\\/press\\\/2020\\\/04\\\/13\\\/ecuador-moreno-ordena-reduccion-salario\\\/\"]}]},{\"@type\":\"WebSite\",\"@id\":\"https:\\\/\\\/elcanillita.info\\\/press\\\/#website\",\"url\":\"https:\\\/\\\/elcanillita.info\\\/press\\\/\",\"name\":\"ElCanillita.Info\",\"description\":\"desde los Apeninos a los Andes\",\"publisher\":{\"@id\":\"https:\\\/\\\/elcanillita.info\\\/press\\\/#organization\"},\"potentialAction\":[{\"@type\":\"SearchAction\",\"target\":{\"@type\":\"EntryPoint\",\"urlTemplate\":\"https:\\\/\\\/elcanillita.info\\\/press\\\/?s={search_term_string}\"},\"query-input\":{\"@type\":\"PropertyValueSpecification\",\"valueRequired\":true,\"valueName\":\"search_term_string\"}}],\"inLanguage\":\"es-AR\"},{\"@type\":\"Organization\",\"@id\":\"https:\\\/\\\/elcanillita.info\\\/press\\\/#organization\",\"name\":\"Guzzo Photos & Graphic Publications\",\"url\":\"https:\\\/\\\/elcanillita.info\\\/press\\\/\",\"logo\":{\"@type\":\"ImageObject\",\"inLanguage\":\"es-AR\",\"@id\":\"https:\\\/\\\/elcanillita.info\\\/press\\\/#\\\/schema\\\/logo\\\/image\\\/\",\"url\":\"https:\\\/\\\/elcanillita.info\\\/press\\\/images\\\/2020\\\/01\\\/cropped-cropped-cropped-elcanillitainfo.png\",\"contentUrl\":\"https:\\\/\\\/elcanillita.info\\\/press\\\/images\\\/2020\\\/01\\\/cropped-cropped-cropped-elcanillitainfo.png\",\"width\":460,\"height\":50,\"caption\":\"Guzzo Photos & Graphic Publications\"},\"image\":{\"@id\":\"https:\\\/\\\/elcanillita.info\\\/press\\\/#\\\/schema\\\/logo\\\/image\\\/\"},\"sameAs\":[\"https:\\\/\\\/ar-ar.facebook.com\\\/ElCanillitainfo-114249515285712\\\/\"]},{\"@type\":\"Person\",\"@id\":\"https:\\\/\\\/elcanillita.info\\\/press\\\/#\\\/schema\\\/person\\\/7fcb79f38045700919f7da6d97e71ba0\",\"name\":\"SalaStampa.eu, world press service\",\"image\":{\"@type\":\"ImageObject\",\"inLanguage\":\"es-AR\",\"@id\":\"https:\\\/\\\/secure.gravatar.com\\\/avatar\\\/c2f0e0d515a107624234994507816ca4724c7199cef73fc8bedebf6931d73888?s=96&d=mm&r=g\",\"url\":\"https:\\\/\\\/secure.gravatar.com\\\/avatar\\\/c2f0e0d515a107624234994507816ca4724c7199cef73fc8bedebf6931d73888?s=96&d=mm&r=g\",\"contentUrl\":\"https:\\\/\\\/secure.gravatar.com\\\/avatar\\\/c2f0e0d515a107624234994507816ca4724c7199cef73fc8bedebf6931d73888?s=96&d=mm&r=g\",\"caption\":\"SalaStampa.eu, world press service\"}}]}<\/script>\n<!-- \/ Yoast SEO plugin. -->","yoast_head_json":{"title":"Ecuador: Moreno ordena reducci\u00f3n de su salario y de colaboradores mientras lucha contra el coronavirus - ElCanillita.Info","robots":{"index":"index","follow":"follow","max-snippet":"max-snippet:-1","max-image-preview":"max-image-preview:large","max-video-preview":"max-video-preview:-1"},"canonical":"https:\/\/elcanillita.info\/press\/2020\/04\/13\/ecuador-moreno-ordena-reduccion-salario\/","og_locale":"es_ES","og_type":"article","og_title":"Ecuador: Moreno ordena reducci\u00f3n de su salario y de colaboradores mientras lucha contra el coronavirus - ElCanillita.Info","og_description":"Quito, 13.04.2020 - La crisis sanitaria, econ\u00f3mica y social que vive Ecuador debido al COVID-19 ha llevado al presidente Len\u00edn Moreno a realizar ajustes en materia econ\u00f3mica que fueron anunciados en una cadena nacional.","og_url":"https:\/\/elcanillita.info\/press\/2020\/04\/13\/ecuador-moreno-ordena-reduccion-salario\/","og_site_name":"ElCanillita.Info","article_publisher":"https:\/\/ar-ar.facebook.com\/ElCanillitainfo-114249515285712\/","article_published_time":"2020-04-13T21:11:51+00:00","article_modified_time":"2020-04-13T21:11:53+00:00","author":"SalaStampa.eu, world press service","twitter_card":"summary_large_image","twitter_misc":{"Escrito por":"SalaStampa.eu, world press service","Tiempo de lectura":"3 minutos"},"schema":{"@context":"https:\/\/schema.org","@graph":[{"@type":"Article","@id":"https:\/\/elcanillita.info\/press\/2020\/04\/13\/ecuador-moreno-ordena-reduccion-salario\/#article","isPartOf":{"@id":"https:\/\/elcanillita.info\/press\/2020\/04\/13\/ecuador-moreno-ordena-reduccion-salario\/"},"author":{"name":"SalaStampa.eu, world press service","@id":"https:\/\/elcanillita.info\/press\/#\/schema\/person\/7fcb79f38045700919f7da6d97e71ba0"},"headline":"Ecuador: Moreno ordena reducci\u00f3n de su salario y de colaboradores mientras lucha contra el coronavirus","datePublished":"2020-04-13T21:11:51+00:00","dateModified":"2020-04-13T21:11:53+00:00","mainEntityOfPage":{"@id":"https:\/\/elcanillita.info\/press\/2020\/04\/13\/ecuador-moreno-ordena-reduccion-salario\/"},"wordCount":559,"publisher":{"@id":"https:\/\/elcanillita.info\/press\/#organization"},"keywords":["Ecuador"],"articleSection":["Actualidad","Am\u00e9rica del Sur","Economia","Politica"],"inLanguage":"es-AR"},{"@type":"WebPage","@id":"https:\/\/elcanillita.info\/press\/2020\/04\/13\/ecuador-moreno-ordena-reduccion-salario\/","url":"https:\/\/elcanillita.info\/press\/2020\/04\/13\/ecuador-moreno-ordena-reduccion-salario\/","name":"Ecuador: Moreno ordena reducci\u00f3n de su salario y de colaboradores mientras lucha contra el coronavirus - ElCanillita.Info","isPartOf":{"@id":"https:\/\/elcanillita.info\/press\/#website"},"datePublished":"2020-04-13T21:11:51+00:00","dateModified":"2020-04-13T21:11:53+00:00","inLanguage":"es-AR","potentialAction":[{"@type":"ReadAction","target":["https:\/\/elcanillita.info\/press\/2020\/04\/13\/ecuador-moreno-ordena-reduccion-salario\/"]}]},{"@type":"WebSite","@id":"https:\/\/elcanillita.info\/press\/#website","url":"https:\/\/elcanillita.info\/press\/","name":"ElCanillita.Info","description":"desde los Apeninos a los Andes","publisher":{"@id":"https:\/\/elcanillita.info\/press\/#organization"},"potentialAction":[{"@type":"SearchAction","target":{"@type":"EntryPoint","urlTemplate":"https:\/\/elcanillita.info\/press\/?s={search_term_string}"},"query-input":{"@type":"PropertyValueSpecification","valueRequired":true,"valueName":"search_term_string"}}],"inLanguage":"es-AR"},{"@type":"Organization","@id":"https:\/\/elcanillita.info\/press\/#organization","name":"Guzzo Photos & Graphic Publications","url":"https:\/\/elcanillita.info\/press\/","logo":{"@type":"ImageObject","inLanguage":"es-AR","@id":"https:\/\/elcanillita.info\/press\/#\/schema\/logo\/image\/","url":"https:\/\/elcanillita.info\/press\/images\/2020\/01\/cropped-cropped-cropped-elcanillitainfo.png","contentUrl":"https:\/\/elcanillita.info\/press\/images\/2020\/01\/cropped-cropped-cropped-elcanillitainfo.png","width":460,"height":50,"caption":"Guzzo Photos & Graphic Publications"},"image":{"@id":"https:\/\/elcanillita.info\/press\/#\/schema\/logo\/image\/"},"sameAs":["https:\/\/ar-ar.facebook.com\/ElCanillitainfo-114249515285712\/"]},{"@type":"Person","@id":"https:\/\/elcanillita.info\/press\/#\/schema\/person\/7fcb79f38045700919f7da6d97e71ba0","name":"SalaStampa.eu, world press service","image":{"@type":"ImageObject","inLanguage":"es-AR","@id":"https:\/\/secure.gravatar.com\/avatar\/c2f0e0d515a107624234994507816ca4724c7199cef73fc8bedebf6931d73888?s=96&d=mm&r=g","url":"https:\/\/secure.gravatar.com\/avatar\/c2f0e0d515a107624234994507816ca4724c7199cef73fc8bedebf6931d73888?s=96&d=mm&r=g","contentUrl":"https:\/\/secure.gravatar.com\/avatar\/c2f0e0d515a107624234994507816ca4724c7199cef73fc8bedebf6931d73888?s=96&d=mm&r=g","caption":"SalaStampa.eu, world press service"}}]}},"views":762,"_links":{"self":[{"href":"https:\/\/elcanillita.info\/press\/wp-json\/wp\/v2\/posts\/675","targetHints":{"allow":["GET"]}}],"collection":[{"href":"https:\/\/elcanillita.info\/press\/wp-json\/wp\/v2\/posts"}],"about":[{"href":"https:\/\/elcanillita.info\/press\/wp-json\/wp\/v2\/types\/post"}],"author":[{"embeddable":true,"href":"https:\/\/elcanillita.info\/press\/wp-json\/wp\/v2\/users\/1"}],"replies":[{"embeddable":true,"href":"https:\/\/elcanillita.info\/press\/wp-json\/wp\/v2\/comments?post=675"}],"version-history":[{"count":0,"href":"https:\/\/elcanillita.info\/press\/wp-json\/wp\/v2\/posts\/675\/revisions"}],"wp:attachment":[{"href":"https:\/\/elcanillita.info\/press\/wp-json\/wp\/v2\/media?parent=675"}],"wp:term":[{"taxonomy":"category","embeddable":true,"href":"https:\/\/elcanillita.info\/press\/wp-json\/wp\/v2\/categories?post=675"},{"taxonomy":"post_tag","embeddable":true,"href":"https:\/\/elcanillita.info\/press\/wp-json\/wp\/v2\/tags?post=675"}],"curies":[{"name":"wp","href":"https:\/\/api.w.org\/{rel}","templated":true}]}}