{"id":673,"date":"2020-04-13T18:07:26","date_gmt":"2020-04-13T21:07:26","guid":{"rendered":"https:\/\/elcanillita.info\/press\/?p=673"},"modified":"2020-04-13T18:07:27","modified_gmt":"2020-04-13T21:07:27","slug":"muere-presidente-bolsa-valores-mejico","status":"publish","type":"post","link":"https:\/\/elcanillita.info\/press\/2020\/04\/13\/muere-presidente-bolsa-valores-mejico\/","title":{"rendered":"Muere por COVID-19 presidente de Bolsa de Valores de M\u00e9jico"},"content":{"rendered":"\n<p>M\u00e9jico, 13.04.2020 &#8211; El presidente del Consejo de Administraci\u00f3n de la Bolsa Mejicana de Valores, Jaime Ruiz Sacrist\u00e1n, muri\u00f3 este domingo a los 70 a\u00f1os, tras ser diagnosticado como positivo a Covid-19 el&nbsp;13 de marzo, luego de un viaje a Vail, Colorado, Estados Unidos.&nbsp;<\/p>\n\n\n\n<p>La Secretar\u00eda de Salud del gobierno mexicano dio a conocer que el n\u00famero de personas fallecidas es de 296 y hay un total de 4.661 contagiados.&nbsp;<\/p>\n\n\n\n<p>El presidente Andr\u00e9s Manuel L\u00f3pez Obrador inform\u00f3 que ser\u00e1 este lunes cuando su hom\u00f3logo de Estados Unidos, Donald Trump, responda a su solicitud de que vendan a M\u00e9xico 10.000 respiradores&nbsp;y monitores para enfrentar la pandemia.&nbsp;<\/p>\n\n\n\n<p>L\u00f3pez Obrador envi\u00f3 condolencias a familiares de las personas muertas.&nbsp;<\/p>\n\n\n\n<p>\u201cHoy se dio la noticia de que muri\u00f3 Jaime Ruiz Sacrist\u00e1n, presidente de la Bolsa Mexicana de Valores, a sus familiares y amigos, mis condolencias\u201d.&nbsp;<\/p>\n\n\n\n<p><strong>M\u00e9jico: AMLO presenta plan para enfrentar crisis provocada por pandemia<\/strong><br> En otro tema, la secretaria de Energ\u00eda, Roc\u00edo Nalhe, inform\u00f3 que en la reuni\u00f3n extraordinaria de la OPEP se alcanz\u00f3 un acuerdo un\u00e1nime de los 23 pa\u00edses para reducir la producci\u00f3n petrolera en 9,7 millones de barriles diarios a partir de mayo.&nbsp;<\/p>\n\n\n\n<p>El acuerdo se concret\u00f3 luego de intensas negociaciones en las que M\u00e9jico se mantuvo en su postura de bajar su producci\u00f3n solo en 100.000&nbsp;barriles.<\/p>\n\n\n\n<p>El presidente L\u00f3pez Obrador dijo que acord\u00f3 con su hom\u00f3logo Donald Trump que Estados Unidos disminuir\u00e1 su producci\u00f3n en 250.000 barriles adicionales en nombre de M\u00e9jico.&nbsp;<\/p>\n\n\n\n<p>M\u00e9jico: Casos de COVID-19 aumentan<br><br>\n<small>2020 voanoticias \u2013 salastampa.eu, afiliada a la red Broadcasting Board of Governors \u00a9 2020 BBG<\/small>\n<\/p>\n","protected":false},"excerpt":{"rendered":"<p>M\u00e9jico, 13.04.2020 &#8211; El presidente del Consejo de Administraci\u00f3n de la Bolsa Mejicana de Valores, Jaime Ruiz Sacrist\u00e1n, muri\u00f3 este domingo a los 70 a\u00f1os, tras ser diagnosticado como positivo a Covid-19 el 13 de marzo, luego de un viaje a Vail, Colorado, Estados Unidos. <\/p>\n","protected":false},"author":1,"featured_media":0,"comment_status":"closed","ping_status":"closed","sticky":false,"template":"","format":"standard","meta":{"footnotes":"","_links_to":"","_links_to_target":""},"categories":[70,9,20,25],"tags":[57],"class_list":["post-673","post","type-post","status-publish","format-standard","hentry","category-actualidad","category-america-del-norte","category-economia","category-sociedad","tag-mejico","entry","double"],"yoast_head":"<!-- This site is optimized with the Yoast SEO plugin v27.5 - https:\/\/yoast.com\/product\/yoast-seo-wordpress\/ -->\n<title>Muere por COVID-19 presidente de Bolsa de Valores de M\u00e9jico - ElCanillita.Info<\/title>\n<meta name=\"robots\" content=\"index, follow, max-snippet:-1, max-image-preview:large, max-video-preview:-1\" \/>\n<link rel=\"canonical\" href=\"https:\/\/elcanillita.info\/press\/2020\/04\/13\/muere-presidente-bolsa-valores-mejico\/\" \/>\n<meta property=\"og:locale\" content=\"es_ES\" \/>\n<meta property=\"og:type\" content=\"article\" \/>\n<meta property=\"og:title\" content=\"Muere por COVID-19 presidente de Bolsa de Valores de M\u00e9jico - ElCanillita.Info\" \/>\n<meta property=\"og:description\" content=\"M\u00e9jico, 13.04.2020 - El presidente del Consejo de Administraci\u00f3n de la Bolsa Mejicana de Valores, Jaime Ruiz Sacrist\u00e1n, muri\u00f3 este domingo a los 70 a\u00f1os, tras ser diagnosticado como positivo a Covid-19 el 13 de marzo, luego de un viaje a Vail, Colorado, Estados Unidos.\" \/>\n<meta property=\"og:url\" content=\"https:\/\/elcanillita.info\/press\/2020\/04\/13\/muere-presidente-bolsa-valores-mejico\/\" \/>\n<meta property=\"og:site_name\" content=\"ElCanillita.Info\" \/>\n<meta property=\"article:publisher\" content=\"https:\/\/ar-ar.facebook.com\/ElCanillitainfo-114249515285712\/\" \/>\n<meta property=\"article:published_time\" content=\"2020-04-13T21:07:26+00:00\" \/>\n<meta property=\"article:modified_time\" content=\"2020-04-13T21:07:27+00:00\" \/>\n<meta name=\"author\" content=\"SalaStampa.eu, world press service\" \/>\n<meta name=\"twitter:card\" content=\"summary_large_image\" \/>\n<meta name=\"twitter:label1\" content=\"Escrito por\" \/>\n\t<meta name=\"twitter:data1\" content=\"SalaStampa.eu, world press service\" \/>\n\t<meta name=\"twitter:label2\" content=\"Tiempo de lectura\" \/>\n\t<meta name=\"twitter:data2\" content=\"1 minuto\" \/>\n<script type=\"application\/ld+json\" class=\"yoast-schema-graph\">{\"@context\":\"https:\\\/\\\/schema.org\",\"@graph\":[{\"@type\":\"Article\",\"@id\":\"https:\\\/\\\/elcanillita.info\\\/press\\\/2020\\\/04\\\/13\\\/muere-presidente-bolsa-valores-mejico\\\/#article\",\"isPartOf\":{\"@id\":\"https:\\\/\\\/elcanillita.info\\\/press\\\/2020\\\/04\\\/13\\\/muere-presidente-bolsa-valores-mejico\\\/\"},\"author\":{\"name\":\"SalaStampa.eu, world press service\",\"@id\":\"https:\\\/\\\/elcanillita.info\\\/press\\\/#\\\/schema\\\/person\\\/7fcb79f38045700919f7da6d97e71ba0\"},\"headline\":\"Muere por COVID-19 presidente de Bolsa de Valores de M\u00e9jico\",\"datePublished\":\"2020-04-13T21:07:26+00:00\",\"dateModified\":\"2020-04-13T21:07:27+00:00\",\"mainEntityOfPage\":{\"@id\":\"https:\\\/\\\/elcanillita.info\\\/press\\\/2020\\\/04\\\/13\\\/muere-presidente-bolsa-valores-mejico\\\/\"},\"wordCount\":299,\"publisher\":{\"@id\":\"https:\\\/\\\/elcanillita.info\\\/press\\\/#organization\"},\"keywords\":[\"M\u00e9jico\"],\"articleSection\":[\"Actualidad\",\"Am\u00e9rica del Norte\",\"Economia\",\"Sociedad\"],\"inLanguage\":\"es-AR\"},{\"@type\":\"WebPage\",\"@id\":\"https:\\\/\\\/elcanillita.info\\\/press\\\/2020\\\/04\\\/13\\\/muere-presidente-bolsa-valores-mejico\\\/\",\"url\":\"https:\\\/\\\/elcanillita.info\\\/press\\\/2020\\\/04\\\/13\\\/muere-presidente-bolsa-valores-mejico\\\/\",\"name\":\"Muere por COVID-19 presidente de Bolsa de Valores de M\u00e9jico - ElCanillita.Info\",\"isPartOf\":{\"@id\":\"https:\\\/\\\/elcanillita.info\\\/press\\\/#website\"},\"datePublished\":\"2020-04-13T21:07:26+00:00\",\"dateModified\":\"2020-04-13T21:07:27+00:00\",\"inLanguage\":\"es-AR\",\"potentialAction\":[{\"@type\":\"ReadAction\",\"target\":[\"https:\\\/\\\/elcanillita.info\\\/press\\\/2020\\\/04\\\/13\\\/muere-presidente-bolsa-valores-mejico\\\/\"]}]},{\"@type\":\"WebSite\",\"@id\":\"https:\\\/\\\/elcanillita.info\\\/press\\\/#website\",\"url\":\"https:\\\/\\\/elcanillita.info\\\/press\\\/\",\"name\":\"ElCanillita.Info\",\"description\":\"desde los Apeninos a los Andes\",\"publisher\":{\"@id\":\"https:\\\/\\\/elcanillita.info\\\/press\\\/#organization\"},\"potentialAction\":[{\"@type\":\"SearchAction\",\"target\":{\"@type\":\"EntryPoint\",\"urlTemplate\":\"https:\\\/\\\/elcanillita.info\\\/press\\\/?s={search_term_string}\"},\"query-input\":{\"@type\":\"PropertyValueSpecification\",\"valueRequired\":true,\"valueName\":\"search_term_string\"}}],\"inLanguage\":\"es-AR\"},{\"@type\":\"Organization\",\"@id\":\"https:\\\/\\\/elcanillita.info\\\/press\\\/#organization\",\"name\":\"Guzzo Photos & Graphic Publications\",\"url\":\"https:\\\/\\\/elcanillita.info\\\/press\\\/\",\"logo\":{\"@type\":\"ImageObject\",\"inLanguage\":\"es-AR\",\"@id\":\"https:\\\/\\\/elcanillita.info\\\/press\\\/#\\\/schema\\\/logo\\\/image\\\/\",\"url\":\"https:\\\/\\\/elcanillita.info\\\/press\\\/images\\\/2020\\\/01\\\/cropped-cropped-cropped-elcanillitainfo.png\",\"contentUrl\":\"https:\\\/\\\/elcanillita.info\\\/press\\\/images\\\/2020\\\/01\\\/cropped-cropped-cropped-elcanillitainfo.png\",\"width\":460,\"height\":50,\"caption\":\"Guzzo Photos & Graphic Publications\"},\"image\":{\"@id\":\"https:\\\/\\\/elcanillita.info\\\/press\\\/#\\\/schema\\\/logo\\\/image\\\/\"},\"sameAs\":[\"https:\\\/\\\/ar-ar.facebook.com\\\/ElCanillitainfo-114249515285712\\\/\"]},{\"@type\":\"Person\",\"@id\":\"https:\\\/\\\/elcanillita.info\\\/press\\\/#\\\/schema\\\/person\\\/7fcb79f38045700919f7da6d97e71ba0\",\"name\":\"SalaStampa.eu, world press service\",\"image\":{\"@type\":\"ImageObject\",\"inLanguage\":\"es-AR\",\"@id\":\"https:\\\/\\\/secure.gravatar.com\\\/avatar\\\/c2f0e0d515a107624234994507816ca4724c7199cef73fc8bedebf6931d73888?s=96&d=mm&r=g\",\"url\":\"https:\\\/\\\/secure.gravatar.com\\\/avatar\\\/c2f0e0d515a107624234994507816ca4724c7199cef73fc8bedebf6931d73888?s=96&d=mm&r=g\",\"contentUrl\":\"https:\\\/\\\/secure.gravatar.com\\\/avatar\\\/c2f0e0d515a107624234994507816ca4724c7199cef73fc8bedebf6931d73888?s=96&d=mm&r=g\",\"caption\":\"SalaStampa.eu, world press service\"}}]}<\/script>\n<!-- \/ Yoast SEO plugin. -->","yoast_head_json":{"title":"Muere por COVID-19 presidente de Bolsa de Valores de M\u00e9jico - ElCanillita.Info","robots":{"index":"index","follow":"follow","max-snippet":"max-snippet:-1","max-image-preview":"max-image-preview:large","max-video-preview":"max-video-preview:-1"},"canonical":"https:\/\/elcanillita.info\/press\/2020\/04\/13\/muere-presidente-bolsa-valores-mejico\/","og_locale":"es_ES","og_type":"article","og_title":"Muere por COVID-19 presidente de Bolsa de Valores de M\u00e9jico - ElCanillita.Info","og_description":"M\u00e9jico, 13.04.2020 - El presidente del Consejo de Administraci\u00f3n de la Bolsa Mejicana de Valores, Jaime Ruiz Sacrist\u00e1n, muri\u00f3 este domingo a los 70 a\u00f1os, tras ser diagnosticado como positivo a Covid-19 el 13 de marzo, luego de un viaje a Vail, Colorado, Estados Unidos.","og_url":"https:\/\/elcanillita.info\/press\/2020\/04\/13\/muere-presidente-bolsa-valores-mejico\/","og_site_name":"ElCanillita.Info","article_publisher":"https:\/\/ar-ar.facebook.com\/ElCanillitainfo-114249515285712\/","article_published_time":"2020-04-13T21:07:26+00:00","article_modified_time":"2020-04-13T21:07:27+00:00","author":"SalaStampa.eu, world press service","twitter_card":"summary_large_image","twitter_misc":{"Escrito por":"SalaStampa.eu, world press service","Tiempo de lectura":"1 minuto"},"schema":{"@context":"https:\/\/schema.org","@graph":[{"@type":"Article","@id":"https:\/\/elcanillita.info\/press\/2020\/04\/13\/muere-presidente-bolsa-valores-mejico\/#article","isPartOf":{"@id":"https:\/\/elcanillita.info\/press\/2020\/04\/13\/muere-presidente-bolsa-valores-mejico\/"},"author":{"name":"SalaStampa.eu, world press service","@id":"https:\/\/elcanillita.info\/press\/#\/schema\/person\/7fcb79f38045700919f7da6d97e71ba0"},"headline":"Muere por COVID-19 presidente de Bolsa de Valores de M\u00e9jico","datePublished":"2020-04-13T21:07:26+00:00","dateModified":"2020-04-13T21:07:27+00:00","mainEntityOfPage":{"@id":"https:\/\/elcanillita.info\/press\/2020\/04\/13\/muere-presidente-bolsa-valores-mejico\/"},"wordCount":299,"publisher":{"@id":"https:\/\/elcanillita.info\/press\/#organization"},"keywords":["M\u00e9jico"],"articleSection":["Actualidad","Am\u00e9rica del Norte","Economia","Sociedad"],"inLanguage":"es-AR"},{"@type":"WebPage","@id":"https:\/\/elcanillita.info\/press\/2020\/04\/13\/muere-presidente-bolsa-valores-mejico\/","url":"https:\/\/elcanillita.info\/press\/2020\/04\/13\/muere-presidente-bolsa-valores-mejico\/","name":"Muere por COVID-19 presidente de Bolsa de Valores de M\u00e9jico - ElCanillita.Info","isPartOf":{"@id":"https:\/\/elcanillita.info\/press\/#website"},"datePublished":"2020-04-13T21:07:26+00:00","dateModified":"2020-04-13T21:07:27+00:00","inLanguage":"es-AR","potentialAction":[{"@type":"ReadAction","target":["https:\/\/elcanillita.info\/press\/2020\/04\/13\/muere-presidente-bolsa-valores-mejico\/"]}]},{"@type":"WebSite","@id":"https:\/\/elcanillita.info\/press\/#website","url":"https:\/\/elcanillita.info\/press\/","name":"ElCanillita.Info","description":"desde los Apeninos a los Andes","publisher":{"@id":"https:\/\/elcanillita.info\/press\/#organization"},"potentialAction":[{"@type":"SearchAction","target":{"@type":"EntryPoint","urlTemplate":"https:\/\/elcanillita.info\/press\/?s={search_term_string}"},"query-input":{"@type":"PropertyValueSpecification","valueRequired":true,"valueName":"search_term_string"}}],"inLanguage":"es-AR"},{"@type":"Organization","@id":"https:\/\/elcanillita.info\/press\/#organization","name":"Guzzo Photos & Graphic Publications","url":"https:\/\/elcanillita.info\/press\/","logo":{"@type":"ImageObject","inLanguage":"es-AR","@id":"https:\/\/elcanillita.info\/press\/#\/schema\/logo\/image\/","url":"https:\/\/elcanillita.info\/press\/images\/2020\/01\/cropped-cropped-cropped-elcanillitainfo.png","contentUrl":"https:\/\/elcanillita.info\/press\/images\/2020\/01\/cropped-cropped-cropped-elcanillitainfo.png","width":460,"height":50,"caption":"Guzzo Photos & Graphic Publications"},"image":{"@id":"https:\/\/elcanillita.info\/press\/#\/schema\/logo\/image\/"},"sameAs":["https:\/\/ar-ar.facebook.com\/ElCanillitainfo-114249515285712\/"]},{"@type":"Person","@id":"https:\/\/elcanillita.info\/press\/#\/schema\/person\/7fcb79f38045700919f7da6d97e71ba0","name":"SalaStampa.eu, world press service","image":{"@type":"ImageObject","inLanguage":"es-AR","@id":"https:\/\/secure.gravatar.com\/avatar\/c2f0e0d515a107624234994507816ca4724c7199cef73fc8bedebf6931d73888?s=96&d=mm&r=g","url":"https:\/\/secure.gravatar.com\/avatar\/c2f0e0d515a107624234994507816ca4724c7199cef73fc8bedebf6931d73888?s=96&d=mm&r=g","contentUrl":"https:\/\/secure.gravatar.com\/avatar\/c2f0e0d515a107624234994507816ca4724c7199cef73fc8bedebf6931d73888?s=96&d=mm&r=g","caption":"SalaStampa.eu, world press service"}}]}},"views":822,"_links":{"self":[{"href":"https:\/\/elcanillita.info\/press\/wp-json\/wp\/v2\/posts\/673","targetHints":{"allow":["GET"]}}],"collection":[{"href":"https:\/\/elcanillita.info\/press\/wp-json\/wp\/v2\/posts"}],"about":[{"href":"https:\/\/elcanillita.info\/press\/wp-json\/wp\/v2\/types\/post"}],"author":[{"embeddable":true,"href":"https:\/\/elcanillita.info\/press\/wp-json\/wp\/v2\/users\/1"}],"replies":[{"embeddable":true,"href":"https:\/\/elcanillita.info\/press\/wp-json\/wp\/v2\/comments?post=673"}],"version-history":[{"count":0,"href":"https:\/\/elcanillita.info\/press\/wp-json\/wp\/v2\/posts\/673\/revisions"}],"wp:attachment":[{"href":"https:\/\/elcanillita.info\/press\/wp-json\/wp\/v2\/media?parent=673"}],"wp:term":[{"taxonomy":"category","embeddable":true,"href":"https:\/\/elcanillita.info\/press\/wp-json\/wp\/v2\/categories?post=673"},{"taxonomy":"post_tag","embeddable":true,"href":"https:\/\/elcanillita.info\/press\/wp-json\/wp\/v2\/tags?post=673"}],"curies":[{"name":"wp","href":"https:\/\/api.w.org\/{rel}","templated":true}]}}