{"id":671,"date":"2020-04-13T18:00:06","date_gmt":"2020-04-13T21:00:06","guid":{"rendered":"https:\/\/elcanillita.info\/press\/?p=671"},"modified":"2020-04-13T18:02:13","modified_gmt":"2020-04-13T21:02:13","slug":"alcalde-quito","status":"publish","type":"post","link":"https:\/\/elcanillita.info\/press\/2020\/04\/13\/alcalde-quito\/","title":{"rendered":"Alcalde de Quito: &#8220;En medio de esta tragedia lo m\u00e1s importante es justamente el aprendizaje&#8221;"},"content":{"rendered":"\n<p>Quito, 13.04.2020 &#8211; La capital de Ecuador, ha campeado mejor el temporal en plena pandemia\u00a0con menos casos de enfermos y muertos por coronavirus, a diferencia de la ciudad de Guayaquil, donde una cifra no determinada de personas ha muerto por el mal que ha remecido al mundo.<\/p>\n\n\n\n<p>Si bien se trata de ciudades con poblaciones semejantes \u2013alrededor de 2,7 millones de habitantes cada una, de acuerdo con proyecciones del Instituto Nacional de Estad\u00edstica y Censos- hay quienes creen que la diferencia para que en la capital del Ecuador no se acelere el contagio radica en un mayor respeto a las disposiciones de aislamiento social, pero tambi\u00e9n a la gesti\u00f3n municipal.&nbsp;<\/p>\n\n\n\n<p>La Voz de Am\u00e9rica dialog\u00f3 con el alcalde de Quito, Jorge Yunda, para conocer sus impresiones acerca de las acciones realizadas hasta aqu\u00ed para controlar la epidemia.&nbsp;<\/p>\n\n\n\n<p>De acuerdo con las estad\u00edsticas que ofrece diariamente el Ministerio de Salud P\u00fablica de este pa\u00eds, hasta este s\u00e1bado 11 de abril, se evidenci\u00f3 una relaci\u00f3n de 5 a 1 en cuanto al n\u00famero de contagios en las dos provincias con mayor n\u00famero de habitantes: En Guayas, cuya capital es Guayaquil, se registraron 5.290, mientras que en Pichincha, cuya capital es Quito, hubo 606.&nbsp;<\/p>\n\n\n\n<p>Jorge Wated, quien lidera la fuerza de tarea conjunta, no ha especificado la&nbsp;cifra total de fallecidos en la segunda ciudad m\u00e1s importante del Ecuador. Sin embargo, el pasado lunes 6 de abril, en una entrevista con el periodista Carlos Vera, mencion\u00f3 que la previsi\u00f3n era, para entonces, enterrar a un promedio de 100 personas diarias.&nbsp;<\/p>\n\n\n\n<p><strong>VOA: Se\u00f1or alcalde: \u00bfC\u00f3mo se encuentra Quito y cu\u00e1l es la afectaci\u00f3n a causa de la enfermedad?\u00a0<\/strong><\/p>\n\n\n\n<p>El mundo entero est\u00e1 sufriendo por esta pandemia y est\u00e1 pasando factura, especialmente, a quienes no hemos entendido bien lo que significa el contagio. El n\u00famero de contagiados con el n\u00famero de muertes est\u00e1 directamente vinculado. En nuestros pa\u00edses, en nuestras econom\u00edas, en nuestras realidades sanitarias, la \u00fanica herramienta v\u00e1lida que nos queda es el aislamiento y luchar por tener un m\u00e9todo de diagn\u00f3stico efectivo para no encerrarnos por siempre.<\/p>\n\n\n\n<p>El aislamiento est\u00e1 bien en esta primera etapa, pero ahora tenemos que conseguir pruebas, para diagnosticar qui\u00e9n es positivo y qui\u00e9n es negativo. As\u00ed han logrado vencer a esta pandemia algunos pa\u00edses asi\u00e1ticos. As\u00ed lo han logrado algunos pa\u00edses europeos, que han tenido la posibilidad de realizar este tamizaje con pruebas y creo que nosotros estamos dentro de una predicci\u00f3n muy incalculable. No hemos salido todav\u00eda de esta situaci\u00f3n.&nbsp;<\/p>\n\n\n\n<p>Si bien es cierto, Quito tiene un menor n\u00famero de contagios, persiste el peligro. Tenemos la preocupaci\u00f3n de que cualquier momento se desborde. Es por esa raz\u00f3n que el Municipio se hizo cargo del cerco epidemiol\u00f3gico.&nbsp;<\/p>\n\n\n\n<p>Hemos puesto a disposici\u00f3n del Comit\u00e9 Nacional de Operaciones de Emergencia cientos de funcionarios municipales que fueron capacitados a trav\u00e9s de la tecnolog\u00eda y lo que hemos denominado un \u201ccerco epidemiol\u00f3gico metropolitano\u201d. Posteriormente, se pretende realizar un control de ese cerco. Para entenderlo mejor: los funcionarios, a trav\u00e9s de georreferenciaci\u00f3n,&nbsp;vamos a ubicar a los pacientes positivos, para que mantengan su cuarentena y aplicaremos fuertes multas a quienes la violen. Detr\u00e1s de ese monitoreo, haremos una supervisi\u00f3n a los encargados de realizar ese control.&nbsp;<\/p>\n\n\n\n<p><strong> VOA: \u00bfC\u00f3mo est\u00e1n afrontando los gobiernos de la regi\u00f3n la crisis del coronavirus?<br>           \u00bfCu\u00e1n dif\u00edcil resulta controlar una ciudad como Quito?\u00a0<\/strong><\/p>\n\n\n\n<p>Es muy dif\u00edcil el 100% de control en nuestra sociedad. Asia nos ha dado una gran lecci\u00f3n en obediencia, en disciplina, en tecnolog\u00eda, en ciencia\u2026&nbsp;<\/p>\n\n\n\n<p>Hay ciudadanos que no tienen un nivel suficiente de conciencia o parece que no creen que pueda afectarles o contagiarles. Sin embargo, la gran mayor\u00eda de quite\u00f1os ha respetado la cuarentena y quiero felicitarle. Probablemente, eso ha hecho que no se dispare una curva epidemiol\u00f3gica, pero no estamos libres de ese crecimiento.&nbsp;<\/p>\n\n\n\n<p>Lo que s\u00ed apuntamos es a que el sistema sanitario no colapse. Que apenas demos de alta a pacientes, puedan ingresar otros nuevos, porque el momento que no los podamos atender, especialmente con las unidades de cuidados intensivos, va a pasar lo que, desgraciadamente, ha pasado en Italia, en Espa\u00f1a, en otros pa\u00edses y que hoy vemos que est\u00e1 sucediendo en los Estados Unidos.<br>\nVOA: \u00bfQu\u00e9 lecciones deja hasta aqu\u00ed lo ocurrido en Guayaquil y c\u00f3mo aprovechar esas lecciones para que en Quito no suceda lo mismo?&nbsp;<\/p>\n\n\n\n<p>Yo creo que en medio de esta tragedia lo m\u00e1s importante es justamente el aprendizaje. Es una enfermedad nueva. No existe ning\u00fan pa\u00eds en el mundo, ni siquiera en Wuhan (China), donde se inici\u00f3 la pandemia, que est\u00e9 preparado para esta situaci\u00f3n, que dejar\u00e1, sin lugar a dudas, dolorosas experiencias, pero al fin, experiencias que se pueden corregir en el Ecuador y en el mundo entero.<br>Moreno ordena reducci\u00f3n de su salario y de colaboradores mientras lucha contra el coronavirus<br><br>\n<small>2020 voanoticias \u2013 salastampa.eu, afiliada a la red Broadcasting Board of Governors \u00a9 2020 BBG<\/small>\n<\/p>\n","protected":false},"excerpt":{"rendered":"<p>Quito, 13.04.2020 &#8211; La capital de Ecuador, ha campeado mejor el temporal en plena pandemia con menos casos de enfermos y muertos por coronavirus, a diferencia de la ciudad de Guayaquil, donde una cifra no determinada de personas ha muerto por el mal que ha remecido al mundo.<\/p>\n","protected":false},"author":1,"featured_media":0,"comment_status":"closed","ping_status":"closed","sticky":false,"template":"","format":"standard","meta":{"footnotes":"","_links_to":"","_links_to_target":""},"categories":[70,11,20,23,78],"tags":[53],"class_list":["post-671","post","type-post","status-publish","format-standard","hentry","category-actualidad","category-america-del-sur","category-economia","category-politica","category-sanidad","tag-ecuador","entry","double"],"yoast_head":"<!-- This site is optimized with the Yoast SEO plugin v27.4 - https:\/\/yoast.com\/product\/yoast-seo-wordpress\/ -->\n<title>Alcalde de Quito: &quot;En medio de esta tragedia lo m\u00e1s importante es justamente el aprendizaje&quot; - ElCanillita.Info<\/title>\n<meta name=\"robots\" content=\"index, follow, max-snippet:-1, max-image-preview:large, max-video-preview:-1\" \/>\n<link rel=\"canonical\" href=\"https:\/\/elcanillita.info\/press\/2020\/04\/13\/alcalde-quito\/\" \/>\n<meta property=\"og:locale\" content=\"es_ES\" \/>\n<meta property=\"og:type\" content=\"article\" \/>\n<meta property=\"og:title\" content=\"Alcalde de Quito: &quot;En medio de esta tragedia lo m\u00e1s importante es justamente el aprendizaje&quot; - ElCanillita.Info\" \/>\n<meta property=\"og:description\" content=\"Quito, 13.04.2020 - La capital de Ecuador, ha campeado mejor el temporal en plena pandemia con menos casos de enfermos y muertos por coronavirus, a diferencia de la ciudad de Guayaquil, donde una cifra no determinada de personas ha muerto por el mal que ha remecido al mundo.\" \/>\n<meta property=\"og:url\" content=\"https:\/\/elcanillita.info\/press\/2020\/04\/13\/alcalde-quito\/\" \/>\n<meta property=\"og:site_name\" content=\"ElCanillita.Info\" \/>\n<meta property=\"article:publisher\" content=\"https:\/\/ar-ar.facebook.com\/ElCanillitainfo-114249515285712\/\" \/>\n<meta property=\"article:published_time\" content=\"2020-04-13T21:00:06+00:00\" \/>\n<meta property=\"article:modified_time\" content=\"2020-04-13T21:02:13+00:00\" \/>\n<meta name=\"author\" content=\"SalaStampa.eu, world press service\" \/>\n<meta name=\"twitter:card\" content=\"summary_large_image\" \/>\n<meta name=\"twitter:label1\" content=\"Escrito por\" \/>\n\t<meta name=\"twitter:data1\" content=\"SalaStampa.eu, world press service\" \/>\n\t<meta name=\"twitter:label2\" content=\"Tiempo de lectura\" \/>\n\t<meta name=\"twitter:data2\" content=\"4 minutos\" \/>\n<script type=\"application\/ld+json\" class=\"yoast-schema-graph\">{\"@context\":\"https:\\\/\\\/schema.org\",\"@graph\":[{\"@type\":\"Article\",\"@id\":\"https:\\\/\\\/elcanillita.info\\\/press\\\/2020\\\/04\\\/13\\\/alcalde-quito\\\/#article\",\"isPartOf\":{\"@id\":\"https:\\\/\\\/elcanillita.info\\\/press\\\/2020\\\/04\\\/13\\\/alcalde-quito\\\/\"},\"author\":{\"name\":\"SalaStampa.eu, world press service\",\"@id\":\"https:\\\/\\\/elcanillita.info\\\/press\\\/#\\\/schema\\\/person\\\/7fcb79f38045700919f7da6d97e71ba0\"},\"headline\":\"Alcalde de Quito: &#8220;En medio de esta tragedia lo m\u00e1s importante es justamente el aprendizaje&#8221;\",\"datePublished\":\"2020-04-13T21:00:06+00:00\",\"dateModified\":\"2020-04-13T21:02:13+00:00\",\"mainEntityOfPage\":{\"@id\":\"https:\\\/\\\/elcanillita.info\\\/press\\\/2020\\\/04\\\/13\\\/alcalde-quito\\\/\"},\"wordCount\":892,\"publisher\":{\"@id\":\"https:\\\/\\\/elcanillita.info\\\/press\\\/#organization\"},\"keywords\":[\"Ecuador\"],\"articleSection\":[\"Actualidad\",\"Am\u00e9rica del Sur\",\"Economia\",\"Politica\",\"Sanidad\"],\"inLanguage\":\"es-AR\"},{\"@type\":\"WebPage\",\"@id\":\"https:\\\/\\\/elcanillita.info\\\/press\\\/2020\\\/04\\\/13\\\/alcalde-quito\\\/\",\"url\":\"https:\\\/\\\/elcanillita.info\\\/press\\\/2020\\\/04\\\/13\\\/alcalde-quito\\\/\",\"name\":\"Alcalde de Quito: \\\"En medio de esta tragedia lo m\u00e1s importante es justamente el aprendizaje\\\" - ElCanillita.Info\",\"isPartOf\":{\"@id\":\"https:\\\/\\\/elcanillita.info\\\/press\\\/#website\"},\"datePublished\":\"2020-04-13T21:00:06+00:00\",\"dateModified\":\"2020-04-13T21:02:13+00:00\",\"inLanguage\":\"es-AR\",\"potentialAction\":[{\"@type\":\"ReadAction\",\"target\":[\"https:\\\/\\\/elcanillita.info\\\/press\\\/2020\\\/04\\\/13\\\/alcalde-quito\\\/\"]}]},{\"@type\":\"WebSite\",\"@id\":\"https:\\\/\\\/elcanillita.info\\\/press\\\/#website\",\"url\":\"https:\\\/\\\/elcanillita.info\\\/press\\\/\",\"name\":\"ElCanillita.Info\",\"description\":\"desde los Apeninos a los Andes\",\"publisher\":{\"@id\":\"https:\\\/\\\/elcanillita.info\\\/press\\\/#organization\"},\"potentialAction\":[{\"@type\":\"SearchAction\",\"target\":{\"@type\":\"EntryPoint\",\"urlTemplate\":\"https:\\\/\\\/elcanillita.info\\\/press\\\/?s={search_term_string}\"},\"query-input\":{\"@type\":\"PropertyValueSpecification\",\"valueRequired\":true,\"valueName\":\"search_term_string\"}}],\"inLanguage\":\"es-AR\"},{\"@type\":\"Organization\",\"@id\":\"https:\\\/\\\/elcanillita.info\\\/press\\\/#organization\",\"name\":\"Guzzo Photos & Graphic Publications\",\"url\":\"https:\\\/\\\/elcanillita.info\\\/press\\\/\",\"logo\":{\"@type\":\"ImageObject\",\"inLanguage\":\"es-AR\",\"@id\":\"https:\\\/\\\/elcanillita.info\\\/press\\\/#\\\/schema\\\/logo\\\/image\\\/\",\"url\":\"https:\\\/\\\/elcanillita.info\\\/press\\\/images\\\/2020\\\/01\\\/cropped-cropped-cropped-elcanillitainfo.png\",\"contentUrl\":\"https:\\\/\\\/elcanillita.info\\\/press\\\/images\\\/2020\\\/01\\\/cropped-cropped-cropped-elcanillitainfo.png\",\"width\":460,\"height\":50,\"caption\":\"Guzzo Photos & Graphic Publications\"},\"image\":{\"@id\":\"https:\\\/\\\/elcanillita.info\\\/press\\\/#\\\/schema\\\/logo\\\/image\\\/\"},\"sameAs\":[\"https:\\\/\\\/ar-ar.facebook.com\\\/ElCanillitainfo-114249515285712\\\/\"]},{\"@type\":\"Person\",\"@id\":\"https:\\\/\\\/elcanillita.info\\\/press\\\/#\\\/schema\\\/person\\\/7fcb79f38045700919f7da6d97e71ba0\",\"name\":\"SalaStampa.eu, world press service\",\"image\":{\"@type\":\"ImageObject\",\"inLanguage\":\"es-AR\",\"@id\":\"https:\\\/\\\/secure.gravatar.com\\\/avatar\\\/c2f0e0d515a107624234994507816ca4724c7199cef73fc8bedebf6931d73888?s=96&d=mm&r=g\",\"url\":\"https:\\\/\\\/secure.gravatar.com\\\/avatar\\\/c2f0e0d515a107624234994507816ca4724c7199cef73fc8bedebf6931d73888?s=96&d=mm&r=g\",\"contentUrl\":\"https:\\\/\\\/secure.gravatar.com\\\/avatar\\\/c2f0e0d515a107624234994507816ca4724c7199cef73fc8bedebf6931d73888?s=96&d=mm&r=g\",\"caption\":\"SalaStampa.eu, world press service\"}}]}<\/script>\n<!-- \/ Yoast SEO plugin. -->","yoast_head_json":{"title":"Alcalde de Quito: \"En medio de esta tragedia lo m\u00e1s importante es justamente el aprendizaje\" - ElCanillita.Info","robots":{"index":"index","follow":"follow","max-snippet":"max-snippet:-1","max-image-preview":"max-image-preview:large","max-video-preview":"max-video-preview:-1"},"canonical":"https:\/\/elcanillita.info\/press\/2020\/04\/13\/alcalde-quito\/","og_locale":"es_ES","og_type":"article","og_title":"Alcalde de Quito: \"En medio de esta tragedia lo m\u00e1s importante es justamente el aprendizaje\" - ElCanillita.Info","og_description":"Quito, 13.04.2020 - La capital de Ecuador, ha campeado mejor el temporal en plena pandemia con menos casos de enfermos y muertos por coronavirus, a diferencia de la ciudad de Guayaquil, donde una cifra no determinada de personas ha muerto por el mal que ha remecido al mundo.","og_url":"https:\/\/elcanillita.info\/press\/2020\/04\/13\/alcalde-quito\/","og_site_name":"ElCanillita.Info","article_publisher":"https:\/\/ar-ar.facebook.com\/ElCanillitainfo-114249515285712\/","article_published_time":"2020-04-13T21:00:06+00:00","article_modified_time":"2020-04-13T21:02:13+00:00","author":"SalaStampa.eu, world press service","twitter_card":"summary_large_image","twitter_misc":{"Escrito por":"SalaStampa.eu, world press service","Tiempo de lectura":"4 minutos"},"schema":{"@context":"https:\/\/schema.org","@graph":[{"@type":"Article","@id":"https:\/\/elcanillita.info\/press\/2020\/04\/13\/alcalde-quito\/#article","isPartOf":{"@id":"https:\/\/elcanillita.info\/press\/2020\/04\/13\/alcalde-quito\/"},"author":{"name":"SalaStampa.eu, world press service","@id":"https:\/\/elcanillita.info\/press\/#\/schema\/person\/7fcb79f38045700919f7da6d97e71ba0"},"headline":"Alcalde de Quito: &#8220;En medio de esta tragedia lo m\u00e1s importante es justamente el aprendizaje&#8221;","datePublished":"2020-04-13T21:00:06+00:00","dateModified":"2020-04-13T21:02:13+00:00","mainEntityOfPage":{"@id":"https:\/\/elcanillita.info\/press\/2020\/04\/13\/alcalde-quito\/"},"wordCount":892,"publisher":{"@id":"https:\/\/elcanillita.info\/press\/#organization"},"keywords":["Ecuador"],"articleSection":["Actualidad","Am\u00e9rica del Sur","Economia","Politica","Sanidad"],"inLanguage":"es-AR"},{"@type":"WebPage","@id":"https:\/\/elcanillita.info\/press\/2020\/04\/13\/alcalde-quito\/","url":"https:\/\/elcanillita.info\/press\/2020\/04\/13\/alcalde-quito\/","name":"Alcalde de Quito: \"En medio de esta tragedia lo m\u00e1s importante es justamente el aprendizaje\" - ElCanillita.Info","isPartOf":{"@id":"https:\/\/elcanillita.info\/press\/#website"},"datePublished":"2020-04-13T21:00:06+00:00","dateModified":"2020-04-13T21:02:13+00:00","inLanguage":"es-AR","potentialAction":[{"@type":"ReadAction","target":["https:\/\/elcanillita.info\/press\/2020\/04\/13\/alcalde-quito\/"]}]},{"@type":"WebSite","@id":"https:\/\/elcanillita.info\/press\/#website","url":"https:\/\/elcanillita.info\/press\/","name":"ElCanillita.Info","description":"desde los Apeninos a los Andes","publisher":{"@id":"https:\/\/elcanillita.info\/press\/#organization"},"potentialAction":[{"@type":"SearchAction","target":{"@type":"EntryPoint","urlTemplate":"https:\/\/elcanillita.info\/press\/?s={search_term_string}"},"query-input":{"@type":"PropertyValueSpecification","valueRequired":true,"valueName":"search_term_string"}}],"inLanguage":"es-AR"},{"@type":"Organization","@id":"https:\/\/elcanillita.info\/press\/#organization","name":"Guzzo Photos & Graphic Publications","url":"https:\/\/elcanillita.info\/press\/","logo":{"@type":"ImageObject","inLanguage":"es-AR","@id":"https:\/\/elcanillita.info\/press\/#\/schema\/logo\/image\/","url":"https:\/\/elcanillita.info\/press\/images\/2020\/01\/cropped-cropped-cropped-elcanillitainfo.png","contentUrl":"https:\/\/elcanillita.info\/press\/images\/2020\/01\/cropped-cropped-cropped-elcanillitainfo.png","width":460,"height":50,"caption":"Guzzo Photos & Graphic Publications"},"image":{"@id":"https:\/\/elcanillita.info\/press\/#\/schema\/logo\/image\/"},"sameAs":["https:\/\/ar-ar.facebook.com\/ElCanillitainfo-114249515285712\/"]},{"@type":"Person","@id":"https:\/\/elcanillita.info\/press\/#\/schema\/person\/7fcb79f38045700919f7da6d97e71ba0","name":"SalaStampa.eu, world press service","image":{"@type":"ImageObject","inLanguage":"es-AR","@id":"https:\/\/secure.gravatar.com\/avatar\/c2f0e0d515a107624234994507816ca4724c7199cef73fc8bedebf6931d73888?s=96&d=mm&r=g","url":"https:\/\/secure.gravatar.com\/avatar\/c2f0e0d515a107624234994507816ca4724c7199cef73fc8bedebf6931d73888?s=96&d=mm&r=g","contentUrl":"https:\/\/secure.gravatar.com\/avatar\/c2f0e0d515a107624234994507816ca4724c7199cef73fc8bedebf6931d73888?s=96&d=mm&r=g","caption":"SalaStampa.eu, world press service"}}]}},"views":853,"_links":{"self":[{"href":"https:\/\/elcanillita.info\/press\/wp-json\/wp\/v2\/posts\/671","targetHints":{"allow":["GET"]}}],"collection":[{"href":"https:\/\/elcanillita.info\/press\/wp-json\/wp\/v2\/posts"}],"about":[{"href":"https:\/\/elcanillita.info\/press\/wp-json\/wp\/v2\/types\/post"}],"author":[{"embeddable":true,"href":"https:\/\/elcanillita.info\/press\/wp-json\/wp\/v2\/users\/1"}],"replies":[{"embeddable":true,"href":"https:\/\/elcanillita.info\/press\/wp-json\/wp\/v2\/comments?post=671"}],"version-history":[{"count":0,"href":"https:\/\/elcanillita.info\/press\/wp-json\/wp\/v2\/posts\/671\/revisions"}],"wp:attachment":[{"href":"https:\/\/elcanillita.info\/press\/wp-json\/wp\/v2\/media?parent=671"}],"wp:term":[{"taxonomy":"category","embeddable":true,"href":"https:\/\/elcanillita.info\/press\/wp-json\/wp\/v2\/categories?post=671"},{"taxonomy":"post_tag","embeddable":true,"href":"https:\/\/elcanillita.info\/press\/wp-json\/wp\/v2\/tags?post=671"}],"curies":[{"name":"wp","href":"https:\/\/api.w.org\/{rel}","templated":true}]}}