{"id":664,"date":"2020-04-13T17:31:52","date_gmt":"2020-04-13T20:31:52","guid":{"rendered":"https:\/\/elcanillita.info\/press\/?p=664"},"modified":"2020-04-13T17:31:54","modified_gmt":"2020-04-13T20:31:54","slug":"recortes-produccion-opep","status":"publish","type":"post","link":"https:\/\/elcanillita.info\/press\/2020\/04\/13\/recortes-produccion-opep\/","title":{"rendered":"Recortes de producci\u00f3n de la OPEP: \u00bfQu\u00e9 significan?"},"content":{"rendered":"\n<p>Mundo, 13.04.2020 &#8211; La mediaci\u00f3n del presidente de Estados Unidos, Donald Trump, en beneficio de M\u00e9xico fue determinante para que los miembros de la Organizaci\u00f3n de Pa\u00edses Productores de Petr\u00f3leo (OPEP) y otras naciones afiliadas al c\u00e1rtel, acordaran reducir la producci\u00f3n de crudo e impulsar los precios en los mercados globales.<\/p>\n\n\n\n<p>Los precios del petr\u00f3leo cayeron en picada en marzo, a m\u00ednimos no vistos en 18 a\u00f1os, despu\u00e9s de que Arabia Saudita no pudo convencer a Rusia de apoyar los recortes de producci\u00f3n que hab\u00eda acordado previamente con otros miembros de la OPEP.<\/p>\n\n\n\n<p>Sin embargo, este desacuerdo ocurri\u00f3 en medio de una repentina disminuci\u00f3n de la demanda global de petr\u00f3leo generada por la crisis del nuevo coronavirus, que oblig\u00f3 a los pa\u00edses a suspender vuelos, cerrar sectores de la econom\u00eda y restringir el movimiento de personas.<\/p>\n\n\n\n<p>OPEP y otros exportadores de petr\u00f3leo alcanzan pacto para reducir producci\u00f3n<\/p>\n\n\n\n<p>\u00bfEn qu\u00e9 consisti\u00f3 el acuerdo de la OPEP?<\/p>\n\n\n\n<p>El pacto entre la OPEP y sus aliados petroleros, conocidos como OPEP+, reducir\u00e1 la producci\u00f3n mundial en 9,7 millones de barriles por d\u00eda a partir del 1 de mayo por dos meses hasta el 30 de junio.<\/p>\n\n\n\n<p>El acuerdo fue alcanzado el domingo en una reuni\u00f3n virtual de emergencia de funcionarios de 23 pa\u00edses petroleros.<\/p>\n\n\n\n<p>Esta cifra representa el 10% de la producci\u00f3n petrolera antes de la crisis. La OPEP dijo que los recortes bajar\u00e1n a ocho millones de barriles diarios desde julio a diciembre y a seis millones a partir de enero de 2021.<\/p>\n\n\n\n<p>Trump: &#8220;M\u00e9xico se ha comprometido a producir 100.000 barriles menos\u201d<\/p>\n\n\n\n<p>\u00bfQu\u00e9 papel jugaron Donald Trump y M\u00e9xico?<\/p>\n\n\n\n<p>Trump estuvo intensamente involucrado en las negociaciones entre Rusia y Arabia Saudita para superar sus diferencias y alcanzar un acuerdo.<\/p>\n\n\n\n<p>Los bajos precios del petr\u00f3leo han afectado bastante a las compa\u00f1\u00edas de energ\u00eda estadounidenses, lo que coloc\u00f3 al presidente en la posici\u00f3n poco com\u00fan de coordinar con la OPEP en lugar de criticarla.<\/p>\n\n\n\n<p>Trump aplaudi\u00f3 el domingo el acuerdo del c\u00e1rtel en un mensaje de Twitter en que dijo que \u201ces un gran acuerdo para todos\u201d que \u201csalvar\u00e1 cientos de miles de empleos de energ\u00eda en Estados Unidos\u201d.<\/p>\n\n\n\n<p>Sin embargo, el presidente tambi\u00e9n intercedi\u00f3 por M\u00e9xico, cuya negativa a plegarse a las demandas de recortes de la OPEP, pudo haber dado al traste con el acuerdo del domingo.<\/p>\n\n\n\n<p>M\u00e9xico: AMLO presenta plan para enfrentar crisis provocada por pandemia<\/p>\n\n\n\n<p>\u00bfCu\u00e1l fue la posici\u00f3n de M\u00e9xico?<\/p>\n\n\n\n<p>La OPEP exig\u00eda a M\u00e9xico un recorte de 400.000 barriles diarios, pero los representantes mexicanos insistieron en que el pa\u00eds solo estaba dispuesto a reducir su producci\u00f3n en 100.000 barriles diarios, alegando que es lo m\u00e1ximo que puede asumir su econom\u00eda.<\/p>\n\n\n\n<p>Ante la posibilidad de que la negativa de M\u00e9xico echara por tierra los esfuerzos concertados de los productores de petr\u00f3leo para alcanzar el necesario acuerdo, Trump sali\u00f3 en defensa del pa\u00eds vecino, comprometi\u00e9ndose a recortar 250.00 barriles diarios.<\/p>\n\n\n\n<p>Trump dijo que M\u00e9xico har\u00eda un \u201creembolso m\u00e1s tarde\u201d a Estados Unidos por esa concesi\u00f3n.<\/p>\n\n\n\n<p>El domingo, el ministro de energ\u00eda de Azerbaiy\u00e1n,&nbsp;Parviz Shahbazov, confirm\u00f3 la promesa de Washington, aunque anunci\u00f3 que ser\u00eda de 300.000 barriles, 50.000 m\u00e1s de los acordados por Trump y el presidente mexicano, Andr\u00e9s Manuel L\u00f3pez Obrador, dos d\u00edas antes.<\/p>\n\n\n\n<p>\u00bfLograr\u00e1 el acuerdo hacer subir el precio del petr\u00f3leo?<\/p>\n\n\n\n<p>Algunos analistas no est\u00e1n muy convencidos de que los recortes acordados logren impulsar significativamente los precios del crudo, debido al giro negativo que ha tomado la econom\u00eda global por el coronavirus.<\/p>\n\n\n\n<p>Los precios bajos, a largo plazo, podr\u00edan abaratar los costos de algunos materiales como el pl\u00e1stico y reducir\u00edan los precios de muchos art\u00edculos para los consumidores, pero afectar\u00edan grandemente a los pa\u00edses productores.<\/p>\n\n\n\n<p>De hecho, el acuerdo no pareci\u00f3 tener un gran impacto este lunes en los mercados, donde los precios del crudo apenas sufr\u00edan cambios y oscilaban entre los territorios negativo y positivo.<\/p>\n\n\n\n<p>Banco Mundial pronostica fuerte ca\u00edda de econom\u00eda en Am\u00e9rica Latina por coronavirus<br><br>\n<small>2020 voanoticias \u2013 salastampa.eu, afiliada a la red Broadcasting Board of Governors \u00a9 2020 BBG<\/small>\n<\/p>\n","protected":false},"excerpt":{"rendered":"<p>Mundo, 13.04.2020 &#8211; La mediaci\u00f3n del presidente de Estados Unidos, Donald Trump, en beneficio de M\u00e9xico fue determinante para que los miembros de la Organizaci\u00f3n de Pa\u00edses Productores de Petr\u00f3leo (OPEP) y otras naciones afiliadas al c\u00e1rtel, acordaran reducir la producci\u00f3n de crudo e impulsar los precios en los mercados globales.<\/p>\n","protected":false},"author":1,"featured_media":0,"comment_status":"closed","ping_status":"closed","sticky":false,"template":"","format":"standard","meta":{"footnotes":"","_links_to":"","_links_to_target":""},"categories":[70,18,20,23],"tags":[35],"class_list":["post-664","post","type-post","status-publish","format-standard","hentry","category-actualidad","category-cosmo","category-economia","category-politica","tag-mundo","entry","double"],"yoast_head":"<!-- This site is optimized with the Yoast SEO plugin v27.5 - https:\/\/yoast.com\/product\/yoast-seo-wordpress\/ -->\n<title>Recortes de producci\u00f3n de la OPEP: \u00bfQu\u00e9 significan? - ElCanillita.Info<\/title>\n<meta name=\"robots\" content=\"index, follow, max-snippet:-1, max-image-preview:large, max-video-preview:-1\" \/>\n<link rel=\"canonical\" href=\"https:\/\/elcanillita.info\/press\/2020\/04\/13\/recortes-produccion-opep\/\" \/>\n<meta property=\"og:locale\" content=\"es_ES\" \/>\n<meta property=\"og:type\" content=\"article\" \/>\n<meta property=\"og:title\" content=\"Recortes de producci\u00f3n de la OPEP: \u00bfQu\u00e9 significan? - ElCanillita.Info\" \/>\n<meta property=\"og:description\" content=\"Mundo, 13.04.2020 - La mediaci\u00f3n del presidente de Estados Unidos, Donald Trump, en beneficio de M\u00e9xico fue determinante para que los miembros de la Organizaci\u00f3n de Pa\u00edses Productores de Petr\u00f3leo (OPEP) y otras naciones afiliadas al c\u00e1rtel, acordaran reducir la producci\u00f3n de crudo e impulsar los precios en los mercados globales.\" \/>\n<meta property=\"og:url\" content=\"https:\/\/elcanillita.info\/press\/2020\/04\/13\/recortes-produccion-opep\/\" \/>\n<meta property=\"og:site_name\" content=\"ElCanillita.Info\" \/>\n<meta property=\"article:publisher\" content=\"https:\/\/ar-ar.facebook.com\/ElCanillitainfo-114249515285712\/\" \/>\n<meta property=\"article:published_time\" content=\"2020-04-13T20:31:52+00:00\" \/>\n<meta property=\"article:modified_time\" content=\"2020-04-13T20:31:54+00:00\" \/>\n<meta name=\"author\" content=\"SalaStampa.eu, world press service\" \/>\n<meta name=\"twitter:card\" content=\"summary_large_image\" \/>\n<meta name=\"twitter:label1\" content=\"Escrito por\" \/>\n\t<meta name=\"twitter:data1\" content=\"SalaStampa.eu, world press service\" \/>\n\t<meta name=\"twitter:label2\" content=\"Tiempo de lectura\" \/>\n\t<meta name=\"twitter:data2\" content=\"4 minutos\" \/>\n<script type=\"application\/ld+json\" class=\"yoast-schema-graph\">{\"@context\":\"https:\\\/\\\/schema.org\",\"@graph\":[{\"@type\":\"Article\",\"@id\":\"https:\\\/\\\/elcanillita.info\\\/press\\\/2020\\\/04\\\/13\\\/recortes-produccion-opep\\\/#article\",\"isPartOf\":{\"@id\":\"https:\\\/\\\/elcanillita.info\\\/press\\\/2020\\\/04\\\/13\\\/recortes-produccion-opep\\\/\"},\"author\":{\"name\":\"SalaStampa.eu, world press service\",\"@id\":\"https:\\\/\\\/elcanillita.info\\\/press\\\/#\\\/schema\\\/person\\\/7fcb79f38045700919f7da6d97e71ba0\"},\"headline\":\"Recortes de producci\u00f3n de la OPEP: \u00bfQu\u00e9 significan?\",\"datePublished\":\"2020-04-13T20:31:52+00:00\",\"dateModified\":\"2020-04-13T20:31:54+00:00\",\"mainEntityOfPage\":{\"@id\":\"https:\\\/\\\/elcanillita.info\\\/press\\\/2020\\\/04\\\/13\\\/recortes-produccion-opep\\\/\"},\"wordCount\":733,\"publisher\":{\"@id\":\"https:\\\/\\\/elcanillita.info\\\/press\\\/#organization\"},\"keywords\":[\"MUNDO\"],\"articleSection\":[\"Actualidad\",\"Cosmo\",\"Economia\",\"Politica\"],\"inLanguage\":\"es-AR\"},{\"@type\":\"WebPage\",\"@id\":\"https:\\\/\\\/elcanillita.info\\\/press\\\/2020\\\/04\\\/13\\\/recortes-produccion-opep\\\/\",\"url\":\"https:\\\/\\\/elcanillita.info\\\/press\\\/2020\\\/04\\\/13\\\/recortes-produccion-opep\\\/\",\"name\":\"Recortes de producci\u00f3n de la OPEP: \u00bfQu\u00e9 significan? - ElCanillita.Info\",\"isPartOf\":{\"@id\":\"https:\\\/\\\/elcanillita.info\\\/press\\\/#website\"},\"datePublished\":\"2020-04-13T20:31:52+00:00\",\"dateModified\":\"2020-04-13T20:31:54+00:00\",\"inLanguage\":\"es-AR\",\"potentialAction\":[{\"@type\":\"ReadAction\",\"target\":[\"https:\\\/\\\/elcanillita.info\\\/press\\\/2020\\\/04\\\/13\\\/recortes-produccion-opep\\\/\"]}]},{\"@type\":\"WebSite\",\"@id\":\"https:\\\/\\\/elcanillita.info\\\/press\\\/#website\",\"url\":\"https:\\\/\\\/elcanillita.info\\\/press\\\/\",\"name\":\"ElCanillita.Info\",\"description\":\"desde los Apeninos a los Andes\",\"publisher\":{\"@id\":\"https:\\\/\\\/elcanillita.info\\\/press\\\/#organization\"},\"potentialAction\":[{\"@type\":\"SearchAction\",\"target\":{\"@type\":\"EntryPoint\",\"urlTemplate\":\"https:\\\/\\\/elcanillita.info\\\/press\\\/?s={search_term_string}\"},\"query-input\":{\"@type\":\"PropertyValueSpecification\",\"valueRequired\":true,\"valueName\":\"search_term_string\"}}],\"inLanguage\":\"es-AR\"},{\"@type\":\"Organization\",\"@id\":\"https:\\\/\\\/elcanillita.info\\\/press\\\/#organization\",\"name\":\"Guzzo Photos & Graphic Publications\",\"url\":\"https:\\\/\\\/elcanillita.info\\\/press\\\/\",\"logo\":{\"@type\":\"ImageObject\",\"inLanguage\":\"es-AR\",\"@id\":\"https:\\\/\\\/elcanillita.info\\\/press\\\/#\\\/schema\\\/logo\\\/image\\\/\",\"url\":\"https:\\\/\\\/elcanillita.info\\\/press\\\/images\\\/2020\\\/01\\\/cropped-cropped-cropped-elcanillitainfo.png\",\"contentUrl\":\"https:\\\/\\\/elcanillita.info\\\/press\\\/images\\\/2020\\\/01\\\/cropped-cropped-cropped-elcanillitainfo.png\",\"width\":460,\"height\":50,\"caption\":\"Guzzo Photos & Graphic Publications\"},\"image\":{\"@id\":\"https:\\\/\\\/elcanillita.info\\\/press\\\/#\\\/schema\\\/logo\\\/image\\\/\"},\"sameAs\":[\"https:\\\/\\\/ar-ar.facebook.com\\\/ElCanillitainfo-114249515285712\\\/\"]},{\"@type\":\"Person\",\"@id\":\"https:\\\/\\\/elcanillita.info\\\/press\\\/#\\\/schema\\\/person\\\/7fcb79f38045700919f7da6d97e71ba0\",\"name\":\"SalaStampa.eu, world press service\",\"image\":{\"@type\":\"ImageObject\",\"inLanguage\":\"es-AR\",\"@id\":\"https:\\\/\\\/secure.gravatar.com\\\/avatar\\\/c2f0e0d515a107624234994507816ca4724c7199cef73fc8bedebf6931d73888?s=96&d=mm&r=g\",\"url\":\"https:\\\/\\\/secure.gravatar.com\\\/avatar\\\/c2f0e0d515a107624234994507816ca4724c7199cef73fc8bedebf6931d73888?s=96&d=mm&r=g\",\"contentUrl\":\"https:\\\/\\\/secure.gravatar.com\\\/avatar\\\/c2f0e0d515a107624234994507816ca4724c7199cef73fc8bedebf6931d73888?s=96&d=mm&r=g\",\"caption\":\"SalaStampa.eu, world press service\"}}]}<\/script>\n<!-- \/ Yoast SEO plugin. -->","yoast_head_json":{"title":"Recortes de producci\u00f3n de la OPEP: \u00bfQu\u00e9 significan? - ElCanillita.Info","robots":{"index":"index","follow":"follow","max-snippet":"max-snippet:-1","max-image-preview":"max-image-preview:large","max-video-preview":"max-video-preview:-1"},"canonical":"https:\/\/elcanillita.info\/press\/2020\/04\/13\/recortes-produccion-opep\/","og_locale":"es_ES","og_type":"article","og_title":"Recortes de producci\u00f3n de la OPEP: \u00bfQu\u00e9 significan? - ElCanillita.Info","og_description":"Mundo, 13.04.2020 - La mediaci\u00f3n del presidente de Estados Unidos, Donald Trump, en beneficio de M\u00e9xico fue determinante para que los miembros de la Organizaci\u00f3n de Pa\u00edses Productores de Petr\u00f3leo (OPEP) y otras naciones afiliadas al c\u00e1rtel, acordaran reducir la producci\u00f3n de crudo e impulsar los precios en los mercados globales.","og_url":"https:\/\/elcanillita.info\/press\/2020\/04\/13\/recortes-produccion-opep\/","og_site_name":"ElCanillita.Info","article_publisher":"https:\/\/ar-ar.facebook.com\/ElCanillitainfo-114249515285712\/","article_published_time":"2020-04-13T20:31:52+00:00","article_modified_time":"2020-04-13T20:31:54+00:00","author":"SalaStampa.eu, world press service","twitter_card":"summary_large_image","twitter_misc":{"Escrito por":"SalaStampa.eu, world press service","Tiempo de lectura":"4 minutos"},"schema":{"@context":"https:\/\/schema.org","@graph":[{"@type":"Article","@id":"https:\/\/elcanillita.info\/press\/2020\/04\/13\/recortes-produccion-opep\/#article","isPartOf":{"@id":"https:\/\/elcanillita.info\/press\/2020\/04\/13\/recortes-produccion-opep\/"},"author":{"name":"SalaStampa.eu, world press service","@id":"https:\/\/elcanillita.info\/press\/#\/schema\/person\/7fcb79f38045700919f7da6d97e71ba0"},"headline":"Recortes de producci\u00f3n de la OPEP: \u00bfQu\u00e9 significan?","datePublished":"2020-04-13T20:31:52+00:00","dateModified":"2020-04-13T20:31:54+00:00","mainEntityOfPage":{"@id":"https:\/\/elcanillita.info\/press\/2020\/04\/13\/recortes-produccion-opep\/"},"wordCount":733,"publisher":{"@id":"https:\/\/elcanillita.info\/press\/#organization"},"keywords":["MUNDO"],"articleSection":["Actualidad","Cosmo","Economia","Politica"],"inLanguage":"es-AR"},{"@type":"WebPage","@id":"https:\/\/elcanillita.info\/press\/2020\/04\/13\/recortes-produccion-opep\/","url":"https:\/\/elcanillita.info\/press\/2020\/04\/13\/recortes-produccion-opep\/","name":"Recortes de producci\u00f3n de la OPEP: \u00bfQu\u00e9 significan? - ElCanillita.Info","isPartOf":{"@id":"https:\/\/elcanillita.info\/press\/#website"},"datePublished":"2020-04-13T20:31:52+00:00","dateModified":"2020-04-13T20:31:54+00:00","inLanguage":"es-AR","potentialAction":[{"@type":"ReadAction","target":["https:\/\/elcanillita.info\/press\/2020\/04\/13\/recortes-produccion-opep\/"]}]},{"@type":"WebSite","@id":"https:\/\/elcanillita.info\/press\/#website","url":"https:\/\/elcanillita.info\/press\/","name":"ElCanillita.Info","description":"desde los Apeninos a los Andes","publisher":{"@id":"https:\/\/elcanillita.info\/press\/#organization"},"potentialAction":[{"@type":"SearchAction","target":{"@type":"EntryPoint","urlTemplate":"https:\/\/elcanillita.info\/press\/?s={search_term_string}"},"query-input":{"@type":"PropertyValueSpecification","valueRequired":true,"valueName":"search_term_string"}}],"inLanguage":"es-AR"},{"@type":"Organization","@id":"https:\/\/elcanillita.info\/press\/#organization","name":"Guzzo Photos & Graphic Publications","url":"https:\/\/elcanillita.info\/press\/","logo":{"@type":"ImageObject","inLanguage":"es-AR","@id":"https:\/\/elcanillita.info\/press\/#\/schema\/logo\/image\/","url":"https:\/\/elcanillita.info\/press\/images\/2020\/01\/cropped-cropped-cropped-elcanillitainfo.png","contentUrl":"https:\/\/elcanillita.info\/press\/images\/2020\/01\/cropped-cropped-cropped-elcanillitainfo.png","width":460,"height":50,"caption":"Guzzo Photos & Graphic Publications"},"image":{"@id":"https:\/\/elcanillita.info\/press\/#\/schema\/logo\/image\/"},"sameAs":["https:\/\/ar-ar.facebook.com\/ElCanillitainfo-114249515285712\/"]},{"@type":"Person","@id":"https:\/\/elcanillita.info\/press\/#\/schema\/person\/7fcb79f38045700919f7da6d97e71ba0","name":"SalaStampa.eu, world press service","image":{"@type":"ImageObject","inLanguage":"es-AR","@id":"https:\/\/secure.gravatar.com\/avatar\/c2f0e0d515a107624234994507816ca4724c7199cef73fc8bedebf6931d73888?s=96&d=mm&r=g","url":"https:\/\/secure.gravatar.com\/avatar\/c2f0e0d515a107624234994507816ca4724c7199cef73fc8bedebf6931d73888?s=96&d=mm&r=g","contentUrl":"https:\/\/secure.gravatar.com\/avatar\/c2f0e0d515a107624234994507816ca4724c7199cef73fc8bedebf6931d73888?s=96&d=mm&r=g","caption":"SalaStampa.eu, world press service"}}]}},"views":840,"_links":{"self":[{"href":"https:\/\/elcanillita.info\/press\/wp-json\/wp\/v2\/posts\/664","targetHints":{"allow":["GET"]}}],"collection":[{"href":"https:\/\/elcanillita.info\/press\/wp-json\/wp\/v2\/posts"}],"about":[{"href":"https:\/\/elcanillita.info\/press\/wp-json\/wp\/v2\/types\/post"}],"author":[{"embeddable":true,"href":"https:\/\/elcanillita.info\/press\/wp-json\/wp\/v2\/users\/1"}],"replies":[{"embeddable":true,"href":"https:\/\/elcanillita.info\/press\/wp-json\/wp\/v2\/comments?post=664"}],"version-history":[{"count":0,"href":"https:\/\/elcanillita.info\/press\/wp-json\/wp\/v2\/posts\/664\/revisions"}],"wp:attachment":[{"href":"https:\/\/elcanillita.info\/press\/wp-json\/wp\/v2\/media?parent=664"}],"wp:term":[{"taxonomy":"category","embeddable":true,"href":"https:\/\/elcanillita.info\/press\/wp-json\/wp\/v2\/categories?post=664"},{"taxonomy":"post_tag","embeddable":true,"href":"https:\/\/elcanillita.info\/press\/wp-json\/wp\/v2\/tags?post=664"}],"curies":[{"name":"wp","href":"https:\/\/api.w.org\/{rel}","templated":true}]}}