{"id":6624,"date":"2026-05-02T05:23:04","date_gmt":"2026-05-02T08:23:04","guid":{"rendered":"https:\/\/elcanillita.info\/press\/?p=6624"},"modified":"2026-05-02T05:23:05","modified_gmt":"2026-05-02T08:23:05","slug":"sin-justicia-no-hay-destino-la-advertencia-que-vuelve-a-ignorarse","status":"publish","type":"post","link":"https:\/\/elcanillita.info\/press\/2026\/05\/02\/sin-justicia-no-hay-destino-la-advertencia-que-vuelve-a-ignorarse\/","title":{"rendered":"Sin justicia, no hay destino: la advertencia que vuelve a ignorarse"},"content":{"rendered":"\n<figure class=\"wp-block-image size-full\"><img loading=\"lazy\" decoding=\"async\" width=\"600\" height=\"480\" src=\"https:\/\/elcanillita.info\/press\/images\/2026\/05\/justicia-en-pausacv.jpg\" alt=\"\" class=\"wp-image-6625\" srcset=\"https:\/\/elcanillita.info\/press\/images\/2026\/05\/justicia-en-pausacv.jpg 600w, https:\/\/elcanillita.info\/press\/images\/2026\/05\/justicia-en-pausacv-300x240.jpg 300w\" sizes=\"auto, (max-width: 600px) 100vw, 600px\" \/><\/figure>\n\n\n\n<p><strong>Argentina<\/strong><br>\u201cCon una Justicia seria, independiente y r\u00e1pida, todo ser\u00e1 posible; sin ella, nada lo ser\u00e1\u201d.<br>La frase no es una consigna ni un recurso literario: es el eje de la advertencia de Enrique Guillermo Avogadro. Y conviene tomarla en su sentido m\u00e1s literal, porque all\u00ed est\u00e1 el coraz\u00f3n del problema argentino.<\/p>\n\n\n\n<p>Su reflexi\u00f3n no apunta a un gobierno en particular, sino a una enfermedad estructural. La degradaci\u00f3n en los mecanismos de selecci\u00f3n de jueces y fiscales no es un episodio aislado, sino parte de una continuidad que atraviesa d\u00e9cadas. Cambian los nombres, persiste la l\u00f3gica.<\/p>\n\n\n\n<p>Cuando Avogadro habla del \u201cchiquero maloliente\u201d no lo hace como exageraci\u00f3n ret\u00f3rica, sino como descripci\u00f3n de un sistema donde el m\u00e9rito puede ser desplazado por conveniencias pol\u00edticas. Y en ese punto, la discusi\u00f3n deja de ser t\u00e9cnica para volverse institucional.<\/p>\n\n\n\n<p>El riesgo no es solo qui\u00e9n entra al sistema, sino c\u00f3mo entra. Porque un juez designado bajo criterios opacos arrastra, desde el origen, una sospecha que condiciona todo su recorrido. No se trata de prejuzgar personas, sino de cuestionar procesos.<\/p>\n\n\n\n<p>La advertencia tambi\u00e9n se proyecta hacia la econom\u00eda. Sin seguridad jur\u00eddica, la inversi\u00f3n \u2014grande o peque\u00f1a\u2014 se retrae. No por ideolog\u00eda, sino por simple l\u00f3gica de supervivencia. Nadie arriesga en un terreno donde las reglas pueden cambiar seg\u00fan el viento pol\u00edtico.<\/p>\n\n\n\n<p>Avogadro suma otro elemento inc\u00f3modo: los fallos que benefician a figuras del poder, actuales o pasadas, terminan consolidando la percepci\u00f3n de una justicia selectiva. Y cuando la ley parece aplicarse de manera desigual, pierde su autoridad moral.<\/p>\n\n\n\n<p>Tambi\u00e9n hay una se\u00f1al preocupante en la relaci\u00f3n con la prensa. Limitar o desacreditar el trabajo period\u00edstico no corrige los desv\u00edos del sistema; por el contrario, los vuelve menos visibles. Y lo que no se ve, suele crecer.<\/p>\n\n\n\n<p>Ahora bien, su an\u00e1lisis no es ingenuo. Reconoce, con crudeza, que la debilidad de la oposici\u00f3n le otorga al oficialismo un margen pol\u00edtico inesperado. Pero ese margen no corrige el problema de fondo: solo lo posterga.<\/p>\n\n\n\n<p>Por eso su texto no es una cr\u00edtica coyuntural, sino una advertencia de largo alcance. Una de esas que Argentina ha sabido escuchar\u2026 y tambi\u00e9n ignorar.<\/p>\n\n\n\n<p>Al final, la idea es tan simple como inc\u00f3moda: sin justicia confiable, no hay reforma que perdure. Todo lo dem\u00e1s \u2014discursos, planes, promesas\u2014 queda suspendido en el aire.<\/p>\n\n\n<p><small>\u270d\ufe0f Desde este rinc\u00f3n de palabras que tambi\u00e9n tienen historia,<br \/>\n\u00a9 Pulso C\u00edvico  \u2013 Derechos reservados<\/small><\/p>\n<p><em>Lectura recomendada: <a href=\"https:\/\/egavogadro.blogspot.com\/2026\/05\/que-pena-mas-honda.html\" target=\"_blank\">Enrique Guillermo Avogadro<\/a><\/em><\/p>","protected":false},"excerpt":{"rendered":"<p>La reflexi\u00f3n de Avogadro pone el dedo en la llaga: sin una Justicia independiente, todo proyecto \u2014econ\u00f3mico o pol\u00edtico\u2014 es apenas una ilusi\u00f3n sostenida por la coyuntura.<\/p>\n","protected":false},"author":1,"featured_media":6625,"comment_status":"closed","ping_status":"closed","sticky":false,"template":"","format":"standard","meta":{"footnotes":"","_links_to":"","_links_to_target":""},"categories":[70,11,118,22,23,137],"tags":[29],"class_list":["post-6624","post","type-post","status-publish","format-standard","has-post-thumbnail","hentry","category-actualidad","category-america-del-sur","category-corrupcion","category-justicia","category-politica","category-sociedad-y-valores","tag-argentina","entry","double"],"yoast_head":"<!-- This site is optimized with the Yoast SEO plugin v27.5 - https:\/\/yoast.com\/product\/yoast-seo-wordpress\/ -->\n<title>Sin justicia, no hay destino: la advertencia que vuelve a ignorarse - ElCanillita.Info<\/title>\n<meta name=\"robots\" content=\"index, follow, max-snippet:-1, max-image-preview:large, max-video-preview:-1\" \/>\n<link rel=\"canonical\" href=\"https:\/\/elcanillita.info\/press\/2026\/05\/02\/sin-justicia-no-hay-destino-la-advertencia-que-vuelve-a-ignorarse\/\" \/>\n<meta property=\"og:locale\" content=\"es_ES\" \/>\n<meta property=\"og:type\" content=\"article\" \/>\n<meta property=\"og:title\" content=\"Sin justicia, no hay destino: la advertencia que vuelve a ignorarse - ElCanillita.Info\" \/>\n<meta property=\"og:description\" content=\"La reflexi\u00f3n de Avogadro pone el dedo en la llaga: sin una Justicia independiente, todo proyecto \u2014econ\u00f3mico o pol\u00edtico\u2014 es apenas una ilusi\u00f3n sostenida por la coyuntura.\" \/>\n<meta property=\"og:url\" content=\"https:\/\/elcanillita.info\/press\/2026\/05\/02\/sin-justicia-no-hay-destino-la-advertencia-que-vuelve-a-ignorarse\/\" \/>\n<meta property=\"og:site_name\" content=\"ElCanillita.Info\" \/>\n<meta property=\"article:publisher\" content=\"https:\/\/ar-ar.facebook.com\/ElCanillitainfo-114249515285712\/\" \/>\n<meta property=\"article:published_time\" content=\"2026-05-02T08:23:04+00:00\" \/>\n<meta property=\"article:modified_time\" content=\"2026-05-02T08:23:05+00:00\" \/>\n<meta property=\"og:image\" content=\"https:\/\/elcanillita.info\/press\/images\/2026\/05\/justicia-en-pausacv.jpg\" \/>\n\t<meta property=\"og:image:width\" content=\"600\" \/>\n\t<meta property=\"og:image:height\" content=\"480\" \/>\n\t<meta property=\"og:image:type\" content=\"image\/jpeg\" \/>\n<meta name=\"author\" content=\"SalaStampa.eu, world press service\" \/>\n<meta name=\"twitter:card\" content=\"summary_large_image\" \/>\n<meta name=\"twitter:label1\" content=\"Escrito por\" \/>\n\t<meta name=\"twitter:data1\" content=\"SalaStampa.eu, world press service\" \/>\n\t<meta name=\"twitter:label2\" content=\"Tiempo de lectura\" \/>\n\t<meta name=\"twitter:data2\" content=\"3 minutos\" \/>\n<script type=\"application\/ld+json\" class=\"yoast-schema-graph\">{\"@context\":\"https:\\\/\\\/schema.org\",\"@graph\":[{\"@type\":\"Article\",\"@id\":\"https:\\\/\\\/elcanillita.info\\\/press\\\/2026\\\/05\\\/02\\\/sin-justicia-no-hay-destino-la-advertencia-que-vuelve-a-ignorarse\\\/#article\",\"isPartOf\":{\"@id\":\"https:\\\/\\\/elcanillita.info\\\/press\\\/2026\\\/05\\\/02\\\/sin-justicia-no-hay-destino-la-advertencia-que-vuelve-a-ignorarse\\\/\"},\"author\":{\"name\":\"SalaStampa.eu, world press service\",\"@id\":\"https:\\\/\\\/elcanillita.info\\\/press\\\/#\\\/schema\\\/person\\\/7fcb79f38045700919f7da6d97e71ba0\"},\"headline\":\"Sin justicia, no hay destino: la advertencia que vuelve a ignorarse\",\"datePublished\":\"2026-05-02T08:23:04+00:00\",\"dateModified\":\"2026-05-02T08:23:05+00:00\",\"mainEntityOfPage\":{\"@id\":\"https:\\\/\\\/elcanillita.info\\\/press\\\/2026\\\/05\\\/02\\\/sin-justicia-no-hay-destino-la-advertencia-que-vuelve-a-ignorarse\\\/\"},\"wordCount\":454,\"publisher\":{\"@id\":\"https:\\\/\\\/elcanillita.info\\\/press\\\/#organization\"},\"image\":{\"@id\":\"https:\\\/\\\/elcanillita.info\\\/press\\\/2026\\\/05\\\/02\\\/sin-justicia-no-hay-destino-la-advertencia-que-vuelve-a-ignorarse\\\/#primaryimage\"},\"thumbnailUrl\":\"https:\\\/\\\/elcanillita.info\\\/press\\\/images\\\/2026\\\/05\\\/justicia-en-pausacv.jpg\",\"keywords\":[\"Argentina\"],\"articleSection\":[\"Actualidad\",\"Am\u00e9rica del Sur\",\"Corrupci\u00f3n\",\"Justicia\",\"Politica\",\"Sociedad y valores\"],\"inLanguage\":\"es-AR\"},{\"@type\":\"WebPage\",\"@id\":\"https:\\\/\\\/elcanillita.info\\\/press\\\/2026\\\/05\\\/02\\\/sin-justicia-no-hay-destino-la-advertencia-que-vuelve-a-ignorarse\\\/\",\"url\":\"https:\\\/\\\/elcanillita.info\\\/press\\\/2026\\\/05\\\/02\\\/sin-justicia-no-hay-destino-la-advertencia-que-vuelve-a-ignorarse\\\/\",\"name\":\"Sin justicia, no hay destino: la advertencia que vuelve a ignorarse - ElCanillita.Info\",\"isPartOf\":{\"@id\":\"https:\\\/\\\/elcanillita.info\\\/press\\\/#website\"},\"primaryImageOfPage\":{\"@id\":\"https:\\\/\\\/elcanillita.info\\\/press\\\/2026\\\/05\\\/02\\\/sin-justicia-no-hay-destino-la-advertencia-que-vuelve-a-ignorarse\\\/#primaryimage\"},\"image\":{\"@id\":\"https:\\\/\\\/elcanillita.info\\\/press\\\/2026\\\/05\\\/02\\\/sin-justicia-no-hay-destino-la-advertencia-que-vuelve-a-ignorarse\\\/#primaryimage\"},\"thumbnailUrl\":\"https:\\\/\\\/elcanillita.info\\\/press\\\/images\\\/2026\\\/05\\\/justicia-en-pausacv.jpg\",\"datePublished\":\"2026-05-02T08:23:04+00:00\",\"dateModified\":\"2026-05-02T08:23:05+00:00\",\"inLanguage\":\"es-AR\",\"potentialAction\":[{\"@type\":\"ReadAction\",\"target\":[\"https:\\\/\\\/elcanillita.info\\\/press\\\/2026\\\/05\\\/02\\\/sin-justicia-no-hay-destino-la-advertencia-que-vuelve-a-ignorarse\\\/\"]}]},{\"@type\":\"ImageObject\",\"inLanguage\":\"es-AR\",\"@id\":\"https:\\\/\\\/elcanillita.info\\\/press\\\/2026\\\/05\\\/02\\\/sin-justicia-no-hay-destino-la-advertencia-que-vuelve-a-ignorarse\\\/#primaryimage\",\"url\":\"https:\\\/\\\/elcanillita.info\\\/press\\\/images\\\/2026\\\/05\\\/justicia-en-pausacv.jpg\",\"contentUrl\":\"https:\\\/\\\/elcanillita.info\\\/press\\\/images\\\/2026\\\/05\\\/justicia-en-pausacv.jpg\",\"width\":600,\"height\":480},{\"@type\":\"WebSite\",\"@id\":\"https:\\\/\\\/elcanillita.info\\\/press\\\/#website\",\"url\":\"https:\\\/\\\/elcanillita.info\\\/press\\\/\",\"name\":\"ElCanillita.Info\",\"description\":\"desde los Apeninos a los Andes\",\"publisher\":{\"@id\":\"https:\\\/\\\/elcanillita.info\\\/press\\\/#organization\"},\"potentialAction\":[{\"@type\":\"SearchAction\",\"target\":{\"@type\":\"EntryPoint\",\"urlTemplate\":\"https:\\\/\\\/elcanillita.info\\\/press\\\/?s={search_term_string}\"},\"query-input\":{\"@type\":\"PropertyValueSpecification\",\"valueRequired\":true,\"valueName\":\"search_term_string\"}}],\"inLanguage\":\"es-AR\"},{\"@type\":\"Organization\",\"@id\":\"https:\\\/\\\/elcanillita.info\\\/press\\\/#organization\",\"name\":\"Guzzo Photos & Graphic Publications\",\"url\":\"https:\\\/\\\/elcanillita.info\\\/press\\\/\",\"logo\":{\"@type\":\"ImageObject\",\"inLanguage\":\"es-AR\",\"@id\":\"https:\\\/\\\/elcanillita.info\\\/press\\\/#\\\/schema\\\/logo\\\/image\\\/\",\"url\":\"https:\\\/\\\/elcanillita.info\\\/press\\\/images\\\/2020\\\/01\\\/cropped-cropped-cropped-elcanillitainfo.png\",\"contentUrl\":\"https:\\\/\\\/elcanillita.info\\\/press\\\/images\\\/2020\\\/01\\\/cropped-cropped-cropped-elcanillitainfo.png\",\"width\":460,\"height\":50,\"caption\":\"Guzzo Photos & Graphic Publications\"},\"image\":{\"@id\":\"https:\\\/\\\/elcanillita.info\\\/press\\\/#\\\/schema\\\/logo\\\/image\\\/\"},\"sameAs\":[\"https:\\\/\\\/ar-ar.facebook.com\\\/ElCanillitainfo-114249515285712\\\/\"]},{\"@type\":\"Person\",\"@id\":\"https:\\\/\\\/elcanillita.info\\\/press\\\/#\\\/schema\\\/person\\\/7fcb79f38045700919f7da6d97e71ba0\",\"name\":\"SalaStampa.eu, world press service\",\"image\":{\"@type\":\"ImageObject\",\"inLanguage\":\"es-AR\",\"@id\":\"https:\\\/\\\/secure.gravatar.com\\\/avatar\\\/c2f0e0d515a107624234994507816ca4724c7199cef73fc8bedebf6931d73888?s=96&d=mm&r=g\",\"url\":\"https:\\\/\\\/secure.gravatar.com\\\/avatar\\\/c2f0e0d515a107624234994507816ca4724c7199cef73fc8bedebf6931d73888?s=96&d=mm&r=g\",\"contentUrl\":\"https:\\\/\\\/secure.gravatar.com\\\/avatar\\\/c2f0e0d515a107624234994507816ca4724c7199cef73fc8bedebf6931d73888?s=96&d=mm&r=g\",\"caption\":\"SalaStampa.eu, world press service\"}}]}<\/script>\n<!-- \/ Yoast SEO plugin. -->","yoast_head_json":{"title":"Sin justicia, no hay destino: la advertencia que vuelve a ignorarse - ElCanillita.Info","robots":{"index":"index","follow":"follow","max-snippet":"max-snippet:-1","max-image-preview":"max-image-preview:large","max-video-preview":"max-video-preview:-1"},"canonical":"https:\/\/elcanillita.info\/press\/2026\/05\/02\/sin-justicia-no-hay-destino-la-advertencia-que-vuelve-a-ignorarse\/","og_locale":"es_ES","og_type":"article","og_title":"Sin justicia, no hay destino: la advertencia que vuelve a ignorarse - ElCanillita.Info","og_description":"La reflexi\u00f3n de Avogadro pone el dedo en la llaga: sin una Justicia independiente, todo proyecto \u2014econ\u00f3mico o pol\u00edtico\u2014 es apenas una ilusi\u00f3n sostenida por la coyuntura.","og_url":"https:\/\/elcanillita.info\/press\/2026\/05\/02\/sin-justicia-no-hay-destino-la-advertencia-que-vuelve-a-ignorarse\/","og_site_name":"ElCanillita.Info","article_publisher":"https:\/\/ar-ar.facebook.com\/ElCanillitainfo-114249515285712\/","article_published_time":"2026-05-02T08:23:04+00:00","article_modified_time":"2026-05-02T08:23:05+00:00","og_image":[{"width":600,"height":480,"url":"https:\/\/elcanillita.info\/press\/images\/2026\/05\/justicia-en-pausacv.jpg","type":"image\/jpeg"}],"author":"SalaStampa.eu, world press service","twitter_card":"summary_large_image","twitter_misc":{"Escrito por":"SalaStampa.eu, world press service","Tiempo de lectura":"3 minutos"},"schema":{"@context":"https:\/\/schema.org","@graph":[{"@type":"Article","@id":"https:\/\/elcanillita.info\/press\/2026\/05\/02\/sin-justicia-no-hay-destino-la-advertencia-que-vuelve-a-ignorarse\/#article","isPartOf":{"@id":"https:\/\/elcanillita.info\/press\/2026\/05\/02\/sin-justicia-no-hay-destino-la-advertencia-que-vuelve-a-ignorarse\/"},"author":{"name":"SalaStampa.eu, world press service","@id":"https:\/\/elcanillita.info\/press\/#\/schema\/person\/7fcb79f38045700919f7da6d97e71ba0"},"headline":"Sin justicia, no hay destino: la advertencia que vuelve a ignorarse","datePublished":"2026-05-02T08:23:04+00:00","dateModified":"2026-05-02T08:23:05+00:00","mainEntityOfPage":{"@id":"https:\/\/elcanillita.info\/press\/2026\/05\/02\/sin-justicia-no-hay-destino-la-advertencia-que-vuelve-a-ignorarse\/"},"wordCount":454,"publisher":{"@id":"https:\/\/elcanillita.info\/press\/#organization"},"image":{"@id":"https:\/\/elcanillita.info\/press\/2026\/05\/02\/sin-justicia-no-hay-destino-la-advertencia-que-vuelve-a-ignorarse\/#primaryimage"},"thumbnailUrl":"https:\/\/elcanillita.info\/press\/images\/2026\/05\/justicia-en-pausacv.jpg","keywords":["Argentina"],"articleSection":["Actualidad","Am\u00e9rica del Sur","Corrupci\u00f3n","Justicia","Politica","Sociedad y valores"],"inLanguage":"es-AR"},{"@type":"WebPage","@id":"https:\/\/elcanillita.info\/press\/2026\/05\/02\/sin-justicia-no-hay-destino-la-advertencia-que-vuelve-a-ignorarse\/","url":"https:\/\/elcanillita.info\/press\/2026\/05\/02\/sin-justicia-no-hay-destino-la-advertencia-que-vuelve-a-ignorarse\/","name":"Sin justicia, no hay destino: la advertencia que vuelve a ignorarse - ElCanillita.Info","isPartOf":{"@id":"https:\/\/elcanillita.info\/press\/#website"},"primaryImageOfPage":{"@id":"https:\/\/elcanillita.info\/press\/2026\/05\/02\/sin-justicia-no-hay-destino-la-advertencia-que-vuelve-a-ignorarse\/#primaryimage"},"image":{"@id":"https:\/\/elcanillita.info\/press\/2026\/05\/02\/sin-justicia-no-hay-destino-la-advertencia-que-vuelve-a-ignorarse\/#primaryimage"},"thumbnailUrl":"https:\/\/elcanillita.info\/press\/images\/2026\/05\/justicia-en-pausacv.jpg","datePublished":"2026-05-02T08:23:04+00:00","dateModified":"2026-05-02T08:23:05+00:00","inLanguage":"es-AR","potentialAction":[{"@type":"ReadAction","target":["https:\/\/elcanillita.info\/press\/2026\/05\/02\/sin-justicia-no-hay-destino-la-advertencia-que-vuelve-a-ignorarse\/"]}]},{"@type":"ImageObject","inLanguage":"es-AR","@id":"https:\/\/elcanillita.info\/press\/2026\/05\/02\/sin-justicia-no-hay-destino-la-advertencia-que-vuelve-a-ignorarse\/#primaryimage","url":"https:\/\/elcanillita.info\/press\/images\/2026\/05\/justicia-en-pausacv.jpg","contentUrl":"https:\/\/elcanillita.info\/press\/images\/2026\/05\/justicia-en-pausacv.jpg","width":600,"height":480},{"@type":"WebSite","@id":"https:\/\/elcanillita.info\/press\/#website","url":"https:\/\/elcanillita.info\/press\/","name":"ElCanillita.Info","description":"desde los Apeninos a los Andes","publisher":{"@id":"https:\/\/elcanillita.info\/press\/#organization"},"potentialAction":[{"@type":"SearchAction","target":{"@type":"EntryPoint","urlTemplate":"https:\/\/elcanillita.info\/press\/?s={search_term_string}"},"query-input":{"@type":"PropertyValueSpecification","valueRequired":true,"valueName":"search_term_string"}}],"inLanguage":"es-AR"},{"@type":"Organization","@id":"https:\/\/elcanillita.info\/press\/#organization","name":"Guzzo Photos & Graphic Publications","url":"https:\/\/elcanillita.info\/press\/","logo":{"@type":"ImageObject","inLanguage":"es-AR","@id":"https:\/\/elcanillita.info\/press\/#\/schema\/logo\/image\/","url":"https:\/\/elcanillita.info\/press\/images\/2020\/01\/cropped-cropped-cropped-elcanillitainfo.png","contentUrl":"https:\/\/elcanillita.info\/press\/images\/2020\/01\/cropped-cropped-cropped-elcanillitainfo.png","width":460,"height":50,"caption":"Guzzo Photos & Graphic Publications"},"image":{"@id":"https:\/\/elcanillita.info\/press\/#\/schema\/logo\/image\/"},"sameAs":["https:\/\/ar-ar.facebook.com\/ElCanillitainfo-114249515285712\/"]},{"@type":"Person","@id":"https:\/\/elcanillita.info\/press\/#\/schema\/person\/7fcb79f38045700919f7da6d97e71ba0","name":"SalaStampa.eu, world press service","image":{"@type":"ImageObject","inLanguage":"es-AR","@id":"https:\/\/secure.gravatar.com\/avatar\/c2f0e0d515a107624234994507816ca4724c7199cef73fc8bedebf6931d73888?s=96&d=mm&r=g","url":"https:\/\/secure.gravatar.com\/avatar\/c2f0e0d515a107624234994507816ca4724c7199cef73fc8bedebf6931d73888?s=96&d=mm&r=g","contentUrl":"https:\/\/secure.gravatar.com\/avatar\/c2f0e0d515a107624234994507816ca4724c7199cef73fc8bedebf6931d73888?s=96&d=mm&r=g","caption":"SalaStampa.eu, world press service"}}]}},"views":12,"_links":{"self":[{"href":"https:\/\/elcanillita.info\/press\/wp-json\/wp\/v2\/posts\/6624","targetHints":{"allow":["GET"]}}],"collection":[{"href":"https:\/\/elcanillita.info\/press\/wp-json\/wp\/v2\/posts"}],"about":[{"href":"https:\/\/elcanillita.info\/press\/wp-json\/wp\/v2\/types\/post"}],"author":[{"embeddable":true,"href":"https:\/\/elcanillita.info\/press\/wp-json\/wp\/v2\/users\/1"}],"replies":[{"embeddable":true,"href":"https:\/\/elcanillita.info\/press\/wp-json\/wp\/v2\/comments?post=6624"}],"version-history":[{"count":0,"href":"https:\/\/elcanillita.info\/press\/wp-json\/wp\/v2\/posts\/6624\/revisions"}],"wp:featuredmedia":[{"embeddable":true,"href":"https:\/\/elcanillita.info\/press\/wp-json\/wp\/v2\/media\/6625"}],"wp:attachment":[{"href":"https:\/\/elcanillita.info\/press\/wp-json\/wp\/v2\/media?parent=6624"}],"wp:term":[{"taxonomy":"category","embeddable":true,"href":"https:\/\/elcanillita.info\/press\/wp-json\/wp\/v2\/categories?post=6624"},{"taxonomy":"post_tag","embeddable":true,"href":"https:\/\/elcanillita.info\/press\/wp-json\/wp\/v2\/tags?post=6624"}],"curies":[{"name":"wp","href":"https:\/\/api.w.org\/{rel}","templated":true}]}}