{"id":661,"date":"2020-04-13T17:26:48","date_gmt":"2020-04-13T20:26:48","guid":{"rendered":"https:\/\/elcanillita.info\/press\/?p=661"},"modified":"2020-04-13T17:26:50","modified_gmt":"2020-04-13T20:26:50","slug":"regreso-trabajo-espana-pautas-incorporacion-gradual","status":"publish","type":"post","link":"https:\/\/elcanillita.info\/press\/2020\/04\/13\/regreso-trabajo-espana-pautas-incorporacion-gradual\/","title":{"rendered":"El regreso al trabajo en Espa\u00f1a: \u00bfCu\u00e1les son las pautas para la incorporaci\u00f3n gradual?"},"content":{"rendered":"\n<p>Madrid, 13.04.2020 &#8211; El Gobierno espa\u00f1ol est\u00e1 intentando de forma gradual el regreso al trabajo en algunos sectores de la golpeada naci\u00f3n a causa del coronavirus, donde miles de personas se han contagiado o perdido la vida.<\/p>\n\n\n\n<p>La mayor\u00eda de los espa\u00f1oles ha&nbsp;estado confinada en sus casas desde mediados de marzo, y solo a los negocios en sectores considerados estrat\u00e9gicamente importantes se les ha permitido operar con normalidad.<\/p>\n\n\n\n<p>En un primer paso de flexibilizaci\u00f3n del confinamiento, desde el lunes, empleados de las \u00e1reas de la construcci\u00f3n y la industria pueden volver a sus labores, pero siguiendo pautas para prevenir los contagios y as\u00ed mantener la tendencia a la baja en el reporte de casos de contagios y&nbsp;muertes.<\/p>\n\n\n\n<p>&#8220;S\u00ed he visto m\u00e1s personas caminando en las calles, al contrario de como hab\u00eda sido en las semanas anteriores&#8221;, dijo a la Voz de Am\u00e9rica, &nbsp;la salvadore\u00f1a Vanessa Granados, que reside en Barcelona.<\/p>\n\n\n\n<p>Ella, al igual que la mayor\u00eda en Espa\u00f1a, se mantiene en su apartamento y ha continuado en l\u00ednea sus clases de maestr\u00eda.<br><strong> Se mantiene la fase de confinamiento<\/strong><\/p>\n\n\n\n<p>El gobierno espa\u00f1ol, sin embargo, ha pedido a los ciudadanos que puedan trabajar desde casa que lo sigan haciendo si les es posible para seguir evitando las aglomeraciones.<\/p>\n\n\n\n<p>A la vez ha desarrollado un plan para entregar tapabocas a las personas en puntos como las estaciones de metro o bus,&nbsp;las directrices de las autoridades incluyen que&nbsp;las empresas deben proporcionar el equipo de protecci\u00f3n adecuado y asegurarse de que los empleados mantengan uha distancia entre s\u00ed, de al menos dos metro.<\/p>\n\n\n\n<p>Incluso el ministro del interior,&nbsp;Fernando Grande-Marlaska, ha se\u00f1alado que la flexibilizaci\u00f3n vigente desde el lunes para algunos empleos&nbsp;no significa que comenzar\u00e1n a desescalar la cuarentena que ha confinado a millones de espa\u00f1oles en sus casas.<\/p>\n\n\n\n<p>\u201cSeguimos en la fase de confinamiento (\u2026) No hemos iniciado ninguna desescalada\u201d, asegur\u00f3 en conferencia de prensa.<\/p>\n\n\n\n<p>Seg\u00fan datos de las autoridades espa\u00f1olas, el lunes se informaron 517 muertes por coronavirus, la segunda cifra m\u00e1s baja desde el 24 de marzo y en general, la tendencia va hacia la baja, seg\u00fan informan.<\/p>\n\n\n\n<p>-Con reporte de Herbert Zepeda, VOA en Washington-<br><br> <small>2020 voanoticias \u2013 salastampa.eu, afiliada a la red Broadcasting Board of Governors \u00a9 2020 BBG<\/small> <\/p>\n","protected":false},"excerpt":{"rendered":"<p>Madrid, 13.04.2020 &#8211; El Gobierno espa\u00f1ol est\u00e1 intentando de forma gradual el regreso al trabajo en algunos sectores de la golpeada naci\u00f3n a causa del coronavirus, donde miles de personas se han contagiado o perdido la vida.<\/p>\n","protected":false},"author":1,"featured_media":0,"comment_status":"closed","ping_status":"closed","sticky":false,"template":"","format":"standard","meta":{"footnotes":"","_links_to":"","_links_to_target":""},"categories":[70,20,5,78,25],"tags":[71],"class_list":["post-661","post","type-post","status-publish","format-standard","hentry","category-actualidad","category-economia","category-europa","category-sanidad","category-sociedad","tag-espana","entry","double"],"yoast_head":"<!-- This site is optimized with the Yoast SEO plugin v27.5 - https:\/\/yoast.com\/product\/yoast-seo-wordpress\/ -->\n<title>El regreso al trabajo en Espa\u00f1a: \u00bfCu\u00e1les son las pautas para la incorporaci\u00f3n gradual? - ElCanillita.Info<\/title>\n<meta name=\"robots\" content=\"index, follow, max-snippet:-1, max-image-preview:large, max-video-preview:-1\" \/>\n<link rel=\"canonical\" href=\"https:\/\/elcanillita.info\/press\/2020\/04\/13\/regreso-trabajo-espana-pautas-incorporacion-gradual\/\" \/>\n<meta property=\"og:locale\" content=\"es_ES\" \/>\n<meta property=\"og:type\" content=\"article\" \/>\n<meta property=\"og:title\" content=\"El regreso al trabajo en Espa\u00f1a: \u00bfCu\u00e1les son las pautas para la incorporaci\u00f3n gradual? - ElCanillita.Info\" \/>\n<meta property=\"og:description\" content=\"Madrid, 13.04.2020 - El Gobierno espa\u00f1ol est\u00e1 intentando de forma gradual el regreso al trabajo en algunos sectores de la golpeada naci\u00f3n a causa del coronavirus, donde miles de personas se han contagiado o perdido la vida.\" \/>\n<meta property=\"og:url\" content=\"https:\/\/elcanillita.info\/press\/2020\/04\/13\/regreso-trabajo-espana-pautas-incorporacion-gradual\/\" \/>\n<meta property=\"og:site_name\" content=\"ElCanillita.Info\" \/>\n<meta property=\"article:publisher\" content=\"https:\/\/ar-ar.facebook.com\/ElCanillitainfo-114249515285712\/\" \/>\n<meta property=\"article:published_time\" content=\"2020-04-13T20:26:48+00:00\" \/>\n<meta property=\"article:modified_time\" content=\"2020-04-13T20:26:50+00:00\" \/>\n<meta name=\"author\" content=\"SalaStampa.eu, world press service\" \/>\n<meta name=\"twitter:card\" content=\"summary_large_image\" \/>\n<meta name=\"twitter:label1\" content=\"Escrito por\" \/>\n\t<meta name=\"twitter:data1\" content=\"SalaStampa.eu, world press service\" \/>\n\t<meta name=\"twitter:label2\" content=\"Tiempo de lectura\" \/>\n\t<meta name=\"twitter:data2\" content=\"2 minutos\" \/>\n<script type=\"application\/ld+json\" class=\"yoast-schema-graph\">{\"@context\":\"https:\\\/\\\/schema.org\",\"@graph\":[{\"@type\":\"Article\",\"@id\":\"https:\\\/\\\/elcanillita.info\\\/press\\\/2020\\\/04\\\/13\\\/regreso-trabajo-espana-pautas-incorporacion-gradual\\\/#article\",\"isPartOf\":{\"@id\":\"https:\\\/\\\/elcanillita.info\\\/press\\\/2020\\\/04\\\/13\\\/regreso-trabajo-espana-pautas-incorporacion-gradual\\\/\"},\"author\":{\"name\":\"SalaStampa.eu, world press service\",\"@id\":\"https:\\\/\\\/elcanillita.info\\\/press\\\/#\\\/schema\\\/person\\\/7fcb79f38045700919f7da6d97e71ba0\"},\"headline\":\"El regreso al trabajo en Espa\u00f1a: \u00bfCu\u00e1les son las pautas para la incorporaci\u00f3n gradual?\",\"datePublished\":\"2020-04-13T20:26:48+00:00\",\"dateModified\":\"2020-04-13T20:26:50+00:00\",\"mainEntityOfPage\":{\"@id\":\"https:\\\/\\\/elcanillita.info\\\/press\\\/2020\\\/04\\\/13\\\/regreso-trabajo-espana-pautas-incorporacion-gradual\\\/\"},\"wordCount\":416,\"publisher\":{\"@id\":\"https:\\\/\\\/elcanillita.info\\\/press\\\/#organization\"},\"keywords\":[\"Espa\u00f1a\"],\"articleSection\":[\"Actualidad\",\"Economia\",\"Europa\",\"Sanidad\",\"Sociedad\"],\"inLanguage\":\"es-AR\"},{\"@type\":\"WebPage\",\"@id\":\"https:\\\/\\\/elcanillita.info\\\/press\\\/2020\\\/04\\\/13\\\/regreso-trabajo-espana-pautas-incorporacion-gradual\\\/\",\"url\":\"https:\\\/\\\/elcanillita.info\\\/press\\\/2020\\\/04\\\/13\\\/regreso-trabajo-espana-pautas-incorporacion-gradual\\\/\",\"name\":\"El regreso al trabajo en Espa\u00f1a: \u00bfCu\u00e1les son las pautas para la incorporaci\u00f3n gradual? - ElCanillita.Info\",\"isPartOf\":{\"@id\":\"https:\\\/\\\/elcanillita.info\\\/press\\\/#website\"},\"datePublished\":\"2020-04-13T20:26:48+00:00\",\"dateModified\":\"2020-04-13T20:26:50+00:00\",\"inLanguage\":\"es-AR\",\"potentialAction\":[{\"@type\":\"ReadAction\",\"target\":[\"https:\\\/\\\/elcanillita.info\\\/press\\\/2020\\\/04\\\/13\\\/regreso-trabajo-espana-pautas-incorporacion-gradual\\\/\"]}]},{\"@type\":\"WebSite\",\"@id\":\"https:\\\/\\\/elcanillita.info\\\/press\\\/#website\",\"url\":\"https:\\\/\\\/elcanillita.info\\\/press\\\/\",\"name\":\"ElCanillita.Info\",\"description\":\"desde los Apeninos a los Andes\",\"publisher\":{\"@id\":\"https:\\\/\\\/elcanillita.info\\\/press\\\/#organization\"},\"potentialAction\":[{\"@type\":\"SearchAction\",\"target\":{\"@type\":\"EntryPoint\",\"urlTemplate\":\"https:\\\/\\\/elcanillita.info\\\/press\\\/?s={search_term_string}\"},\"query-input\":{\"@type\":\"PropertyValueSpecification\",\"valueRequired\":true,\"valueName\":\"search_term_string\"}}],\"inLanguage\":\"es-AR\"},{\"@type\":\"Organization\",\"@id\":\"https:\\\/\\\/elcanillita.info\\\/press\\\/#organization\",\"name\":\"Guzzo Photos & Graphic Publications\",\"url\":\"https:\\\/\\\/elcanillita.info\\\/press\\\/\",\"logo\":{\"@type\":\"ImageObject\",\"inLanguage\":\"es-AR\",\"@id\":\"https:\\\/\\\/elcanillita.info\\\/press\\\/#\\\/schema\\\/logo\\\/image\\\/\",\"url\":\"https:\\\/\\\/elcanillita.info\\\/press\\\/images\\\/2020\\\/01\\\/cropped-cropped-cropped-elcanillitainfo.png\",\"contentUrl\":\"https:\\\/\\\/elcanillita.info\\\/press\\\/images\\\/2020\\\/01\\\/cropped-cropped-cropped-elcanillitainfo.png\",\"width\":460,\"height\":50,\"caption\":\"Guzzo Photos & Graphic Publications\"},\"image\":{\"@id\":\"https:\\\/\\\/elcanillita.info\\\/press\\\/#\\\/schema\\\/logo\\\/image\\\/\"},\"sameAs\":[\"https:\\\/\\\/ar-ar.facebook.com\\\/ElCanillitainfo-114249515285712\\\/\"]},{\"@type\":\"Person\",\"@id\":\"https:\\\/\\\/elcanillita.info\\\/press\\\/#\\\/schema\\\/person\\\/7fcb79f38045700919f7da6d97e71ba0\",\"name\":\"SalaStampa.eu, world press service\",\"image\":{\"@type\":\"ImageObject\",\"inLanguage\":\"es-AR\",\"@id\":\"https:\\\/\\\/secure.gravatar.com\\\/avatar\\\/c2f0e0d515a107624234994507816ca4724c7199cef73fc8bedebf6931d73888?s=96&d=mm&r=g\",\"url\":\"https:\\\/\\\/secure.gravatar.com\\\/avatar\\\/c2f0e0d515a107624234994507816ca4724c7199cef73fc8bedebf6931d73888?s=96&d=mm&r=g\",\"contentUrl\":\"https:\\\/\\\/secure.gravatar.com\\\/avatar\\\/c2f0e0d515a107624234994507816ca4724c7199cef73fc8bedebf6931d73888?s=96&d=mm&r=g\",\"caption\":\"SalaStampa.eu, world press service\"}}]}<\/script>\n<!-- \/ Yoast SEO plugin. -->","yoast_head_json":{"title":"El regreso al trabajo en Espa\u00f1a: \u00bfCu\u00e1les son las pautas para la incorporaci\u00f3n gradual? - ElCanillita.Info","robots":{"index":"index","follow":"follow","max-snippet":"max-snippet:-1","max-image-preview":"max-image-preview:large","max-video-preview":"max-video-preview:-1"},"canonical":"https:\/\/elcanillita.info\/press\/2020\/04\/13\/regreso-trabajo-espana-pautas-incorporacion-gradual\/","og_locale":"es_ES","og_type":"article","og_title":"El regreso al trabajo en Espa\u00f1a: \u00bfCu\u00e1les son las pautas para la incorporaci\u00f3n gradual? - ElCanillita.Info","og_description":"Madrid, 13.04.2020 - El Gobierno espa\u00f1ol est\u00e1 intentando de forma gradual el regreso al trabajo en algunos sectores de la golpeada naci\u00f3n a causa del coronavirus, donde miles de personas se han contagiado o perdido la vida.","og_url":"https:\/\/elcanillita.info\/press\/2020\/04\/13\/regreso-trabajo-espana-pautas-incorporacion-gradual\/","og_site_name":"ElCanillita.Info","article_publisher":"https:\/\/ar-ar.facebook.com\/ElCanillitainfo-114249515285712\/","article_published_time":"2020-04-13T20:26:48+00:00","article_modified_time":"2020-04-13T20:26:50+00:00","author":"SalaStampa.eu, world press service","twitter_card":"summary_large_image","twitter_misc":{"Escrito por":"SalaStampa.eu, world press service","Tiempo de lectura":"2 minutos"},"schema":{"@context":"https:\/\/schema.org","@graph":[{"@type":"Article","@id":"https:\/\/elcanillita.info\/press\/2020\/04\/13\/regreso-trabajo-espana-pautas-incorporacion-gradual\/#article","isPartOf":{"@id":"https:\/\/elcanillita.info\/press\/2020\/04\/13\/regreso-trabajo-espana-pautas-incorporacion-gradual\/"},"author":{"name":"SalaStampa.eu, world press service","@id":"https:\/\/elcanillita.info\/press\/#\/schema\/person\/7fcb79f38045700919f7da6d97e71ba0"},"headline":"El regreso al trabajo en Espa\u00f1a: \u00bfCu\u00e1les son las pautas para la incorporaci\u00f3n gradual?","datePublished":"2020-04-13T20:26:48+00:00","dateModified":"2020-04-13T20:26:50+00:00","mainEntityOfPage":{"@id":"https:\/\/elcanillita.info\/press\/2020\/04\/13\/regreso-trabajo-espana-pautas-incorporacion-gradual\/"},"wordCount":416,"publisher":{"@id":"https:\/\/elcanillita.info\/press\/#organization"},"keywords":["Espa\u00f1a"],"articleSection":["Actualidad","Economia","Europa","Sanidad","Sociedad"],"inLanguage":"es-AR"},{"@type":"WebPage","@id":"https:\/\/elcanillita.info\/press\/2020\/04\/13\/regreso-trabajo-espana-pautas-incorporacion-gradual\/","url":"https:\/\/elcanillita.info\/press\/2020\/04\/13\/regreso-trabajo-espana-pautas-incorporacion-gradual\/","name":"El regreso al trabajo en Espa\u00f1a: \u00bfCu\u00e1les son las pautas para la incorporaci\u00f3n gradual? - ElCanillita.Info","isPartOf":{"@id":"https:\/\/elcanillita.info\/press\/#website"},"datePublished":"2020-04-13T20:26:48+00:00","dateModified":"2020-04-13T20:26:50+00:00","inLanguage":"es-AR","potentialAction":[{"@type":"ReadAction","target":["https:\/\/elcanillita.info\/press\/2020\/04\/13\/regreso-trabajo-espana-pautas-incorporacion-gradual\/"]}]},{"@type":"WebSite","@id":"https:\/\/elcanillita.info\/press\/#website","url":"https:\/\/elcanillita.info\/press\/","name":"ElCanillita.Info","description":"desde los Apeninos a los Andes","publisher":{"@id":"https:\/\/elcanillita.info\/press\/#organization"},"potentialAction":[{"@type":"SearchAction","target":{"@type":"EntryPoint","urlTemplate":"https:\/\/elcanillita.info\/press\/?s={search_term_string}"},"query-input":{"@type":"PropertyValueSpecification","valueRequired":true,"valueName":"search_term_string"}}],"inLanguage":"es-AR"},{"@type":"Organization","@id":"https:\/\/elcanillita.info\/press\/#organization","name":"Guzzo Photos & Graphic Publications","url":"https:\/\/elcanillita.info\/press\/","logo":{"@type":"ImageObject","inLanguage":"es-AR","@id":"https:\/\/elcanillita.info\/press\/#\/schema\/logo\/image\/","url":"https:\/\/elcanillita.info\/press\/images\/2020\/01\/cropped-cropped-cropped-elcanillitainfo.png","contentUrl":"https:\/\/elcanillita.info\/press\/images\/2020\/01\/cropped-cropped-cropped-elcanillitainfo.png","width":460,"height":50,"caption":"Guzzo Photos & Graphic Publications"},"image":{"@id":"https:\/\/elcanillita.info\/press\/#\/schema\/logo\/image\/"},"sameAs":["https:\/\/ar-ar.facebook.com\/ElCanillitainfo-114249515285712\/"]},{"@type":"Person","@id":"https:\/\/elcanillita.info\/press\/#\/schema\/person\/7fcb79f38045700919f7da6d97e71ba0","name":"SalaStampa.eu, world press service","image":{"@type":"ImageObject","inLanguage":"es-AR","@id":"https:\/\/secure.gravatar.com\/avatar\/c2f0e0d515a107624234994507816ca4724c7199cef73fc8bedebf6931d73888?s=96&d=mm&r=g","url":"https:\/\/secure.gravatar.com\/avatar\/c2f0e0d515a107624234994507816ca4724c7199cef73fc8bedebf6931d73888?s=96&d=mm&r=g","contentUrl":"https:\/\/secure.gravatar.com\/avatar\/c2f0e0d515a107624234994507816ca4724c7199cef73fc8bedebf6931d73888?s=96&d=mm&r=g","caption":"SalaStampa.eu, world press service"}}]}},"views":832,"_links":{"self":[{"href":"https:\/\/elcanillita.info\/press\/wp-json\/wp\/v2\/posts\/661","targetHints":{"allow":["GET"]}}],"collection":[{"href":"https:\/\/elcanillita.info\/press\/wp-json\/wp\/v2\/posts"}],"about":[{"href":"https:\/\/elcanillita.info\/press\/wp-json\/wp\/v2\/types\/post"}],"author":[{"embeddable":true,"href":"https:\/\/elcanillita.info\/press\/wp-json\/wp\/v2\/users\/1"}],"replies":[{"embeddable":true,"href":"https:\/\/elcanillita.info\/press\/wp-json\/wp\/v2\/comments?post=661"}],"version-history":[{"count":0,"href":"https:\/\/elcanillita.info\/press\/wp-json\/wp\/v2\/posts\/661\/revisions"}],"wp:attachment":[{"href":"https:\/\/elcanillita.info\/press\/wp-json\/wp\/v2\/media?parent=661"}],"wp:term":[{"taxonomy":"category","embeddable":true,"href":"https:\/\/elcanillita.info\/press\/wp-json\/wp\/v2\/categories?post=661"},{"taxonomy":"post_tag","embeddable":true,"href":"https:\/\/elcanillita.info\/press\/wp-json\/wp\/v2\/tags?post=661"}],"curies":[{"name":"wp","href":"https:\/\/api.w.org\/{rel}","templated":true}]}}