{"id":6601,"date":"2026-04-28T21:58:19","date_gmt":"2026-04-29T00:58:19","guid":{"rendered":"https:\/\/elcanillita.info\/press\/?p=6601"},"modified":"2026-04-28T22:07:40","modified_gmt":"2026-04-29T01:07:40","slug":"el-veedor-del-ajuste","status":"publish","type":"post","link":"https:\/\/elcanillita.info\/press\/2026\/04\/28\/el-veedor-del-ajuste\/","title":{"rendered":"Milei debate a Keynes mientras apura el cierre con los buitres"},"content":{"rendered":"\n<figure class=\"wp-block-image size-large\"><img loading=\"lazy\" decoding=\"async\" width=\"600\" height=\"480\" src=\"https:\/\/elcanillita.info\/press\/images\/2026\/04\/img_1717.jpg\" alt=\"\" class=\"wp-image-6602\" srcset=\"https:\/\/elcanillita.info\/press\/images\/2026\/04\/img_1717.jpg 600w, https:\/\/elcanillita.info\/press\/images\/2026\/04\/img_1717-300x240.jpg 300w\" sizes=\"auto, (max-width: 600px) 100vw, 600px\" \/><figcaption class=\"wp-element-caption\"><br \/>Ilustraci\u00f3n original \u00a9\ufe0f 2026 Guzzo Photos &amp; Graphic Publications &#8211; All rights reserved<\/figcaption><\/figure>\n\n\n\n<p class=\"p1\">Mientras el presidente <strong>Javier Milei<\/strong> se sienta a debatir sobre la vigencia de la <strong>Teor\u00eda General del Empleo, el Inter\u00e9s y el Dinero<\/strong> en el Palacio Libertad, su administraci\u00f3n acelera en paralelo una negociaci\u00f3n mucho m\u00e1s terrenal: el pago de 171 millones de d\u00f3lares a fondos buitres con sentencia firme contra la Argentina. Una escena que mezcla filosof\u00eda econ\u00f3mica con pragmatismo judicial.<\/p>\n\n\n\n<p class=\"p1\">El oficialismo, a trav\u00e9s de <strong>La Libertad Avanza<\/strong>, busca dictaminar en el Senado el proyecto que autoriza ese desembolso. La iniciativa, impulsada junto al ministro de Econom\u00eda <strong>Luis Caputo<\/strong>, tiene un objetivo claro: cerrar un acuerdo que evite nuevas escaladas judiciales en tribunales internacionales y, sobre todo, cortar una sangr\u00eda financiera que lleva a\u00f1os.<\/p>\n\n\n\n<p class=\"p1\">El tr\u00e1mite legislativo no es menor. El plenario conjunto de las comisiones de Econom\u00eda Nacional e Inversiones y de Presupuesto y Hacienda ser\u00e1 el escenario donde el oficialismo intentar\u00e1 firmar dictamen a contrarreloj. El reloj no es pol\u00edtico: es contractual. El 30 de abril aparece como \u201cfecha l\u00edmite de cierre\u201d, y cualquier demora podr\u00eda hacer caer el acuerdo.<\/p>\n\n\n\n<p class=\"p1\">Desde el Ejecutivo advierten que, si el Congreso no act\u00faa a tiempo, las consecuencias ser\u00edan inmediatas: la reactivaci\u00f3n de litigios bajo condiciones m\u00e1s gravosas. Traducido al castellano llano: m\u00e1s intereses, m\u00e1s presi\u00f3n judicial y menos margen de maniobra para una econom\u00eda que ya camina sobre terreno fr\u00e1gil.<\/p>\n\n\n\n<p class=\"p1\">El acuerdo contempla pagos por 67 millones de d\u00f3lares a <strong>Bainbridge Fund Ltd.<\/strong> y 104 millones al grupo liderado por <strong>Attestor Value Master Fund LP<\/strong>. A cambio, el Gobierno asegura que se resolver\u00e1n m\u00faltiples causas abiertas en Estados Unidos, incluyendo litigios que amenazaban con embargos sobre activos argentinos.<\/p>\n\n\n\n<p class=\"p1\">El argumento oficial es financiero: una quita superior al 30% sobre los montos reclamados y la posibilidad de evitar intereses punitorios bajo legislaci\u00f3n neoyorquina. En otras palabras, pagar ahora para no pagar mucho m\u00e1s despu\u00e9s. Una l\u00f3gica que, parad\u00f3jicamente, podr\u00eda haber firmado el propio <strong>John Maynard Keynes<\/strong> en una nota al pie.<\/p>\n\n\n\n<p class=\"p1\">Sin embargo, la escena pol\u00edtica no es tan lineal. Mientras Milei discute las bases del intervencionismo y la cr\u00edtica al gasto p\u00fablico, su gobierno negocia con acreedores externos bajo reglas cl\u00e1sicas del sistema financiero internacional. La teor\u00eda libertaria se cruza as\u00ed con la pr\u00e1ctica de la deuda soberana, donde las consignas ideol\u00f3gicas suelen ceder ante la aritm\u00e9tica.<\/p>\n\n\n\n<p class=\"p1\">En el Senado, el oficialismo busca mostrar eficacia y previsibilidad ante los mercados. Pero tambi\u00e9n necesita evitar fisuras internas y resistencias opositoras que podr\u00edan demorar el tr\u00e1mite. Cada hora cuenta, no solo por la fecha l\u00edmite, sino por la se\u00f1al pol\u00edtica que implica cumplir \u2014o no\u2014 con compromisos asumidos.<\/p>\n\n\n\n<p class=\"p1\">El cierre de este cap\u00edtulo, si se concreta, implicar\u00eda algo m\u00e1s que un pago: ser\u00eda un intento de clausurar una etapa de litigios que persigue a la Argentina desde hace d\u00e9cadas. Aunque, como suele ocurrir, cada cierre financiero abre una nueva discusi\u00f3n pol\u00edtica.<\/p>\n\n\n\n<p class=\"p2\">Entre Keynes en el auditorio y los buitres en los tribunales, el Gobierno ensaya un equilibrio delicado: pensar el modelo econ\u00f3mico del futuro mientras resuelve las deudas del pasado. Porque en la Argentina, incluso las teor\u00edas m\u00e1s abstractas terminan siempre pasando por caja.<\/p>\n\n\n\n<p><\/p>\n\n\n\n<p>\ud83d\udd8b\ufe0f \u00a9 El Veedor del Ajuste | 2026<\/p>\n\n\n\n<p class=\"p1\">\u201cLos n\u00fameros pueden cerrar en los despachos.<\/p>\n\n\n\n<p class=\"p1\">El ajuste, en cambio, siempre termina abri\u00e9ndose paso en la calle.\u201d<\/p>\n\n\n<hr style=\"\n    border: none;\n    height: 1px;\n    background: linear-gradient(to right, transparent, #ccc, transparent);\n    margin: 0;\n\" \/>\n<\/p>\n<p><small>\u00a9\ufe0f2026  Guzzo Photos  &#038; Graphic Publications \u2013 All Rights Reserved \u2013 Copyright \u00a9\ufe0f 2026 SalaStampa.eu, world press service \u2013 Guzzo Photos &#038; Graphic Publications \u2013 Registro Editori e Stampatori n. 1441 Turin, Italy<\/small><\/p>\n\n\n<p><\/p>\n","protected":false},"excerpt":{"rendered":"<p>Entre la teor\u00eda y la urgencia, el Gobierno juega en dos tableros: discute ideas en p\u00fablico y corre contra el calendario en los tribunales internacionales.<\/p>\n","protected":false},"author":14,"featured_media":6602,"comment_status":"closed","ping_status":"","sticky":false,"template":"","format":"standard","meta":{"footnotes":"","_links_to":"","_links_to_target":""},"categories":[108,121,70,11,20,23,130],"tags":[29],"class_list":["post-6601","post","type-post","status-publish","format-standard","has-post-thumbnail","hentry","category-blogdiario","category-dc24","category-actualidad","category-america-del-sur","category-economia","category-politica","category-reportero-de-dinero","tag-argentina","entry","double"],"yoast_head":"<!-- This site is optimized with the Yoast SEO plugin v27.4 - https:\/\/yoast.com\/product\/yoast-seo-wordpress\/ -->\n<title>Milei debate a Keynes mientras apura el cierre con los buitres - ElCanillita.Info<\/title>\n<meta name=\"robots\" content=\"index, follow, max-snippet:-1, max-image-preview:large, max-video-preview:-1\" \/>\n<link rel=\"canonical\" href=\"https:\/\/elcanillita.info\/press\/2026\/04\/28\/el-veedor-del-ajuste\/\" \/>\n<meta property=\"og:locale\" content=\"es_ES\" \/>\n<meta property=\"og:type\" content=\"article\" \/>\n<meta property=\"og:title\" content=\"Milei debate a Keynes mientras apura el cierre con los buitres - ElCanillita.Info\" \/>\n<meta property=\"og:description\" content=\"Entre la teor\u00eda y la urgencia, el Gobierno juega en dos tableros: discute ideas en p\u00fablico y corre contra el calendario en los tribunales internacionales.\" \/>\n<meta property=\"og:url\" content=\"https:\/\/elcanillita.info\/press\/2026\/04\/28\/el-veedor-del-ajuste\/\" \/>\n<meta property=\"og:site_name\" content=\"ElCanillita.Info\" \/>\n<meta property=\"article:publisher\" content=\"https:\/\/ar-ar.facebook.com\/ElCanillitainfo-114249515285712\/\" \/>\n<meta property=\"article:published_time\" content=\"2026-04-29T00:58:19+00:00\" \/>\n<meta property=\"article:modified_time\" content=\"2026-04-29T01:07:40+00:00\" \/>\n<meta property=\"og:image\" content=\"https:\/\/elcanillita.info\/press\/images\/2026\/04\/img_1717.jpg\" \/>\n\t<meta property=\"og:image:width\" content=\"600\" \/>\n\t<meta property=\"og:image:height\" content=\"480\" \/>\n\t<meta property=\"og:image:type\" content=\"image\/jpeg\" \/>\n<meta name=\"author\" content=\"ElCanillita.info Guzzo Photos &amp; Graphic Publications\" \/>\n<meta name=\"twitter:card\" content=\"summary_large_image\" \/>\n<meta name=\"twitter:label1\" content=\"Escrito por\" \/>\n\t<meta name=\"twitter:data1\" content=\"ElCanillita.info Guzzo Photos &amp; Graphic Publications\" \/>\n\t<meta name=\"twitter:label2\" content=\"Tiempo de lectura\" \/>\n\t<meta name=\"twitter:data2\" content=\"3 minutos\" \/>\n<script type=\"application\/ld+json\" class=\"yoast-schema-graph\">{\"@context\":\"https:\\\/\\\/schema.org\",\"@graph\":[{\"@type\":\"Article\",\"@id\":\"https:\\\/\\\/elcanillita.info\\\/press\\\/2026\\\/04\\\/28\\\/el-veedor-del-ajuste\\\/#article\",\"isPartOf\":{\"@id\":\"https:\\\/\\\/elcanillita.info\\\/press\\\/2026\\\/04\\\/28\\\/el-veedor-del-ajuste\\\/\"},\"author\":{\"name\":\"ElCanillita.info Guzzo Photos &amp; Graphic Publications\",\"@id\":\"https:\\\/\\\/elcanillita.info\\\/press\\\/#\\\/schema\\\/person\\\/e37a550cff8f5f3407ed112e4cc619cb\"},\"headline\":\"Milei debate a Keynes mientras apura el cierre con los buitres\",\"datePublished\":\"2026-04-29T00:58:19+00:00\",\"dateModified\":\"2026-04-29T01:07:40+00:00\",\"mainEntityOfPage\":{\"@id\":\"https:\\\/\\\/elcanillita.info\\\/press\\\/2026\\\/04\\\/28\\\/el-veedor-del-ajuste\\\/\"},\"wordCount\":638,\"publisher\":{\"@id\":\"https:\\\/\\\/elcanillita.info\\\/press\\\/#organization\"},\"image\":{\"@id\":\"https:\\\/\\\/elcanillita.info\\\/press\\\/2026\\\/04\\\/28\\\/el-veedor-del-ajuste\\\/#primaryimage\"},\"thumbnailUrl\":\"https:\\\/\\\/elcanillita.info\\\/press\\\/images\\\/2026\\\/04\\\/img_1717.jpg\",\"keywords\":[\"Argentina\"],\"articleSection\":[\".\",\".\",\"Actualidad\",\"Am\u00e9rica del Sur\",\"Economia\",\"Politica\",\"Reportero de dinero\"],\"inLanguage\":\"es-AR\"},{\"@type\":\"WebPage\",\"@id\":\"https:\\\/\\\/elcanillita.info\\\/press\\\/2026\\\/04\\\/28\\\/el-veedor-del-ajuste\\\/\",\"url\":\"https:\\\/\\\/elcanillita.info\\\/press\\\/2026\\\/04\\\/28\\\/el-veedor-del-ajuste\\\/\",\"name\":\"Milei debate a Keynes mientras apura el cierre con los buitres - ElCanillita.Info\",\"isPartOf\":{\"@id\":\"https:\\\/\\\/elcanillita.info\\\/press\\\/#website\"},\"primaryImageOfPage\":{\"@id\":\"https:\\\/\\\/elcanillita.info\\\/press\\\/2026\\\/04\\\/28\\\/el-veedor-del-ajuste\\\/#primaryimage\"},\"image\":{\"@id\":\"https:\\\/\\\/elcanillita.info\\\/press\\\/2026\\\/04\\\/28\\\/el-veedor-del-ajuste\\\/#primaryimage\"},\"thumbnailUrl\":\"https:\\\/\\\/elcanillita.info\\\/press\\\/images\\\/2026\\\/04\\\/img_1717.jpg\",\"datePublished\":\"2026-04-29T00:58:19+00:00\",\"dateModified\":\"2026-04-29T01:07:40+00:00\",\"inLanguage\":\"es-AR\",\"potentialAction\":[{\"@type\":\"ReadAction\",\"target\":[\"https:\\\/\\\/elcanillita.info\\\/press\\\/2026\\\/04\\\/28\\\/el-veedor-del-ajuste\\\/\"]}]},{\"@type\":\"ImageObject\",\"inLanguage\":\"es-AR\",\"@id\":\"https:\\\/\\\/elcanillita.info\\\/press\\\/2026\\\/04\\\/28\\\/el-veedor-del-ajuste\\\/#primaryimage\",\"url\":\"https:\\\/\\\/elcanillita.info\\\/press\\\/images\\\/2026\\\/04\\\/img_1717.jpg\",\"contentUrl\":\"https:\\\/\\\/elcanillita.info\\\/press\\\/images\\\/2026\\\/04\\\/img_1717.jpg\",\"width\":600,\"height\":480},{\"@type\":\"WebSite\",\"@id\":\"https:\\\/\\\/elcanillita.info\\\/press\\\/#website\",\"url\":\"https:\\\/\\\/elcanillita.info\\\/press\\\/\",\"name\":\"ElCanillita.Info\",\"description\":\"desde los Apeninos a los Andes\",\"publisher\":{\"@id\":\"https:\\\/\\\/elcanillita.info\\\/press\\\/#organization\"},\"potentialAction\":[{\"@type\":\"SearchAction\",\"target\":{\"@type\":\"EntryPoint\",\"urlTemplate\":\"https:\\\/\\\/elcanillita.info\\\/press\\\/?s={search_term_string}\"},\"query-input\":{\"@type\":\"PropertyValueSpecification\",\"valueRequired\":true,\"valueName\":\"search_term_string\"}}],\"inLanguage\":\"es-AR\"},{\"@type\":\"Organization\",\"@id\":\"https:\\\/\\\/elcanillita.info\\\/press\\\/#organization\",\"name\":\"Guzzo Photos & Graphic Publications\",\"url\":\"https:\\\/\\\/elcanillita.info\\\/press\\\/\",\"logo\":{\"@type\":\"ImageObject\",\"inLanguage\":\"es-AR\",\"@id\":\"https:\\\/\\\/elcanillita.info\\\/press\\\/#\\\/schema\\\/logo\\\/image\\\/\",\"url\":\"https:\\\/\\\/elcanillita.info\\\/press\\\/images\\\/2020\\\/01\\\/cropped-cropped-cropped-elcanillitainfo.png\",\"contentUrl\":\"https:\\\/\\\/elcanillita.info\\\/press\\\/images\\\/2020\\\/01\\\/cropped-cropped-cropped-elcanillitainfo.png\",\"width\":460,\"height\":50,\"caption\":\"Guzzo Photos & Graphic Publications\"},\"image\":{\"@id\":\"https:\\\/\\\/elcanillita.info\\\/press\\\/#\\\/schema\\\/logo\\\/image\\\/\"},\"sameAs\":[\"https:\\\/\\\/ar-ar.facebook.com\\\/ElCanillitainfo-114249515285712\\\/\"]},{\"@type\":\"Person\",\"@id\":\"https:\\\/\\\/elcanillita.info\\\/press\\\/#\\\/schema\\\/person\\\/e37a550cff8f5f3407ed112e4cc619cb\",\"name\":\"ElCanillita.info Guzzo Photos &amp; Graphic Publications\",\"image\":{\"@type\":\"ImageObject\",\"inLanguage\":\"es-AR\",\"@id\":\"https:\\\/\\\/secure.gravatar.com\\\/avatar\\\/8914fbe0ef09248907e331ab93dfa89c7f76decf6b51cd1b2f8444e6260db772?s=96&d=mm&r=g\",\"url\":\"https:\\\/\\\/secure.gravatar.com\\\/avatar\\\/8914fbe0ef09248907e331ab93dfa89c7f76decf6b51cd1b2f8444e6260db772?s=96&d=mm&r=g\",\"contentUrl\":\"https:\\\/\\\/secure.gravatar.com\\\/avatar\\\/8914fbe0ef09248907e331ab93dfa89c7f76decf6b51cd1b2f8444e6260db772?s=96&d=mm&r=g\",\"caption\":\"ElCanillita.info Guzzo Photos &amp; Graphic Publications\"},\"sameAs\":[\"http:\\\/\\\/guzzophotos.com\"]}]}<\/script>\n<!-- \/ Yoast SEO plugin. -->","yoast_head_json":{"title":"Milei debate a Keynes mientras apura el cierre con los buitres - ElCanillita.Info","robots":{"index":"index","follow":"follow","max-snippet":"max-snippet:-1","max-image-preview":"max-image-preview:large","max-video-preview":"max-video-preview:-1"},"canonical":"https:\/\/elcanillita.info\/press\/2026\/04\/28\/el-veedor-del-ajuste\/","og_locale":"es_ES","og_type":"article","og_title":"Milei debate a Keynes mientras apura el cierre con los buitres - ElCanillita.Info","og_description":"Entre la teor\u00eda y la urgencia, el Gobierno juega en dos tableros: discute ideas en p\u00fablico y corre contra el calendario en los tribunales internacionales.","og_url":"https:\/\/elcanillita.info\/press\/2026\/04\/28\/el-veedor-del-ajuste\/","og_site_name":"ElCanillita.Info","article_publisher":"https:\/\/ar-ar.facebook.com\/ElCanillitainfo-114249515285712\/","article_published_time":"2026-04-29T00:58:19+00:00","article_modified_time":"2026-04-29T01:07:40+00:00","og_image":[{"width":600,"height":480,"url":"https:\/\/elcanillita.info\/press\/images\/2026\/04\/img_1717.jpg","type":"image\/jpeg"}],"author":"ElCanillita.info Guzzo Photos &amp; Graphic Publications","twitter_card":"summary_large_image","twitter_misc":{"Escrito por":"ElCanillita.info Guzzo Photos &amp; Graphic Publications","Tiempo de lectura":"3 minutos"},"schema":{"@context":"https:\/\/schema.org","@graph":[{"@type":"Article","@id":"https:\/\/elcanillita.info\/press\/2026\/04\/28\/el-veedor-del-ajuste\/#article","isPartOf":{"@id":"https:\/\/elcanillita.info\/press\/2026\/04\/28\/el-veedor-del-ajuste\/"},"author":{"name":"ElCanillita.info Guzzo Photos &amp; Graphic Publications","@id":"https:\/\/elcanillita.info\/press\/#\/schema\/person\/e37a550cff8f5f3407ed112e4cc619cb"},"headline":"Milei debate a Keynes mientras apura el cierre con los buitres","datePublished":"2026-04-29T00:58:19+00:00","dateModified":"2026-04-29T01:07:40+00:00","mainEntityOfPage":{"@id":"https:\/\/elcanillita.info\/press\/2026\/04\/28\/el-veedor-del-ajuste\/"},"wordCount":638,"publisher":{"@id":"https:\/\/elcanillita.info\/press\/#organization"},"image":{"@id":"https:\/\/elcanillita.info\/press\/2026\/04\/28\/el-veedor-del-ajuste\/#primaryimage"},"thumbnailUrl":"https:\/\/elcanillita.info\/press\/images\/2026\/04\/img_1717.jpg","keywords":["Argentina"],"articleSection":[".",".","Actualidad","Am\u00e9rica del Sur","Economia","Politica","Reportero de dinero"],"inLanguage":"es-AR"},{"@type":"WebPage","@id":"https:\/\/elcanillita.info\/press\/2026\/04\/28\/el-veedor-del-ajuste\/","url":"https:\/\/elcanillita.info\/press\/2026\/04\/28\/el-veedor-del-ajuste\/","name":"Milei debate a Keynes mientras apura el cierre con los buitres - ElCanillita.Info","isPartOf":{"@id":"https:\/\/elcanillita.info\/press\/#website"},"primaryImageOfPage":{"@id":"https:\/\/elcanillita.info\/press\/2026\/04\/28\/el-veedor-del-ajuste\/#primaryimage"},"image":{"@id":"https:\/\/elcanillita.info\/press\/2026\/04\/28\/el-veedor-del-ajuste\/#primaryimage"},"thumbnailUrl":"https:\/\/elcanillita.info\/press\/images\/2026\/04\/img_1717.jpg","datePublished":"2026-04-29T00:58:19+00:00","dateModified":"2026-04-29T01:07:40+00:00","inLanguage":"es-AR","potentialAction":[{"@type":"ReadAction","target":["https:\/\/elcanillita.info\/press\/2026\/04\/28\/el-veedor-del-ajuste\/"]}]},{"@type":"ImageObject","inLanguage":"es-AR","@id":"https:\/\/elcanillita.info\/press\/2026\/04\/28\/el-veedor-del-ajuste\/#primaryimage","url":"https:\/\/elcanillita.info\/press\/images\/2026\/04\/img_1717.jpg","contentUrl":"https:\/\/elcanillita.info\/press\/images\/2026\/04\/img_1717.jpg","width":600,"height":480},{"@type":"WebSite","@id":"https:\/\/elcanillita.info\/press\/#website","url":"https:\/\/elcanillita.info\/press\/","name":"ElCanillita.Info","description":"desde los Apeninos a los Andes","publisher":{"@id":"https:\/\/elcanillita.info\/press\/#organization"},"potentialAction":[{"@type":"SearchAction","target":{"@type":"EntryPoint","urlTemplate":"https:\/\/elcanillita.info\/press\/?s={search_term_string}"},"query-input":{"@type":"PropertyValueSpecification","valueRequired":true,"valueName":"search_term_string"}}],"inLanguage":"es-AR"},{"@type":"Organization","@id":"https:\/\/elcanillita.info\/press\/#organization","name":"Guzzo Photos & Graphic Publications","url":"https:\/\/elcanillita.info\/press\/","logo":{"@type":"ImageObject","inLanguage":"es-AR","@id":"https:\/\/elcanillita.info\/press\/#\/schema\/logo\/image\/","url":"https:\/\/elcanillita.info\/press\/images\/2020\/01\/cropped-cropped-cropped-elcanillitainfo.png","contentUrl":"https:\/\/elcanillita.info\/press\/images\/2020\/01\/cropped-cropped-cropped-elcanillitainfo.png","width":460,"height":50,"caption":"Guzzo Photos & Graphic Publications"},"image":{"@id":"https:\/\/elcanillita.info\/press\/#\/schema\/logo\/image\/"},"sameAs":["https:\/\/ar-ar.facebook.com\/ElCanillitainfo-114249515285712\/"]},{"@type":"Person","@id":"https:\/\/elcanillita.info\/press\/#\/schema\/person\/e37a550cff8f5f3407ed112e4cc619cb","name":"ElCanillita.info Guzzo Photos &amp; Graphic Publications","image":{"@type":"ImageObject","inLanguage":"es-AR","@id":"https:\/\/secure.gravatar.com\/avatar\/8914fbe0ef09248907e331ab93dfa89c7f76decf6b51cd1b2f8444e6260db772?s=96&d=mm&r=g","url":"https:\/\/secure.gravatar.com\/avatar\/8914fbe0ef09248907e331ab93dfa89c7f76decf6b51cd1b2f8444e6260db772?s=96&d=mm&r=g","contentUrl":"https:\/\/secure.gravatar.com\/avatar\/8914fbe0ef09248907e331ab93dfa89c7f76decf6b51cd1b2f8444e6260db772?s=96&d=mm&r=g","caption":"ElCanillita.info Guzzo Photos &amp; Graphic Publications"},"sameAs":["http:\/\/guzzophotos.com"]}]}},"views":14,"_links":{"self":[{"href":"https:\/\/elcanillita.info\/press\/wp-json\/wp\/v2\/posts\/6601","targetHints":{"allow":["GET"]}}],"collection":[{"href":"https:\/\/elcanillita.info\/press\/wp-json\/wp\/v2\/posts"}],"about":[{"href":"https:\/\/elcanillita.info\/press\/wp-json\/wp\/v2\/types\/post"}],"author":[{"embeddable":true,"href":"https:\/\/elcanillita.info\/press\/wp-json\/wp\/v2\/users\/14"}],"replies":[{"embeddable":true,"href":"https:\/\/elcanillita.info\/press\/wp-json\/wp\/v2\/comments?post=6601"}],"version-history":[{"count":0,"href":"https:\/\/elcanillita.info\/press\/wp-json\/wp\/v2\/posts\/6601\/revisions"}],"wp:featuredmedia":[{"embeddable":true,"href":"https:\/\/elcanillita.info\/press\/wp-json\/wp\/v2\/media\/6602"}],"wp:attachment":[{"href":"https:\/\/elcanillita.info\/press\/wp-json\/wp\/v2\/media?parent=6601"}],"wp:term":[{"taxonomy":"category","embeddable":true,"href":"https:\/\/elcanillita.info\/press\/wp-json\/wp\/v2\/categories?post=6601"},{"taxonomy":"post_tag","embeddable":true,"href":"https:\/\/elcanillita.info\/press\/wp-json\/wp\/v2\/tags?post=6601"}],"curies":[{"name":"wp","href":"https:\/\/api.w.org\/{rel}","templated":true}]}}