{"id":6589,"date":"2026-04-28T16:16:09","date_gmt":"2026-04-28T19:16:09","guid":{"rendered":"https:\/\/elcanillita.info\/press\/?p=6589"},"modified":"2026-04-28T16:31:09","modified_gmt":"2026-04-28T19:31:09","slug":"la-realidad-alterada-de-milei-entre-cifras-y-cocina-diaria","status":"publish","type":"post","link":"https:\/\/elcanillita.info\/press\/2026\/04\/28\/la-realidad-alterada-de-milei-entre-cifras-y-cocina-diaria\/","title":{"rendered":"La realidad alterada de Milei: entre cifras y cocina diaria"},"content":{"rendered":"\n<figure class=\"wp-block-image size-full\"><img loading=\"lazy\" decoding=\"async\" width=\"600\" height=\"400\" src=\"https:\/\/elcanillita.info\/press\/images\/2026\/04\/nonna_pecas.jpg\" alt=\"\" class=\"wp-image-6590\" srcset=\"https:\/\/elcanillita.info\/press\/images\/2026\/04\/nonna_pecas.jpg 600w, https:\/\/elcanillita.info\/press\/images\/2026\/04\/nonna_pecas-300x200.jpg 300w\" sizes=\"auto, (max-width: 600px) 100vw, 600px\" \/><\/figure>\n\n\n\n<p><strong>Argentina<\/strong><br>En la mesa de la cocina, con el mate ya lavado pero la radio encendida, Nonna Pecas escucha y suspira. Dice que en la Aldea las palabras vuelan m\u00e1s r\u00e1pido que las monedas\u2026 y duran menos.<\/p>\n\n\n\n<p>Anoche, cuenta, el Presidente habl\u00f3 como si describiera otro pa\u00eds. Uno donde el consumo est\u00e1 en fiesta, los salarios levantan vuelo y el trabajo florece como primavera adelantada. La Nonna, que no necesita gr\u00e1ficos para medir la realidad, mira la heladera y hace silencio.<\/p>\n\n\n\n<p>\u201cSer\u00e1 otro barrio\u201d, murmura. Porque en el suyo, el del pan contado y la libreta mental, el consumo no cambia de forma: simplemente desaparece o se reemplaza. No es sofisticaci\u00f3n, es supervivencia con modales.<\/p>\n\n\n\n<p>El discurso oficial insiste en que la econom\u00eda crece. Y puede ser. Pero la Nonna aclara, con esa sabidur\u00eda de esquina, que no todo crecimiento se siente igual: hay n\u00fameros que suben mientras la vida baja. Y esa ecuaci\u00f3n, dice, no necesita economistas para doler.<\/p>\n\n\n\n<p>Sobre el empleo, escucha que no se destruye, que se transforma. Y ah\u00ed sonr\u00ede con iron\u00eda: \u201cTransformarse\u2026 lindo verbo\u201d, dice. En la Aldea, transformarse suele significar pasar de tener trabajo a tener rebusque. De sueldo a ingreso incierto. De estabilidad a paciencia.<\/p>\n\n\n\n<p>Tambi\u00e9n oy\u00f3 que los salarios que caen son los del sector p\u00fablico. Y levanta una ceja. Porque en su cuadra nadie discute teor\u00edas: se habla de lo que alcanza y de lo que no. Y \u00faltimamente, alcanza cada vez menos.<\/p>\n\n\n\n<p>Cuando el Presidente habla de consumo en \u201cpico hist\u00f3rico\u201d, la Nonna se detiene. Mira la bolsa del mercado, m\u00e1s liviana que antes, y entiende que quiz\u00e1 el pico exista\u2026 pero no en la mesa. Tal vez en alg\u00fan gr\u00e1fico que no pasa por el almac\u00e9n.<\/p>\n\n\n\n<p>La inflaci\u00f3n, dice \u00e9l, va a caer. \u201cTarde o temprano\u201d, promete. La Nonna asiente, pero no por convicci\u00f3n sino por costumbre. Ha visto muchas promesas llegar temprano\u2026 y cumplir tarde, cuando ya no importan.<\/p>\n\n\n\n<p>Le llama la atenci\u00f3n otra cosa: el tono. Mucha pelea, muchos enemigos, demasiadas batallas. La Nonna recuerda cuando discutir era un medio, no un destino. Hoy, dice, parece que gobernar es pelear\u2026 y explicar es acusar.<\/p>\n\n\n\n<p>Cuando escucha que \u201clo peor ya pas\u00f3\u201d, se queda pensativa. Porque en la Aldea esa frase siempre llega antes de tiempo. Es como un calendario adelantado que nadie logra alcanzar.<\/p>\n\n\n\n<p>Y sin embargo, no pierde el humor. Revuelve el caf\u00e9, sonr\u00ede y deja caer la sentencia final, suave pero filosa: \u201cSi lo mejor est\u00e1 viniendo, que no se demore\u2026 porque ac\u00e1 ya lo estamos esperando hace rato\u201d.<\/p>\n\n\n\n<p>\u2014 <em>Nonna Pecas desde Buenos Aires, para El Canillita.info. Porque hay que contar lo que se oye\u2026 aunque d\u00e9 un poco de pudor<\/em> <em>| 2026<\/em><\/p>\n\n\n<hr style=\"border: none; height: 1px; background-color: #ccc; margin: 2em 0;\" \/>\n<p><small>\u00a9 2026 SalaStampa.eu, world press service &#8211; All Rights Reserved &#8211;  Guzzo Photos &#038; Graphic  Publications \u2013 Registro Editori e Stampatori n. 1441 Turin, Italy<\/small><\/p>","protected":false},"excerpt":{"rendered":"<p>Mientras el poder celebra n\u00fameros, en la cocina de la Aldea la realidad se mide en silencios, cuentas ajustadas y verdades que no entran en ning\u00fan discurso.<\/p>\n","protected":false},"author":1,"featured_media":6590,"comment_status":"closed","ping_status":"closed","sticky":false,"template":"","format":"standard","meta":{"footnotes":"","_links_to":"","_links_to_target":""},"categories":[108,121,70,11,20,136,23,25],"tags":[],"class_list":["post-6589","post","type-post","status-publish","format-standard","has-post-thumbnail","hentry","category-blogdiario","category-dc24","category-actualidad","category-america-del-sur","category-economia","category-opinion","category-politica","category-sociedad","entry","double"],"yoast_head":"<!-- This site is optimized with the Yoast SEO plugin v27.4 - https:\/\/yoast.com\/product\/yoast-seo-wordpress\/ -->\n<title>La realidad alterada de Milei: entre cifras y cocina diaria - ElCanillita.Info<\/title>\n<meta name=\"robots\" content=\"index, follow, max-snippet:-1, max-image-preview:large, max-video-preview:-1\" \/>\n<link rel=\"canonical\" href=\"https:\/\/elcanillita.info\/press\/2026\/04\/28\/la-realidad-alterada-de-milei-entre-cifras-y-cocina-diaria\/\" \/>\n<meta property=\"og:locale\" content=\"es_ES\" \/>\n<meta property=\"og:type\" content=\"article\" \/>\n<meta property=\"og:title\" content=\"La realidad alterada de Milei: entre cifras y cocina diaria - ElCanillita.Info\" \/>\n<meta property=\"og:description\" content=\"Mientras el poder celebra n\u00fameros, en la cocina de la Aldea la realidad se mide en silencios, cuentas ajustadas y verdades que no entran en ning\u00fan discurso.\" \/>\n<meta property=\"og:url\" content=\"https:\/\/elcanillita.info\/press\/2026\/04\/28\/la-realidad-alterada-de-milei-entre-cifras-y-cocina-diaria\/\" \/>\n<meta property=\"og:site_name\" content=\"ElCanillita.Info\" \/>\n<meta property=\"article:publisher\" content=\"https:\/\/ar-ar.facebook.com\/ElCanillitainfo-114249515285712\/\" \/>\n<meta property=\"article:published_time\" content=\"2026-04-28T19:16:09+00:00\" \/>\n<meta property=\"article:modified_time\" content=\"2026-04-28T19:31:09+00:00\" \/>\n<meta property=\"og:image\" content=\"https:\/\/elcanillita.info\/press\/images\/2026\/04\/nonna_pecas.jpg\" \/>\n\t<meta property=\"og:image:width\" content=\"600\" \/>\n\t<meta property=\"og:image:height\" content=\"400\" \/>\n\t<meta property=\"og:image:type\" content=\"image\/jpeg\" \/>\n<meta name=\"author\" content=\"SalaStampa.eu, world press service\" \/>\n<meta name=\"twitter:card\" content=\"summary_large_image\" \/>\n<meta name=\"twitter:label1\" content=\"Escrito por\" \/>\n\t<meta name=\"twitter:data1\" content=\"SalaStampa.eu, world press service\" \/>\n\t<meta name=\"twitter:label2\" content=\"Tiempo de lectura\" \/>\n\t<meta name=\"twitter:data2\" content=\"3 minutos\" \/>\n<script type=\"application\/ld+json\" class=\"yoast-schema-graph\">{\"@context\":\"https:\\\/\\\/schema.org\",\"@graph\":[{\"@type\":\"Article\",\"@id\":\"https:\\\/\\\/elcanillita.info\\\/press\\\/2026\\\/04\\\/28\\\/la-realidad-alterada-de-milei-entre-cifras-y-cocina-diaria\\\/#article\",\"isPartOf\":{\"@id\":\"https:\\\/\\\/elcanillita.info\\\/press\\\/2026\\\/04\\\/28\\\/la-realidad-alterada-de-milei-entre-cifras-y-cocina-diaria\\\/\"},\"author\":{\"name\":\"SalaStampa.eu, world press service\",\"@id\":\"https:\\\/\\\/elcanillita.info\\\/press\\\/#\\\/schema\\\/person\\\/7fcb79f38045700919f7da6d97e71ba0\"},\"headline\":\"La realidad alterada de Milei: entre cifras y cocina diaria\",\"datePublished\":\"2026-04-28T19:16:09+00:00\",\"dateModified\":\"2026-04-28T19:31:09+00:00\",\"mainEntityOfPage\":{\"@id\":\"https:\\\/\\\/elcanillita.info\\\/press\\\/2026\\\/04\\\/28\\\/la-realidad-alterada-de-milei-entre-cifras-y-cocina-diaria\\\/\"},\"wordCount\":501,\"publisher\":{\"@id\":\"https:\\\/\\\/elcanillita.info\\\/press\\\/#organization\"},\"image\":{\"@id\":\"https:\\\/\\\/elcanillita.info\\\/press\\\/2026\\\/04\\\/28\\\/la-realidad-alterada-de-milei-entre-cifras-y-cocina-diaria\\\/#primaryimage\"},\"thumbnailUrl\":\"https:\\\/\\\/elcanillita.info\\\/press\\\/images\\\/2026\\\/04\\\/nonna_pecas.jpg\",\"articleSection\":[\".\",\".\",\"Actualidad\",\"Am\u00e9rica del Sur\",\"Economia\",\"Opini\u00f3n\",\"Politica\",\"Sociedad\"],\"inLanguage\":\"es-AR\"},{\"@type\":\"WebPage\",\"@id\":\"https:\\\/\\\/elcanillita.info\\\/press\\\/2026\\\/04\\\/28\\\/la-realidad-alterada-de-milei-entre-cifras-y-cocina-diaria\\\/\",\"url\":\"https:\\\/\\\/elcanillita.info\\\/press\\\/2026\\\/04\\\/28\\\/la-realidad-alterada-de-milei-entre-cifras-y-cocina-diaria\\\/\",\"name\":\"La realidad alterada de Milei: entre cifras y cocina diaria - ElCanillita.Info\",\"isPartOf\":{\"@id\":\"https:\\\/\\\/elcanillita.info\\\/press\\\/#website\"},\"primaryImageOfPage\":{\"@id\":\"https:\\\/\\\/elcanillita.info\\\/press\\\/2026\\\/04\\\/28\\\/la-realidad-alterada-de-milei-entre-cifras-y-cocina-diaria\\\/#primaryimage\"},\"image\":{\"@id\":\"https:\\\/\\\/elcanillita.info\\\/press\\\/2026\\\/04\\\/28\\\/la-realidad-alterada-de-milei-entre-cifras-y-cocina-diaria\\\/#primaryimage\"},\"thumbnailUrl\":\"https:\\\/\\\/elcanillita.info\\\/press\\\/images\\\/2026\\\/04\\\/nonna_pecas.jpg\",\"datePublished\":\"2026-04-28T19:16:09+00:00\",\"dateModified\":\"2026-04-28T19:31:09+00:00\",\"inLanguage\":\"es-AR\",\"potentialAction\":[{\"@type\":\"ReadAction\",\"target\":[\"https:\\\/\\\/elcanillita.info\\\/press\\\/2026\\\/04\\\/28\\\/la-realidad-alterada-de-milei-entre-cifras-y-cocina-diaria\\\/\"]}]},{\"@type\":\"ImageObject\",\"inLanguage\":\"es-AR\",\"@id\":\"https:\\\/\\\/elcanillita.info\\\/press\\\/2026\\\/04\\\/28\\\/la-realidad-alterada-de-milei-entre-cifras-y-cocina-diaria\\\/#primaryimage\",\"url\":\"https:\\\/\\\/elcanillita.info\\\/press\\\/images\\\/2026\\\/04\\\/nonna_pecas.jpg\",\"contentUrl\":\"https:\\\/\\\/elcanillita.info\\\/press\\\/images\\\/2026\\\/04\\\/nonna_pecas.jpg\",\"width\":600,\"height\":400},{\"@type\":\"WebSite\",\"@id\":\"https:\\\/\\\/elcanillita.info\\\/press\\\/#website\",\"url\":\"https:\\\/\\\/elcanillita.info\\\/press\\\/\",\"name\":\"ElCanillita.Info\",\"description\":\"desde los Apeninos a los Andes\",\"publisher\":{\"@id\":\"https:\\\/\\\/elcanillita.info\\\/press\\\/#organization\"},\"potentialAction\":[{\"@type\":\"SearchAction\",\"target\":{\"@type\":\"EntryPoint\",\"urlTemplate\":\"https:\\\/\\\/elcanillita.info\\\/press\\\/?s={search_term_string}\"},\"query-input\":{\"@type\":\"PropertyValueSpecification\",\"valueRequired\":true,\"valueName\":\"search_term_string\"}}],\"inLanguage\":\"es-AR\"},{\"@type\":\"Organization\",\"@id\":\"https:\\\/\\\/elcanillita.info\\\/press\\\/#organization\",\"name\":\"Guzzo Photos & Graphic Publications\",\"url\":\"https:\\\/\\\/elcanillita.info\\\/press\\\/\",\"logo\":{\"@type\":\"ImageObject\",\"inLanguage\":\"es-AR\",\"@id\":\"https:\\\/\\\/elcanillita.info\\\/press\\\/#\\\/schema\\\/logo\\\/image\\\/\",\"url\":\"https:\\\/\\\/elcanillita.info\\\/press\\\/images\\\/2020\\\/01\\\/cropped-cropped-cropped-elcanillitainfo.png\",\"contentUrl\":\"https:\\\/\\\/elcanillita.info\\\/press\\\/images\\\/2020\\\/01\\\/cropped-cropped-cropped-elcanillitainfo.png\",\"width\":460,\"height\":50,\"caption\":\"Guzzo Photos & Graphic Publications\"},\"image\":{\"@id\":\"https:\\\/\\\/elcanillita.info\\\/press\\\/#\\\/schema\\\/logo\\\/image\\\/\"},\"sameAs\":[\"https:\\\/\\\/ar-ar.facebook.com\\\/ElCanillitainfo-114249515285712\\\/\"]},{\"@type\":\"Person\",\"@id\":\"https:\\\/\\\/elcanillita.info\\\/press\\\/#\\\/schema\\\/person\\\/7fcb79f38045700919f7da6d97e71ba0\",\"name\":\"SalaStampa.eu, world press service\",\"image\":{\"@type\":\"ImageObject\",\"inLanguage\":\"es-AR\",\"@id\":\"https:\\\/\\\/secure.gravatar.com\\\/avatar\\\/c2f0e0d515a107624234994507816ca4724c7199cef73fc8bedebf6931d73888?s=96&d=mm&r=g\",\"url\":\"https:\\\/\\\/secure.gravatar.com\\\/avatar\\\/c2f0e0d515a107624234994507816ca4724c7199cef73fc8bedebf6931d73888?s=96&d=mm&r=g\",\"contentUrl\":\"https:\\\/\\\/secure.gravatar.com\\\/avatar\\\/c2f0e0d515a107624234994507816ca4724c7199cef73fc8bedebf6931d73888?s=96&d=mm&r=g\",\"caption\":\"SalaStampa.eu, world press service\"}}]}<\/script>\n<!-- \/ Yoast SEO plugin. -->","yoast_head_json":{"title":"La realidad alterada de Milei: entre cifras y cocina diaria - ElCanillita.Info","robots":{"index":"index","follow":"follow","max-snippet":"max-snippet:-1","max-image-preview":"max-image-preview:large","max-video-preview":"max-video-preview:-1"},"canonical":"https:\/\/elcanillita.info\/press\/2026\/04\/28\/la-realidad-alterada-de-milei-entre-cifras-y-cocina-diaria\/","og_locale":"es_ES","og_type":"article","og_title":"La realidad alterada de Milei: entre cifras y cocina diaria - ElCanillita.Info","og_description":"Mientras el poder celebra n\u00fameros, en la cocina de la Aldea la realidad se mide en silencios, cuentas ajustadas y verdades que no entran en ning\u00fan discurso.","og_url":"https:\/\/elcanillita.info\/press\/2026\/04\/28\/la-realidad-alterada-de-milei-entre-cifras-y-cocina-diaria\/","og_site_name":"ElCanillita.Info","article_publisher":"https:\/\/ar-ar.facebook.com\/ElCanillitainfo-114249515285712\/","article_published_time":"2026-04-28T19:16:09+00:00","article_modified_time":"2026-04-28T19:31:09+00:00","og_image":[{"width":600,"height":400,"url":"https:\/\/elcanillita.info\/press\/images\/2026\/04\/nonna_pecas.jpg","type":"image\/jpeg"}],"author":"SalaStampa.eu, world press service","twitter_card":"summary_large_image","twitter_misc":{"Escrito por":"SalaStampa.eu, world press service","Tiempo de lectura":"3 minutos"},"schema":{"@context":"https:\/\/schema.org","@graph":[{"@type":"Article","@id":"https:\/\/elcanillita.info\/press\/2026\/04\/28\/la-realidad-alterada-de-milei-entre-cifras-y-cocina-diaria\/#article","isPartOf":{"@id":"https:\/\/elcanillita.info\/press\/2026\/04\/28\/la-realidad-alterada-de-milei-entre-cifras-y-cocina-diaria\/"},"author":{"name":"SalaStampa.eu, world press service","@id":"https:\/\/elcanillita.info\/press\/#\/schema\/person\/7fcb79f38045700919f7da6d97e71ba0"},"headline":"La realidad alterada de Milei: entre cifras y cocina diaria","datePublished":"2026-04-28T19:16:09+00:00","dateModified":"2026-04-28T19:31:09+00:00","mainEntityOfPage":{"@id":"https:\/\/elcanillita.info\/press\/2026\/04\/28\/la-realidad-alterada-de-milei-entre-cifras-y-cocina-diaria\/"},"wordCount":501,"publisher":{"@id":"https:\/\/elcanillita.info\/press\/#organization"},"image":{"@id":"https:\/\/elcanillita.info\/press\/2026\/04\/28\/la-realidad-alterada-de-milei-entre-cifras-y-cocina-diaria\/#primaryimage"},"thumbnailUrl":"https:\/\/elcanillita.info\/press\/images\/2026\/04\/nonna_pecas.jpg","articleSection":[".",".","Actualidad","Am\u00e9rica del Sur","Economia","Opini\u00f3n","Politica","Sociedad"],"inLanguage":"es-AR"},{"@type":"WebPage","@id":"https:\/\/elcanillita.info\/press\/2026\/04\/28\/la-realidad-alterada-de-milei-entre-cifras-y-cocina-diaria\/","url":"https:\/\/elcanillita.info\/press\/2026\/04\/28\/la-realidad-alterada-de-milei-entre-cifras-y-cocina-diaria\/","name":"La realidad alterada de Milei: entre cifras y cocina diaria - ElCanillita.Info","isPartOf":{"@id":"https:\/\/elcanillita.info\/press\/#website"},"primaryImageOfPage":{"@id":"https:\/\/elcanillita.info\/press\/2026\/04\/28\/la-realidad-alterada-de-milei-entre-cifras-y-cocina-diaria\/#primaryimage"},"image":{"@id":"https:\/\/elcanillita.info\/press\/2026\/04\/28\/la-realidad-alterada-de-milei-entre-cifras-y-cocina-diaria\/#primaryimage"},"thumbnailUrl":"https:\/\/elcanillita.info\/press\/images\/2026\/04\/nonna_pecas.jpg","datePublished":"2026-04-28T19:16:09+00:00","dateModified":"2026-04-28T19:31:09+00:00","inLanguage":"es-AR","potentialAction":[{"@type":"ReadAction","target":["https:\/\/elcanillita.info\/press\/2026\/04\/28\/la-realidad-alterada-de-milei-entre-cifras-y-cocina-diaria\/"]}]},{"@type":"ImageObject","inLanguage":"es-AR","@id":"https:\/\/elcanillita.info\/press\/2026\/04\/28\/la-realidad-alterada-de-milei-entre-cifras-y-cocina-diaria\/#primaryimage","url":"https:\/\/elcanillita.info\/press\/images\/2026\/04\/nonna_pecas.jpg","contentUrl":"https:\/\/elcanillita.info\/press\/images\/2026\/04\/nonna_pecas.jpg","width":600,"height":400},{"@type":"WebSite","@id":"https:\/\/elcanillita.info\/press\/#website","url":"https:\/\/elcanillita.info\/press\/","name":"ElCanillita.Info","description":"desde los Apeninos a los Andes","publisher":{"@id":"https:\/\/elcanillita.info\/press\/#organization"},"potentialAction":[{"@type":"SearchAction","target":{"@type":"EntryPoint","urlTemplate":"https:\/\/elcanillita.info\/press\/?s={search_term_string}"},"query-input":{"@type":"PropertyValueSpecification","valueRequired":true,"valueName":"search_term_string"}}],"inLanguage":"es-AR"},{"@type":"Organization","@id":"https:\/\/elcanillita.info\/press\/#organization","name":"Guzzo Photos & Graphic Publications","url":"https:\/\/elcanillita.info\/press\/","logo":{"@type":"ImageObject","inLanguage":"es-AR","@id":"https:\/\/elcanillita.info\/press\/#\/schema\/logo\/image\/","url":"https:\/\/elcanillita.info\/press\/images\/2020\/01\/cropped-cropped-cropped-elcanillitainfo.png","contentUrl":"https:\/\/elcanillita.info\/press\/images\/2020\/01\/cropped-cropped-cropped-elcanillitainfo.png","width":460,"height":50,"caption":"Guzzo Photos & Graphic Publications"},"image":{"@id":"https:\/\/elcanillita.info\/press\/#\/schema\/logo\/image\/"},"sameAs":["https:\/\/ar-ar.facebook.com\/ElCanillitainfo-114249515285712\/"]},{"@type":"Person","@id":"https:\/\/elcanillita.info\/press\/#\/schema\/person\/7fcb79f38045700919f7da6d97e71ba0","name":"SalaStampa.eu, world press service","image":{"@type":"ImageObject","inLanguage":"es-AR","@id":"https:\/\/secure.gravatar.com\/avatar\/c2f0e0d515a107624234994507816ca4724c7199cef73fc8bedebf6931d73888?s=96&d=mm&r=g","url":"https:\/\/secure.gravatar.com\/avatar\/c2f0e0d515a107624234994507816ca4724c7199cef73fc8bedebf6931d73888?s=96&d=mm&r=g","contentUrl":"https:\/\/secure.gravatar.com\/avatar\/c2f0e0d515a107624234994507816ca4724c7199cef73fc8bedebf6931d73888?s=96&d=mm&r=g","caption":"SalaStampa.eu, world press service"}}]}},"views":36,"_links":{"self":[{"href":"https:\/\/elcanillita.info\/press\/wp-json\/wp\/v2\/posts\/6589","targetHints":{"allow":["GET"]}}],"collection":[{"href":"https:\/\/elcanillita.info\/press\/wp-json\/wp\/v2\/posts"}],"about":[{"href":"https:\/\/elcanillita.info\/press\/wp-json\/wp\/v2\/types\/post"}],"author":[{"embeddable":true,"href":"https:\/\/elcanillita.info\/press\/wp-json\/wp\/v2\/users\/1"}],"replies":[{"embeddable":true,"href":"https:\/\/elcanillita.info\/press\/wp-json\/wp\/v2\/comments?post=6589"}],"version-history":[{"count":0,"href":"https:\/\/elcanillita.info\/press\/wp-json\/wp\/v2\/posts\/6589\/revisions"}],"wp:featuredmedia":[{"embeddable":true,"href":"https:\/\/elcanillita.info\/press\/wp-json\/wp\/v2\/media\/6590"}],"wp:attachment":[{"href":"https:\/\/elcanillita.info\/press\/wp-json\/wp\/v2\/media?parent=6589"}],"wp:term":[{"taxonomy":"category","embeddable":true,"href":"https:\/\/elcanillita.info\/press\/wp-json\/wp\/v2\/categories?post=6589"},{"taxonomy":"post_tag","embeddable":true,"href":"https:\/\/elcanillita.info\/press\/wp-json\/wp\/v2\/tags?post=6589"}],"curies":[{"name":"wp","href":"https:\/\/api.w.org\/{rel}","templated":true}]}}