{"id":657,"date":"2020-04-13T17:12:45","date_gmt":"2020-04-13T20:12:45","guid":{"rendered":"https:\/\/elcanillita.info\/press\/?p=657"},"modified":"2020-04-18T07:23:17","modified_gmt":"2020-04-18T10:23:17","slug":"coronavirus-no-detiene-precios-venezuela-preocupacion-ciudadanos","status":"publish","type":"post","link":"https:\/\/elcanillita.info\/press\/2020\/04\/13\/coronavirus-no-detiene-precios-venezuela-preocupacion-ciudadanos\/","title":{"rendered":"El coronavirus no detiene los precios en Venezuela, ni la preocupaci\u00f3n de los ciudadanos"},"content":{"rendered":"\n<p>Caracas, 13.04.2020 &#8211; La suspensi\u00f3n de actividades para evitar la expansi\u00f3n del coronavirus&nbsp;en Venezuela, contin\u00faa afectando a la poblaci\u00f3n, especialmente en el \u00e1mbito de la econom\u00eda.<\/p>\n\n\n\n<p>Durante un recorrido realizado por varios sectores populares de la capital venezolana, la Voz de Am\u00e9rica pudo constatar c\u00f3mo, a medida que transcurren los d\u00edas de confinamiento, crece la preocupaci\u00f3n de la ciudadan\u00eda ante la imposibilidad de trabajar y el aumento de los precios de los art\u00edculos de primera necesidad.<\/p>\n\n\n\n<p>\u201cLos productos est\u00e1n demasiado caros, han aumentado desde ayer para hoy en un alto porcentaje. Lo que es el salario m\u00ednimo es medio cart\u00f3n de huevos. Eso no alcanza para nada, afecta sobre todo en el estom\u00e1go, hay mucha hambre, demasiado\u201d,&nbsp;afirm\u00f3 Nelio Ram\u00edrez, uno de los ciudadanos consultados.<\/p>\n\n\n\n<p>\u00bfQu\u00e9 llevan los venezolanos en sus bolsas de mercado?: La realidad del informe del PMA<br>\nPor su parte, Lilian Marcano, otra consultada, afirm\u00f3 a la VOA: &#8220;Los precios est\u00e1n car\u00edsimos. Est\u00e1n subiendo los precios como les da la gana. Est\u00e1n haciendo los que les da la gana. Yo estoy muy preocupada. A mi esposo recientemente le dio un ACV (accidente cerebro vascular) y la que anda rebusc\u00e1ndose por ah\u00ed soy yo, si no me muero de la cuarentena me voy a morir de hambre\u201d.<\/p>\n\n\n\n<p>Otro consultado, Jos\u00e9 Gonz\u00e1lez, coment\u00f3 que &#8220;con ese aumento del precio del d\u00f3lar, no bajan los precios, entonces imag\u00ednate, ya el sueldito no alcanza. Es muy preocupante porque hay personas que viven del lo que hacen diariamente. \u00bfC\u00f3mo hacen?\u201c.<\/p>\n\n\n\n<p>Seg\u00fan los datos de la opositora Asamblea Nacional, la inflaci\u00f3n de Venezuela en marzo lleg\u00f3 al 21,2% y la acumulada del a\u00f1o es de&nbsp;145,3%. Seg\u00fan el d\u00f3lar oficial,&nbsp;el ingreso mensual m\u00ednimo en el pa\u00eds, que incluye el sueldo y bono alimentaci\u00f3n, es de 4.50 d\u00f3lares.<\/p>\n\n\n\n<p>El gobernante en disputa del pa\u00eds, Nicol\u00e1s Maduro, por su parte, ha reiterado que, a pesar de las adversidades de la pandemia y las amenazas del denominado imperialismo, se est\u00e1n implementando lo que llam\u00f3 un conjunto de medidas que permitir\u00e1n que el pa\u00eds siga superando gradualmente la situaci\u00f3n.<\/p>\n\n\n\n<p>El coronavirus no detiene la inflaci\u00f3n en Venezuela, tampoco al d\u00f3lar<br><br>\n<small>2020 voanoticias \u2013 salastampa.eu, afiliada a la red Broadcasting Board of Governors \u00a9 2020 BBG<\/small>\n<\/p>\n","protected":false},"excerpt":{"rendered":"<p>Caracas, 13.04.2020 &#8211; La suspensi\u00f3n de actividades para evitar la expansi\u00f3n del coronavirus en Venezuela, contin\u00faa afectando a la poblaci\u00f3n, especialmente en el \u00e1mbito de la econom\u00eda.<\/p>\n","protected":false},"author":1,"featured_media":0,"comment_status":"closed","ping_status":"closed","sticky":false,"template":"","format":"standard","meta":{"footnotes":"","_links_to":"","_links_to_target":""},"categories":[70,11,20,23,78,25],"tags":[],"class_list":["post-657","post","type-post","status-publish","format-standard","hentry","category-actualidad","category-america-del-sur","category-economia","category-politica","category-sanidad","category-sociedad","entry","double"],"yoast_head":"<!-- This site is optimized with the Yoast SEO plugin v27.5 - https:\/\/yoast.com\/product\/yoast-seo-wordpress\/ -->\n<title>El coronavirus no detiene los precios en Venezuela, ni la preocupaci\u00f3n de los ciudadanos - ElCanillita.Info<\/title>\n<meta name=\"robots\" content=\"index, follow, max-snippet:-1, max-image-preview:large, max-video-preview:-1\" \/>\n<link rel=\"canonical\" href=\"https:\/\/elcanillita.info\/press\/2020\/04\/13\/coronavirus-no-detiene-precios-venezuela-preocupacion-ciudadanos\/\" \/>\n<meta property=\"og:locale\" content=\"es_ES\" \/>\n<meta property=\"og:type\" content=\"article\" \/>\n<meta property=\"og:title\" content=\"El coronavirus no detiene los precios en Venezuela, ni la preocupaci\u00f3n de los ciudadanos - ElCanillita.Info\" \/>\n<meta property=\"og:description\" content=\"Caracas, 13.04.2020 - La suspensi\u00f3n de actividades para evitar la expansi\u00f3n del coronavirus en Venezuela, contin\u00faa afectando a la poblaci\u00f3n, especialmente en el \u00e1mbito de la econom\u00eda.\" \/>\n<meta property=\"og:url\" content=\"https:\/\/elcanillita.info\/press\/2020\/04\/13\/coronavirus-no-detiene-precios-venezuela-preocupacion-ciudadanos\/\" \/>\n<meta property=\"og:site_name\" content=\"ElCanillita.Info\" \/>\n<meta property=\"article:publisher\" content=\"https:\/\/ar-ar.facebook.com\/ElCanillitainfo-114249515285712\/\" \/>\n<meta property=\"article:published_time\" content=\"2020-04-13T20:12:45+00:00\" \/>\n<meta property=\"article:modified_time\" content=\"2020-04-18T10:23:17+00:00\" \/>\n<meta name=\"author\" content=\"SalaStampa.eu, world press service\" \/>\n<meta name=\"twitter:card\" content=\"summary_large_image\" \/>\n<meta name=\"twitter:label1\" content=\"Escrito por\" \/>\n\t<meta name=\"twitter:data1\" content=\"SalaStampa.eu, world press service\" \/>\n\t<meta name=\"twitter:label2\" content=\"Tiempo de lectura\" \/>\n\t<meta name=\"twitter:data2\" content=\"2 minutos\" \/>\n<script type=\"application\/ld+json\" class=\"yoast-schema-graph\">{\"@context\":\"https:\\\/\\\/schema.org\",\"@graph\":[{\"@type\":\"Article\",\"@id\":\"https:\\\/\\\/elcanillita.info\\\/press\\\/2020\\\/04\\\/13\\\/coronavirus-no-detiene-precios-venezuela-preocupacion-ciudadanos\\\/#article\",\"isPartOf\":{\"@id\":\"https:\\\/\\\/elcanillita.info\\\/press\\\/2020\\\/04\\\/13\\\/coronavirus-no-detiene-precios-venezuela-preocupacion-ciudadanos\\\/\"},\"author\":{\"name\":\"SalaStampa.eu, world press service\",\"@id\":\"https:\\\/\\\/elcanillita.info\\\/press\\\/#\\\/schema\\\/person\\\/7fcb79f38045700919f7da6d97e71ba0\"},\"headline\":\"El coronavirus no detiene los precios en Venezuela, ni la preocupaci\u00f3n de los ciudadanos\",\"datePublished\":\"2020-04-13T20:12:45+00:00\",\"dateModified\":\"2020-04-18T10:23:17+00:00\",\"mainEntityOfPage\":{\"@id\":\"https:\\\/\\\/elcanillita.info\\\/press\\\/2020\\\/04\\\/13\\\/coronavirus-no-detiene-precios-venezuela-preocupacion-ciudadanos\\\/\"},\"wordCount\":424,\"publisher\":{\"@id\":\"https:\\\/\\\/elcanillita.info\\\/press\\\/#organization\"},\"articleSection\":[\"Actualidad\",\"Am\u00e9rica del Sur\",\"Economia\",\"Politica\",\"Sanidad\",\"Sociedad\"],\"inLanguage\":\"es-AR\"},{\"@type\":\"WebPage\",\"@id\":\"https:\\\/\\\/elcanillita.info\\\/press\\\/2020\\\/04\\\/13\\\/coronavirus-no-detiene-precios-venezuela-preocupacion-ciudadanos\\\/\",\"url\":\"https:\\\/\\\/elcanillita.info\\\/press\\\/2020\\\/04\\\/13\\\/coronavirus-no-detiene-precios-venezuela-preocupacion-ciudadanos\\\/\",\"name\":\"El coronavirus no detiene los precios en Venezuela, ni la preocupaci\u00f3n de los ciudadanos - ElCanillita.Info\",\"isPartOf\":{\"@id\":\"https:\\\/\\\/elcanillita.info\\\/press\\\/#website\"},\"datePublished\":\"2020-04-13T20:12:45+00:00\",\"dateModified\":\"2020-04-18T10:23:17+00:00\",\"inLanguage\":\"es-AR\",\"potentialAction\":[{\"@type\":\"ReadAction\",\"target\":[\"https:\\\/\\\/elcanillita.info\\\/press\\\/2020\\\/04\\\/13\\\/coronavirus-no-detiene-precios-venezuela-preocupacion-ciudadanos\\\/\"]}]},{\"@type\":\"WebSite\",\"@id\":\"https:\\\/\\\/elcanillita.info\\\/press\\\/#website\",\"url\":\"https:\\\/\\\/elcanillita.info\\\/press\\\/\",\"name\":\"ElCanillita.Info\",\"description\":\"desde los Apeninos a los Andes\",\"publisher\":{\"@id\":\"https:\\\/\\\/elcanillita.info\\\/press\\\/#organization\"},\"potentialAction\":[{\"@type\":\"SearchAction\",\"target\":{\"@type\":\"EntryPoint\",\"urlTemplate\":\"https:\\\/\\\/elcanillita.info\\\/press\\\/?s={search_term_string}\"},\"query-input\":{\"@type\":\"PropertyValueSpecification\",\"valueRequired\":true,\"valueName\":\"search_term_string\"}}],\"inLanguage\":\"es-AR\"},{\"@type\":\"Organization\",\"@id\":\"https:\\\/\\\/elcanillita.info\\\/press\\\/#organization\",\"name\":\"Guzzo Photos & Graphic Publications\",\"url\":\"https:\\\/\\\/elcanillita.info\\\/press\\\/\",\"logo\":{\"@type\":\"ImageObject\",\"inLanguage\":\"es-AR\",\"@id\":\"https:\\\/\\\/elcanillita.info\\\/press\\\/#\\\/schema\\\/logo\\\/image\\\/\",\"url\":\"https:\\\/\\\/elcanillita.info\\\/press\\\/images\\\/2020\\\/01\\\/cropped-cropped-cropped-elcanillitainfo.png\",\"contentUrl\":\"https:\\\/\\\/elcanillita.info\\\/press\\\/images\\\/2020\\\/01\\\/cropped-cropped-cropped-elcanillitainfo.png\",\"width\":460,\"height\":50,\"caption\":\"Guzzo Photos & Graphic Publications\"},\"image\":{\"@id\":\"https:\\\/\\\/elcanillita.info\\\/press\\\/#\\\/schema\\\/logo\\\/image\\\/\"},\"sameAs\":[\"https:\\\/\\\/ar-ar.facebook.com\\\/ElCanillitainfo-114249515285712\\\/\"]},{\"@type\":\"Person\",\"@id\":\"https:\\\/\\\/elcanillita.info\\\/press\\\/#\\\/schema\\\/person\\\/7fcb79f38045700919f7da6d97e71ba0\",\"name\":\"SalaStampa.eu, world press service\",\"image\":{\"@type\":\"ImageObject\",\"inLanguage\":\"es-AR\",\"@id\":\"https:\\\/\\\/secure.gravatar.com\\\/avatar\\\/c2f0e0d515a107624234994507816ca4724c7199cef73fc8bedebf6931d73888?s=96&d=mm&r=g\",\"url\":\"https:\\\/\\\/secure.gravatar.com\\\/avatar\\\/c2f0e0d515a107624234994507816ca4724c7199cef73fc8bedebf6931d73888?s=96&d=mm&r=g\",\"contentUrl\":\"https:\\\/\\\/secure.gravatar.com\\\/avatar\\\/c2f0e0d515a107624234994507816ca4724c7199cef73fc8bedebf6931d73888?s=96&d=mm&r=g\",\"caption\":\"SalaStampa.eu, world press service\"}}]}<\/script>\n<!-- \/ Yoast SEO plugin. -->","yoast_head_json":{"title":"El coronavirus no detiene los precios en Venezuela, ni la preocupaci\u00f3n de los ciudadanos - ElCanillita.Info","robots":{"index":"index","follow":"follow","max-snippet":"max-snippet:-1","max-image-preview":"max-image-preview:large","max-video-preview":"max-video-preview:-1"},"canonical":"https:\/\/elcanillita.info\/press\/2020\/04\/13\/coronavirus-no-detiene-precios-venezuela-preocupacion-ciudadanos\/","og_locale":"es_ES","og_type":"article","og_title":"El coronavirus no detiene los precios en Venezuela, ni la preocupaci\u00f3n de los ciudadanos - ElCanillita.Info","og_description":"Caracas, 13.04.2020 - La suspensi\u00f3n de actividades para evitar la expansi\u00f3n del coronavirus en Venezuela, contin\u00faa afectando a la poblaci\u00f3n, especialmente en el \u00e1mbito de la econom\u00eda.","og_url":"https:\/\/elcanillita.info\/press\/2020\/04\/13\/coronavirus-no-detiene-precios-venezuela-preocupacion-ciudadanos\/","og_site_name":"ElCanillita.Info","article_publisher":"https:\/\/ar-ar.facebook.com\/ElCanillitainfo-114249515285712\/","article_published_time":"2020-04-13T20:12:45+00:00","article_modified_time":"2020-04-18T10:23:17+00:00","author":"SalaStampa.eu, world press service","twitter_card":"summary_large_image","twitter_misc":{"Escrito por":"SalaStampa.eu, world press service","Tiempo de lectura":"2 minutos"},"schema":{"@context":"https:\/\/schema.org","@graph":[{"@type":"Article","@id":"https:\/\/elcanillita.info\/press\/2020\/04\/13\/coronavirus-no-detiene-precios-venezuela-preocupacion-ciudadanos\/#article","isPartOf":{"@id":"https:\/\/elcanillita.info\/press\/2020\/04\/13\/coronavirus-no-detiene-precios-venezuela-preocupacion-ciudadanos\/"},"author":{"name":"SalaStampa.eu, world press service","@id":"https:\/\/elcanillita.info\/press\/#\/schema\/person\/7fcb79f38045700919f7da6d97e71ba0"},"headline":"El coronavirus no detiene los precios en Venezuela, ni la preocupaci\u00f3n de los ciudadanos","datePublished":"2020-04-13T20:12:45+00:00","dateModified":"2020-04-18T10:23:17+00:00","mainEntityOfPage":{"@id":"https:\/\/elcanillita.info\/press\/2020\/04\/13\/coronavirus-no-detiene-precios-venezuela-preocupacion-ciudadanos\/"},"wordCount":424,"publisher":{"@id":"https:\/\/elcanillita.info\/press\/#organization"},"articleSection":["Actualidad","Am\u00e9rica del Sur","Economia","Politica","Sanidad","Sociedad"],"inLanguage":"es-AR"},{"@type":"WebPage","@id":"https:\/\/elcanillita.info\/press\/2020\/04\/13\/coronavirus-no-detiene-precios-venezuela-preocupacion-ciudadanos\/","url":"https:\/\/elcanillita.info\/press\/2020\/04\/13\/coronavirus-no-detiene-precios-venezuela-preocupacion-ciudadanos\/","name":"El coronavirus no detiene los precios en Venezuela, ni la preocupaci\u00f3n de los ciudadanos - ElCanillita.Info","isPartOf":{"@id":"https:\/\/elcanillita.info\/press\/#website"},"datePublished":"2020-04-13T20:12:45+00:00","dateModified":"2020-04-18T10:23:17+00:00","inLanguage":"es-AR","potentialAction":[{"@type":"ReadAction","target":["https:\/\/elcanillita.info\/press\/2020\/04\/13\/coronavirus-no-detiene-precios-venezuela-preocupacion-ciudadanos\/"]}]},{"@type":"WebSite","@id":"https:\/\/elcanillita.info\/press\/#website","url":"https:\/\/elcanillita.info\/press\/","name":"ElCanillita.Info","description":"desde los Apeninos a los Andes","publisher":{"@id":"https:\/\/elcanillita.info\/press\/#organization"},"potentialAction":[{"@type":"SearchAction","target":{"@type":"EntryPoint","urlTemplate":"https:\/\/elcanillita.info\/press\/?s={search_term_string}"},"query-input":{"@type":"PropertyValueSpecification","valueRequired":true,"valueName":"search_term_string"}}],"inLanguage":"es-AR"},{"@type":"Organization","@id":"https:\/\/elcanillita.info\/press\/#organization","name":"Guzzo Photos & Graphic Publications","url":"https:\/\/elcanillita.info\/press\/","logo":{"@type":"ImageObject","inLanguage":"es-AR","@id":"https:\/\/elcanillita.info\/press\/#\/schema\/logo\/image\/","url":"https:\/\/elcanillita.info\/press\/images\/2020\/01\/cropped-cropped-cropped-elcanillitainfo.png","contentUrl":"https:\/\/elcanillita.info\/press\/images\/2020\/01\/cropped-cropped-cropped-elcanillitainfo.png","width":460,"height":50,"caption":"Guzzo Photos & Graphic Publications"},"image":{"@id":"https:\/\/elcanillita.info\/press\/#\/schema\/logo\/image\/"},"sameAs":["https:\/\/ar-ar.facebook.com\/ElCanillitainfo-114249515285712\/"]},{"@type":"Person","@id":"https:\/\/elcanillita.info\/press\/#\/schema\/person\/7fcb79f38045700919f7da6d97e71ba0","name":"SalaStampa.eu, world press service","image":{"@type":"ImageObject","inLanguage":"es-AR","@id":"https:\/\/secure.gravatar.com\/avatar\/c2f0e0d515a107624234994507816ca4724c7199cef73fc8bedebf6931d73888?s=96&d=mm&r=g","url":"https:\/\/secure.gravatar.com\/avatar\/c2f0e0d515a107624234994507816ca4724c7199cef73fc8bedebf6931d73888?s=96&d=mm&r=g","contentUrl":"https:\/\/secure.gravatar.com\/avatar\/c2f0e0d515a107624234994507816ca4724c7199cef73fc8bedebf6931d73888?s=96&d=mm&r=g","caption":"SalaStampa.eu, world press service"}}]}},"views":692,"_links":{"self":[{"href":"https:\/\/elcanillita.info\/press\/wp-json\/wp\/v2\/posts\/657","targetHints":{"allow":["GET"]}}],"collection":[{"href":"https:\/\/elcanillita.info\/press\/wp-json\/wp\/v2\/posts"}],"about":[{"href":"https:\/\/elcanillita.info\/press\/wp-json\/wp\/v2\/types\/post"}],"author":[{"embeddable":true,"href":"https:\/\/elcanillita.info\/press\/wp-json\/wp\/v2\/users\/1"}],"replies":[{"embeddable":true,"href":"https:\/\/elcanillita.info\/press\/wp-json\/wp\/v2\/comments?post=657"}],"version-history":[{"count":0,"href":"https:\/\/elcanillita.info\/press\/wp-json\/wp\/v2\/posts\/657\/revisions"}],"wp:attachment":[{"href":"https:\/\/elcanillita.info\/press\/wp-json\/wp\/v2\/media?parent=657"}],"wp:term":[{"taxonomy":"category","embeddable":true,"href":"https:\/\/elcanillita.info\/press\/wp-json\/wp\/v2\/categories?post=657"},{"taxonomy":"post_tag","embeddable":true,"href":"https:\/\/elcanillita.info\/press\/wp-json\/wp\/v2\/tags?post=657"}],"curies":[{"name":"wp","href":"https:\/\/api.w.org\/{rel}","templated":true}]}}