{"id":651,"date":"2020-04-12T13:26:03","date_gmt":"2020-04-12T16:26:03","guid":{"rendered":"https:\/\/elcanillita.info\/press\/?p=651"},"modified":"2020-04-12T13:26:06","modified_gmt":"2020-04-12T16:26:06","slug":"g20-no-llegan-acuerdo-cortes-produccion-petroleo","status":"publish","type":"post","link":"https:\/\/elcanillita.info\/press\/2020\/04\/12\/g20-no-llegan-acuerdo-cortes-produccion-petroleo\/","title":{"rendered":"Ministros del G20 no llegan a acuerdo sobre cortes en producci\u00f3n de petr\u00f3leo"},"content":{"rendered":"\n<p>Mundo, 12.04.2020 &#8211; Los ministros de energ\u00eda de los pa\u00edses del G20 no lograron llegar a un acuerdo sobre el eventual recorte en la producci\u00f3n de petr\u00f3leo&nbsp;y el comunicado de prensa publicado el s\u00e1bado despu\u00e9s de largas negociaciones no mencion\u00f3 ninguna reducci\u00f3n.<\/p>\n\n\n\n<p>Las conversaciones se extendieron todo el viernes para tratar de llegar a un acuerdo sobre una baja importante en la producci\u00f3n de petr\u00f3leo, inicialmente bloqueada por M\u00e9xico.<\/p>\n\n\n\n<p>Un acuerdo entre Estados Unidos y M\u00e9xico para ayudar a la parte mexicana a completar la cuota de reducci\u00f3n exigida por los productores parec\u00eda eliminar un obst\u00e1culo para un acuerdo global.<\/p>\n\n\n\n<p>Arabia Saudita y Rusia logran acuerdo para recorte de producci\u00f3n petr\u00f3leo<\/p>\n\n\n\n<p>As\u00ed, el comunicado conjunto emitido despu\u00e9s del final de la cumbre virtual organizada por Arabia Saudita, el mayor exportador de petr\u00f3leo del mundo, incluye compromisos para la cooperaci\u00f3n futura en la lucha contra la pandemia de coronavirus, pero no menciona ninguna disminuci\u00f3n.<\/p>\n\n\n\n<p>&#8220;Estamos comprometidos a garantizar que el sector energ\u00e9tico contin\u00fae haciendo una contribuci\u00f3n completa y efectiva para derrotar a COVID-19 y permitir la recuperaci\u00f3n global (econ\u00f3mica) que debe seguir&#8221;, expresaron los ministros en el comunicado.<\/p>\n\n\n\n<p>&#8220;Estamos comprometidos a tomar todas las medidas necesarias e inmediatas para garantizar la estabilidad del mercado energ\u00e9tico&#8221;, a\u00f1adieron.<\/p>\n\n\n\n<p><strong>B\u00fasqueda de un acuerdo<\/strong><\/p>\n\n\n\n<p>De acuerdo con Seamus O&#8217;Regan, representante de Canad\u00e1 en la reuni\u00f3n, los ministros &#8220;no discutieron las cifras&#8221; de una posible reducci\u00f3n en la producci\u00f3n.<\/p>\n\n\n\n<p>&#8220;Las discusiones que tuvieron lugar hoy fueron sobre una soluci\u00f3n multilateral para resolver esa inestabilidad&#8221; de los precios. &#8220;No hablamos de n\u00fameros, no se trataba de n\u00fameros&#8221;, dijo O&#8217;Regan, ministro de Recursos Naturales de Canad\u00e1, durante una conferencia de prensa despu\u00e9s de la reuni\u00f3n.<\/p>\n\n\n\n<p><strong>El grupo se reunir\u00e1 &#8220;pr\u00f3ximamente&#8221;, detall\u00f3.<\/strong><\/p>\n\n\n\n<p>Debido al confinamiento de la mitad de la poblaci\u00f3n mundial para limitar la pandemia del nuevo coronavirus, la demanda de petr\u00f3leo est\u00e1 en ca\u00edda libre, a pesar de que el suministro ya era excedente.<\/p>\n\n\n\n<p>La Organizaci\u00f3n de Pa\u00edses Exportadores de Petr\u00f3leo (OPEP) hab\u00eda mencionado el viernes por la ma\u00f1ana un acuerdo preliminar sobre una reducci\u00f3n en el suministro mundial, en 10 millones de barriles de crudo por d\u00eda (mbd) en mayo y junio.<\/p>\n\n\n\n<p>Ese acuerdo se hab\u00eda obtenido en una reuni\u00f3n de los principales pa\u00edses productores de petr\u00f3leo, incluida Rusia, que no es un miembro de la OPEP pero el segundo mayor productor mundial y l\u00edder de los asociados de ese cartel.<\/p>\n\n\n\n<p>Pero M\u00e9xico, que tampoco es miembro de la OPEP, no dio su aprobaci\u00f3n, indispensable para refrendar el acuerdo en esa reuni\u00f3n, pues consideraba excesivo el esfuerzo que se le ped\u00eda (reducci\u00f3n de producci\u00f3n de 400.000 barriles por d\u00eda), comparado con otros pa\u00edses.<\/p>\n\n\n\n<p>Horas m\u00e1s tarde, el presidente mexicano, Andr\u00e9s Manuel L\u00f3pez Obrador, dijo haber llegado a un acuerdo con su hom\u00f3logo estadounidense, Donald Trump, para reducir la producci\u00f3n de petr\u00f3leo de su pa\u00eds.<\/p>\n\n\n\n<p>&#8220;M\u00e9xico va a reducir 100.000 barriles y eso significar\u00eda que ellos tengan entre 250.000 y 300.000 barriles menos. Nosotros compensar\u00edamos la diferencia, nos reembolsar\u00edan en una fecha posterior&#8221;, dijo Trump, y agreg\u00f3 que lograr eso implicar\u00eda cortar &#8220;algo de producci\u00f3n en Estados Unidos&#8221;.<\/p>\n\n\n\n<p>La retirada de los diez millones de barriles diarios en mayo y junio, y despu\u00e9s de ocho millones de julio a diciembre, correr\u00eda a cargo principalmente de Arabia Saudita y Rusia, pero al menos otros 20 pa\u00edses deben participar en el esfuerzo.<\/p>\n\n\n\n<p><strong>C\u00edrculo ampliado<\/strong><\/p>\n\n\n\n<p>Hace unos meses el precio del barril rondaba los 60 d\u00f3lares pero a principios de la semana pasada cay\u00f3 a niveles nunca vistos desde 2002. El precio del barril seg\u00fan la OPEP est\u00e1 por debajo de los 21 d\u00f3lares.<\/p>\n\n\n\n<p>Por ello, los 13 pa\u00edses de la OPEP y sus 10 estados socios, con los que forman la alianza OPEP+, tratan de reaccionar.<\/p>\n\n\n\n<p>Para organizar esta reuni\u00f3n extraordinaria, Arabia Saudita y Rusia reanudaron el di\u00e1logo y terminaron la guerra de precios y cuotas de mercado que desencadenaron despu\u00e9s de la \u00faltima cumbre, el 6 de marzo en Viena: Mosc\u00fa dio un portazo a la OPEP, y Riad abri\u00f3 las compuertas y vendi\u00f3 a bajo precio el petr\u00f3leo a Europa.<\/p>\n\n\n\n<p>Aunque se anuncie un acuerdo, varios analistas dudan de que estos recortes hagan subir los precios.<\/p>\n\n\n\n<p>&#8220;Un recorte de 10 millones de barriles diarios en mayo y junio impedir\u00e1 alcanzar los l\u00edmites de almacenamiento y evitar\u00e1 que los precios caigan al abismo, pero no restaurar\u00e1 el equilibrio de mercado deseado&#8221;, seg\u00fan los analistas de Rystad Energy.<\/p>\n\n\n\n<p><strong>Trump: &#8220;M\u00e9xico se ha comprometido a producir 100.000 barriles menos\u201d<\/strong><\/p>\n\n\n\n<p>Deseosos de forjar la mayor coalici\u00f3n posible, Riad y Mosc\u00fa ampliaron el c\u00edrculo de participantes en la reuni\u00f3n, invitando a muchos productores externos a la alianza. En la videoconferencia del jueves, el ministro ruso de Energ\u00eda, Alexander Novak, aplaudi\u00f3 el jueves la presencia de nueve pa\u00edses adicionales, como Canad\u00e1 y Noruega.<\/p>\n\n\n\n<p>Tambi\u00e9n se invit\u00f3 a Estados Unidos, pero pese a la implicaci\u00f3n de Trump a favor de un acuerdo entre productores, su pa\u00eds no pudo participar directamente en estas discusiones porque se lo impide su reglamentaci\u00f3n antimonopolio.<\/p>\n\n\n\n<p>El pa\u00eds, que tampoco es miembro de la OPEP+, desea una reducci\u00f3n de la oferta para estabilizar los precios, y dar aire a su industria de petr\u00f3leo de esquisto, que atraviesa grandes dificultades.<\/p>\n\n\n\n<p>El 10 de junio esta prevista una nueva reuni\u00f3n de la OPEP &#8220;para decidir m\u00e1s medidas, tantas como sean necesarias para equilibrar el mercado&#8221;.<br><br>\n<small>2020 voanoticias \u2013 salastampa.eu, afiliada a la red Broadcasting Board of Governors \u00a9 2020 BBG<\/small><\/p>\n","protected":false},"excerpt":{"rendered":"<p>Mundo, 12.04.2020 &#8211; Los ministros de energ\u00eda de los pa\u00edses del G20 no lograron llegar a un acuerdo sobre el eventual recorte en la producci\u00f3n de petr\u00f3leo y el comunicado de prensa publicado el s\u00e1bado despu\u00e9s de largas negociaciones no mencion\u00f3 ninguna reducci\u00f3n.<\/p>\n","protected":false},"author":1,"featured_media":0,"comment_status":"closed","ping_status":"closed","sticky":false,"template":"","format":"standard","meta":{"footnotes":"","_links_to":"","_links_to_target":""},"categories":[70,18,20,23],"tags":[35],"class_list":["post-651","post","type-post","status-publish","format-standard","hentry","category-actualidad","category-cosmo","category-economia","category-politica","tag-mundo","entry","double"],"yoast_head":"<!-- This site is optimized with the Yoast SEO plugin v27.5 - https:\/\/yoast.com\/product\/yoast-seo-wordpress\/ -->\n<title>Ministros del G20 no llegan a acuerdo sobre cortes en producci\u00f3n de petr\u00f3leo - ElCanillita.Info<\/title>\n<meta name=\"robots\" content=\"index, follow, max-snippet:-1, max-image-preview:large, max-video-preview:-1\" \/>\n<link rel=\"canonical\" href=\"https:\/\/elcanillita.info\/press\/2020\/04\/12\/g20-no-llegan-acuerdo-cortes-produccion-petroleo\/\" \/>\n<meta property=\"og:locale\" content=\"es_ES\" \/>\n<meta property=\"og:type\" content=\"article\" \/>\n<meta property=\"og:title\" content=\"Ministros del G20 no llegan a acuerdo sobre cortes en producci\u00f3n de petr\u00f3leo - ElCanillita.Info\" \/>\n<meta property=\"og:description\" content=\"Mundo, 12.04.2020 - Los ministros de energ\u00eda de los pa\u00edses del G20 no lograron llegar a un acuerdo sobre el eventual recorte en la producci\u00f3n de petr\u00f3leo y el comunicado de prensa publicado el s\u00e1bado despu\u00e9s de largas negociaciones no mencion\u00f3 ninguna reducci\u00f3n.\" \/>\n<meta property=\"og:url\" content=\"https:\/\/elcanillita.info\/press\/2020\/04\/12\/g20-no-llegan-acuerdo-cortes-produccion-petroleo\/\" \/>\n<meta property=\"og:site_name\" content=\"ElCanillita.Info\" \/>\n<meta property=\"article:publisher\" content=\"https:\/\/ar-ar.facebook.com\/ElCanillitainfo-114249515285712\/\" \/>\n<meta property=\"article:published_time\" content=\"2020-04-12T16:26:03+00:00\" \/>\n<meta property=\"article:modified_time\" content=\"2020-04-12T16:26:06+00:00\" \/>\n<meta name=\"author\" content=\"SalaStampa.eu, world press service\" \/>\n<meta name=\"twitter:card\" content=\"summary_large_image\" \/>\n<meta name=\"twitter:label1\" content=\"Escrito por\" \/>\n\t<meta name=\"twitter:data1\" content=\"SalaStampa.eu, world press service\" \/>\n\t<meta name=\"twitter:label2\" content=\"Tiempo de lectura\" \/>\n\t<meta name=\"twitter:data2\" content=\"5 minutos\" \/>\n<script type=\"application\/ld+json\" class=\"yoast-schema-graph\">{\"@context\":\"https:\\\/\\\/schema.org\",\"@graph\":[{\"@type\":\"Article\",\"@id\":\"https:\\\/\\\/elcanillita.info\\\/press\\\/2020\\\/04\\\/12\\\/g20-no-llegan-acuerdo-cortes-produccion-petroleo\\\/#article\",\"isPartOf\":{\"@id\":\"https:\\\/\\\/elcanillita.info\\\/press\\\/2020\\\/04\\\/12\\\/g20-no-llegan-acuerdo-cortes-produccion-petroleo\\\/\"},\"author\":{\"name\":\"SalaStampa.eu, world press service\",\"@id\":\"https:\\\/\\\/elcanillita.info\\\/press\\\/#\\\/schema\\\/person\\\/7fcb79f38045700919f7da6d97e71ba0\"},\"headline\":\"Ministros del G20 no llegan a acuerdo sobre cortes en producci\u00f3n de petr\u00f3leo\",\"datePublished\":\"2020-04-12T16:26:03+00:00\",\"dateModified\":\"2020-04-12T16:26:06+00:00\",\"mainEntityOfPage\":{\"@id\":\"https:\\\/\\\/elcanillita.info\\\/press\\\/2020\\\/04\\\/12\\\/g20-no-llegan-acuerdo-cortes-produccion-petroleo\\\/\"},\"wordCount\":1000,\"publisher\":{\"@id\":\"https:\\\/\\\/elcanillita.info\\\/press\\\/#organization\"},\"keywords\":[\"MUNDO\"],\"articleSection\":[\"Actualidad\",\"Cosmo\",\"Economia\",\"Politica\"],\"inLanguage\":\"es-AR\"},{\"@type\":\"WebPage\",\"@id\":\"https:\\\/\\\/elcanillita.info\\\/press\\\/2020\\\/04\\\/12\\\/g20-no-llegan-acuerdo-cortes-produccion-petroleo\\\/\",\"url\":\"https:\\\/\\\/elcanillita.info\\\/press\\\/2020\\\/04\\\/12\\\/g20-no-llegan-acuerdo-cortes-produccion-petroleo\\\/\",\"name\":\"Ministros del G20 no llegan a acuerdo sobre cortes en producci\u00f3n de petr\u00f3leo - ElCanillita.Info\",\"isPartOf\":{\"@id\":\"https:\\\/\\\/elcanillita.info\\\/press\\\/#website\"},\"datePublished\":\"2020-04-12T16:26:03+00:00\",\"dateModified\":\"2020-04-12T16:26:06+00:00\",\"inLanguage\":\"es-AR\",\"potentialAction\":[{\"@type\":\"ReadAction\",\"target\":[\"https:\\\/\\\/elcanillita.info\\\/press\\\/2020\\\/04\\\/12\\\/g20-no-llegan-acuerdo-cortes-produccion-petroleo\\\/\"]}]},{\"@type\":\"WebSite\",\"@id\":\"https:\\\/\\\/elcanillita.info\\\/press\\\/#website\",\"url\":\"https:\\\/\\\/elcanillita.info\\\/press\\\/\",\"name\":\"ElCanillita.Info\",\"description\":\"desde los Apeninos a los Andes\",\"publisher\":{\"@id\":\"https:\\\/\\\/elcanillita.info\\\/press\\\/#organization\"},\"potentialAction\":[{\"@type\":\"SearchAction\",\"target\":{\"@type\":\"EntryPoint\",\"urlTemplate\":\"https:\\\/\\\/elcanillita.info\\\/press\\\/?s={search_term_string}\"},\"query-input\":{\"@type\":\"PropertyValueSpecification\",\"valueRequired\":true,\"valueName\":\"search_term_string\"}}],\"inLanguage\":\"es-AR\"},{\"@type\":\"Organization\",\"@id\":\"https:\\\/\\\/elcanillita.info\\\/press\\\/#organization\",\"name\":\"Guzzo Photos & Graphic Publications\",\"url\":\"https:\\\/\\\/elcanillita.info\\\/press\\\/\",\"logo\":{\"@type\":\"ImageObject\",\"inLanguage\":\"es-AR\",\"@id\":\"https:\\\/\\\/elcanillita.info\\\/press\\\/#\\\/schema\\\/logo\\\/image\\\/\",\"url\":\"https:\\\/\\\/elcanillita.info\\\/press\\\/images\\\/2020\\\/01\\\/cropped-cropped-cropped-elcanillitainfo.png\",\"contentUrl\":\"https:\\\/\\\/elcanillita.info\\\/press\\\/images\\\/2020\\\/01\\\/cropped-cropped-cropped-elcanillitainfo.png\",\"width\":460,\"height\":50,\"caption\":\"Guzzo Photos & Graphic Publications\"},\"image\":{\"@id\":\"https:\\\/\\\/elcanillita.info\\\/press\\\/#\\\/schema\\\/logo\\\/image\\\/\"},\"sameAs\":[\"https:\\\/\\\/ar-ar.facebook.com\\\/ElCanillitainfo-114249515285712\\\/\"]},{\"@type\":\"Person\",\"@id\":\"https:\\\/\\\/elcanillita.info\\\/press\\\/#\\\/schema\\\/person\\\/7fcb79f38045700919f7da6d97e71ba0\",\"name\":\"SalaStampa.eu, world press service\",\"image\":{\"@type\":\"ImageObject\",\"inLanguage\":\"es-AR\",\"@id\":\"https:\\\/\\\/secure.gravatar.com\\\/avatar\\\/c2f0e0d515a107624234994507816ca4724c7199cef73fc8bedebf6931d73888?s=96&d=mm&r=g\",\"url\":\"https:\\\/\\\/secure.gravatar.com\\\/avatar\\\/c2f0e0d515a107624234994507816ca4724c7199cef73fc8bedebf6931d73888?s=96&d=mm&r=g\",\"contentUrl\":\"https:\\\/\\\/secure.gravatar.com\\\/avatar\\\/c2f0e0d515a107624234994507816ca4724c7199cef73fc8bedebf6931d73888?s=96&d=mm&r=g\",\"caption\":\"SalaStampa.eu, world press service\"}}]}<\/script>\n<!-- \/ Yoast SEO plugin. -->","yoast_head_json":{"title":"Ministros del G20 no llegan a acuerdo sobre cortes en producci\u00f3n de petr\u00f3leo - ElCanillita.Info","robots":{"index":"index","follow":"follow","max-snippet":"max-snippet:-1","max-image-preview":"max-image-preview:large","max-video-preview":"max-video-preview:-1"},"canonical":"https:\/\/elcanillita.info\/press\/2020\/04\/12\/g20-no-llegan-acuerdo-cortes-produccion-petroleo\/","og_locale":"es_ES","og_type":"article","og_title":"Ministros del G20 no llegan a acuerdo sobre cortes en producci\u00f3n de petr\u00f3leo - ElCanillita.Info","og_description":"Mundo, 12.04.2020 - Los ministros de energ\u00eda de los pa\u00edses del G20 no lograron llegar a un acuerdo sobre el eventual recorte en la producci\u00f3n de petr\u00f3leo y el comunicado de prensa publicado el s\u00e1bado despu\u00e9s de largas negociaciones no mencion\u00f3 ninguna reducci\u00f3n.","og_url":"https:\/\/elcanillita.info\/press\/2020\/04\/12\/g20-no-llegan-acuerdo-cortes-produccion-petroleo\/","og_site_name":"ElCanillita.Info","article_publisher":"https:\/\/ar-ar.facebook.com\/ElCanillitainfo-114249515285712\/","article_published_time":"2020-04-12T16:26:03+00:00","article_modified_time":"2020-04-12T16:26:06+00:00","author":"SalaStampa.eu, world press service","twitter_card":"summary_large_image","twitter_misc":{"Escrito por":"SalaStampa.eu, world press service","Tiempo de lectura":"5 minutos"},"schema":{"@context":"https:\/\/schema.org","@graph":[{"@type":"Article","@id":"https:\/\/elcanillita.info\/press\/2020\/04\/12\/g20-no-llegan-acuerdo-cortes-produccion-petroleo\/#article","isPartOf":{"@id":"https:\/\/elcanillita.info\/press\/2020\/04\/12\/g20-no-llegan-acuerdo-cortes-produccion-petroleo\/"},"author":{"name":"SalaStampa.eu, world press service","@id":"https:\/\/elcanillita.info\/press\/#\/schema\/person\/7fcb79f38045700919f7da6d97e71ba0"},"headline":"Ministros del G20 no llegan a acuerdo sobre cortes en producci\u00f3n de petr\u00f3leo","datePublished":"2020-04-12T16:26:03+00:00","dateModified":"2020-04-12T16:26:06+00:00","mainEntityOfPage":{"@id":"https:\/\/elcanillita.info\/press\/2020\/04\/12\/g20-no-llegan-acuerdo-cortes-produccion-petroleo\/"},"wordCount":1000,"publisher":{"@id":"https:\/\/elcanillita.info\/press\/#organization"},"keywords":["MUNDO"],"articleSection":["Actualidad","Cosmo","Economia","Politica"],"inLanguage":"es-AR"},{"@type":"WebPage","@id":"https:\/\/elcanillita.info\/press\/2020\/04\/12\/g20-no-llegan-acuerdo-cortes-produccion-petroleo\/","url":"https:\/\/elcanillita.info\/press\/2020\/04\/12\/g20-no-llegan-acuerdo-cortes-produccion-petroleo\/","name":"Ministros del G20 no llegan a acuerdo sobre cortes en producci\u00f3n de petr\u00f3leo - ElCanillita.Info","isPartOf":{"@id":"https:\/\/elcanillita.info\/press\/#website"},"datePublished":"2020-04-12T16:26:03+00:00","dateModified":"2020-04-12T16:26:06+00:00","inLanguage":"es-AR","potentialAction":[{"@type":"ReadAction","target":["https:\/\/elcanillita.info\/press\/2020\/04\/12\/g20-no-llegan-acuerdo-cortes-produccion-petroleo\/"]}]},{"@type":"WebSite","@id":"https:\/\/elcanillita.info\/press\/#website","url":"https:\/\/elcanillita.info\/press\/","name":"ElCanillita.Info","description":"desde los Apeninos a los Andes","publisher":{"@id":"https:\/\/elcanillita.info\/press\/#organization"},"potentialAction":[{"@type":"SearchAction","target":{"@type":"EntryPoint","urlTemplate":"https:\/\/elcanillita.info\/press\/?s={search_term_string}"},"query-input":{"@type":"PropertyValueSpecification","valueRequired":true,"valueName":"search_term_string"}}],"inLanguage":"es-AR"},{"@type":"Organization","@id":"https:\/\/elcanillita.info\/press\/#organization","name":"Guzzo Photos & Graphic Publications","url":"https:\/\/elcanillita.info\/press\/","logo":{"@type":"ImageObject","inLanguage":"es-AR","@id":"https:\/\/elcanillita.info\/press\/#\/schema\/logo\/image\/","url":"https:\/\/elcanillita.info\/press\/images\/2020\/01\/cropped-cropped-cropped-elcanillitainfo.png","contentUrl":"https:\/\/elcanillita.info\/press\/images\/2020\/01\/cropped-cropped-cropped-elcanillitainfo.png","width":460,"height":50,"caption":"Guzzo Photos & Graphic Publications"},"image":{"@id":"https:\/\/elcanillita.info\/press\/#\/schema\/logo\/image\/"},"sameAs":["https:\/\/ar-ar.facebook.com\/ElCanillitainfo-114249515285712\/"]},{"@type":"Person","@id":"https:\/\/elcanillita.info\/press\/#\/schema\/person\/7fcb79f38045700919f7da6d97e71ba0","name":"SalaStampa.eu, world press service","image":{"@type":"ImageObject","inLanguage":"es-AR","@id":"https:\/\/secure.gravatar.com\/avatar\/c2f0e0d515a107624234994507816ca4724c7199cef73fc8bedebf6931d73888?s=96&d=mm&r=g","url":"https:\/\/secure.gravatar.com\/avatar\/c2f0e0d515a107624234994507816ca4724c7199cef73fc8bedebf6931d73888?s=96&d=mm&r=g","contentUrl":"https:\/\/secure.gravatar.com\/avatar\/c2f0e0d515a107624234994507816ca4724c7199cef73fc8bedebf6931d73888?s=96&d=mm&r=g","caption":"SalaStampa.eu, world press service"}}]}},"views":709,"_links":{"self":[{"href":"https:\/\/elcanillita.info\/press\/wp-json\/wp\/v2\/posts\/651","targetHints":{"allow":["GET"]}}],"collection":[{"href":"https:\/\/elcanillita.info\/press\/wp-json\/wp\/v2\/posts"}],"about":[{"href":"https:\/\/elcanillita.info\/press\/wp-json\/wp\/v2\/types\/post"}],"author":[{"embeddable":true,"href":"https:\/\/elcanillita.info\/press\/wp-json\/wp\/v2\/users\/1"}],"replies":[{"embeddable":true,"href":"https:\/\/elcanillita.info\/press\/wp-json\/wp\/v2\/comments?post=651"}],"version-history":[{"count":0,"href":"https:\/\/elcanillita.info\/press\/wp-json\/wp\/v2\/posts\/651\/revisions"}],"wp:attachment":[{"href":"https:\/\/elcanillita.info\/press\/wp-json\/wp\/v2\/media?parent=651"}],"wp:term":[{"taxonomy":"category","embeddable":true,"href":"https:\/\/elcanillita.info\/press\/wp-json\/wp\/v2\/categories?post=651"},{"taxonomy":"post_tag","embeddable":true,"href":"https:\/\/elcanillita.info\/press\/wp-json\/wp\/v2\/tags?post=651"}],"curies":[{"name":"wp","href":"https:\/\/api.w.org\/{rel}","templated":true}]}}